{"id":9425,"date":"2011-04-05T21:25:26","date_gmt":"2011-04-06T00:25:26","guid":{"rendered":"http:\/\/akaikki.com.br\/?p=9425"},"modified":"2011-04-06T11:19:09","modified_gmt":"2011-04-06T14:19:09","slug":"edicao-1800-%e2%80%93-kamen-rider-1000","status":"publish","type":"post","link":"https:\/\/akaikki.com.br\/?p=9425","title":{"rendered":"Edi\u00e7\u00e3o 1800 \u2013 Kamen Rider 1000"},"content":{"rendered":"<figure id=\"attachment_9427\" class=\"thumbnail wp-caption aligncenter\" style=\"width: 483px\"><img loading=\"lazy\" decoding=\"async\" class=\"size-full wp-image-9427\" title=\"Kamen Rider - 40 anos de hist\u00f3ria\" src=\"https:\/\/akaikki.com.br\/wp-content\/uploads\/2011\/04\/Image1.jpg\" alt=\"Kamen Rider - 40 anos de hist\u00f3ria\" width=\"473\" height=\"325\" srcset=\"https:\/\/akaikki.com.br\/wp-content\/uploads\/2011\/04\/Image1.jpg 473w, https:\/\/akaikki.com.br\/wp-content\/uploads\/2011\/04\/Image1-200x137.jpg 200w, https:\/\/akaikki.com.br\/wp-content\/uploads\/2011\/04\/Image1-400x274.jpg 400w\" sizes=\"auto, (max-width: 473px) 100vw, 473px\" \/><figcaption class=\"caption wp-caption-text\">Kamen Rider - 40 anos de hist\u00f3ria<\/figcaption><\/figure>\n<p style=\"text-align: justify;\"><img loading=\"lazy\" decoding=\"async\" class=\"alignleft\" style=\"margin-top: 0px; margin-bottom: 0px; margin-left: 4px; margin-right: 4px;\" src=\"https:\/\/akaikki.com.br\/wp-content\/themes\/akaikki2011\/2011\/caps\/3.png\" alt=\"\" width=\"54\" height=\"54\" \/> de abril de 1971: Criado pelo lend\u00e1rio Shotaro Ishinomori e produzido pela Toei, estreia no Jap\u00e3o a s\u00e9rie Kamen Rider, trazendo Hiroshi Fujioka, ent\u00e3o com 25 anos de idade, no papel principal&#8230; A s\u00e9rie, com 98 epis\u00f3dios de dura\u00e7\u00e3o, foi exibida at\u00e9 10 de fevereiro de 1973, sendo, at\u00e9 hoje, cultuada no Jap\u00e3o, a ponto de existir dois planetoides batizados em homenagem \u00e0 s\u00e9rie em si (12796 Kamenrider) e o ator que o imortalizou (12408 Fujioka) e gerar mais vinte s\u00e9ries a partir da\u00ed&#8230;<\/p>\n<p style=\"text-align: justify;\">3 de abril de 2011 &#8211; Exatos 40 anos depois da exibi\u00e7\u00e3o do primeiro epis\u00f3dio da s\u00e9rie original, \u00e9 exibido no Jap\u00e3o o 28\u00ba epis\u00f3dio de Kamen Rider OOO, o mil\u00e9simo de toda a franquia!! (e vale lembrar que este epis\u00f3dio seria exibido na semana passada, mas n\u00e3o foi <a href=\"http:\/\/pt.wikipedia.org\/wiki\/Sismo_e_tsunami_de_Sendai_de_2011\" target=\"_blank\">por motivos muito \u00f3bvios<\/a>&#8230;)<\/p>\n<p style=\"text-align: justify;\"><img loading=\"lazy\" decoding=\"async\" class=\"alignleft\" style=\"border: 0pt none; margin: 0px 4px;\" src=\"..\/wp-content\/themes\/akaikki2011\/2011\/chars\/00.png\" alt=\"\" width=\"45\" height=\"45\" align=\"absMiddle\" \/><a title=\"N\u00e3o sabia? Eu provoquei o terremoto de Sendai para ter certeza que o mil\u00e9simo epis\u00f3dio de Kamen Rider passaria no dia em que a s\u00e9rie completaria 40 anos de hist\u00f3ria...\">&#8211; \u304a\u524d\u304c\u77e5\u3063\u3066\u3044\u308b\u304b? \u6211\u306f\u4ed9\u53f0\u3067\u5730\u9707\u304c\u4eee\u9762\u30e9\u30a4\u30c0\u30fc\u901a\u7b971000\u56de\u306f\u3001\u4e0a\u306e\u30b7\u30ea\u30fc\u30ba\u306e\u6b74\u53f240\u5e74\u3092\u5b8c\u4e86\u3057\u3066\u3044\u307e\u3057\u305f\u4e00\u65e5\u3092\u904e\u3054\u3059\u3053\u3068\u3092\u78ba\u8a8d\u3057\u3066\u304b\u3089\u304b\u3063\u305f&#8230;<\/a><\/p>\n<p style=\"text-align: justify;\"><img loading=\"lazy\" decoding=\"async\" style=\"border: 0pt none; margin: 0px 4px;\" src=\"..\/wp-content\/themes\/akaikki2011\/2011\/chars\/01.png\" alt=\"\" width=\"45\" height=\"45\" align=\"absMiddle\" \/>&#8211; T\u00e1 falando s\u00e9rio?!<br \/>\n<img loading=\"lazy\" decoding=\"async\" class=\"alignleft\" style=\"border: 0pt none; margin: 0px 4px;\" src=\"..\/wp-content\/themes\/akaikki2011\/2011\/chars\/00.png\" alt=\"\" width=\"45\" height=\"45\" align=\"absMiddle\" \/><a title=\"Claro que n\u00e3o... Se eu tivesse provocado este terremoto, este mundo estaria totalmente destru\u00eddo agora...\">&#8211; \u3082\u3061\u308d\u3093\u305d\u3046\u3067\u306f\u306a\u3044&#8230; \u4eca\u56de\u306e\u5730\u9707\u306f\u6211\u304c\u539f\u56e0\u3067\u767a\u751f\u3057\u305f\u5834\u5408\u306f\u3001\u3053\u306e\u4e16\u754c\u306f\u5b8c\u5168\u306b\u4eca\u7834\u58ca\u3055\u308c\u3066\u3057\u307e\u3046&#8230;<\/a><\/p>\n<p style=\"text-align: justify;\">Obviamente, os dois \u00faltimos epis\u00f3dios de Kamen Rider OOO fogem um pouco da hist\u00f3ria original da s\u00e9rie, j\u00e1 que o prop\u00f3sito destes epis\u00f3dios \u00e9, justamente, celebrar o mil\u00e9simo epis\u00f3dio e os 40 anos da franquia&#8230; Por acaso, f\u00e3s das antigas foram presenteados com <a href=\"https:\/\/akaikki.com.br\/wp-content\/uploads\/2011\/04\/ooo28_2.jpg\" target=\"_blank\">alguns dos vil\u00f5es de seriados anteriores em um momento deste epis\u00f3dio<\/a>&#8230;<\/p>\n<figure id=\"attachment_9437\" class=\"thumbnail wp-caption aligncenter\" style=\"width: 420px\"><a href=\"https:\/\/akaikki.com.br\/wp-content\/uploads\/2011\/04\/ooo28_1.jpg\"><img loading=\"lazy\" decoding=\"async\" class=\"size-full wp-image-9437\" title=\"- Eu n\u00e3o sou a Susan Boyle...\" src=\"https:\/\/akaikki.com.br\/wp-content\/uploads\/2011\/04\/ooo28_1.jpg\" alt=\"- Eu n\u00e3o sou a Susan Boyle...\" width=\"410\" height=\"463\" srcset=\"https:\/\/akaikki.com.br\/wp-content\/uploads\/2011\/04\/ooo28_1.jpg 410w, https:\/\/akaikki.com.br\/wp-content\/uploads\/2011\/04\/ooo28_1-177x200.jpg 177w, https:\/\/akaikki.com.br\/wp-content\/uploads\/2011\/04\/ooo28_1-354x400.jpg 354w\" sizes=\"auto, (max-width: 410px) 100vw, 410px\" \/><\/a><figcaption class=\"caption wp-caption-text\">- Eu n\u00e3o sou a Susan Boyle...<\/figcaption><\/figure>\n<p style=\"text-align: justify;\">E saiu tamb\u00e9m nos cinemas da terra de Jan\u00e1i Himura o novo filme do OOO: <em><strong>OOO, Den-O, All Riders: Let&#8217;s Go Kamen Riders<\/strong><\/em>&#8230; Ainda que apare\u00e7am os riders das antigas, \u00e9 mais um em que o Den-O aparece como principal&#8230; OK, tamb\u00e9m aparece o OOO e o primeiro Kamen Rider como principal, mas, claro, eles t\u00eam que chupar o saco do Den-O&#8230; <strong>PORRA, TOEI!!<\/strong> De boa, <strong>DEN-O J\u00c1 DEU NO SACO!!<\/strong><\/p>\n<figure id=\"attachment_9440\" class=\"thumbnail wp-caption aligncenter\" style=\"width: 610px\"><a href=\"https:\/\/akaikki.com.br\/wp-content\/uploads\/2011\/04\/umadshocker.jpg\"><img loading=\"lazy\" decoding=\"async\" class=\"size-large wp-image-9440 \" title=\"&quot;Shocker \u00e9 t\u00e3o s\u00e9culo passado...&quot;\" src=\"https:\/\/akaikki.com.br\/wp-content\/uploads\/2011\/04\/umadshocker-600x337.jpg\" alt=\"&quot;Shocker \u00e9 t\u00e3o s\u00e9culo passado...&quot;\" width=\"600\" height=\"337\" srcset=\"https:\/\/akaikki.com.br\/wp-content\/uploads\/2011\/04\/umadshocker-600x337.jpg 600w, https:\/\/akaikki.com.br\/wp-content\/uploads\/2011\/04\/umadshocker-200x112.jpg 200w, https:\/\/akaikki.com.br\/wp-content\/uploads\/2011\/04\/umadshocker-400x225.jpg 400w, https:\/\/akaikki.com.br\/wp-content\/uploads\/2011\/04\/umadshocker.jpg 1280w\" sizes=\"auto, (max-width: 600px) 100vw, 600px\" \/><\/a><figcaption class=\"caption wp-caption-text\">&quot;Shocker \u00e9 t\u00e3o s\u00e9culo passado...&quot;<\/figcaption><\/figure>\n<p style=\"text-align: justify;\">Se o Kazari j\u00e1 acha que a Shocker j\u00e1 deu o que tinha que dar, ent\u00e3o \u00e9 mais um ponto pro Den-O, que conseguiu saturar em bem menos tempo&#8230;<\/p>\n<p style=\"text-align: center;\">E voltamos \u00e0 nosa programa\u00e7\u00e3o normal&#8230;<\/p>\n","protected":false},"excerpt":{"rendered":"<p>de abril de 1971: Criado pelo lend\u00e1rio Shotaro Ishinomori e produzido pela Toei, estreia no Jap\u00e3o a s\u00e9rie Kamen Rider, trazendo Hiroshi Fujioka, ent\u00e3o com 25 anos de idade, no papel principal&#8230; A s\u00e9rie, com 98 epis\u00f3dios de dura\u00e7\u00e3o, foi exibida at\u00e9 10 de fevereiro de 1973, sendo, at\u00e9 hoje, cultuada no Jap\u00e3o, a ponto<\/p>\n","protected":false},"author":2,"featured_media":0,"comment_status":"open","ping_status":"open","sticky":false,"template":"","format":"standard","meta":{"footnotes":""},"categories":[60],"tags":[],"class_list":["post-9425","post","type-post","status-publish","format-standard","hentry","category-pequenos-autores-grandes-texticulos"],"_links":{"self":[{"href":"https:\/\/akaikki.com.br\/index.php?rest_route=\/wp\/v2\/posts\/9425","targetHints":{"allow":["GET"]}}],"collection":[{"href":"https:\/\/akaikki.com.br\/index.php?rest_route=\/wp\/v2\/posts"}],"about":[{"href":"https:\/\/akaikki.com.br\/index.php?rest_route=\/wp\/v2\/types\/post"}],"author":[{"embeddable":true,"href":"https:\/\/akaikki.com.br\/index.php?rest_route=\/wp\/v2\/users\/2"}],"replies":[{"embeddable":true,"href":"https:\/\/akaikki.com.br\/index.php?rest_route=%2Fwp%2Fv2%2Fcomments&post=9425"}],"version-history":[{"count":17,"href":"https:\/\/akaikki.com.br\/index.php?rest_route=\/wp\/v2\/posts\/9425\/revisions"}],"predecessor-version":[{"id":9452,"href":"https:\/\/akaikki.com.br\/index.php?rest_route=\/wp\/v2\/posts\/9425\/revisions\/9452"}],"wp:attachment":[{"href":"https:\/\/akaikki.com.br\/index.php?rest_route=%2Fwp%2Fv2%2Fmedia&parent=9425"}],"wp:term":[{"taxonomy":"category","embeddable":true,"href":"https:\/\/akaikki.com.br\/index.php?rest_route=%2Fwp%2Fv2%2Fcategories&post=9425"},{"taxonomy":"post_tag","embeddable":true,"href":"https:\/\/akaikki.com.br\/index.php?rest_route=%2Fwp%2Fv2%2Ftags&post=9425"}],"curies":[{"name":"wp","href":"https:\/\/api.w.org\/{rel}","templated":true}]}}