{"id":9411,"date":"2011-04-04T21:57:09","date_gmt":"2011-04-05T00:57:09","guid":{"rendered":"http:\/\/akaikki.com.br\/?p=9411"},"modified":"2011-04-05T23:21:09","modified_gmt":"2011-04-06T02:21:09","slug":"edicao-1799-%e2%80%93-mais-um-infelizmente","status":"publish","type":"post","link":"https:\/\/akaikki.com.br\/?p=9411","title":{"rendered":"Edi\u00e7\u00e3o 1799 \u2013 Mais um, infelizmente&#8230;"},"content":{"rendered":"<p style=\"text-align: justify;\"><img loading=\"lazy\" decoding=\"async\" class=\"alignleft\" style=\"margin-top: 0px; margin-bottom: 0px; margin-left: 4px; margin-right: 4px;\" src=\"https:\/\/akaikki.com.br\/wp-content\/themes\/akaikki2011\/2011\/caps\/n.png\" alt=\"\" width=\"54\" height=\"54\" \/>\u00e3o era a melhor forma de iniciar a semana. Primeiro, um s\u00e1bado chuvoso bagarai, aqui na Baixada Santista. Parecia um pren\u00fancio do que viria a acontecer no domingo. N\u00e3o, n\u00e3o era uma novidade, e sim, algo que j\u00e1 aconteceu muitas vezes (e, pelo visto, vai continuar a acontecer).<\/p>\n<figure class=\"thumbnail wp-caption alignright\" style=\"width: 350px\"><a href=\"http:\/\/stockcar.globo.com\/wp-content\/uploads\/2011\/04\/Untitled-11.jpg\"><img loading=\"lazy\" decoding=\"async\" class=\" \" src=\"http:\/\/stockcar.globo.com\/wp-content\/uploads\/2011\/04\/Untitled-11.jpg\" alt=\"\" width=\"340\" height=\"168\" \/><\/a><figcaption class=\"caption wp-caption-text\">Mais um na lista... =\/<\/figcaption><\/figure>\n<p style=\"text-align: justify;\"><a href=\"http:\/\/www.estadao.com.br\/noticias\/esportes,gustavo-sondermann-morre-apos-acidente-em-interlagos,701215,0.htm\" target=\"_blank\">A morte de Gustavo Sondermann<\/a>, 29 anos, durante a etapa de abertura da Copa Montana, reabriu o leque de discuss\u00f5es, tanto da seguran\u00e7a da categoria (e isso inclui a Mini e a Stock Car, tamb\u00e9m) quanto sobre a bendita Curva do Caf\u00e9.<\/p>\n<p style=\"text-align: justify;\">N\u00e3o. O paulista, n\u00famero 48, n\u00e3o foi o primeiro a partir para o andar de cima nesta curva. Em 2007, tamb\u00e9m por uma das categorias de acesso, Rafael Sperafico (coincidentemente, seu companheiro de equipe \u00e0 \u00e9poca) tamb\u00e9m faleceu, na mesma curva, e quase da mesma forma.<\/p>\n<p style=\"text-align: justify;\">Essa curva \u00e9 um perigo. Qualquer vacilo \u00e9 crucial. Por um simples motivo: displic\u00eancia de quem rege o automobilismo nacional (<a href=\"http:\/\/www.correiodoestado.com.br\/noticias\/curva-onde-ocorreu-morte-e-responsabilidade-da-fia_105785\/\" target=\"_blank\">e, lendo isso aqui<\/a>, me d\u00e1 mais certeza no que afirmei).<\/p>\n<p style=\"text-align: justify;\">Que porra de responsabilidade da FIA \u00e9 essa? Por que ningu\u00e9m nunca pensou em contratar uma porrada de engenheiros, automan\u00edacos, pilotos, chefes de equipes, jornalistas, enfim, gente que enviasse o maior n\u00famero poss\u00edvel de projetos para acabar com a carnificina, sem acabar com as ultrapassagens no S do Senna?<\/p>\n<p style=\"text-align: justify;\">Maneiras de tornar a curva segura, h\u00e1. Aos montes: mudar o tra\u00e7ado do Mergulho e da Jun\u00e7\u00e3o, colocar os &#8220;soft walls&#8221; (como nos ovais americanos), retirar a primeira arquibancada da reta&#8230; s\u00f3 resta agir. O que, nos dias de hoje, \u00e9 quase imposs\u00edvel. Enquanto isso, lamentamos a morte de mais um.<\/p>\n<p style=\"text-align: center;\">At\u00e9 quando?<\/p>\n<p style=\"text-align: center;\"><img decoding=\"async\" src=\"https:\/\/akaikki.com.br\/wp-content\/themes\/akaikki2011\/2011\/line.png\" alt=\"\" \/><\/p>\n<p style=\"text-align: justify;\"><img loading=\"lazy\" decoding=\"async\" class=\"alignleft\" style=\"border: 0pt none; margin: 0px 4px;\" src=\"..\/wp-content\/themes\/akaikki2011\/2011\/chars\/01.png\" alt=\"\" width=\"45\" height=\"45\" align=\"absMiddle\" \/><strong>UPDATE (5 de abril &#8211; 17:35) <\/strong>&#8211; O Rodrigo me mandou ontem uma imagem de uma proposta DELE pra melhorar a seguran\u00e7a de Interlagos, especificamente na Curva do Caf\u00e9&#8230; Eu fiz uma adapta\u00e7\u00e3o pra casar direitinho com o Google Earth&#8230; Segue:<\/p>\n<figure id=\"attachment_9420\" class=\"thumbnail wp-caption aligncenter\" style=\"width: 510px\"><a href=\"https:\/\/akaikki.com.br\/wp-content\/uploads\/2011\/04\/interlagos_rodvs_1.jpg\"><img loading=\"lazy\" decoding=\"async\" class=\"size-large wp-image-9420 \" title=\"O formato atual do Aut\u00f3dromo de Interlagos (acima, marcado em vermelho) e a proposta de Rodrigo Vilela (abaixo, marcado em azul)\" src=\"https:\/\/akaikki.com.br\/wp-content\/uploads\/2011\/04\/interlagos_rodvs_1-500x600.jpg\" alt=\"O formato atual do Aut\u00f3dromo de Interlagos (acima, marcado em vermelho) e a proposta de Rodrigo Vilela (abaixo, marcado em azul)\" width=\"500\" height=\"600\" srcset=\"https:\/\/akaikki.com.br\/wp-content\/uploads\/2011\/04\/interlagos_rodvs_1-500x600.jpg 500w, https:\/\/akaikki.com.br\/wp-content\/uploads\/2011\/04\/interlagos_rodvs_1-166x200.jpg 166w, https:\/\/akaikki.com.br\/wp-content\/uploads\/2011\/04\/interlagos_rodvs_1-333x400.jpg 333w, https:\/\/akaikki.com.br\/wp-content\/uploads\/2011\/04\/interlagos_rodvs_1.jpg 856w\" sizes=\"auto, (max-width: 500px) 100vw, 500px\" \/><\/a><figcaption class=\"caption wp-caption-text\">O formato atual do Aut\u00f3dromo de Interlagos (acima, marcado em vermelho) e a proposta de Rodrigo Vilela (abaixo, marcado em azul)<\/figcaption><\/figure>\n<p style=\"text-align: justify;\">Minha opini\u00e3o: melhorou a tomada do Bico do Pato e apertou mais as curvas do Mergulho, Jun\u00e7\u00e3o e Caf\u00e9, al\u00e9m de aumentar a \u00e1rea de escape nos terrenos em quest\u00e3o&#8230; A pista ficaria com aproximadamente 4.320 metros de extens\u00e3o, n\u00e3o muito diferente do que \u00e9 hoje em dia&#8230;<\/p>\n<p style=\"text-align: justify;\">S\u00f3 tem um por\u00e9m: a reta principal passaria por onde fica, hoje, o Bico do Pato&#8230; Entre o Bico do Pato e a reta principal tem um barranco, consideravelmente alto&#8230; Pra ficar nestas condi\u00e7\u00f5es, teria que fazer uma reforma muito grande naquela parte do terreno e, considerando-se a boa vontade da CBA e seus asseclas, seria invi\u00e1vel&#8230;<\/p>\n","protected":false},"excerpt":{"rendered":"<p>\u00e3o era a melhor forma de iniciar a semana. Primeiro, um s\u00e1bado chuvoso bagarai, aqui na Baixada Santista. Parecia um pren\u00fancio do que viria a acontecer no domingo. N\u00e3o, n\u00e3o era uma novidade, e sim, algo que j\u00e1 aconteceu muitas vezes (e, pelo visto, vai continuar a acontecer). A morte de Gustavo Sondermann, 29 anos,<\/p>\n","protected":false},"author":18,"featured_media":0,"comment_status":"open","ping_status":"open","sticky":false,"template":"","format":"standard","meta":{"footnotes":""},"categories":[79,60],"tags":[],"class_list":["post-9411","post","type-post","status-publish","format-standard","hentry","category-automobilismo","category-pequenos-autores-grandes-texticulos"],"_links":{"self":[{"href":"https:\/\/akaikki.com.br\/index.php?rest_route=\/wp\/v2\/posts\/9411","targetHints":{"allow":["GET"]}}],"collection":[{"href":"https:\/\/akaikki.com.br\/index.php?rest_route=\/wp\/v2\/posts"}],"about":[{"href":"https:\/\/akaikki.com.br\/index.php?rest_route=\/wp\/v2\/types\/post"}],"author":[{"embeddable":true,"href":"https:\/\/akaikki.com.br\/index.php?rest_route=\/wp\/v2\/users\/18"}],"replies":[{"embeddable":true,"href":"https:\/\/akaikki.com.br\/index.php?rest_route=%2Fwp%2Fv2%2Fcomments&post=9411"}],"version-history":[{"count":12,"href":"https:\/\/akaikki.com.br\/index.php?rest_route=\/wp\/v2\/posts\/9411\/revisions"}],"predecessor-version":[{"id":9446,"href":"https:\/\/akaikki.com.br\/index.php?rest_route=\/wp\/v2\/posts\/9411\/revisions\/9446"}],"wp:attachment":[{"href":"https:\/\/akaikki.com.br\/index.php?rest_route=%2Fwp%2Fv2%2Fmedia&parent=9411"}],"wp:term":[{"taxonomy":"category","embeddable":true,"href":"https:\/\/akaikki.com.br\/index.php?rest_route=%2Fwp%2Fv2%2Fcategories&post=9411"},{"taxonomy":"post_tag","embeddable":true,"href":"https:\/\/akaikki.com.br\/index.php?rest_route=%2Fwp%2Fv2%2Ftags&post=9411"}],"curies":[{"name":"wp","href":"https:\/\/api.w.org\/{rel}","templated":true}]}}