{"id":9156,"date":"2011-03-27T22:57:46","date_gmt":"2011-03-28T01:57:46","guid":{"rendered":"http:\/\/akaikki.com.br\/?p=9156"},"modified":"2011-03-28T12:31:57","modified_gmt":"2011-03-28T15:31:57","slug":"edicao-1795-enfim-vivo-eu-acho","status":"publish","type":"post","link":"https:\/\/akaikki.com.br\/?p=9156","title":{"rendered":"Edi\u00e7\u00e3o 1795 &#8211; Enfim, vivo&#8230; Eu acho&#8230;"},"content":{"rendered":"<p style=\"text-align: justify;\"><img loading=\"lazy\" decoding=\"async\" class=\"alignleft\" style=\"margin: 0px 4px;\" src=\"https:\/\/akaikki.com.br\/wp-content\/themes\/akaikki2011\/2011\/caps\/n.png\" alt=\"\" width=\"54\" height=\"54\" \/>em acredito que eu consegui sobreviver \u00e0 minha primeira maratona esportiva&#8230; Vi a corrida de madrugada e comentei o jogo do Brasil pela <a href=\"http:\/\/twitter.com\/equipeshowbola\" target=\"_blank\">Equipe Show de Bola<\/a>&#8230; Ali\u00e1s, quero agradecer aos que nos prestigiaram e nos incentivaram durante a transmiss\u00e3o&#8230; Considerando que era minha estreia, at\u00e9 que deu pro gasto&#8230; Sim, eu sou muito cr\u00edtico para comigo mesmo&#8230;<\/p>\n<p style=\"text-align: justify;\">Ali\u00e1s, um r\u00e1pido coment\u00e1rio sobre o jogo: 2 a 0 na Esc\u00f3cia foi pouco&#8230; O Brasil poderia, SIM, fazer melhor que isso&#8230; Mas, como eu disse na transmiss\u00e3o, n\u00e3o sou eu quem escala a Sele\u00e7\u00e3o, \u00e9 o Mano Menezes&#8230;<\/p>\n<p style=\"text-align: center;\"><img decoding=\"async\" src=\"https:\/\/akaikki.com.br\/wp-content\/themes\/akaikki2011\/2011\/line.png\" alt=\"\" \/><\/p>\n<figure id=\"attachment_9159\" class=\"thumbnail wp-caption aligncenter\" style=\"width: 607px\"><img loading=\"lazy\" decoding=\"async\" class=\"size-full wp-image-9159\" title=\"Foi f\u00e1cil, n\u00e9...\" src=\"https:\/\/akaikki.com.br\/wp-content\/uploads\/2011\/03\/r01_vettel_podium.jpg\" alt=\"Foi f\u00e1cil, n\u00e9...\" width=\"597\" height=\"397\" srcset=\"https:\/\/akaikki.com.br\/wp-content\/uploads\/2011\/03\/r01_vettel_podium.jpg 597w, https:\/\/akaikki.com.br\/wp-content\/uploads\/2011\/03\/r01_vettel_podium-200x132.jpg 200w, https:\/\/akaikki.com.br\/wp-content\/uploads\/2011\/03\/r01_vettel_podium-400x265.jpg 400w\" sizes=\"auto, (max-width: 597px) 100vw, 597px\" \/><figcaption class=\"caption wp-caption-text\">Foi f\u00e1cil, n\u00e9...<\/figcaption><\/figure>\n<p style=\"text-align: justify;\">E agora sim, sobre a corrida&#8230; Ou melhor, corrida foi do terceiro lugar pra baixo&#8230; Vettel ganhou com um p\u00e9 nas costas, Hamilton se segurou bem no segundo posto&#8230; E o Vitaly Petrov (\u0412\u0438\u0442\u0430\u043b\u0438\u0439 \u041f\u0435\u0442\u0440\u043e\u0432) ainda me arranca um p\u00f3dio!! Isso com o carro do Kubica&#8230; Ou seja: o polon\u00eas narigudo, muito provavelmente, ia dar algum trabalho pra Red Bull e cia&#8230; Mas SE n\u00e3o aconteceu&#8230; Como j\u00e1 disse antes, este ano, muito provavelmente, ser\u00e1 igual \u00e0quele que passou&#8230; Vettel tem tudo pra dominar esta temporada&#8230;<\/p>\n<p style=\"text-align: justify;\">Asa m\u00f3vel&#8230; Pergunto eu: \u00d3 Deus, para qu\u00ea? Tanto se falou na asa m\u00f3vel, etc, etc&#8230; E a\u00ed, quem se deu bem com isso? Ningu\u00e9m!! Button partindo pra cima do Massa durante o in\u00edcio da corrida, at\u00e9 que, azucrinaldamente, cortou uma chicane e n\u00e3o devolveu a posi\u00e7\u00e3o&#8230; Drive-Through, claro!! At\u00e9 parece que ele n\u00e3o sabia que ia acabar nisso&#8230;<\/p>\n<p style=\"text-align: justify;\">O lance \u00e9 que a FIA<del>daputa<\/del> tenta desesperadamente \u00e9 proporcionar um espet\u00e1culo&#8230; Eles s\u00f3 se esquecem que isso acontecia h\u00e1 20-25 anos atr\u00e1s e sem a necessidade de se criar cada regra mais imbecil que a outra&#8230; Era t\u00e3o somente o seguinte: fa\u00e7am o melhor carro, peguem os melhores pilotos e sejam felizes&#8230; Simples assim&#8230;<\/p>\n<p style=\"text-align: justify;\">E uma grata surpresa foi o Sergio P\u00e9rez, o primeiro mexicano na F\u00f3rmula 1 desde H\u00e9ctor Rebaque em 1981&#8230; Uma pena que a Sauber tenha sido desclassificada da corrida, mas o cara j\u00e1 estreou nos pontos&#8230; E ainda chegou na frente de seu companheiro de equipe, Kamui Kobayashi&#8230; (\u5c0f\u6797 \u53ef\u5922\u5049)<\/p>\n<p style=\"text-align: justify;\">Fora isso, nada demais&#8230; Rubinho foi p\u00e9ssimo, Fernando foi mais r\u00e1pido que o Felipe e toda a mesma papagaiada de sempre&#8230; Ali\u00e1s, o Felipe s\u00f3 ficou em s\u00e9timo porque a Sauber foi desclassificada&#8230; T\u00e1 a\u00ed o resultado&#8230;<\/p>\n<p style=\"text-align: center;\"><img loading=\"lazy\" decoding=\"async\" src=\"https:\/\/akaikki.com.br\/wp-content\/uploads\/2011\/03\/r01r.png\" alt=\"\" width=\"550\" height=\"615\" \/><\/p>\n<p style=\"text-align: justify;\">Ali\u00e1s, parab\u00e9ns pro Glock&#8230; Terminou a corrida, mas n\u00e3o completou 90% dela&#8230; A Virgin \u00e9 outra que tamb\u00e9m j\u00e1 t\u00e1 durando mais do que se imaginava&#8230;<\/p>\n<p style=\"text-align: center;\">Classifica\u00e7\u00e3o do Mundial de Pilotos, eu n\u00e3o preciso colocar porque \u00e9 a mesma desta corrida, n\u00e9&#8230;<\/p>\n<p style=\"text-align: center;\"><img loading=\"lazy\" decoding=\"async\" src=\"https:\/\/akaikki.com.br\/wp-content\/uploads\/2011\/03\/r01d.png\" alt=\"\" width=\"609\" height=\"111\" \/><\/p>\n<p style=\"text-align: center;\">E os construtores&#8230;<\/p>\n<p style=\"text-align: center;\"><img loading=\"lazy\" decoding=\"async\" src=\"https:\/\/akaikki.com.br\/wp-content\/uploads\/2011\/03\/r01c.png\" alt=\"\" width=\"609\" height=\"111\" \/><\/p>\n<p style=\"text-align: justify;\">E a pr\u00f3xima etapa do Mundial de F\u00f3rmula 1 ser\u00e1 o Grande Pr\u00eamio da Mal\u00e1sia, dia 10 de abril&#8230; 5 horas da manh\u00e3, <strong>TEORICAMENTE<\/strong>, mais f\u00e1cil pra acompanhar&#8230; Durma cedo e acorde pra ver&#8230;<\/p>\n","protected":false},"excerpt":{"rendered":"<p>em acredito que eu consegui sobreviver \u00e0 minha primeira maratona esportiva&#8230; Vi a corrida de madrugada e comentei o jogo do Brasil pela Equipe Show de Bola&#8230; Ali\u00e1s, quero agradecer aos que nos prestigiaram e nos incentivaram durante a transmiss\u00e3o&#8230; Considerando que era minha estreia, at\u00e9 que deu pro gasto&#8230; Sim, eu sou muito cr\u00edtico<\/p>\n","protected":false},"author":2,"featured_media":0,"comment_status":"open","ping_status":"open","sticky":false,"template":"","format":"standard","meta":{"footnotes":""},"categories":[195,1],"tags":[],"class_list":["post-9156","post","type-post","status-publish","format-standard","hentry","category-a-k-a--na-formula-1","category-besteirol"],"_links":{"self":[{"href":"https:\/\/akaikki.com.br\/index.php?rest_route=\/wp\/v2\/posts\/9156","targetHints":{"allow":["GET"]}}],"collection":[{"href":"https:\/\/akaikki.com.br\/index.php?rest_route=\/wp\/v2\/posts"}],"about":[{"href":"https:\/\/akaikki.com.br\/index.php?rest_route=\/wp\/v2\/types\/post"}],"author":[{"embeddable":true,"href":"https:\/\/akaikki.com.br\/index.php?rest_route=\/wp\/v2\/users\/2"}],"replies":[{"embeddable":true,"href":"https:\/\/akaikki.com.br\/index.php?rest_route=%2Fwp%2Fv2%2Fcomments&post=9156"}],"version-history":[{"count":11,"href":"https:\/\/akaikki.com.br\/index.php?rest_route=\/wp\/v2\/posts\/9156\/revisions"}],"predecessor-version":[{"id":9170,"href":"https:\/\/akaikki.com.br\/index.php?rest_route=\/wp\/v2\/posts\/9156\/revisions\/9170"}],"wp:attachment":[{"href":"https:\/\/akaikki.com.br\/index.php?rest_route=%2Fwp%2Fv2%2Fmedia&parent=9156"}],"wp:term":[{"taxonomy":"category","embeddable":true,"href":"https:\/\/akaikki.com.br\/index.php?rest_route=%2Fwp%2Fv2%2Fcategories&post=9156"},{"taxonomy":"post_tag","embeddable":true,"href":"https:\/\/akaikki.com.br\/index.php?rest_route=%2Fwp%2Fv2%2Ftags&post=9156"}],"curies":[{"name":"wp","href":"https:\/\/api.w.org\/{rel}","templated":true}]}}