{"id":9113,"date":"2011-03-26T12:12:06","date_gmt":"2011-03-26T15:12:06","guid":{"rendered":"http:\/\/akaikki.com.br\/?p=9113"},"modified":"2011-03-27T02:07:33","modified_gmt":"2011-03-27T05:07:33","slug":"edicao-1792-vettel-esmaga","status":"publish","type":"post","link":"https:\/\/akaikki.com.br\/?p=9113","title":{"rendered":"Edi\u00e7\u00e3o 1792 &#8211; Vettel m\u00edtico!!"},"content":{"rendered":"<figure id=\"attachment_9115\" class=\"thumbnail wp-caption aligncenter\" style=\"width: 610px\"><img loading=\"lazy\" decoding=\"async\" class=\"size-large wp-image-9115\" title=\"Enquanto a Red Bull de Sebastian Vettel n\u00e3o d\u00e1 chance pra concorr\u00eancia, a Hispania de Narain Karthikeian n\u00e3o tem a menor chance de chegar na concorr\u00eancia...\" src=\"https:\/\/akaikki.com.br\/wp-content\/uploads\/2011\/03\/r01_vettel_narain-600x199.jpg\" alt=\"Enquanto a Red Bull de Sebastian Vettel n\u00e3o d\u00e1 chance pra concorr\u00eancia, a Hispania de Narain Karthikeian n\u00e3o tem a menor chance de chegar na concorr\u00eancia...\" width=\"600\" height=\"199\" srcset=\"https:\/\/akaikki.com.br\/wp-content\/uploads\/2011\/03\/r01_vettel_narain-600x199.jpg 600w, https:\/\/akaikki.com.br\/wp-content\/uploads\/2011\/03\/r01_vettel_narain-200x66.jpg 200w, https:\/\/akaikki.com.br\/wp-content\/uploads\/2011\/03\/r01_vettel_narain-400x133.jpg 400w, https:\/\/akaikki.com.br\/wp-content\/uploads\/2011\/03\/r01_vettel_narain.jpg 1194w\" sizes=\"auto, (max-width: 600px) 100vw, 600px\" \/><figcaption class=\"caption wp-caption-text\">Enquanto a Red Bull de Sebastian Vettel n\u00e3o d\u00e1 chance pra concorr\u00eancia, a Hispania de Narain Karthikeian n\u00e3o tem a menor chance de chegar na concorr\u00eancia...<\/figcaption><\/figure>\n<p style=\"text-align: justify;\"><img loading=\"lazy\" decoding=\"async\" class=\"alignleft\" style=\"margin: 0px 4px; border: 0pt none;\" src=\"https:\/\/akaikki.com.br\/wp-content\/themes\/akaikki2011\/2011\/caps\/e.png\" alt=\"\" width=\"54\" height=\"54\" \/>ste ano, ao que tudo indica, ser\u00e1 igual \u00e0quele que passou&#8230; Pivettel estava inspirado hoje na classifica\u00e7\u00e3o e marcou a pole com sobras, detonando at\u00e9 mesmo o antigo recorde da pista, que era de Michael Schumacher, que marcou 1:24.125 em <strong>2004<\/strong>, ainda dos tempos dos motores V10&#8230; O cara botou quase um segundo no segundo colocado!! Isso s\u00f3 mostra que, se tudo correr como o previsto, Vettel abocanha o bi de forma m\u00edtica e o Choronso vai passar mais um ano de #mimimi&#8230; A Red Bull tem o melhor carro, isso n\u00e3o se discute&#8230; Se o t\u00edtulo de 2010 der a Vettel a maturidade que lhe faltava, contemplem, pois, aquele que ser\u00e1 o Schumacher desta d\u00e9cada&#8230;<\/p>\n<p style=\"text-align: justify;\">Agora eu convido voc\u00ea, caro visitante, a dar uma lida <a href=\"http:\/\/www.blogdocapelli.com.br\/2011\/03\/adiando-a-extincao\/\" target=\"_blank\">neste post do Capelli<\/a>&#8230; Mas n\u00e3o se esque\u00e7a de voltar, porque ainda n\u00e3o acabei por aqui&#8230;<\/p>\n<p style=\"text-align: center;\"><img decoding=\"async\" src=\"https:\/\/akaikki.com.br\/wp-content\/themes\/akaikki2011\/2011\/line.png\" alt=\"\" \/><\/p>\n<figure id=\"attachment_3741\" class=\"thumbnail wp-caption alignright\" style=\"width: 310px\"><a href=\"https:\/\/akaikki.com.br\/wp-content\/uploads\/2010\/03\/fripic20.jpg\"><img loading=\"lazy\" decoding=\"async\" class=\"size-medium wp-image-3741 \" title=\"Chandhok e sua Hispania em 2010, Perry McCarthy e sua Andrea Moda em 1992...!!\" src=\"https:\/\/akaikki.com.br\/wp-content\/uploads\/2010\/03\/fripic20-300x120.jpg\" alt=\"Chandhok e sua Hispania em 2010, Perry McCarthy e sua Andrea Moda em 1992...!!\" width=\"300\" height=\"120\" srcset=\"https:\/\/akaikki.com.br\/wp-content\/uploads\/2010\/03\/fripic20-300x120.jpg 300w, https:\/\/akaikki.com.br\/wp-content\/uploads\/2010\/03\/fripic20.jpg 500w\" sizes=\"auto, (max-width: 300px) 100vw, 300px\" \/><\/a><figcaption class=\"caption wp-caption-text\">Chandhok e sua Hispania em 2010, Perry McCarthy e sua Andrea Moda em 1992...!!<\/figcaption><\/figure>\n<p style=\"text-align: justify;\">O que ocorre: a Hispania \u00e9 a atual vers\u00e3o do que foi a <a href=\"http:\/\/pt.wikipedia.org\/wiki\/Andrea_Moda_Formula\" target=\"_blank\">Andrea Moda<\/a> em 1992&#8230; Por acaso, n\u00e3o \u00e9 a primeira vez que eu fa\u00e7o essa compara\u00e7\u00e3o por aqui&#8230; E, se voc\u00eas querem saber o que h\u00e1 de novo na Hispania desde o ano passado \u00e9 a pintura do carro, que denota de forma mais evidente o #FAIL que \u00e9 a equipe espanhola, com espa\u00e7os implorando por patrocinadores&#8230;<\/p>\n<p style=\"text-align: justify;\">E a\u00ed eu pergunto: quem foi o d\u00e9bil mental que disse que a ART, ou a Epsilon Euskadi, ou outras equipes que tentaram ingressar nesta temporada n\u00e3o eram financeiramente aptas pra isso e, no entanto, liberam essa tal de Hispania pra correr? Era mais do que \u00f3bvio que nenhum dos dois carros da equipe de Jos\u00e9 Ram\u00f3n Carabante seria capaz de fazer um tempo pra ficar nos 107% exigidos pra classifica\u00e7\u00e3o&#8230;<\/p>\n<p style=\"text-align: center;\">E o grid da corrida de amanh\u00e3 conta com 22 carros&#8230;<\/p>\n<p style=\"text-align: center;\"><img loading=\"lazy\" decoding=\"async\" src=\"https:\/\/akaikki.com.br\/wp-content\/uploads\/2011\/03\/r01q.png\" alt=\"\" width=\"549\" height=\"621\" \/><\/p>\n<p style=\"text-align: justify;\">E a corrida, amanh\u00e3, \u00e0s tr\u00eas da madrugada de s\u00e1bado pra domingo&#8230; Fa\u00e7a sua escolha: dormir cedo e acordar \u00e0s tr\u00eas ou esticar a noite at\u00e9 umas 4:30 da manh\u00e3&#8230;<\/p>\n<h1 style=\"text-align: right;\"><a title=\"Continua...\">\u3064\u3065\u304f<\/a><\/h1>\n","protected":false},"excerpt":{"rendered":"<p>ste ano, ao que tudo indica, ser\u00e1 igual \u00e0quele que passou&#8230; Pivettel estava inspirado hoje na classifica\u00e7\u00e3o e marcou a pole com sobras, detonando at\u00e9 mesmo o antigo recorde da pista, que era de Michael Schumacher, que marcou 1:24.125 em 2004, ainda dos tempos dos motores V10&#8230; O cara botou quase um segundo no segundo<\/p>\n","protected":false},"author":2,"featured_media":0,"comment_status":"open","ping_status":"open","sticky":false,"template":"","format":"standard","meta":{"footnotes":""},"categories":[195],"tags":[],"class_list":["post-9113","post","type-post","status-publish","format-standard","hentry","category-a-k-a--na-formula-1"],"_links":{"self":[{"href":"https:\/\/akaikki.com.br\/index.php?rest_route=\/wp\/v2\/posts\/9113","targetHints":{"allow":["GET"]}}],"collection":[{"href":"https:\/\/akaikki.com.br\/index.php?rest_route=\/wp\/v2\/posts"}],"about":[{"href":"https:\/\/akaikki.com.br\/index.php?rest_route=\/wp\/v2\/types\/post"}],"author":[{"embeddable":true,"href":"https:\/\/akaikki.com.br\/index.php?rest_route=\/wp\/v2\/users\/2"}],"replies":[{"embeddable":true,"href":"https:\/\/akaikki.com.br\/index.php?rest_route=%2Fwp%2Fv2%2Fcomments&post=9113"}],"version-history":[{"count":18,"href":"https:\/\/akaikki.com.br\/index.php?rest_route=\/wp\/v2\/posts\/9113\/revisions"}],"predecessor-version":[{"id":9132,"href":"https:\/\/akaikki.com.br\/index.php?rest_route=\/wp\/v2\/posts\/9113\/revisions\/9132"}],"wp:attachment":[{"href":"https:\/\/akaikki.com.br\/index.php?rest_route=%2Fwp%2Fv2%2Fmedia&parent=9113"}],"wp:term":[{"taxonomy":"category","embeddable":true,"href":"https:\/\/akaikki.com.br\/index.php?rest_route=%2Fwp%2Fv2%2Fcategories&post=9113"},{"taxonomy":"post_tag","embeddable":true,"href":"https:\/\/akaikki.com.br\/index.php?rest_route=%2Fwp%2Fv2%2Ftags&post=9113"}],"curies":[{"name":"wp","href":"https:\/\/api.w.org\/{rel}","templated":true}]}}