{"id":8120,"date":"2011-02-12T00:03:01","date_gmt":"2011-02-12T02:03:01","guid":{"rendered":"http:\/\/akaikki.com.br\/?p=8120"},"modified":"2011-02-25T18:07:40","modified_gmt":"2011-02-25T21:07:40","slug":"edicao-1765-novos-avatares-parte-2-vinicius-e-seu-nariz","status":"publish","type":"post","link":"https:\/\/akaikki.com.br\/?p=8120","title":{"rendered":"Edi\u00e7\u00e3o 1765 &#8211; Novos avatares (Parte 2 &#8211; Vin\u00edcius e seu nariz)"},"content":{"rendered":"<p style=\"text-align: justify;\"><img loading=\"lazy\" decoding=\"async\" class=\"alignleft\" style=\"margin: 0px 4px;\" src=\"https:\/\/akaikki.com.br\/wp-content\/themes\/akaikki2011\/2011\/caps\/g.png\" alt=\"\" width=\"54\" height=\"54\" \/>ostaria de compartilhar com voc\u00eas sobre os desenhos do Guilherme, sobre a repercuss\u00e3o muito positiva que estes v\u00eam tendo desde que eu comecei a public\u00e1-los&#8230; Eu comentei com ele sobre os elogios que ele vem recebendo, o que o deixou mais animado ainda para seguir fazendo as novas vers\u00f5es dos personagens&#8230;<\/p>\n<p style=\"text-align: justify;\">No epis\u00f3dio de hoje, a besta nariguda de Queimados, cujo desenho mostrou que, al\u00e9m de ser um \u00f3timo desenhista, o Gui ainda tem a capacidade de captar os personagens&#8230;<\/p>\n<p style=\"text-align: justify;\"><img loading=\"lazy\" decoding=\"async\" style=\"border: 0pt none; margin: 0px 4px;\" src=\"..\/wp-content\/themes\/akaikki2011\/images\/chars\/28.png\" alt=\"\" width=\"45\" height=\"45\" align=\"absMiddle\" \/>&#8211; Eu posso coloc\u00e1-lo com uma camisa retr\u00f4 do Flamengo, com gola V?<br \/>\n<img loading=\"lazy\" decoding=\"async\" style=\"border: 0pt none; margin: 0px 4px;\" src=\"..\/wp-content\/themes\/akaikki2011\/images\/chars\/01.png\" alt=\"\" width=\"45\" height=\"45\" align=\"absMiddle\" \/>&#8211; Mas <strong>\u00c9<\/strong> pra fazer isso!!<br \/>\n<img loading=\"lazy\" decoding=\"async\" style=\"border: 0pt none; margin: 0px 4px;\" src=\"..\/wp-content\/themes\/akaikki2011\/images\/chars\/28.png\" alt=\"\" width=\"45\" height=\"45\" align=\"absMiddle\" \/>&#8211; \u00d3timo&#8230;<\/p>\n<figure id=\"attachment_8126\" class=\"thumbnail wp-caption aligncenter\" style=\"width: 510px\"><a href=\"https:\/\/akaikki.com.br\/wp-content\/uploads\/2011\/02\/gui_02_02a.png\"><img loading=\"lazy\" decoding=\"async\" class=\"size-full wp-image-8126\" title=\"V\u00e1rias op\u00e7\u00f5es, v\u00e1rias possibilidades...\" src=\"https:\/\/akaikki.com.br\/wp-content\/uploads\/2011\/02\/gui_02_02a.png\" alt=\"V\u00e1rias op\u00e7\u00f5es, v\u00e1rias possibilidades...\" width=\"500\" height=\"600\" srcset=\"https:\/\/akaikki.com.br\/wp-content\/uploads\/2011\/02\/gui_02_02a.png 500w, https:\/\/akaikki.com.br\/wp-content\/uploads\/2011\/02\/gui_02_02a-166x200.png 166w, https:\/\/akaikki.com.br\/wp-content\/uploads\/2011\/02\/gui_02_02a-333x400.png 333w\" sizes=\"auto, (max-width: 500px) 100vw, 500px\" \/><\/a><figcaption class=\"caption wp-caption-text\">V\u00e1rias op\u00e7\u00f5es, v\u00e1rias possibilidades...<\/figcaption><\/figure>\n<p style=\"text-align: justify;\">E assim nasceu o desenho do Vin\u00edcius, em vers\u00e3o rubronegra e branca&#8230; Eu pensei em usar as duas vers\u00f5es, mas optei pela branca porque 2011 \u00e9 o ano em que se celebra os 30 anos do T\u00edtulo do Mundial Interclubes do Flamengo, sobre o Liverpool&#8230;<\/p>\n<p style=\"text-align: justify;\"><img loading=\"lazy\" decoding=\"async\" style=\"border: 0pt none; margin: 0px 4px;\" src=\"..\/wp-content\/themes\/akaikki2011\/images\/chars\/02.png\" alt=\"\" width=\"45\" height=\"45\" align=\"absMiddle\" \/><strong>&#8211; CHUPA, PISCINA DE F\u00cdGADO!!<\/strong><\/p>\n<p style=\"text-align: justify;\">E continue antenado para os pr\u00f3ximos personagens&#8230; Esta saga continua e, ao contr\u00e1rio da anterior, caminha para um final muito feliz&#8230;<\/p>\n<h1 style=\"text-align: right;\"><a title=\"Continua...\">\u3064\u3065\u304f<\/a><\/h1>\n","protected":false},"excerpt":{"rendered":"<p>ostaria de compartilhar com voc\u00eas sobre os desenhos do Guilherme, sobre a repercuss\u00e3o muito positiva que estes v\u00eam tendo desde que eu comecei a public\u00e1-los&#8230; Eu comentei com ele sobre os elogios que ele vem recebendo, o que o deixou mais animado ainda para seguir fazendo as novas vers\u00f5es dos personagens&#8230; No epis\u00f3dio de hoje,<\/p>\n","protected":false},"author":2,"featured_media":0,"comment_status":"open","ping_status":"open","sticky":false,"template":"","format":"standard","meta":{"footnotes":""},"categories":[5],"tags":[],"class_list":["post-8120","post","type-post","status-publish","format-standard","hentry","category-anuncios"],"_links":{"self":[{"href":"https:\/\/akaikki.com.br\/index.php?rest_route=\/wp\/v2\/posts\/8120","targetHints":{"allow":["GET"]}}],"collection":[{"href":"https:\/\/akaikki.com.br\/index.php?rest_route=\/wp\/v2\/posts"}],"about":[{"href":"https:\/\/akaikki.com.br\/index.php?rest_route=\/wp\/v2\/types\/post"}],"author":[{"embeddable":true,"href":"https:\/\/akaikki.com.br\/index.php?rest_route=\/wp\/v2\/users\/2"}],"replies":[{"embeddable":true,"href":"https:\/\/akaikki.com.br\/index.php?rest_route=%2Fwp%2Fv2%2Fcomments&post=8120"}],"version-history":[{"count":13,"href":"https:\/\/akaikki.com.br\/index.php?rest_route=\/wp\/v2\/posts\/8120\/revisions"}],"predecessor-version":[{"id":8365,"href":"https:\/\/akaikki.com.br\/index.php?rest_route=\/wp\/v2\/posts\/8120\/revisions\/8365"}],"wp:attachment":[{"href":"https:\/\/akaikki.com.br\/index.php?rest_route=%2Fwp%2Fv2%2Fmedia&parent=8120"}],"wp:term":[{"taxonomy":"category","embeddable":true,"href":"https:\/\/akaikki.com.br\/index.php?rest_route=%2Fwp%2Fv2%2Fcategories&post=8120"},{"taxonomy":"post_tag","embeddable":true,"href":"https:\/\/akaikki.com.br\/index.php?rest_route=%2Fwp%2Fv2%2Ftags&post=8120"}],"curies":[{"name":"wp","href":"https:\/\/api.w.org\/{rel}","templated":true}]}}