{"id":7955,"date":"2011-01-14T12:17:53","date_gmt":"2011-01-14T14:17:53","guid":{"rendered":"http:\/\/akaikki.com.br\/?p=7955"},"modified":"2011-01-16T19:32:20","modified_gmt":"2011-01-16T21:32:20","slug":"edicao-1758-rio-de-janeiro-ou-o-que-restou-dele","status":"publish","type":"post","link":"https:\/\/akaikki.com.br\/?p=7955","title":{"rendered":"Edi\u00e7\u00e3o 1758 &#8211; Rio de Janeiro, ou o que restou dele&#8230;"},"content":{"rendered":"<p style=\"text-align: justify;\"><img loading=\"lazy\" decoding=\"async\" class=\"alignleft\" style=\"margin: 1px 4px;\" src=\"https:\/\/akaikki.com.br\/wp-content\/themes\/akaikki2011\/images\/caps\/i.png\" alt=\"\" width=\"39\" height=\"39\" \/>mposs\u00edvel n\u00e3o ter que falar sobre as fortes chuvas que v\u00eam devastando a Regi\u00e3o Serrana do Rio de Janeiro&#8230; Acabei me envolvendo nisso depois que o Vin\u00edcius viu <a href=\"http:\/\/g1.globo.com\/rio-de-janeiro\/chuvas-no-rj\/noticia\/2011\/01\/queda-de-ponte-divide-cidade-da-regiao-serrana-do-rj-em-duas.html\" target=\"_blank\">esta not\u00edcia<\/a> e me pediu pra ligar pra Lahys pra saber se estava tudo bem com ela&#8230; Eis que hoje de manh\u00e3, ela aparece&#8230;<\/p>\n<p style=\"text-align: justify;\"><img loading=\"lazy\" decoding=\"async\" class=\"alignleft\" style=\"border: 0pt none; margin: 0px 4px;\" src=\"..\/wp-content\/themes\/akaikki2011\/images\/chars\/10.png\" alt=\"\" width=\"45\" height=\"45\" align=\"absMiddle\" \/>&#8211; Gente, aqui \u00e9 Lahys Thedin falando&#8230; Sem Lah e Ys dessa vez&#8230; Eu quero avisar pra voc\u00eas que eu estou bem, gra\u00e7as a Deus, n\u00e3o tivemos nenhuma baixa aqui em casa, mas eu estou ilhada aqui, sem telefone, sem \u00e1gua e quase sem comida&#8230;<\/p>\n<p style=\"text-align: justify;\">E at\u00e9 o Rodrigo postou <a href=\"http:\/\/blogdoroli.blogspot.com\/2011\/01\/ate-quando.html\" target=\"_blank\">esse texto<\/a> no blog dele&#8230; E eu at\u00e9 tava conversando agorinha com a Lori&#8230; E eu tenho que confessar algo pra voc\u00eas, que pode deixar voc\u00eas meio  chateados comigo, mas infelizmente \u00e9 a pura verdade: todo esse estrago  que acontece cada vez que chega o m\u00eas de janeiro com as chuvas \u00e9 culpa <strong> SUA!!<\/strong> E n\u00e3o adianta me olhar torto e torcer o nariz, a culpa \u00e9 sua mesmo!!<\/p>\n<p style=\"text-align: justify;\">Porque sabe aquele lixo que voc\u00ea joga na rua? Ele entope os bueiros e a\u00ed a \u00e1gua n\u00e3o tem por onde escoar&#8230; E a\u00ed alaga a porra toda!! E sabe aquelas casas que aparecem em \u00e1reas de risco e que foram levadas pela chuva? \u00c9 porque o filho da puta que voc\u00ea elegeu n\u00e3o est\u00e1 dando a m\u00ednima pra aquela gente!!<\/p>\n<h2 style=\"text-align: center;\">E, de qualquer forma, \u00e9 <strong>VOC\u00ca<\/strong> que paga essa conta toda!!<\/h2>\n<p style=\"text-align: center;\">A\u00ed as pessoas v\u00eam com o papo de solidariedade, que a gente tem que ajudar, etc, etc&#8230;<\/p>\n<p style=\"text-align: justify;\">Sim, \u00e9 sempre bom a gente ajudar quem est\u00e1 precisando&#8230; Mas o que me enfurece \u00e9 que quem REALMENTE deveria estar fazendo isso, e sem a gente ter que cobrar, <strong>N\u00c3O EST\u00c1!! NEM!! A\u00cd!! PRA ISSO!!<\/strong> Est\u00e3o preocupados em aumentar o pr\u00f3prio sal\u00e1rio, enriquecer \u00e0s nossas custas, enquanto a gente se fode nas chuvas!!<\/p>\n<p style=\"text-align: justify;\">E ainda que o n\u00famero de v\u00edtimas seja absurdamente maior do que nos \u00faltimos, sei l\u00e1, 50 ou 60 anos, n\u00e3o tem como negar isso: <strong>TODO ANO \u00c9 A MESMA COISA!!<\/strong> A chuva vem e destr\u00f3i a porra toda!! As autoridades dizem que v\u00e3o fazer alguma coisa pra resolver o problema no dia, depois esquecem e, no ano seguinte, a mesma coisa&#8230;<\/p>\n<h1 style=\"text-align: center;\">E a culpa \u00e9 <strong>TODA SUA<\/strong>, eleitor imbecil de merda!!<\/h1>\n<p style=\"text-align: justify;\">Sim, \u00e9 sua!! N\u00e3o me odeie por isso, a culpa \u00e9 sua!! Quem se importa com isso agora que o Ronaldinho Ga\u00facho \u00e9 do Meng\u00e3o, hoje vai passar o \u00faltimo cap\u00edtulo da novela da RGT e a putaria t\u00e1 rolando solta no BBB? Ah, ter\u00e7a tem pared\u00e3o, voc\u00ea vai correndo votar num brother pra sair da casa e vai saber explicar direitinho porque voc\u00ea votou nele&#8230;<\/p>\n<figure id=\"attachment_7963\" class=\"thumbnail wp-caption aligncenter\" style=\"width: 610px\"><a href=\"https:\/\/akaikki.com.br\/wp-content\/uploads\/2011\/01\/chuva2011.jpg\"><img loading=\"lazy\" decoding=\"async\" class=\"size-large wp-image-7963\" title=\"O que restou de Teres\u00f3polis...\" src=\"https:\/\/akaikki.com.br\/wp-content\/uploads\/2011\/01\/chuva2011-600x425.jpg\" alt=\"O que restou de Teres\u00f3polis...\" width=\"600\" height=\"425\" srcset=\"https:\/\/akaikki.com.br\/wp-content\/uploads\/2011\/01\/chuva2011-600x425.jpg 600w, https:\/\/akaikki.com.br\/wp-content\/uploads\/2011\/01\/chuva2011-200x141.jpg 200w, https:\/\/akaikki.com.br\/wp-content\/uploads\/2011\/01\/chuva2011-400x283.jpg 400w, https:\/\/akaikki.com.br\/wp-content\/uploads\/2011\/01\/chuva2011.jpg 779w\" sizes=\"auto, (max-width: 600px) 100vw, 600px\" \/><\/a><figcaption class=\"caption wp-caption-text\">O que restou de Teres\u00f3polis...<\/figcaption><\/figure>\n<p style=\"text-align: justify;\">Ent\u00e3o, pequeno infeliz, lembre-se destas cenas nas pr\u00f3ximas elei\u00e7\u00f5es!! Principalmente se uma destas casas da foto tiver sido a sua&#8230; E eu pe\u00e7o desculpas pelo meu modo est\u00fapido de passar isso pra voc\u00eas, mas eu n\u00e3o consigo ficar todo bonzinho e solid\u00e1rio diante de uma situa\u00e7\u00e3o que PODERIA TER SIDO EVITADA, se as autoridades competentes estivessem realmente se importando com isso&#8230;<\/p>\n<p style=\"text-align: justify;\">E como o <span style=\"color: #c00000;\">a.k.a.\u4e00\u8f1d!!<\/span> tamb\u00e9m \u00e9 responsabilidade social (ainda que sejamos todos um bando de irrespons\u00e1veis), seguem algumas contas onde voc\u00ea pode doar algumas lascas pra ajudar as v\u00edtimas das chuvas&#8230;<\/p>\n<p style=\"text-align: center;\"><strong>SOS Teres\u00f3polis \u2013 Donativos<\/strong> (Prefeitura de Teres\u00f3polis &#8211; CNPJ 29.138.369\/0001-47)<br \/>\nBanco do Brasil<br \/>\nAg\u00eancia: 0741-2<br \/>\nConta: 110000-9<\/p>\n<p style=\"text-align: center;\">ou<\/p>\n<p style=\"text-align: center;\">Caixa Econ\u00f4mica Federal<br \/>\nAg\u00eancia: 4146<br \/>\nConta: 2011-1<\/p>\n<p style=\"text-align: center;\"><strong>Prefeitura de Nova Friburgo<\/strong><br \/>\nBanco do Brasil<br \/>\nAg\u00eancia: 0335-2<br \/>\nConta: 120000-3<\/p>\n<p style=\"text-align: center;\"><strong>Defesa Civil \u2013 RJ<\/strong><br \/>\nCaixa Econ\u00f4mica Federal<br \/>\nAg\u00eancia: 0199<br \/>\nOpera\u00e7\u00e3o: 006<br \/>\nConta: 2011-0<\/p>\n<p style=\"text-align: center;\"><strong>Fundo Estadual de Assist\u00eancia Social do Estado do Rio de Janeiro<\/strong> (CNPJ 02.932.524\/0001-46)<br \/>\nBanco Ita\u00fa<br \/>\nAg\u00eancia: 5673<br \/>\nConta: 00594-7<\/p>\n<p style=\"text-align: center;\"><strong>Campanha SOS Sudeste<\/strong> (CNBB e C\u00e1ritas Brasileira)<br \/>\nCaixa Econ\u00f4mica Federal<br \/>\nAg\u00eancia: 1041<br \/>\nOpera\u00e7\u00e3o: 003<br \/>\nConta: 1490-8<\/p>\n<p style=\"text-align: center;\">ou<\/p>\n<p style=\"text-align: center;\">Banco do Brasil<br \/>\nAg\u00eancia: 3475-4<br \/>\nConta: 32000-5<\/p>\n<p style=\"text-align: center;\">E \u00e9 isso, molecada!! Outras formas de como ajudar o pessoal l\u00e1 na Regi\u00e3o Serrana voc\u00ea v\u00ea <a href=\"http:\/\/g1.globo.com\/rio-de-janeiro\/chuvas-no-rj\/noticia\/2011\/01\/saiba-como-ajudar-os-desabrigados-da-chuva-na-regiao-serrana-do-rio.html\" target=\"_blank\">aqui<\/a>&#8230;<\/p>\n<p style=\"text-align: center;\"><img loading=\"lazy\" decoding=\"async\" style=\"border: 0pt none; margin: 0px;\" src=\"https:\/\/akaikki.com.br\/wp-content\/themes\/akaikki2011\/images\/line.png\" alt=\"\" width=\"644\" height=\"14\" \/><\/p>\n<p style=\"text-align: justify;\"><strong>UPDATE <\/strong>(14 de janeiro, 17:30) &#8211; A Lahys me indicou o \u00e1lbum no Orkut de <strong>Arthur Barros<\/strong>, que tirou algumas fotos dos estragos que a chuva causou em Bom Jardim&#8230; As fotos voc\u00ea v\u00ea <a href=\"http:\/\/www.orkut.com.br\/Main#Album?uid=14381276230759030283&amp;aid=1294799137\" target=\"_blank\"><strong>aqui<\/strong><\/a>&#8230;<\/p>\n<p><img loading=\"lazy\" decoding=\"async\" title=\"Erick Von Draxeler mora longe das chuvas, mas mora perto da desgra\u00e7a...\" src=\"..\/wp-content\/themes\/akaikki2011\/images\/sigs\/01.png\" alt=\"\" width=\"600\" height=\"57\" \/><\/p>\n","protected":false},"excerpt":{"rendered":"<p>mposs\u00edvel n\u00e3o ter que falar sobre as fortes chuvas que v\u00eam devastando a Regi\u00e3o Serrana do Rio de Janeiro&#8230; Acabei me envolvendo nisso depois que o Vin\u00edcius viu esta not\u00edcia e me pediu pra ligar pra Lahys pra saber se estava tudo bem com ela&#8230; Eis que hoje de manh\u00e3, ela aparece&#8230; &#8211; Gente, aqui<\/p>\n","protected":false},"author":2,"featured_media":0,"comment_status":"open","ping_status":"open","sticky":false,"template":"","format":"standard","meta":{"footnotes":""},"categories":[60],"tags":[],"class_list":["post-7955","post","type-post","status-publish","format-standard","hentry","category-pequenos-autores-grandes-texticulos"],"_links":{"self":[{"href":"https:\/\/akaikki.com.br\/index.php?rest_route=\/wp\/v2\/posts\/7955","targetHints":{"allow":["GET"]}}],"collection":[{"href":"https:\/\/akaikki.com.br\/index.php?rest_route=\/wp\/v2\/posts"}],"about":[{"href":"https:\/\/akaikki.com.br\/index.php?rest_route=\/wp\/v2\/types\/post"}],"author":[{"embeddable":true,"href":"https:\/\/akaikki.com.br\/index.php?rest_route=\/wp\/v2\/users\/2"}],"replies":[{"embeddable":true,"href":"https:\/\/akaikki.com.br\/index.php?rest_route=%2Fwp%2Fv2%2Fcomments&post=7955"}],"version-history":[{"count":21,"href":"https:\/\/akaikki.com.br\/index.php?rest_route=\/wp\/v2\/posts\/7955\/revisions"}],"predecessor-version":[{"id":7976,"href":"https:\/\/akaikki.com.br\/index.php?rest_route=\/wp\/v2\/posts\/7955\/revisions\/7976"}],"wp:attachment":[{"href":"https:\/\/akaikki.com.br\/index.php?rest_route=%2Fwp%2Fv2%2Fmedia&parent=7955"}],"wp:term":[{"taxonomy":"category","embeddable":true,"href":"https:\/\/akaikki.com.br\/index.php?rest_route=%2Fwp%2Fv2%2Fcategories&post=7955"},{"taxonomy":"post_tag","embeddable":true,"href":"https:\/\/akaikki.com.br\/index.php?rest_route=%2Fwp%2Fv2%2Ftags&post=7955"}],"curies":[{"name":"wp","href":"https:\/\/api.w.org\/{rel}","templated":true}]}}