{"id":7941,"date":"2011-01-12T14:05:24","date_gmt":"2011-01-12T16:05:24","guid":{"rendered":"http:\/\/akaikki.com.br\/?p=7941"},"modified":"2011-02-01T18:26:27","modified_gmt":"2011-02-01T20:26:27","slug":"edicao-1757-porra-felicio-porra-mauricio-porra-jessica","status":"publish","type":"post","link":"https:\/\/akaikki.com.br\/?p=7941","title":{"rendered":"Edi\u00e7\u00e3o 1757 &#8211; Porra, Felicio!! Porra, Jessica!!"},"content":{"rendered":"<figure id=\"attachment_7943\" class=\"thumbnail wp-caption alignright\" style=\"width: 270px\"><a href=\"https:\/\/akaikki.com.br\/wp-content\/uploads\/2011\/01\/print_felicio.jpg\"><img loading=\"lazy\" decoding=\"async\" class=\"size-full wp-image-7943\" title=\"Afinal, \u00e9 Felicio ou Fel\u00edcio?\" src=\"https:\/\/akaikki.com.br\/wp-content\/uploads\/2011\/01\/print_felicio.jpg\" alt=\"Afinal, \u00e9 Felicio ou Fel\u00edcio?\" width=\"260\" height=\"252\" srcset=\"https:\/\/akaikki.com.br\/wp-content\/uploads\/2011\/01\/print_felicio.jpg 260w, https:\/\/akaikki.com.br\/wp-content\/uploads\/2011\/01\/print_felicio-200x193.jpg 200w\" sizes=\"auto, (max-width: 260px) 100vw, 260px\" \/><\/a><figcaption class=\"caption wp-caption-text\">Afinal, \u00e9 Felicio ou Fel\u00edcio?<\/figcaption><\/figure>\n<p style=\"text-align: justify;\"><img loading=\"lazy\" decoding=\"async\" class=\"alignleft\" style=\"margin: 1px 4px;\" src=\"https:\/\/akaikki.com.br\/wp-content\/themes\/akaikki2011\/images\/caps\/a.png\" alt=\"\" width=\"39\" height=\"39\" \/>ntes que a Jessica me pergunte: n\u00e3o, eu n\u00e3o estou xingando ela&#8230; O t\u00edtulo desta edi\u00e7\u00e3o menciona um assunto que a Lori levantou sem querer agora h\u00e1 pouco&#8230; Afinal, o sobrenome dela tem acento agudo no primeiro I ou n\u00e3o?<\/p>\n<p style=\"text-align: justify;\"><img loading=\"lazy\" decoding=\"async\" style=\"border: 0pt none; margin: 0px 4px;\" src=\"..\/wp-content\/themes\/akaikki2011\/images\/chars\/07.png\" alt=\"\" width=\"45\" height=\"45\" align=\"absMiddle\" \/>&#8211; Pois \u00e9, eu n\u00e3o sei&#8230;<\/p>\n<p style=\"text-align: justify;\">Tem grilo n\u00e3o, Lori&#8230; Se n\u00e3o tiver, n\u00e3o ser\u00e1 nenhuma novidade&#8230; S\u00f3 aqui no elenco do site, tem tr\u00eas pessoas que, teoricamente, deveriam ter acento no nome, mas n\u00e3o t\u00eam: a Natalia, a Claudinha e a Jessica&#8230;<\/p>\n<p style=\"text-align: justify;\"><img loading=\"lazy\" decoding=\"async\" class=\"alignleft\" style=\"border: 0pt none; margin: 0px 4px;\" src=\"..\/wp-content\/themes\/akaikki2011\/images\/chars\/pikachu.png\" alt=\"\" width=\"45\" height=\"45\" align=\"absMiddle\" \/>&#8211; Pra cada vez que escreverem meu nome com acento, uma nova temporada de Pok\u00e9mon ser\u00e1 criada sem que o Pikachu evolua&#8230; Piii-kachu&#8230;<\/p>\n<p style=\"text-align: justify;\">A minha m\u00e3e, por exemplo, se chama Veronica, sem acento&#8230; Mauricio de Sousa tamb\u00e9m n\u00e3o tem acento&#8230; Tinha um professor dos meus tempos de col\u00e9gio, Mauricio Mattos, que tamb\u00e9m n\u00e3o tem acento&#8230; Outra amiga minha dos tempos de col\u00e9gio, Nathalia Mariano, tamb\u00e9m n\u00e3o tem acento&#8230;<\/p>\n<p style=\"text-align: justify;\">Mas o pior n\u00e3o \u00e9 isso&#8230; O pior \u00e9 quando as pessoas t\u00eam d\u00favidas sobre se o nome tem MESMO acento ou n\u00e3o&#8230; O caso da Lori, por exemplo: FEL\u00cdCIO&#8230; Fel\u00edcio \u00e9 uma palavra parox\u00edtona terminada com ditongo oral decrescente&#8230; Logo, leva acento&#8230; Entendeu, Lori?<\/p>\n<p style=\"text-align: justify;\"><img loading=\"lazy\" decoding=\"async\" style=\"border: 0pt none; margin: 0px 4px;\" src=\"..\/wp-content\/themes\/akaikki2011\/images\/chars\/07.png\" alt=\"\" width=\"45\" height=\"45\" align=\"absMiddle\" \/>&#8211; N\u00e3o&#8230;<br \/>\n<img loading=\"lazy\" decoding=\"async\" style=\"border: 0pt none; margin: 0px 4px;\" src=\"..\/wp-content\/themes\/akaikki2011\/images\/chars\/pikachu.png\" alt=\"\" width=\"45\" height=\"45\" align=\"absMiddle\" \/>&#8211; Piii-kachu&#8230; Por que eu n\u00e3o estou surpresa com isso?<\/p>\n<p style=\"text-align: justify;\">O problema \u00e9 que a d\u00favida fica, principalmente se \u00e9 um nome herdado de algu\u00e9m, que \u00e9 herdado de outro algu\u00e9m, que \u00e9 herdado de outro algu\u00e9m, etc, etc, etc&#8230; A maior comunidade do Orkut da fam\u00edlia Fel\u00edcio tem 1428 membros&#8230; Por acaso, o nome da comunidade mostra Fel\u00edcio sem acento&#8230; (mas mostra fam\u00edlia sem acento tamb\u00e9m&#8230;)<\/p>\n<p style=\"text-align: justify;\">E eu? Depois que eu soube que a minha m\u00e3e n\u00e3o tem acento no O de Veronica, eu n\u00e3o sei mais se o meu Ara\u00fajo tem acento&#8230; A prop\u00f3sito, na minha identidade n\u00e3o consta, mas eu sempre escrevi com acento&#8230; O Sonic \u00e9 outro caso curioso: M\u00c1RIO JUNIOR&#8230; Com acento em M\u00e1rio, mas sem acento em Junior&#8230;<\/p>\n<p style=\"text-align: justify;\"><img loading=\"lazy\" decoding=\"async\" style=\"border: 0pt none; margin: 0px 4px;\" src=\"..\/wp-content\/themes\/akaikki2011\/images\/chars\/11.png\" alt=\"\" width=\"45\" height=\"45\" align=\"absMiddle\" \/>&#8211; ACENTO PLZ DIE!!<\/p>\n<p style=\"text-align: justify;\">A\u00ed l\u00e1 vou eu teorizar sobre isso: desenterrem seus documentos oficiais que tenham seu nome registrados, preferencialmente RG e\/ou Certid\u00e3o de Nascimento\/<span style=\"text-decoration: line-through;\">\u00d3bito<\/span> Casamento&#8230; Os nomes geralmente n\u00e3o v\u00eam acentuados&#8230; Podem verificar que a teoria procede&#8230;<\/p>\n<p style=\"text-align: justify;\"><img loading=\"lazy\" decoding=\"async\" style=\"border: 0pt none; margin: 0px 4px;\" src=\"..\/wp-content\/themes\/akaikki2011\/images\/chars\/07.png\" alt=\"\" width=\"45\" height=\"45\" align=\"absMiddle\" \/>&#8211; Eu tenho um amigo que se chama Jo\u00e3o&#8230; O nome dele aparece com o til na certid\u00e3o dele&#8230;<\/p>\n<p style=\"text-align: justify;\">Sim, Lori&#8230; Mas a\u00ed temos outra quest\u00e3o: <strong>O TIL N\u00c3O \u00c9 UM ACENTO!!<\/strong> Se voc\u00ea n\u00e3o acredita, ent\u00e3o veja <a href=\"http:\/\/wp.clicrbs.com.br\/sualingua\/2009\/05\/19\/til-nao-e-acento\/\" target=\"_blank\">aqui<\/a>&#8230; O mesmo vale pro <strong>\u00c7<\/strong>, que, inclusive, sempre teve uma tecla \u00e0 parte nas m\u00e1quinas de escrever antigas e nos teclados de computador atuais&#8230;<\/p>\n<p style=\"text-align: justify;\">Parab\u00e9ns pra mim&#8230; Estou questionando uma merda de um tracinho que aparece em cima de uma letra&#8230; Ora pombas, \u00e9 tudo uma quest\u00e3o de deixar o nome mais \u00fanico&#8230; Tal como a pessoa que teve a brilhante ideia de dar \u00e0 uma amiga minha o nome <strong>POLLYANNA<\/strong>, com LL, Y e NN&#8230; Ou ent\u00e3o como sugere <a href=\"http:\/\/www.willtirando.com.br\/\" target=\"_blank\">Will Leite<\/a> nesta tira&#8230;<\/p>\n<p style=\"text-align: center;\"><a href=\"https:\/\/akaikki.com.br\/wp-content\/uploads\/2011\/01\/jeniffer.png\"><img loading=\"lazy\" decoding=\"async\" src=\"https:\/\/akaikki.com.br\/wp-content\/uploads\/2011\/01\/jeniffer.png\" alt=\"\" width=\"575\" height=\"1103\" \/><\/a><\/p>\n<p style=\"text-align: justify;\"><strong>JENNYPHER!! <\/strong>Agora vou fazer um teste: palavra proparox\u00edtona, obrigatoriamente leva acento&#8230; <strong>J\u00caNNYPHER<\/strong>&#8230; Olha como ficou uma merda!! O sujeito que plantar um nome desses na filha, e com o acento, merece\u00a0 levar uma tijolada no cerebelo&#8230; Mas tem que ser tijolo de concreto, porque o de barro quebra mais f\u00e1cil&#8230;<\/p>\n<p><img loading=\"lazy\" decoding=\"async\" title=\"Erick Von Draxeler j\u00e1 trollou uma amiga que escreveu seu nome como \u00c9rick...\" src=\"..\/wp-content\/themes\/akaikki2011\/images\/sigs\/01.png\" alt=\"\" width=\"600\" height=\"57\" \/><\/p>\n","protected":false},"excerpt":{"rendered":"<p>ntes que a Jessica me pergunte: n\u00e3o, eu n\u00e3o estou xingando ela&#8230; O t\u00edtulo desta edi\u00e7\u00e3o menciona um assunto que a Lori levantou sem querer agora h\u00e1 pouco&#8230; Afinal, o sobrenome dela tem acento agudo no primeiro I ou n\u00e3o? &#8211; Pois \u00e9, eu n\u00e3o sei&#8230; Tem grilo n\u00e3o, Lori&#8230; Se n\u00e3o tiver, n\u00e3o ser\u00e1<\/p>\n","protected":false},"author":2,"featured_media":0,"comment_status":"open","ping_status":"open","sticky":false,"template":"","format":"standard","meta":{"footnotes":""},"categories":[1],"tags":[],"class_list":["post-7941","post","type-post","status-publish","format-standard","hentry","category-besteirol"],"_links":{"self":[{"href":"https:\/\/akaikki.com.br\/index.php?rest_route=\/wp\/v2\/posts\/7941","targetHints":{"allow":["GET"]}}],"collection":[{"href":"https:\/\/akaikki.com.br\/index.php?rest_route=\/wp\/v2\/posts"}],"about":[{"href":"https:\/\/akaikki.com.br\/index.php?rest_route=\/wp\/v2\/types\/post"}],"author":[{"embeddable":true,"href":"https:\/\/akaikki.com.br\/index.php?rest_route=\/wp\/v2\/users\/2"}],"replies":[{"embeddable":true,"href":"https:\/\/akaikki.com.br\/index.php?rest_route=%2Fwp%2Fv2%2Fcomments&post=7941"}],"version-history":[{"count":12,"href":"https:\/\/akaikki.com.br\/index.php?rest_route=\/wp\/v2\/posts\/7941\/revisions"}],"predecessor-version":[{"id":7954,"href":"https:\/\/akaikki.com.br\/index.php?rest_route=\/wp\/v2\/posts\/7941\/revisions\/7954"}],"wp:attachment":[{"href":"https:\/\/akaikki.com.br\/index.php?rest_route=%2Fwp%2Fv2%2Fmedia&parent=7941"}],"wp:term":[{"taxonomy":"category","embeddable":true,"href":"https:\/\/akaikki.com.br\/index.php?rest_route=%2Fwp%2Fv2%2Fcategories&post=7941"},{"taxonomy":"post_tag","embeddable":true,"href":"https:\/\/akaikki.com.br\/index.php?rest_route=%2Fwp%2Fv2%2Ftags&post=7941"}],"curies":[{"name":"wp","href":"https:\/\/api.w.org\/{rel}","templated":true}]}}