{"id":7893,"date":"2011-01-07T17:13:26","date_gmt":"2011-01-07T19:13:26","guid":{"rendered":"http:\/\/akaikki.com.br\/?p=7893"},"modified":"2011-01-07T17:13:26","modified_gmt":"2011-01-07T19:13:26","slug":"edicao-1753-a-k-a-%e4%b8%80%e8%bc%9d-interativo","status":"publish","type":"post","link":"https:\/\/akaikki.com.br\/?p=7893","title":{"rendered":"Edi\u00e7\u00e3o 1753 &#8211; a.k.a.\u4e00\u8f1d!! interativo&#8230;"},"content":{"rendered":"<p style=\"text-align: justify;\"><img loading=\"lazy\" decoding=\"async\" class=\"alignleft\" style=\"margin: 1px 4px;\" src=\"https:\/\/akaikki.com.br\/wp-content\/themes\/akaikki2011\/images\/caps\/e.png\" alt=\"\" width=\"39\" height=\"39\" \/>stejam \u00e0 vontade pra me chamarem de retr\u00f3grados, mas eu custei a criar uma conta no Facebook&#8230; N\u00e3o porque eu era, de fato, um retr\u00f3grado&#8230; Mas porque eu, sinceramente, n\u00e3o via sentido em estar inscrito em mais de uma rede social&#8230; No entanto, o meu Facebook mostra exatamente o que \u00e9 a minha vida social hoje&#8230;<\/p>\n<p style=\"text-align: justify;\">Vejam, eu fiz minha conta do Facebook no final do ano passado e tenho 101 amigos l\u00e1, a minha conta do Orkut, que existe desde 2004, tem 418&#8230; A\u00ed tem o pessoal que fica boiando sobre minha inscri\u00e7\u00e3o nestas contas e, por que n\u00e3o, a participa\u00e7\u00e3o do <span style=\"color: #c00000;\">a.k.a.\u4e00\u8f1d!!<\/span> nas duas redes sociais&#8230;<\/p>\n<p style=\"text-align: justify;\">Ent\u00e3o vamos l\u00e1: No Orkut eu uso o mesmo avatar que aparece <a href=\"http:\/\/twitter.com\/akaikki\" target=\"_blank\">no meu Twitter<\/a>&#8230; E a comunidade do site \u00e9 aberta pra quem quiser entrar&#8230; J\u00e1 no Facebook existem DUAS contas com o meu nome&#8230; Por acaso, as duas contas s\u00e3o minhas&#8230; S\u00f3 que uma delas eu n\u00e3o consigo mais acessar&#8230; Ent\u00e3o procurem pela conta que aparece o avatar com a camisa branca, em vez da vermelha&#8230;<\/p>\n<p style=\"text-align: justify;\">E sobre a comunidade do <span style=\"color: #c00000;\">a.k.a.\u4e00\u8f1d!!<\/span> no Facebook, <a href=\"http:\/\/www.facebook.com\/pages\/Blog-aka-Ikki\/157303697623918\" target=\"_blank\">\u00e9 esta<\/a>&#8230; E isso tem que ficar mais claro ainda depois que eu criei um grupo DOS PERSONAGENS DO SITE&#8230; Porque pouco depois que eu criei o grupo, a Rebeca (namorada do John) j\u00e1 foi correndo querer fazer parte do grupo&#8230; N\u00e3o, o grupinho \u00e9 s\u00f3 pra quem \u00e9 do elenco do site&#8230; A comunidade do site \u00e9 outra p\u00e1gina, da qual TODOS fazem parte (os integrantes e os visitantes&#8230;)<\/p>\n<p style=\"text-align: justify;\"><img loading=\"lazy\" decoding=\"async\" class=\"alignleft\" src=\"https:\/\/akaikki.com.br\/layout\/akaikki_card01.gif\" alt=\"\" width=\"228\" height=\"140\" \/>E a saideira: novas sugest\u00f5es atrasadas do John&#8230; Sim, o cidad\u00e3o me vem com ideias sobre criar crach\u00e1s de funcion\u00e1rios do site&#8230; <a href=\"https:\/\/akaikki.com.br\/wp-content\/uploads\/2011\/01\/KAMENRIDE-DECADE.png\" target=\"_blank\">Inspirados nos cards do Decade&#8230;<\/a> Bom, a imagem aqui do lado mostra que a ideia dele est\u00e1 um pouco atrasada&#8230; Uns dois anos, diga-se&#8230;<\/p>\n<p style=\"text-align: justify;\"><img loading=\"lazy\" decoding=\"async\" style=\"border: 0pt none; margin: 0px 4px;\" src=\"..\/wp-content\/themes\/akaikki2011\/images\/chars\/18.png\" alt=\"\" width=\"45\" height=\"45\" align=\"absMiddle\" \/>&#8211; OBJECTION!! A ideia dos crach\u00e1s \u00e9 muito boa!!<br \/>\n<img loading=\"lazy\" decoding=\"async\" style=\"border: 0pt none; margin: 0px 4px;\" src=\"..\/wp-content\/themes\/akaikki2011\/images\/chars\/01.png\" alt=\"\" width=\"45\" height=\"45\" align=\"absMiddle\" \/>&#8211; T\u00e1 bom, agora senta l\u00e1&#8230;<\/p>\n<p style=\"text-align: justify;\">O John ainda sugeriu que fosse criado um f\u00f3rum pro site&#8230; \u00c9, pelo menos uma sugest\u00e3o nova&#8230; Mas, sinceramente, ainda n\u00e3o vejo a necessidade de se criar um f\u00f3rum do site, porque j\u00e1 existem as comunidades do Orkut e do Facebook que, teoricamente, podem servir pra isso&#8230; Ou ent\u00e3o, o espa\u00e7o dos coment\u00e1rios&#8230;<\/p>\n<p style=\"text-align: center;\">E continuo aguardando os desenhos novos do Silver&#8230; O que ser\u00e1 que ele est\u00e1 fazendo agora?<\/p>\n<p style=\"text-align: justify;\"><img loading=\"lazy\" decoding=\"async\" style=\"border: 0pt none; margin: 0px 4px;\" src=\"..\/wp-content\/themes\/akaikki2011\/images\/chars\/19.png\" alt=\"\" width=\"45\" height=\"45\" align=\"absMiddle\" \/>&#8211; ZZZZZzzzzzzZZZzzzz&#8230;<\/p>\n<p style=\"text-align: center;\">Ah, sim&#8230; Se tudo der certo, at\u00e9 o dia 10 eu estou com eles comigo&#8230;<\/p>\n<p><img loading=\"lazy\" decoding=\"async\" title=\"Erick Von Draxeler \u00e9 um antissocial nas redes sociais...\" src=\"..\/wp-content\/themes\/akaikki2011\/images\/sigs\/01.png\" alt=\"\" width=\"600\" height=\"57\" \/><\/p>\n","protected":false},"excerpt":{"rendered":"<p>stejam \u00e0 vontade pra me chamarem de retr\u00f3grados, mas eu custei a criar uma conta no Facebook&#8230; N\u00e3o porque eu era, de fato, um retr\u00f3grado&#8230; Mas porque eu, sinceramente, n\u00e3o via sentido em estar inscrito em mais de uma rede social&#8230; No entanto, o meu Facebook mostra exatamente o que \u00e9 a minha vida social<\/p>\n","protected":false},"author":2,"featured_media":0,"comment_status":"open","ping_status":"open","sticky":false,"template":"","format":"standard","meta":{"footnotes":""},"categories":[1],"tags":[],"class_list":["post-7893","post","type-post","status-publish","format-standard","hentry","category-besteirol"],"_links":{"self":[{"href":"https:\/\/akaikki.com.br\/index.php?rest_route=\/wp\/v2\/posts\/7893","targetHints":{"allow":["GET"]}}],"collection":[{"href":"https:\/\/akaikki.com.br\/index.php?rest_route=\/wp\/v2\/posts"}],"about":[{"href":"https:\/\/akaikki.com.br\/index.php?rest_route=\/wp\/v2\/types\/post"}],"author":[{"embeddable":true,"href":"https:\/\/akaikki.com.br\/index.php?rest_route=\/wp\/v2\/users\/2"}],"replies":[{"embeddable":true,"href":"https:\/\/akaikki.com.br\/index.php?rest_route=%2Fwp%2Fv2%2Fcomments&post=7893"}],"version-history":[{"count":8,"href":"https:\/\/akaikki.com.br\/index.php?rest_route=\/wp\/v2\/posts\/7893\/revisions"}],"predecessor-version":[{"id":7903,"href":"https:\/\/akaikki.com.br\/index.php?rest_route=\/wp\/v2\/posts\/7893\/revisions\/7903"}],"wp:attachment":[{"href":"https:\/\/akaikki.com.br\/index.php?rest_route=%2Fwp%2Fv2%2Fmedia&parent=7893"}],"wp:term":[{"taxonomy":"category","embeddable":true,"href":"https:\/\/akaikki.com.br\/index.php?rest_route=%2Fwp%2Fv2%2Fcategories&post=7893"},{"taxonomy":"post_tag","embeddable":true,"href":"https:\/\/akaikki.com.br\/index.php?rest_route=%2Fwp%2Fv2%2Ftags&post=7893"}],"curies":[{"name":"wp","href":"https:\/\/api.w.org\/{rel}","templated":true}]}}