{"id":7882,"date":"2011-01-05T13:06:31","date_gmt":"2011-01-05T15:06:31","guid":{"rendered":"http:\/\/akaikki.com.br\/?p=7882"},"modified":"2011-01-06T09:18:31","modified_gmt":"2011-01-06T11:18:31","slug":"edicao-1752-a-saga-das-camisas-do-a-k-a-%e4%b8%80%e8%bc%9d","status":"publish","type":"post","link":"https:\/\/akaikki.com.br\/?p=7882","title":{"rendered":"Edi\u00e7\u00e3o 1752 &#8211; A saga das camisas do a.k.a.\u4e00\u8f1d!!&#8230;"},"content":{"rendered":"<p style=\"text-align: justify;\"><img loading=\"lazy\" decoding=\"async\" class=\"alignleft\" style=\"margin: 1px 4px;\" src=\"https:\/\/akaikki.com.br\/wp-content\/themes\/akaikki2011\/images\/caps\/q.png\" alt=\"\" width=\"39\" height=\"39\" \/>uero deixar um aviso pro pessoal que deixou o nome pra primeira leva das camisas do site&#8230; Eu n\u00e3o desisti do projeto das camisas do site!! Ainda est\u00e1 de p\u00e9 e pronto pra sair a qualquer minuto!! Por que ainda est\u00e1 no rascunho? Bom, por dois motivos b\u00e1sicos:<\/p>\n<figure id=\"attachment_7438\" class=\"thumbnail wp-caption alignright\" style=\"width: 210px\"><a href=\"https:\/\/akaikki.com.br\/wp-content\/uploads\/2010\/11\/camisa_choose.png\"><img loading=\"lazy\" decoding=\"async\" class=\"size-thumbnail wp-image-7438\" title=\"Choose your bastard\" src=\"https:\/\/akaikki.com.br\/wp-content\/uploads\/2010\/11\/camisa_choose-200x200.png\" alt=\"Choose your bastard\" width=\"200\" height=\"200\" srcset=\"https:\/\/akaikki.com.br\/wp-content\/uploads\/2010\/11\/camisa_choose-200x200.png 200w, https:\/\/akaikki.com.br\/wp-content\/uploads\/2010\/11\/camisa_choose.png 400w\" sizes=\"auto, (max-width: 200px) 100vw, 200px\" \/><\/a><figcaption class=\"caption wp-caption-text\">Choose your bastard<\/figcaption><\/figure>\n<p style=\"text-align: justify;\">1 &#8211; Este desenho vai ser um pouco modificado, porque n\u00e3o s\u00e3o mais 24 personagens, agora s\u00e3o 26&#8230; E, obviamente, vou plantar as caretas dos personagens novos na camisa&#8230;<\/p>\n<p style=\"text-align: justify;\">2 &#8211; Eu quero juntar uma primeira leva a partir de 50 camisas, para que eu possa vend\u00ea-las por um pre\u00e7o mais barato, mas s\u00f3 essa primeira leva&#8230;<\/p>\n<p style=\"text-align: justify;\">A prop\u00f3sito, quem estiver interessado em ter uma camisa do site, deixa um recado aqui mesmo nos coment\u00e1rios (com e-mail, obviamente&#8230;) pra que eu possa entrar em contato o quanto antes&#8230; (sim, eu interajo com meus visitantes&#8230;)<\/p>\n<p style=\"text-align: justify;\">A quem interessar possa, eu tenho, no momento, 23 pessoas interessadas na camisa&#8230; (destes, quinze s\u00e3o personagens do site&#8230;) Se eu conseguir fazer as 50 que eu estou querendo, eu vendo a camisa por 15 lascas&#8230; E depois disso, eu vendo por 20 lascas&#8230;<\/p>\n<p style=\"text-align: justify;\"><img loading=\"lazy\" decoding=\"async\" style=\"border: 0pt none; margin: 0px 4px;\" src=\"..\/wp-content\/themes\/akaikki2011\/images\/chars\/25.png\" alt=\"\" width=\"45\" height=\"45\" align=\"absMiddle\" \/>&#8211; Chefe, eu n\u00e3o moro no Rio de Janeiro&#8230; #comofas<\/p>\n<p style=\"text-align: justify;\">Pra quem n\u00e3o mora no Rio, \u00e9 a camisa e mais o frete&#8230; Eu fiz uma simula\u00e7\u00e3o no site dos Correios pra mandar pra Curitiba e, pra l\u00e1, o frete sai por 24 lascas&#8230;<\/p>\n<p style=\"text-align: justify;\"><img loading=\"lazy\" decoding=\"async\" style=\"border: 0pt none; margin: 0px 4px;\" src=\"..\/wp-content\/themes\/akaikki2011\/images\/chars\/07.png\" alt=\"\" width=\"45\" height=\"45\" align=\"absMiddle\" \/>&#8211; Pra onde em Curitiba?<br \/>\n<img loading=\"lazy\" decoding=\"async\" style=\"border: 0pt none; margin: 0px 4px;\" src=\"..\/wp-content\/themes\/akaikki2011\/images\/chars\/01.png\" alt=\"\" width=\"45\" height=\"45\" align=\"absMiddle\" \/>&#8211; Exatamente pra sua casa&#8230;<br \/>\n<img loading=\"lazy\" decoding=\"async\" style=\"border: 0pt none; margin: 0px 4px;\" src=\"..\/wp-content\/themes\/akaikki2011\/images\/chars\/07.png\" alt=\"\" width=\"45\" height=\"45\" align=\"absMiddle\" \/>&#8211; Eu vou ter que pagar 24 pratas pelo frete?!<\/p>\n<p style=\"text-align: justify;\">N\u00e3o, Lori&#8230; Voc\u00ea n\u00e3o vai ter que pagar o frete&#8230; Nem voc\u00ea, nem o Francisco, nem o M\u00e1rio (que M\u00e1rio?), nem o Danilo, nem a Bianca e nem o Rodrigo&#8230;<\/p>\n<p style=\"text-align: justify;\"><img loading=\"lazy\" decoding=\"async\" style=\"border: 0pt none; margin: 0px 4px;\" src=\"..\/wp-content\/themes\/akaikki2011\/images\/chars\/10.png\" alt=\"\" width=\"45\" height=\"45\" align=\"absMiddle\" \/><span style=\"color: #ff0000;\">&#8211; E eu, que moro em Bom Jardim?<\/span><br \/>\n<img loading=\"lazy\" decoding=\"async\" style=\"border: 0pt none; margin: 0px 4px;\" src=\"..\/wp-content\/themes\/akaikki2011\/images\/chars\/01.png\" alt=\"\" width=\"45\" height=\"45\" align=\"absMiddle\" \/>&#8211; Voc\u00eas, Lah e Ys, larguem de ser PREGUI\u00c7OSAS e venham aqui buscar, PORRA!!<br \/>\n<img loading=\"lazy\" decoding=\"async\" style=\"border: 0pt none; margin: 0px 4px;\" src=\"..\/wp-content\/themes\/akaikki2011\/images\/chars\/10.png\" alt=\"\" width=\"45\" height=\"45\" align=\"absMiddle\" \/><span style=\"color: #ff0000;\">&#8211; Buscar porra? Esse neg\u00f3cio \u00e9 com a Lah&#8230;<\/span><br \/>\n<img loading=\"lazy\" decoding=\"async\" style=\"border: 0pt none; margin: 0px 4px;\" src=\"..\/wp-content\/themes\/akaikki2011\/images\/chars\/10.png\" alt=\"\" width=\"45\" height=\"45\" align=\"absMiddle\" \/><span style=\"color: #0000ff;\">&#8211; Isso, Ys&#8230; Aproveita a viagem e vai tomar no cu, sim?<\/span><br \/>\n<img loading=\"lazy\" decoding=\"async\" style=\"border: 0pt none; margin: 0px 4px;\" src=\"..\/wp-content\/themes\/akaikki2011\/images\/chars\/01.png\" alt=\"\" width=\"45\" height=\"45\" align=\"absMiddle\" \/>&#8211; E ainda me questionam porque eu plantei um aviso de <span style=\"color: #ff6600;\"><strong>+14<\/strong><\/span> neste site&#8230;<\/p>\n<p style=\"text-align: justify;\">Mas \u00e9 isso, molecada&#8230; Quem estiver interessado em ter uma camisa dessas, mesmo que seja pra usar como pano de ch\u00e3o, deixa um sinal de fuma\u00e7a <strong><a href=\"https:\/\/akaikki.com.br\/?p=7882#respond\" target=\"_blank\">aqui<\/a><\/strong>&#8230;<\/p>\n<p style=\"text-align: justify;\">Quer dizer, fazer um pano de ch\u00e3o com uma camisa que tem a cara de Jan\u00e1i Himura n\u00e3o \u00e9 muito legal&#8230; Se ainda fosse pra fazer com uma camisa do time que ela torce, at\u00e9 vai&#8230;<\/p>\n<p style=\"text-align: justify;\"><img loading=\"lazy\" decoding=\"async\" style=\"border: 0pt none; margin: 0px 4px;\" src=\"..\/wp-content\/themes\/akaikki2011\/images\/chars\/08.png\" alt=\"\" width=\"45\" height=\"45\" align=\"absMiddle\" \/>&#8211; &#8230;<\/p>\n<p style=\"text-align: center;\"><img decoding=\"async\" src=\"https:\/\/akaikki.com.br\/wp-content\/uploads\/2010\/03\/himura_kill.gif\" alt=\"\" \/><br \/>\nHimura Tricolour Kill&#8230;!!<\/p>\n<p><img loading=\"lazy\" decoding=\"async\" title=\"Erick Von Draxeler j\u00e1 perdeu as contas de quantas vezes j\u00e1 foi morto por Jan\u00e1i Himura, s\u00f3 nesta semana...\" src=\"..\/wp-content\/themes\/akaikki2011\/images\/sigs\/01.png\" alt=\"\" width=\"600\" height=\"57\" \/><\/p>\n","protected":false},"excerpt":{"rendered":"<p>uero deixar um aviso pro pessoal que deixou o nome pra primeira leva das camisas do site&#8230; Eu n\u00e3o desisti do projeto das camisas do site!! Ainda est\u00e1 de p\u00e9 e pronto pra sair a qualquer minuto!! Por que ainda est\u00e1 no rascunho? Bom, por dois motivos b\u00e1sicos: 1 &#8211; Este desenho vai ser um<\/p>\n","protected":false},"author":2,"featured_media":0,"comment_status":"open","ping_status":"open","sticky":false,"template":"","format":"standard","meta":{"footnotes":""},"categories":[62],"tags":[],"class_list":["post-7882","post","type-post","status-publish","format-standard","hentry","category-camisas-do-akaikki"],"_links":{"self":[{"href":"https:\/\/akaikki.com.br\/index.php?rest_route=\/wp\/v2\/posts\/7882","targetHints":{"allow":["GET"]}}],"collection":[{"href":"https:\/\/akaikki.com.br\/index.php?rest_route=\/wp\/v2\/posts"}],"about":[{"href":"https:\/\/akaikki.com.br\/index.php?rest_route=\/wp\/v2\/types\/post"}],"author":[{"embeddable":true,"href":"https:\/\/akaikki.com.br\/index.php?rest_route=\/wp\/v2\/users\/2"}],"replies":[{"embeddable":true,"href":"https:\/\/akaikki.com.br\/index.php?rest_route=%2Fwp%2Fv2%2Fcomments&post=7882"}],"version-history":[{"count":8,"href":"https:\/\/akaikki.com.br\/index.php?rest_route=\/wp\/v2\/posts\/7882\/revisions"}],"predecessor-version":[{"id":7888,"href":"https:\/\/akaikki.com.br\/index.php?rest_route=\/wp\/v2\/posts\/7882\/revisions\/7888"}],"wp:attachment":[{"href":"https:\/\/akaikki.com.br\/index.php?rest_route=%2Fwp%2Fv2%2Fmedia&parent=7882"}],"wp:term":[{"taxonomy":"category","embeddable":true,"href":"https:\/\/akaikki.com.br\/index.php?rest_route=%2Fwp%2Fv2%2Fcategories&post=7882"},{"taxonomy":"post_tag","embeddable":true,"href":"https:\/\/akaikki.com.br\/index.php?rest_route=%2Fwp%2Fv2%2Ftags&post=7882"}],"curies":[{"name":"wp","href":"https:\/\/api.w.org\/{rel}","templated":true}]}}