{"id":7847,"date":"2011-01-04T23:53:05","date_gmt":"2011-01-05T01:53:05","guid":{"rendered":"http:\/\/akaikki.com.br\/?p=7847"},"modified":"2012-02-14T02:47:58","modified_gmt":"2012-02-14T04:47:58","slug":"edicao-1750-protestos-verdes-e-suinos","status":"publish","type":"post","link":"https:\/\/akaikki.com.br\/?p=7847","title":{"rendered":"Edi\u00e7\u00e3o 1750 &#8211; Protestos verdes e su\u00ednos&#8230;"},"content":{"rendered":"<p style=\"text-align: justify;\"><img loading=\"lazy\" decoding=\"async\" class=\"alignleft\" style=\"margin: 1px 4px;\" src=\"https:\/\/akaikki.com.br\/wp-content\/themes\/akaikki2011\/images\/caps\/n.png\" alt=\"\" width=\"39\" height=\"39\" \/>este momento (4 de janeiro, 23:30), estou no MSN com os senhores 02, 04 e 26 discutindo, entre outros assuntos de menor import\u00e2ncia (como o Corinthians&#8230;), um post publicado pelo nosso novato <a href=\"http:\/\/blogdoroli.blogspot.com\/\" target=\"_blank\">em seu blog<\/a>&#8230; Confiram o que o nosso corintiano (que mora em Santos&#8230;) noticiou por l\u00e1:<\/p>\n<blockquote>\n<p style=\"text-align: justify;\">Segue na \u00edntegra a mensagem do meu amigo \u00c2nderson, de Santos (SP), palmeirense que, como muitos alvi-verdes, n\u00e3o aguenta mais tanta bagun\u00e7a na diretoria:<\/p>\n<p style=\"text-align: justify;\">DIA 16 DE JANEIRO, \u00c0S 14 HORAS, EM FRENTE AO PALESTRA IT\u00c1LIA, A NA\u00c7\u00c3O ALVIVERDE SE UNIR\u00c1 PARA UM GRANDE ABRA\u00c7O SIMB\u00d3LICO EM TORNO DO CLUBE. CANSAMOS DE FICAR SENTADOS, OLHANDO AQUELES SENHORES DESTRUIREM O NOSSO AMADO CLUBE.<\/p>\n<p style=\"text-align: justify;\">O MANIFESTO SER\u00c1 PAC\u00cdFICO, FORMADO POR TORCEDORES &#8220;COMUNS&#8221;, EMBORA TODOS (ORGANIZADAS) SEJAM BEM VINDOS, DESDE QUE, PACIFICAMENTE.<\/p>\n<p style=\"text-align: justify;\">NOSSO ATO N\u00c3O VISA OS JOGADORES, NEM A COMISS\u00c3O T\u00c9CNICA, VISA SIM A UMA MUDAN\u00c7A DA MENTALIDADE DAQUELES QUE GOVERNAM E QUE VIR\u00c3O A GOVERNAR A SOCIEDADE ESPORTIVA PALMEIRAS.<\/p>\n<p style=\"text-align: justify;\">PRINCIPAIS PONTOS DO MANIFESTO:<\/p>\n<p style=\"text-align: justify;\">-PROFISSIONALIZA\u00c7\u00c3O DO FUTEBOL (SEPARA\u00c7\u00c3O DO SOCIAL E DO DEPT. DE FUTEBOL)<br \/>\n-FIM DOS CONSELHEIROS VITAL\u00cdCIOS<br \/>\n-RENOVA\u00c7\u00c3O TOTAL DA DIRETORIA<br \/>\n-GARANTIAS DE CONCLUS\u00c3O DA ARENA PALESTRA IT\u00c1LIA<br \/>\n-TROCA DOS PROFISSIONAIS DE MARKETING DO CLUBE<br \/>\n-ELEI\u00c7\u00d5ES DIRETAS (DIREITO A VOTO A TODOS OS S\u00d3CIOS E S\u00d3CIOS TORCEDORES)<br \/>\n-APERFEI\u00c7OAMENTO DO PROGRAMA S\u00d3CIO TORCEDOR (AVANTI)<br \/>\n-FORA PALAIA, MUSTAF\u00c1, PESCARMONA, E QUALQUER OUTRO AGITADOR QUE S\u00d3 SE IMPORTA E SE PREOCUPA EM BAGUN\u00c7AR E AGITAR O AMBIENTE DO PALMEIRAS.<\/p>\n<p style=\"text-align: justify;\">Ent\u00e3o, para quem \u00e9 palmeirense, o recado de um deles est\u00e1 dado. Mesmo sendo corinthiano, ver um grande clube se afundando na pr\u00f3pria incompet\u00eancia da diretoria \u00e9 ruim demais!<\/p>\n<\/blockquote>\n<p style=\"text-align: center;\">(veja o texto original <strong><a href=\"http:\/\/blogdoroli.blogspot.com\/2011\/01\/chega-de-bagunca.html\" target=\"_blank\">aqui<\/a><\/strong>&#8230;)<\/p>\n<p style=\"text-align: justify;\">Pois bem, eis que o Sr. Rodrigo Vilela j\u00e1 foi advertido por alguns colegas de profiss\u00e3o que &#8220;anunciar protesto \u00e9 incita\u00e7\u00e3o \u00e0 viol\u00eancia&#8221; e outras &#8220;alonsices&#8221; similares&#8230; Eu mesmo j\u00e1 disse pro Sr. 26 que ele poderia mandar estes colegas irem tomar no reto, com a autoridade de tr\u00eas veteranos do <span style=\"color: #c00000;\">a.k.a.\u4e00\u8f1d!!<\/span> que acham isso uma babaquice sem tamanho&#8230; (eu, Vin\u00edcius e Cristiano&#8230;)<\/p>\n<p style=\"text-align: justify;\"><img loading=\"lazy\" decoding=\"async\" class=\"alignleft\" style=\"border: 0pt none; margin: 0px 4px;\" src=\"..\/wp-content\/themes\/akaikki2011\/images\/chars\/01.png\" alt=\"\" width=\"45\" height=\"45\" align=\"absMiddle\" \/>&#8211; Se for seguir essa l\u00f3gica imbecil, todo mundo que anunciou a final do Brasileir\u00e3o de 1992 (incluindo as grandes emissoras de TV&#8230;) deve ser responsabilizado pelos torcedores que morreram e ficaram feridos <a href=\"https:\/\/akaikki.com.br\/wp-content\/uploads\/2011\/01\/1992_maraca_acidente.jpg\" target=\"_blank\">no acidente que aconteceu antes daquele jogo&#8230;<\/a><\/p>\n<p style=\"text-align: justify;\"><img loading=\"lazy\" decoding=\"async\" class=\"alignleft\" style=\"border: 0pt none; margin: 0px 4px;\" src=\"..\/wp-content\/themes\/akaikki2011\/images\/chars\/02.png\" alt=\"\" width=\"45\" height=\"45\" align=\"absMiddle\" \/>&#8211; E quem \u00e9 s\u00f3cio, n\u00e3o pode brigar pelos direitos de &#8220;consumidor&#8221;? Ou mesmo dar opini\u00e3o no clube que ele PAGA pra manter?<br \/>\n<span style=\"color: #ffffff;\">.<\/span><\/p>\n<p style=\"text-align: justify;\">Deixo a bola pra voc\u00eas&#8230; O texto t\u00e1 a\u00ed em cima&#8230; Houve alguma incita\u00e7\u00e3o \u00e0 viol\u00eancia nesta convoca\u00e7\u00e3o da torcida palmeirense? E olha que, vindo de quem vem, este protesto vai ser pac\u00edfico demais&#8230; Mas, enfim, caros amigos&#8230;\u00a0 Agora o poder \u00e9 de voc\u00eas&#8230; Opinem&#8230;<\/p>\n<p style=\"text-align: justify;\"><img loading=\"lazy\" decoding=\"async\" style=\"border: 0pt none; margin: 0px 4px;\" src=\"https:\/\/akaikki.com.br\/wp-content\/themes\/akaikki2011\/images\/chars\/clebermachado.png\" alt=\"\" width=\"45\" height=\"45\" align=\"absMiddle\" \/>&#8211; &#8230;ou n\u00e3o!!<\/p>\n<p><img loading=\"lazy\" decoding=\"async\" title=\"Erick Von Draxeler n\u00e3o vai participar deste protesto...\" src=\"..\/wp-content\/themes\/akaikki2011\/images\/sigs\/01.png\" alt=\"\" width=\"600\" height=\"57\" \/><\/p>\n","protected":false},"excerpt":{"rendered":"<p>este momento (4 de janeiro, 23:30), estou no MSN com os senhores 02, 04 e 26 discutindo, entre outros assuntos de menor import\u00e2ncia (como o Corinthians&#8230;), um post publicado pelo nosso novato em seu blog&#8230; Confiram o que o nosso corintiano (que mora em Santos&#8230;) noticiou por l\u00e1: Segue na \u00edntegra a mensagem do meu<\/p>\n","protected":false},"author":2,"featured_media":0,"comment_status":"open","ping_status":"open","sticky":false,"template":"","format":"standard","meta":{"footnotes":""},"categories":[60],"tags":[],"class_list":["post-7847","post","type-post","status-publish","format-standard","hentry","category-pequenos-autores-grandes-texticulos"],"_links":{"self":[{"href":"https:\/\/akaikki.com.br\/index.php?rest_route=\/wp\/v2\/posts\/7847","targetHints":{"allow":["GET"]}}],"collection":[{"href":"https:\/\/akaikki.com.br\/index.php?rest_route=\/wp\/v2\/posts"}],"about":[{"href":"https:\/\/akaikki.com.br\/index.php?rest_route=\/wp\/v2\/types\/post"}],"author":[{"embeddable":true,"href":"https:\/\/akaikki.com.br\/index.php?rest_route=\/wp\/v2\/users\/2"}],"replies":[{"embeddable":true,"href":"https:\/\/akaikki.com.br\/index.php?rest_route=%2Fwp%2Fv2%2Fcomments&post=7847"}],"version-history":[{"count":13,"href":"https:\/\/akaikki.com.br\/index.php?rest_route=\/wp\/v2\/posts\/7847\/revisions"}],"predecessor-version":[{"id":7851,"href":"https:\/\/akaikki.com.br\/index.php?rest_route=\/wp\/v2\/posts\/7847\/revisions\/7851"}],"wp:attachment":[{"href":"https:\/\/akaikki.com.br\/index.php?rest_route=%2Fwp%2Fv2%2Fmedia&parent=7847"}],"wp:term":[{"taxonomy":"category","embeddable":true,"href":"https:\/\/akaikki.com.br\/index.php?rest_route=%2Fwp%2Fv2%2Fcategories&post=7847"},{"taxonomy":"post_tag","embeddable":true,"href":"https:\/\/akaikki.com.br\/index.php?rest_route=%2Fwp%2Fv2%2Ftags&post=7847"}],"curies":[{"name":"wp","href":"https:\/\/api.w.org\/{rel}","templated":true}]}}