{"id":7182,"date":"2010-10-21T02:24:43","date_gmt":"2010-10-21T04:24:43","guid":{"rendered":"http:\/\/akaikki.com.br\/?p=7182"},"modified":"2010-10-26T11:09:50","modified_gmt":"2010-10-26T13:09:50","slug":"a-k-a-%e4%b8%80%e8%bc%9d-%e2%80%93-edicao-1707","status":"publish","type":"post","link":"https:\/\/akaikki.com.br\/?p=7182","title":{"rendered":"a.k.a.\u4e00\u8f1d!! \u2013 Edi\u00e7\u00e3o 1707"},"content":{"rendered":"<p style=\"text-align: justify;\"><img loading=\"lazy\" decoding=\"async\" class=\"alignleft\" style=\"margin: 1px 4px;\" src=\"https:\/\/akaikki.com.br\/wp-content\/themes\/akaikki2011\/images\/caps\/p.png\" alt=\"\" width=\"39\" height=\"39\" \/>arece que a minha psic\u00f3loga vai acabar virando integrante do elenco do site&#8230; Dessa vez, ela foi meio que longe demais&#8230; Ela me pediu pra pesquisar sobre pessoas que venceram limita\u00e7\u00f5es f\u00edsicas e adversidades ao longo da vida&#8230; O ponto de partida que ela me deu: Ludwig van Beethoven&#8230; Como eu sei que a Lori vai me perguntar quem \u00e9 esse cidad\u00e3o, deixo <a href=\"http:\/\/pt.wikipedia.org\/wiki\/Ludwig_van_Beethoven\" target=\"_blank\">o link do verbete dele na Wikipedia<\/a>&#8230; E, Lori, n\u00e3o me venha perguntar o que \u00e9 verbete&#8230;<\/p>\n<p style=\"text-align: justify;\"><img loading=\"lazy\" decoding=\"async\" style=\"border: 0pt none; margin: 0px 4px;\" src=\"..\/wp-content\/themes\/akaikki2011\/images\/chars\/07.png\" alt=\"\" width=\"45\" height=\"45\" align=\"absMiddle\" \/>&#8211; Mas eu n\u00e3o disse nada&#8230; At\u00e9 porque eu n\u00e3o sei mesmo&#8230;<\/p>\n<p style=\"text-align: justify;\">O caso do Beethoven \u00e9 bem not\u00f3rio: o cara ficou <strong>surdo<\/strong> e continuou compondo suas sinfonias&#8230; A mais not\u00f3ria destas sinfonias compostas em sua fase surda \u00e9 a <a href=\"http:\/\/pt.wikipedia.org\/wiki\/Sinfonia_n.%C2%BA_9_%28Beethoven%29\" target=\"_blank\">Sinfonia #9<\/a>, finalizada em 1824&#8230; E muitos outros que a hist\u00f3ria nos conta&#8230;<\/p>\n<p style=\"text-align: justify;\"><img loading=\"lazy\" decoding=\"async\" style=\"border: 0pt none; margin: 0px 4px;\" src=\"..\/wp-content\/themes\/akaikki2011\/images\/chars\/06.png\" alt=\"\" width=\"45\" height=\"45\" align=\"absMiddle\" \/><a title=\"\u00c9 melhor ser surdo que ouvir um monte de merda...\">&#8211; \u00c9 belhor ser surdo que oubir um bonte de berda&#8230;<\/a><\/p>\n<p style=\"text-align: justify;\">Esta \u00e9 outra hist\u00f3ria interessante&#8230; A Natalia, por exemplo&#8230; S\u00f3 \u00e9 &#8220;mudinha&#8221; no apelido, porque essa a\u00ed fala pelos cotovelos&#8230; A menina nasceu surda e, mesmo assim, t\u00e1 sempre alegre&#8230; E n\u00e3o adianta chamar de baixinha, voc\u00eas a amam do mesmo jeito&#8230;<\/p>\n<figure id=\"attachment_7183\" class=\"thumbnail wp-caption alignleft\" style=\"width: 210px\"><a href=\"https:\/\/akaikki.com.br\/wp-content\/uploads\/2010\/10\/marcus_aurelio_01.jpg\"><img loading=\"lazy\" decoding=\"async\" class=\"size-thumbnail wp-image-7183\" title=\"Marcus Aur\u00e9lio Carvalho\" src=\"https:\/\/akaikki.com.br\/wp-content\/uploads\/2010\/10\/marcus_aurelio_01-200x159.jpg\" alt=\"Marcus Aur\u00e9lio Carvalho\" width=\"200\" height=\"159\" srcset=\"https:\/\/akaikki.com.br\/wp-content\/uploads\/2010\/10\/marcus_aurelio_01-200x159.jpg 200w, https:\/\/akaikki.com.br\/wp-content\/uploads\/2010\/10\/marcus_aurelio_01.jpg 386w\" sizes=\"auto, (max-width: 200px) 100vw, 200px\" \/><\/a><figcaption class=\"caption wp-caption-text\">Marcus Aur\u00e9lio Carvalho<\/figcaption><\/figure>\n<p style=\"text-align: justify;\">Outro exemplo pr\u00f3ximo \u00e9 este cidad\u00e3o da foto ao lado&#8230; O pai dele consertava r\u00e1dios em casa e este mo\u00e7o a\u00ed do lado testava os bichinhos em quest\u00e3o&#8230; Assim, ele se apaixonou pelo r\u00e1dio e logo fez hist\u00f3ria&#8230; Estagi\u00e1rio na R\u00e1dio Roquette Pinto (a r\u00e1dio de nome mais duvidoso do Brasil&#8230;), logo virou rep\u00f3rter na Tupi, CBN e, hoje, \u00e9 Gerente Executivo na R\u00e1dio Globo&#8230; E tamb\u00e9m \u00e9 um dos fundadores da <strong>UNIRR<\/strong> (Uni\u00e3o e Inclus\u00e3o em Redes de R\u00e1dio), tendo me aturado por uns bons bocados por l\u00e1&#8230; Uma salva de palmas para <strong>Marcus Aur\u00e9lio Carvalho!!<\/strong><\/p>\n<p style=\"text-align: justify;\">&#8230;porque na Uni\u00e3o Sovi\u00e9tica, as palmas salvam <strong>VOC\u00ca!!<\/strong><\/p>\n<p style=\"text-align: justify;\">Bom, resolvi pesquisar na minha \u00e1rea: o esporte&#8230; Os mais veteranos assistiram \u00e0 reportagem do Parapan&#8230; (quem n\u00e3o viu, veja <a href=\"http:\/\/www.youtube.com\/watch?v=5EI2YZtHNw4\" target=\"_blank\"><strong>aqui<\/strong><\/a>, <strong><a href=\"http:\/\/www.youtube.com\/watch?v=754JA4PevjY\" target=\"_blank\">aqui<\/a><\/strong> e <a href=\"http:\/\/www.youtube.com\/watch?v=2aCHFvhHL_s\" target=\"_blank\"><strong>aqui<\/strong><\/a>&#8230;) Nesta reportagem, existem v\u00e1rios exemplos de pessoas que superaram adversidades&#8230; Uma delas eu destaco porque esta ainda se prestou a participar da nossa festa numa boa&#8230;<\/p>\n<figure id=\"attachment_7187\" class=\"thumbnail wp-caption alignright\" style=\"width: 210px\"><a href=\"https:\/\/akaikki.com.br\/wp-content\/uploads\/2010\/10\/ikki_vinny_adria.jpg\"><img loading=\"lazy\" decoding=\"async\" class=\"size-thumbnail wp-image-7187 \" title=\"\u00c1dria Santos, com os rep\u00f3rteres do a.k.a.\u4e00\u8f1d!!...\" src=\"https:\/\/akaikki.com.br\/wp-content\/uploads\/2010\/10\/ikki_vinny_adria-200x150.jpg\" alt=\"\u00c1dria Santos, com os rep\u00f3rteres do a.k.a.\u4e00\u8f1d!!...\" width=\"200\" height=\"150\" srcset=\"https:\/\/akaikki.com.br\/wp-content\/uploads\/2010\/10\/ikki_vinny_adria-200x150.jpg 200w, https:\/\/akaikki.com.br\/wp-content\/uploads\/2010\/10\/ikki_vinny_adria-400x300.jpg 400w, https:\/\/akaikki.com.br\/wp-content\/uploads\/2010\/10\/ikki_vinny_adria-600x450.jpg 600w, https:\/\/akaikki.com.br\/wp-content\/uploads\/2010\/10\/ikki_vinny_adria.jpg 640w\" sizes=\"auto, (max-width: 200px) 100vw, 200px\" \/><\/a><figcaption class=\"caption wp-caption-text\">\u00c1dria Santos, com os rep\u00f3rteres do a.k.a.\u4e00\u8f1d!!...<\/figcaption><\/figure>\n<p style=\"text-align: justify;\">Esta mo\u00e7a, que mais parece o Ronaldinho Ga\u00facho, \u00e9 <strong>\u00c1dria Santos<\/strong>&#8230; Ela teve retinose pigmentar e ficou totalmente cega aos 20 anos&#8230; Mas se tornou velocista paraol\u00edmpica, a maior medalhista paraol\u00edmpica feminina do Brasil de todos os tempos, com quatro medalhas de ouro, oito de prata e uma de bronze&#8230;<\/p>\n<p style=\"text-align: justify;\">E \u00e9 mais uma prova de que as baixinhas s\u00e3o as melhores&#8230;<\/p>\n<p style=\"text-align: justify;\">E, claro, eu, f\u00e3 de automobilismo, n\u00e3o poderia deixar de citar dois casos bem peculiares de pilotos que passaram por acidentes terr\u00edveis, estiveram \u00e0 beira da morte e deram a volta por cima&#8230; Um \u00e9 o austr\u00edaco <strong>Niki Lauda<\/strong>, <a href=\"http:\/\/www.youtube.com\/watch?v=YWksORxA9l0\" target=\"_blank\">que se acidentou gravemente no antigo circuito de N\u00fcrburgring<\/a>&#8230; Ele quase morreu queimado neste acidente, chegou a receber a extrema un\u00e7\u00e3o enquanto jazia no hospital entre a vida e a morte, mas voltou \u00e0 ativa meses depois do acidente e ainda se sagrou campe\u00e3o mais duas vezes&#8230;<\/p>\n<p style=\"text-align: justify;\">Lauda ainda carrega as cicatrizes deste acidente, mas elas tamb\u00e9m mostram que ele conseguiu escapar com vida desta experi\u00eancia&#8230;<\/p>\n<p style=\"text-align: center;\"><object classid=\"clsid:d27cdb6e-ae6d-11cf-96b8-444553540000\" width=\"600\" height=\"475\" codebase=\"http:\/\/download.macromedia.com\/pub\/shockwave\/cabs\/flash\/swflash.cab#version=6,0,40,0\"><param name=\"allowFullScreen\" value=\"true\" \/><param name=\"allowscriptaccess\" value=\"always\" \/><param name=\"src\" value=\"http:\/\/www.youtube.com\/v\/6l4TR23Ecbk?fs=1&amp;hl=pt_BR&amp;rel=0&amp;color1=0x006699&amp;color2=0x54abd6\" \/><param name=\"allowfullscreen\" value=\"true\" \/><embed type=\"application\/x-shockwave-flash\" width=\"600\" height=\"475\" src=\"http:\/\/www.youtube.com\/v\/6l4TR23Ecbk?fs=1&amp;hl=pt_BR&amp;rel=0&amp;color1=0x006699&amp;color2=0x54abd6\" allowscriptaccess=\"always\" allowfullscreen=\"true\"><\/embed><\/object><\/p>\n<p style=\"text-align: justify;\">Este \u00e9 um dos meus casos de supera\u00e7\u00e3o que eu mais curti at\u00e9 hoje&#8230; Este \u00e9 Alessandro Zanardi&#8230; Passou pela F\u00f3rmula 1, foi bicampe\u00e3o na F\u00f3rmula CART, at\u00e9 que sofreu o acidente a\u00ed do v\u00eddeo&#8230; Ele s\u00f3 teve as duas pernas decepadas nessa brincadeira e quase foi comer capim pela raiz&#8230;<\/p>\n<p style=\"text-align: justify;\">A\u00ed aparecem fotos dele de p\u00e9, caminhando, com aux\u00edlio de muletas&#8230; N\u00e3o satisfeito, ele voltou a correr!! Disputou o Mundial de Turismo da FIA entre 2003 at\u00e9 o ano passado&#8230; Esse ano ele deu um tempo nas corridas pra se preparar para as Jogos Paraol\u00edmpicos de 2012, em Londres: ele vai disputar a maratona para cadeirantes!! \u00c9, j\u00e1 dizia T\u00e9o Jos\u00e9: &#8220;Segura o italiano!!&#8221;<\/p>\n<p style=\"text-align: justify;\">E, claro, v\u00e1rios casos parecidos, an\u00f4nimos ou n\u00e3o&#8230; \u00c9 que eu quero fechar logo esta edi\u00e7\u00e3o do site&#8230; Mas voc\u00eas podem me dar uma m\u00e3ozinha&#8230; Comentem casos similares, de pessoas famosas ou n\u00e3o, que t\u00eam limita\u00e7\u00f5es f\u00edsicas e, ainda assim, deram a volta por cima&#8230;<\/p>\n<p><img loading=\"lazy\" decoding=\"async\" title=\"Erick Von Draxeler vai come\u00e7ar a cobrar pelos &quot;pedidos&quot; de pauta...\" src=\"..\/wp-content\/themes\/akaikki2011\/images\/sigs\/01.png\" alt=\"\" width=\"600\" height=\"57\" \/><\/p>\n","protected":false},"excerpt":{"rendered":"<p>arece que a minha psic\u00f3loga vai acabar virando integrante do elenco do site&#8230; Dessa vez, ela foi meio que longe demais&#8230; Ela me pediu pra pesquisar sobre pessoas que venceram limita\u00e7\u00f5es f\u00edsicas e adversidades ao longo da vida&#8230; O ponto de partida que ela me deu: Ludwig van Beethoven&#8230; Como eu sei que a Lori<\/p>\n","protected":false},"author":2,"featured_media":0,"comment_status":"open","ping_status":"open","sticky":false,"template":"","format":"standard","meta":{"footnotes":""},"categories":[60],"tags":[],"class_list":["post-7182","post","type-post","status-publish","format-standard","hentry","category-pequenos-autores-grandes-texticulos"],"_links":{"self":[{"href":"https:\/\/akaikki.com.br\/index.php?rest_route=\/wp\/v2\/posts\/7182","targetHints":{"allow":["GET"]}}],"collection":[{"href":"https:\/\/akaikki.com.br\/index.php?rest_route=\/wp\/v2\/posts"}],"about":[{"href":"https:\/\/akaikki.com.br\/index.php?rest_route=\/wp\/v2\/types\/post"}],"author":[{"embeddable":true,"href":"https:\/\/akaikki.com.br\/index.php?rest_route=\/wp\/v2\/users\/2"}],"replies":[{"embeddable":true,"href":"https:\/\/akaikki.com.br\/index.php?rest_route=%2Fwp%2Fv2%2Fcomments&post=7182"}],"version-history":[{"count":13,"href":"https:\/\/akaikki.com.br\/index.php?rest_route=\/wp\/v2\/posts\/7182\/revisions"}],"predecessor-version":[{"id":7201,"href":"https:\/\/akaikki.com.br\/index.php?rest_route=\/wp\/v2\/posts\/7182\/revisions\/7201"}],"wp:attachment":[{"href":"https:\/\/akaikki.com.br\/index.php?rest_route=%2Fwp%2Fv2%2Fmedia&parent=7182"}],"wp:term":[{"taxonomy":"category","embeddable":true,"href":"https:\/\/akaikki.com.br\/index.php?rest_route=%2Fwp%2Fv2%2Fcategories&post=7182"},{"taxonomy":"post_tag","embeddable":true,"href":"https:\/\/akaikki.com.br\/index.php?rest_route=%2Fwp%2Fv2%2Ftags&post=7182"}],"curies":[{"name":"wp","href":"https:\/\/api.w.org\/{rel}","templated":true}]}}