{"id":7155,"date":"2010-10-15T11:44:54","date_gmt":"2010-10-15T14:44:54","guid":{"rendered":"http:\/\/akaikki.com.br\/?p=7155"},"modified":"2010-10-15T21:05:09","modified_gmt":"2010-10-16T00:05:09","slug":"a-k-a-%e4%b8%80%e8%bc%9d-%e2%80%93-edicao-1706","status":"publish","type":"post","link":"https:\/\/akaikki.com.br\/?p=7155","title":{"rendered":"a.k.a.\u4e00\u8f1d!! \u2013 Edi\u00e7\u00e3o 1706"},"content":{"rendered":"<blockquote style=\"text-align: justify;\">\n<p style=\"text-align: justify;\"><img loading=\"lazy\" decoding=\"async\" class=\"alignleft\" style=\"border: 0pt none; margin: 0px 4px;\" src=\"..\/wp-content\/themes\/akaikki2011\/images\/chars\/21.png\" alt=\"\" width=\"45\" height=\"45\" align=\"absMiddle\" \/>&#8211; Parece que os candidatos n\u00e3o querem mais fazer democracia. Pelas propagandas que ou\u00e7o, n\u00e3o tenho o direito de escolher pelo melhor do meu pa\u00eds, tenho o direito de escolher o MENOS PIOR. Uma campanha em que nenhum candidato fala de si, o que pode oferecer e sim gasta sua maior parte do tempo criticando o outro que \u00e9 isso, aquilo, deixa de fazer isso ou aquilo, n\u00e3o est\u00e1 preocupado que eu conhe\u00e7a suas propostas. Dilma e Serra est\u00e3o apenas preocupados que eu n\u00e3o vote no advers\u00e1rio ._.<\/p>\n<p style=\"text-align: justify;\"><img loading=\"lazy\" decoding=\"async\" style=\"border: 0pt none; margin: 0px 4px;\" src=\"..\/wp-content\/themes\/akaikki2011\/images\/chars\/02.png\" alt=\"\" width=\"45\" height=\"45\" align=\"absMiddle\" \/>&#8211; Isso \u00e9 verdade&#8230; &#8220;Eu sou menos podre, vote em mim!&#8221;<\/p>\n<\/blockquote>\n<p style=\"text-align: justify;\"><img loading=\"lazy\" decoding=\"async\" class=\"alignleft\" style=\"margin: 1px 4px;\" src=\"https:\/\/akaikki.com.br\/wp-content\/themes\/akaikki2011\/images\/caps\/e.png\" alt=\"\" width=\"39\" height=\"39\" \/>ste di\u00e1logo que abre a edi\u00e7\u00e3o de hoje n\u00e3o \u00e9 nenhuma cria\u00e7\u00e3o de texto que eu sempre fa\u00e7o no site&#8230; Ele aconteceu de verdade no Facebook, envolvendo os integrantes citados acima&#8230; E este di\u00e1logo virou um &#8220;tri\u00e1logo&#8221; quando outra amiga da Nina engrossou o coro:<\/p>\n<blockquote style=\"text-align: justify;\">\n<p style=\"text-align: justify;\">Concordo totalmente com voc\u00ea e acho que, no caso  desses dois candidatos, o que a gente vai estar fazendo \u00e9 isso mesmo!  Para mim, o pior de tudo tem sido o fato de que ambos (e tamb\u00e9m seus  partidos) est\u00e3o discutindo quest\u00f5es &#8211; aborto e casamento gay &#8211; que (na  boa) n\u00e3o s\u00e3o t\u00e3o importantes quanto a sa\u00fade, a educa\u00e7\u00e3o, a seguran\u00e7a  p\u00fablica, etc. Apenas porque se renderam ao conservadorismo de uma grande  parcela da popula\u00e7\u00e3o. Isso est\u00e1 bizarro, na minha opini\u00e3o.<\/p>\n<\/blockquote>\n<p style=\"text-align: justify;\">At\u00e9 parece que o pessoal n\u00e3o conhece a propaganda pol\u00edtica no Brasil&#8230; Desde que o mundo \u00e9 mundo, a campanha pol\u00edtica brasileira consiste nisso: trollar o advers\u00e1rio, principalmente no segundo turno&#8230; Vou mostrar alguns exemplos ocorridos em 21 anos de elei\u00e7\u00f5es diretas, que provavelmente muitos de voc\u00eas nem se lembravam&#8230; A Nina ent\u00e3o, nem existia quando votamos pra presidente pela primeira vez em 1989&#8230;<\/p>\n<p style=\"text-align: justify;\"><img loading=\"lazy\" decoding=\"async\" style=\"border: 0pt none; margin: 0px 4px;\" src=\"..\/wp-content\/themes\/akaikki2011\/images\/chars\/21.png\" alt=\"\" width=\"45\" height=\"45\" align=\"absMiddle\" \/>&#8211; Pra quem n\u00e3o sabe, eu sou de 13 de novembro de 1991&#8230;<br \/>\n<img loading=\"lazy\" decoding=\"async\" class=\"alignleft\" style=\"border: 0pt none; margin: 0px 4px;\" src=\"..\/wp-content\/themes\/akaikki2011\/images\/chars\/02.png\" alt=\"\" width=\"45\" height=\"45\" align=\"absMiddle\" \/>&#8211; O que, pelas minhas contas, indica que voc\u00ea foi concebida no carnaval, o que explica o fato de voc\u00ea ser assim, t\u00e3o porra louca das ideias&#8230;<br \/>\n<span style=\"color: #ffffff;\">.<\/span><\/p>\n<ul style=\"text-align: justify;\">\n<li style=\"text-align: justify;\">Nas Elei\u00e7\u00f5es de 1989, o candidato Fernando Co<strong><span style=\"color: #ffcc00;\">l<\/span><span style=\"color: #339966;\">l<\/span><\/strong>or tro<strong><span style=\"color: #ffcc00;\">l<\/span><span style=\"color: #339966;\">l<\/span><\/strong>ava o candidato Lula, dizendo que se o Lula fosse eleito, ele ia congelar as cadernetas de poupan\u00e7a da popula\u00e7\u00e3o, etc, etc&#8230; (quando, por acaso, o pr\u00f3prio Co<strong><span style=\"color: #ffcc00;\">l<\/span><span style=\"color: #339966;\">l<\/span><\/strong>or fez isso&#8230;)<\/li>\n<li style=\"text-align: justify;\">Nas Elei\u00e7\u00f5es de 2002, os candidatos Jos\u00e9 Serra e Ciro Gomes se trollavam entre si, no primeiro turno&#8230; <a href=\"http:\/\/charges.uol.com.br\/2002\/08\/30\/desenhos-serra-e-ciro\/\" target=\"_blank\">Segundo uma charge na \u00e9poca, eles deixariam pra xingar o Lula depois, no segundo turno&#8230;<\/a><\/li>\n<\/ul>\n<p style=\"text-align: justify;\">Isso porque eu estou citando os exemplos nacionais!! Eu me lembro nas Elei\u00e7\u00f5es Municipais de 2004 do C\u00e9sar Maia e do Conde discutindo muito feio num debate da Rede Globo&#8230; Pura trollagem m\u00fatua entre ambos&#8230;<\/p>\n<p style=\"text-align: justify;\">A preocupa\u00e7\u00e3o dos candidatos n\u00e3o \u00e9 a de que os eleitores votem nele, \u00e9 a de que estes n\u00e3o votem no advers\u00e1rio&#8230; Como eu j\u00e1 disse outras vezes: os candidatos n\u00e3o apresentam propostas DELES, apresentam os erros do advers\u00e1rio&#8230; Algo parecido com isso:<\/p>\n<p style=\"text-align: justify;\"><img loading=\"lazy\" decoding=\"async\" class=\"alignleft\" style=\"border: 0pt none; margin: 0px 4px;\" src=\"..\/wp-content\/themes\/akaikki2011\/images\/chars\/21.png\" alt=\"\" width=\"45\" height=\"45\" align=\"absMiddle\" \/>&#8211; O meu oponente Vin\u00edcius n\u00e3o est\u00e1 capacitado para assumir um cargo t\u00e3o importante como o de presidente\u00a0 do <span style=\"color: #c00000;\">a.k.a.\u4e00\u8f1d!!<\/span>&#8230; Ele mora mal, tem cara de Mad e, principalmente, \u00e9 noivo da Joelma do Calypso, que mora em S\u00e3o Gon\u00e7alo&#8230; E, claro, n\u00e3o posso esquecer que ele \u00e9 filho da Carmem!!<\/p>\n<p style=\"text-align: justify;\"><img loading=\"lazy\" decoding=\"async\" class=\"alignleft\" style=\"border: 0pt none; margin: 0px 4px;\" src=\"..\/wp-content\/themes\/akaikki2011\/images\/chars\/02.png\" alt=\"\" width=\"45\" height=\"45\" align=\"absMiddle\" \/>&#8211; A minha oponente Nina n\u00e3o tem condi\u00e7\u00f5es de assumir a presid\u00eancia do <span style=\"color: #c00000;\">a.k.a.\u4e00\u8f1d!!<\/span> porque ela \u00e9 feia, gorda, chata, botafoguense, tem cabelo ruim, bota fogo na cozinha e ainda namora um bombeirinho que consegue ser mais baixo que ela&#8230; E, principalmente, \u00e9 f\u00e3 #1 do atual presidente, cuja gest\u00e3o deixa muito a desejar&#8230;<\/p>\n<p style=\"text-align: justify;\">Entenderam? \u00c9 mais ou menos assim que a coisa funciona&#8230; E hoje em dia, oposi\u00e7\u00e3o e situa\u00e7\u00e3o n\u00e3o diferem muito um do outro&#8230; Tanto faz se for o PT ou o PSDB no poder: mudam as moscas, mas a merda ainda \u00e9 a mesma&#8230; \u00c9 que nem acontece nos Z\u00e9ua: tanto faz se o presidente \u00e9 um Democrata ou um Republicano, a pol\u00edtica que ambos adotam \u00e9 muito parecida&#8230;<\/p>\n<p style=\"text-align: justify;\">&#8230;exceto, claro, quando o presidente \u00e9 um Bush, quando a pol\u00edtica do presidente em quest\u00e3o se torna extremamente belicista&#8230;<\/p>\n<p style=\"text-align: justify;\">Uma vez eu estava comentando com a Pina sobre isso: brasileiro n\u00e3o vota no projeto do candidato, mas sim no jingle dele!! A pr\u00f3pria Pina comentou nesse dia que ainda se lembra do jingle do Paulo Mem\u00f3ria, candidato a prefeito em 1996&#8230; Quem n\u00e3o se lembra do &#8220;Lula-l\u00e1&#8221; entoado na campanha de 1989? Quantas vezes j\u00e1 n\u00e3o me peguei cantarolando &#8220;Ey-Ey-Eymael&#8221; (Jos\u00e9 Maria Eymael, candidato \u00e0 presid\u00eancia em 1998, 2006 e 2010), ou a m\u00fasica do Rog\u00e9rio do Sal\u00e3o, candidato eleito \u00e0 prefeitura de Queimados em 2004&#8230;<\/p>\n<p style=\"text-align: justify;\"><img loading=\"lazy\" decoding=\"async\" style=\"border: 0pt none; margin: 0px 4px;\" src=\"..\/wp-content\/themes\/akaikki2011\/images\/chars\/02.png\" alt=\"\" width=\"45\" height=\"45\" align=\"absMiddle\" \/>&#8211; Porra, Erick!! Rog\u00e9rio do Sal\u00e3o?!<br \/>\n<img loading=\"lazy\" decoding=\"async\" style=\"border: 0pt none; margin: 0px 4px;\" src=\"..\/wp-content\/themes\/akaikki2011\/images\/chars\/01.png\" alt=\"\" width=\"45\" height=\"45\" align=\"absMiddle\" \/>&#8211; Pois \u00e9&#8230; Isso faz parte de um epis\u00f3dio obscuro que eu gostaria MUITO de esquecer&#8230;<\/p>\n<p style=\"text-align: justify;\">Conclus\u00e3o da porra toda: <strong>FUDEU!! DE!! VEZ!!<\/strong> O que nos resta \u00e9 ver os candidatos e ver com qual dos dois n\u00f3s vamos <strong>PERDER MENOS<\/strong>&#8230; Porque, <strong>GANHAR MAIS<\/strong>, acho meio dif\u00edcil&#8230;<\/p>\n<p style=\"text-align: center;\"><img loading=\"lazy\" decoding=\"async\" style=\"border: 0pt none; margin: 0px;\" src=\"https:\/\/akaikki.com.br\/wp-content\/themes\/akaikki2011\/images\/line.png\" alt=\"\" width=\"644\" height=\"14\" \/><\/p>\n<p style=\"text-align: justify;\">Aproveito o dia de hoje para mandar um &#8220;Salve&#8221; para todos os professores que j\u00e1 cruzaram meu caminho, vivos ou n\u00e3o&#8230; Cada um deles que me aturou nos meus tempos de col\u00e9gio e faculdade, deixo o meu carinho, por mais que eu os tenha odiado em algum momento da minha vida por causa de uma nota question\u00e1vel, mas isso d\u00e1 pra relevar&#8230; Professores s\u00e3o, antes de mais nada, seres humanos, pass\u00edveis de erro&#8230; N\u00e3o cabe citar o nome de TODOS os quase duzentos professores que eu conheci ao longo dos meus 27 anos de vida, porque minha mem\u00f3ria n\u00e3o \u00e9 t\u00e3o foda assim e eu n\u00e3o quero cometer a injusti\u00e7a de ter esquecido de algum deles, mas saiba que eu lembrei de voc\u00ea de alguma forma&#8230;<\/p>\n<p style=\"text-align: justify;\">No entanto, existem tr\u00eas professores que eu fa\u00e7o quest\u00e3o de citar o nome, por experi\u00eancias negativas que, sinceramente, eu esperaria de qualquer profissional, exceto o professor&#8230; E n\u00e3o me venham com a desculpa de que &#8220;eles tinham que ensinar como a vida \u00e9 cruel&#8221;, porque, definitivamente, a vida, que \u00e9 a melhor professora que temos, j\u00e1 nos ensina isso todo santo dia&#8230;<\/p>\n<ul style=\"text-align: justify;\">\n<li style=\"text-align: justify;\"><strong>Miriam<\/strong>, professora na escola Crescendo, em 1989 &#8211; incentivava um dos alunos a bater em outro coleguinha e trancou um menino de 6 anos no banheiro porque ele havia fechado a porta do mesmo, sem saber que ela estava trancada&#8230; (dica: o coleguinha que apanhava e o menino que foi preso no banheiro era o mesmo&#8230;)<\/li>\n<li style=\"text-align: justify;\"><strong>Denise<\/strong>, professora do col\u00e9gio Nosso Lar em 1993 &#8211; censurou de todas as formas poss\u00edveis um aluno de 10 anos, chegando ao extremo de isol\u00e1-lo do resto da turma, talvez por puro prazer pr\u00f3prio&#8230; (dela&#8230;)<\/li>\n<li style=\"text-align: justify;\"><strong>F\u00e1bio Tubino<\/strong>, professor na Universidade Gama Filho em 2005 e 2006 &#8211; trollava um de seus alunos, com piadas de cunho homof\u00f3bico DURANTE AS AULAS, e o ludibriou, fazendo-o acreditar que este havia sido aprovado em sua mat\u00e9ria, quando sua nota sequer foi lan\u00e7ada no sistema&#8230;<\/li>\n<\/ul>\n<p style=\"text-align: justify;\">Porque ningu\u00e9m \u00e9 filho da puta \u00e0 toa&#8230; Sempre tem algu\u00e9m pra estragar&#8230; Al\u00e9m disso, quem bate, nunca se lembra, e quem apanha, nunca se esquece&#8230;<\/p>\n<blockquote>\n<p style=\"text-align: justify;\"><strong>&#8220;Agora j\u00e1 sei por que vai haver Ju\u00edzo FINAL<\/strong><strong>: \u00e9 porque ningu\u00e9m tem culpa sozinho!!&#8221;<\/strong><br \/>\n<em>Carlinhos, personagem de &#8220;Superm\u00e3e&#8221;, de Ziraldo<\/em><\/p>\n<\/blockquote>\n<p style=\"text-align: justify;\"><img loading=\"lazy\" decoding=\"async\" title=\"Erick Von Draxeler tamb\u00e9m perdeu a paci\u00eancia com a pol\u00edtica brasileira do Brasil...\" src=\"..\/wp-content\/themes\/akaikki2011\/images\/sigs\/01.png\" alt=\"\" width=\"600\" height=\"57\" \/><\/p>\n","protected":false},"excerpt":{"rendered":"<p>&#8211; Parece que os candidatos n\u00e3o querem mais fazer democracia. Pelas propagandas que ou\u00e7o, n\u00e3o tenho o direito de escolher pelo melhor do meu pa\u00eds, tenho o direito de escolher o MENOS PIOR. Uma campanha em que nenhum candidato fala de si, o que pode oferecer e sim gasta sua maior parte do tempo criticando<\/p>\n","protected":false},"author":2,"featured_media":0,"comment_status":"open","ping_status":"open","sticky":false,"template":"","format":"standard","meta":{"footnotes":""},"categories":[60],"tags":[],"class_list":["post-7155","post","type-post","status-publish","format-standard","hentry","category-pequenos-autores-grandes-texticulos"],"_links":{"self":[{"href":"https:\/\/akaikki.com.br\/index.php?rest_route=\/wp\/v2\/posts\/7155","targetHints":{"allow":["GET"]}}],"collection":[{"href":"https:\/\/akaikki.com.br\/index.php?rest_route=\/wp\/v2\/posts"}],"about":[{"href":"https:\/\/akaikki.com.br\/index.php?rest_route=\/wp\/v2\/types\/post"}],"author":[{"embeddable":true,"href":"https:\/\/akaikki.com.br\/index.php?rest_route=\/wp\/v2\/users\/2"}],"replies":[{"embeddable":true,"href":"https:\/\/akaikki.com.br\/index.php?rest_route=%2Fwp%2Fv2%2Fcomments&post=7155"}],"version-history":[{"count":22,"href":"https:\/\/akaikki.com.br\/index.php?rest_route=\/wp\/v2\/posts\/7155\/revisions"}],"predecessor-version":[{"id":7178,"href":"https:\/\/akaikki.com.br\/index.php?rest_route=\/wp\/v2\/posts\/7155\/revisions\/7178"}],"wp:attachment":[{"href":"https:\/\/akaikki.com.br\/index.php?rest_route=%2Fwp%2Fv2%2Fmedia&parent=7155"}],"wp:term":[{"taxonomy":"category","embeddable":true,"href":"https:\/\/akaikki.com.br\/index.php?rest_route=%2Fwp%2Fv2%2Fcategories&post=7155"},{"taxonomy":"post_tag","embeddable":true,"href":"https:\/\/akaikki.com.br\/index.php?rest_route=%2Fwp%2Fv2%2Ftags&post=7155"}],"curies":[{"name":"wp","href":"https:\/\/api.w.org\/{rel}","templated":true}]}}