{"id":7116,"date":"2010-10-13T22:46:57","date_gmt":"2010-10-14T01:46:57","guid":{"rendered":"http:\/\/akaikki.com.br\/?p=7116"},"modified":"2010-10-13T23:29:49","modified_gmt":"2010-10-14T02:29:49","slug":"a-k-a-%e4%b8%80%e8%bc%9d-%e2%80%93-edicao-1705","status":"publish","type":"post","link":"https:\/\/akaikki.com.br\/?p=7116","title":{"rendered":"a.k.a.\u4e00\u8f1d!! \u2013 Edi\u00e7\u00e3o 1705"},"content":{"rendered":"<p style=\"text-align: justify;\"><img loading=\"lazy\" decoding=\"async\" class=\"alignleft\" style=\"margin: 1px 4px;\" src=\"https:\/\/akaikki.com.br\/wp-content\/themes\/akaikki2011\/images\/caps\/d.png\" alt=\"\" width=\"39\" height=\"39\" \/>ando uma lida <a href=\"http:\/\/blogdoroli.blogspot.com\/\" target=\"_blank\">no blog do Rodrigo Vilela<\/a>, eu achei um post, de poucas linhas, que mencionava a situa\u00e7\u00e3o de Felipe Massa na Ferrari, pelo menos por esta temporada&#8230; Vamos ver se j\u00e1 deram as tr\u00eas linhas que eu preciso&#8230; Acho que j\u00e1&#8230; Leiam, pois&#8230;<\/p>\n<blockquote>\n<p style=\"text-align: justify;\"><a href=\"https:\/\/akaikki.com.br\/wp-content\/uploads\/2010\/10\/7792425.felipe_massa_em_suzuka_grande_premio_333_499.jpg\"><img loading=\"lazy\" decoding=\"async\" style=\"margin-top: 0px; margin-bottom: 0px;\" title=\"Massa, ap\u00f3s abandonar o GP do Jap\u00e3o na primeira curva...\" src=\"https:\/\/akaikki.com.br\/wp-content\/uploads\/2010\/10\/7792425.felipe_massa_em_suzuka_grande_premio_333_499-200x133.jpg\" alt=\"\" width=\"200\" height=\"133\" align=\"left\" \/><\/a>A coisa est\u00e1 feia para Felipe Massa. Primeiro, no Bahrain, impedido de brigar pela vit\u00f3ria.<\/p>\n<p style=\"text-align: justify;\">Depois, na Alemanha, obrigado a ceder a lideran\u00e7a para Fernando Alonso.<\/p>\n<p style=\"text-align: justify;\">A\u00ed,  depois, Luca di Montezemolo declara que espera mais do brasileiro. Em  seguida, diz que conta com Felipe para ganhar o t\u00edtulo de construtores e  ajudar Fernando Alonso a ganhar o campeonato.<span style=\"color: #aad2ff;\"> <\/span><\/p>\n<p style=\"text-align: justify;\">Por fim, o pr\u00f3prio Alonso diz que n\u00e3o precisa da ajuda de ningu\u00e9m. Fatality!!<\/p>\n<p style=\"text-align: justify;\">E a\u00ed, no Jap\u00e3o, Massa n\u00e3o passa do Q2 e, na corrida, erra feio e abandona na primeira curva.<\/p>\n<p style=\"text-align: justify;\">Essa  massa n\u00e3o deu liga em 2010. Repito o que eu escrevi em outra postagem:  para sua sobreviv\u00eancia na categoria, \u00e9 melhor ele se impor, custe o que  custar!<\/p>\n<\/blockquote>\n<h1 style=\"text-align: center;\">PORRA, RODRIGO!! <a href=\"http:\/\/porramauricio.tumblr.com\/\" target=\"_blank\">PORRA, MAURICIO!!<\/a><\/h1>\n<p style=\"text-align: justify;\">O fato de o Massa n\u00e3o ter podido chegar no Alonso <strong>LOGO NA PRIMEIRA CORRIDA DA TEMPORADA<\/strong> j\u00e1 era um sinal mais do que evidente de que o Massa seria o segundo piloto do time&#8230; Eu mesmo j\u00e1 teorizava sobre isso enquanto a ida do espanhol pra Ferrari ainda n\u00e3o era oficial: o Alonso quer ter certeza de que a equipe VAI trabalhar em fun\u00e7\u00e3o dele&#8230; Principalmente depois do que aconteceu com ele na McLata, quando ele, crente de que seria primeir\u00edssimo piloto na equipe brit\u00e2nica (pois o companheiro dele era um estreante que mal havia sido campe\u00e3o da GP2 no ano anterior&#8230;) e a\u00ed o resto voc\u00eas j\u00e1 sabem&#8230;<\/p>\n<p style=\"text-align: justify;\">Na Renault, antes de depois da McLata, o Briatore trabalhava a equipe pra que ela vivesse em torno do Alonso (at\u00e9 demais, <a href=\"http:\/\/pt.wikipedia.org\/wiki\/Grande_Pr%C3%AAmio_de_Cingapura_de_2008_(F%C3%B3rmula_1)#Pol.C3.AAmica\" target=\"_blank\">em alguns casos<\/a>&#8230;) E na Ferrari, o clima foi se montando pra ter certeza de que o asturiano SERIA primeiro piloto do time de Maranello&#8230; Pois bem, como diria o cara do Telecurso 2000: &#8220;Vamos pensar um pouco&#8230;&#8221;<\/p>\n<p style=\"text-align: justify;\"><img loading=\"lazy\" decoding=\"async\" style=\"border: 0pt none; margin: 0px 4px;\" src=\"..\/wp-content\/themes\/akaikki2011\/images\/chars\/07.png\" alt=\"\" width=\"45\" height=\"45\" align=\"absMiddle\" \/>&#8211; Eu tamb\u00e9m?<br \/>\n<img loading=\"lazy\" decoding=\"async\" style=\"border: 0pt none; margin: 0px 4px;\" src=\"..\/wp-content\/themes\/akaikki2011\/images\/chars\/01.png\" alt=\"\" width=\"45\" height=\"45\" align=\"absMiddle\" \/>&#8211; Bom, voc\u00ea pode at\u00e9 tentar, mas se come\u00e7ar a sentir um cheiro de queimado, pare de fazer for\u00e7a&#8230;<br \/>\n<img loading=\"lazy\" decoding=\"async\" style=\"border: 0pt none; margin: 0px 4px;\" src=\"..\/wp-content\/themes\/akaikki2011\/images\/chars\/23.png\" alt=\"\" width=\"45\" height=\"45\" align=\"absMiddle\" \/>&#8211; E se for a Nina na cozinha?<br \/>\n<img loading=\"lazy\" decoding=\"async\" style=\"border: 0pt none; margin: 0px 4px;\" src=\"..\/wp-content\/themes\/akaikki2011\/images\/chars\/21.png\" alt=\"\" width=\"45\" height=\"45\" align=\"absMiddle\" \/>&#8211; A\u00ed voc\u00ea vai \u00e0 merda, Tigre!! <strong>R\u00c1!!<\/strong><\/p>\n<ul>\n<li style=\"text-align: justify;\">A Ferrari assinou um contrato de patroc\u00ednio com o Santander, no qual se estima que o banco espanhol vai pagar 40 milh\u00f5es de lascas europeias \u00e0 equipe italiana pelos pr\u00f3ximos cinco anos&#8230;<\/li>\n<li style=\"text-align: justify;\">O Santander j\u00e1 tem uma longa parceria com Fernando Alonso, o que ficou evidente durante o ano em que o espanhol esteve na McLata, patrocinada pelo banco espanhol, e tamb\u00e9m quando esteve na Renault, quando esta era patrocinada pela ING: Alonso tinha no macac\u00e3o a marca da Universia (aparece uni&gt;ersia no logo&#8230;), que \u00e9 uma empresa que patrocina projetos universit\u00e1rios em quinze pa\u00edses latinos&#8230; (incluindo o Brasil&#8230;)<\/li>\n<li style=\"text-align: justify;\"><a href=\"http:\/\/www.youtube.com\/watch?v=ISUPZCSDpSo\" target=\"_blank\">Alonso fala italiano<\/a> e \u00e9 latino&#8230; Chegou na Ferrari achando que era dono da casa&#8230; N\u00e3o esque\u00e7amos que Massa \u00e9 piloto da Ferrari desde 2003 (ele correu pela Sauber em 2004 e 2005, mas ainda tinha contrato com a equipe italiana&#8230;)<\/li>\n<\/ul>\n<p style=\"text-align: justify;\">Conclus\u00e3o da porra toda: se o Alonso EFETIVOU sua transfer\u00eancia pra equipe do cavalinho rampante, \u00e9 porque ele tinha certeza total e absoluta de que ele SERIA o primeiro piloto do time e que nada nem ningu\u00e9m tiraria esse privil\u00e9gio dele&#8230; A\u00ed, meu filho&#8230;<\/p>\n<h1 style=\"text-align: center;\">&#8220;FERNANDO&#8230; IS&#8230; FASTER&#8230; THAN&#8230; YOU&#8230;&#8221;<\/h1>\n<p style=\"text-align: justify;\">\n<figure id=\"attachment_7139\" class=\"thumbnail wp-caption alignleft\" style=\"width: 210px\"><a href=\"https:\/\/akaikki.com.br\/wp-content\/uploads\/2010\/10\/FelipeMassa_Ferrari_AhmadYusni_EFE_26032010_292.jpg\"><img loading=\"lazy\" decoding=\"async\" class=\"size-thumbnail wp-image-7139\" title=\"&quot;Iffo \u00e9 facanavem...&quot;\" src=\"https:\/\/akaikki.com.br\/wp-content\/uploads\/2010\/10\/FelipeMassa_Ferrari_AhmadYusni_EFE_26032010_292-200x191.jpg\" alt=\"&quot;Iffo \u00e9 facanavem...&quot;\" width=\"200\" height=\"191\" srcset=\"https:\/\/akaikki.com.br\/wp-content\/uploads\/2010\/10\/FelipeMassa_Ferrari_AhmadYusni_EFE_26032010_292-200x191.jpg 200w, https:\/\/akaikki.com.br\/wp-content\/uploads\/2010\/10\/FelipeMassa_Ferrari_AhmadYusni_EFE_26032010_292.jpg 292w\" sizes=\"auto, (max-width: 200px) 100vw, 200px\" \/><\/a><figcaption class=\"caption wp-caption-text\">&quot;Iffo \u00e9 facanavem...&quot;<\/figcaption><\/figure>\n<p style=\"text-align: justify;\">Cara, sabe o que mais me enfurece nessa hist\u00f3ria? \u00c9 que este IMBECIL teve a chance de escolher o que fazer&#8230; E esta opini\u00e3o n\u00e3o \u00e9 s\u00f3 minha, v\u00e1rios jornalistas blogueiros que eu acompanho tamb\u00e9m concordam com o que eu vou dizer agora&#8230;<\/p>\n<p style=\"text-align: justify;\">O engenheiro do Massa n\u00e3o disse, em nenhum momento (ao menos, n\u00e3o oficialmente&#8230;) que ele deveria deixar o Alonso passar&#8230; Ele disse que o Fernando estava mais r\u00e1pido que ele&#8230; Simples assim&#8230; OK, vamos considerar que aquilo tenha sido uma ordem de equipe&#8230;<\/p>\n<p style=\"text-align: justify;\">Para dar seguimento ao meu racioc\u00ednio, vou usar um exemplo da Lahys, que trabalha na prefeitura de Bom Jardim&#8230; Ou melhor, a Lah trabalha na prefeitura de Bom Jardim, a Ys faz programa \u00e0 noite e, diz a lenda que ela consegue tirar umas 3 mil lascas por noite&#8230;<\/p>\n<p style=\"text-align: justify;\"><img loading=\"lazy\" decoding=\"async\" style=\"border: 0pt none; margin: 0px 4px;\" src=\"..\/wp-content\/themes\/akaikki2011\/images\/chars\/10.png\" alt=\"\" width=\"45\" height=\"45\" align=\"absMiddle\" \/><span style=\"color: #ff0000;\">&#8211; Quem faz programa na noite \u00e9 a Lah&#8230;<\/span><br \/>\n<img loading=\"lazy\" decoding=\"async\" class=\"alignleft\" style=\"margin: 0px 4px; border: 0pt none;\" src=\"..\/wp-content\/themes\/akaikki2011\/images\/chars\/01.png\" alt=\"\" width=\"45\" height=\"45\" align=\"absMiddle\" \/>&#8211; T\u00e1, depois voc\u00eas discutem isso&#8230; Agora supunhetemos que o seu chefe l\u00e1 onde voc\u00ea trabalha, te pede pra fazer um servi\u00e7o meio chato&#8230; Voc\u00ea tem duas op\u00e7\u00f5es: ou voc\u00ea n\u00e3o aceita o servi\u00e7o e aguenta as consequ\u00eancias, ou voc\u00ea aceita e fica quieta na sua&#8230; Voc\u00ea concorda com isso?<br \/>\n<span style=\"color: #ffffff;\">.<\/span><br \/>\n<img loading=\"lazy\" decoding=\"async\" style=\"border: 0pt none; margin: 0px 4px;\" src=\"..\/wp-content\/themes\/akaikki2011\/images\/chars\/10.png\" alt=\"\" width=\"45\" height=\"45\" align=\"absMiddle\" \/><span style=\"color: #0000ff;\">&#8211; Totalmente&#8230;<\/span><br \/>\n<img loading=\"lazy\" decoding=\"async\" style=\"border: 0pt none; margin: 0px 4px;\" src=\"..\/wp-content\/themes\/akaikki2011\/images\/chars\/10.png\" alt=\"\" width=\"45\" height=\"45\" align=\"absMiddle\" \/><span style=\"color: #ff0000;\">&#8211; Ele perguntou PRA MIM, sua arrombada!!<\/span><\/p>\n<p style=\"text-align: justify;\">Entendem como at\u00e9 o racioc\u00ednio de uma leiga no assunto faz sentido aqui nessa hist\u00f3ria? O filho da puta me aceita a porra da ordem e ainda fica reclamando!! Chegamos no ponto que at\u00e9 o Rubinho t\u00e1 ficando mais respeitado que o Massa&#8230; E se isso t\u00e1 acontecendo, h\u00e1 algo muito errado nessa hist\u00f3ria!!<\/p>\n<p style=\"text-align: justify;\">Se o Alonso chegar ao t\u00edtulo deste ano, a\u00ed o rei na barriga dele se mostra de vez e a\u00ed teremos mais uma &#8220;Era Schumacher&#8221;, com toda a F\u00f3rmula 1 correndo em fun\u00e7\u00e3o dele&#8230; Mas, mesmo que o tri do asturiano n\u00e3o venha, uma coisa \u00e9 certa:<\/p>\n<h1 style=\"text-align: center;\"><strong>FERNANDO&#8230; IS&#8230; STILL&#8230; FASTER&#8230; THAN&#8230; YOU&#8230;<\/strong><\/h1>\n<p style=\"text-align: center;\">E o babaca do Felipe Massa vai abrir pra ele passar&#8230;<\/p>\n<p style=\"text-align: center;\">Ainda bem que meu pai n\u00e3o viveu pra ver essa merda&#8230;<\/p>\n<p><img loading=\"lazy\" decoding=\"async\" title=\"Erick Von Draxeler j\u00e1 perdeu a paci\u00eancia com o Massa...\" src=\"..\/wp-content\/themes\/akaikki2011\/images\/sigs\/01.png\" alt=\"\" width=\"600\" height=\"57\" \/><\/p>\n","protected":false},"excerpt":{"rendered":"<p>ando uma lida no blog do Rodrigo Vilela, eu achei um post, de poucas linhas, que mencionava a situa\u00e7\u00e3o de Felipe Massa na Ferrari, pelo menos por esta temporada&#8230; Vamos ver se j\u00e1 deram as tr\u00eas linhas que eu preciso&#8230; Acho que j\u00e1&#8230; Leiam, pois&#8230; A coisa est\u00e1 feia para Felipe Massa. Primeiro, no Bahrain,<\/p>\n","protected":false},"author":2,"featured_media":0,"comment_status":"open","ping_status":"open","sticky":false,"template":"","format":"standard","meta":{"footnotes":""},"categories":[195,1,22,59],"tags":[],"class_list":["post-7116","post","type-post","status-publish","format-standard","hentry","category-a-k-a--na-formula-1","category-besteirol","category-olhota-do-tempo","category-youtoba"],"_links":{"self":[{"href":"https:\/\/akaikki.com.br\/index.php?rest_route=\/wp\/v2\/posts\/7116","targetHints":{"allow":["GET"]}}],"collection":[{"href":"https:\/\/akaikki.com.br\/index.php?rest_route=\/wp\/v2\/posts"}],"about":[{"href":"https:\/\/akaikki.com.br\/index.php?rest_route=\/wp\/v2\/types\/post"}],"author":[{"embeddable":true,"href":"https:\/\/akaikki.com.br\/index.php?rest_route=\/wp\/v2\/users\/2"}],"replies":[{"embeddable":true,"href":"https:\/\/akaikki.com.br\/index.php?rest_route=%2Fwp%2Fv2%2Fcomments&post=7116"}],"version-history":[{"count":35,"href":"https:\/\/akaikki.com.br\/index.php?rest_route=\/wp\/v2\/posts\/7116\/revisions"}],"predecessor-version":[{"id":7156,"href":"https:\/\/akaikki.com.br\/index.php?rest_route=\/wp\/v2\/posts\/7116\/revisions\/7156"}],"wp:attachment":[{"href":"https:\/\/akaikki.com.br\/index.php?rest_route=%2Fwp%2Fv2%2Fmedia&parent=7116"}],"wp:term":[{"taxonomy":"category","embeddable":true,"href":"https:\/\/akaikki.com.br\/index.php?rest_route=%2Fwp%2Fv2%2Fcategories&post=7116"},{"taxonomy":"post_tag","embeddable":true,"href":"https:\/\/akaikki.com.br\/index.php?rest_route=%2Fwp%2Fv2%2Ftags&post=7116"}],"curies":[{"name":"wp","href":"https:\/\/api.w.org\/{rel}","templated":true}]}}