{"id":7028,"date":"2010-10-04T18:38:59","date_gmt":"2010-10-04T21:38:59","guid":{"rendered":"http:\/\/akaikki.com.br\/?p=7028"},"modified":"2010-10-26T13:25:24","modified_gmt":"2010-10-26T15:25:24","slug":"a-k-a-%e4%b8%80%e8%bc%9d-%e2%80%93-edicao-1699","status":"publish","type":"post","link":"https:\/\/akaikki.com.br\/?p=7028","title":{"rendered":"a.k.a.\u4e00\u8f1d!! \u2013 Edi\u00e7\u00e3o 1699"},"content":{"rendered":"<blockquote>\n<h4 style=\"text-align: justify;\">&#8220;A elei\u00e7\u00e3o brasileira vive  a mesma realidade do desemprego nacional: o cargo de presidente  existe, mas n\u00e3o h\u00e1 ningu\u00e9m capacitado.&#8221;<\/h4>\n<p style=\"text-align: right;\"><em><strong>Rodrigo Braga, candidato a Deputado Estadual pelo PV no Rio de Janeiro<\/strong><\/em><\/p>\n<\/blockquote>\n<p><img loading=\"lazy\" decoding=\"async\" class=\"alignright\" title=\"Rede Troll\" src=\"..\/wp-content\/uploads\/2010\/07\/redetroll-200x200.png\" alt=\"\" width=\"200\" height=\"200\" \/><\/p>\n<p style=\"text-align: justify;\"><img loading=\"lazy\" decoding=\"async\" class=\"alignleft\" style=\"margin: 1px 4px;\" src=\"https:\/\/akaikki.com.br\/wp-content\/themes\/akaikki2011\/images\/caps\/c.png\" alt=\"\" width=\"39\" height=\"39\" \/>om esta frase intressante proferida por um ex-aluno do Col\u00e9gio Nosso Lar Genius, eu inicio mais uma magn\u00edfica transmiss\u00e3o da Rede Troll&#8230; E esta tem motivos de sobra pra acontecer&#8230; Ontem, <strong> <\/strong> 111.193.747 eleitores (j\u00e1 descontando os <strong> <\/strong> 24.610.296 ausentes&#8230;) foram \u00e0s urnas para eleger presidente, governadores, senadores e deputados&#8230; 18 estados j\u00e1 t\u00eam seus governadores eleitos no primeiro turno, entre eles, S\u00e9rgio Cabral, reeleito no Rio de Janeiro, e Geraldo Alckmin, eleito em S\u00e3o Paulo&#8230;<\/p>\n<p style=\"text-align: justify;\">Para presidente, contrariando minhas expectativas, Dilma foi a mais votada pra Presidente, com 46,91% dos votos, mas vai disputar o segundo turno com o Serra, que obteve 32,61% dos votos&#8230; Foi o eleitorado da Marina que matou as chances de a Dilma fechar a elei\u00e7\u00e3o ontem&#8230; E com os boatos de que ela vai apoiar o Serra, as chances de a Dilma acabar n\u00e3o sendo eleita come\u00e7am a ser consider\u00e1veis&#8230; Ao que tudo indica, o(a) novo(a) Presidente do Brasil ser\u00e1 eleito(a) por uma Jan\u00e1i Himura de diferen\u00e7a&#8230;<br \/>\n<span style=\"color: #ffffff;\">.<\/span><\/p>\n<p style=\"text-align: justify;\">\n<figure id=\"attachment_7034\" class=\"thumbnail wp-caption alignleft\" style=\"width: 310px\"><a href=\"https:\/\/akaikki.com.br\/wp-content\/uploads\/2010\/10\/wagner-montes300.jpg\"><img loading=\"lazy\" decoding=\"async\" class=\"size-full wp-image-7034 \" title=\"Wagner Montes, deputado estadual mais votado no Rio...\" src=\"https:\/\/akaikki.com.br\/wp-content\/uploads\/2010\/10\/wagner-montes300.jpg\" alt=\"Wagner Montes, deputado estadual mais votado no Rio...\" width=\"300\" height=\"400\" srcset=\"https:\/\/akaikki.com.br\/wp-content\/uploads\/2010\/10\/wagner-montes300.jpg 300w, https:\/\/akaikki.com.br\/wp-content\/uploads\/2010\/10\/wagner-montes300-150x200.jpg 150w\" sizes=\"auto, (max-width: 300px) 100vw, 300px\" \/><\/a><figcaption class=\"caption wp-caption-text\">Wagner Montes, deputado estadual mais votado no Rio...<\/figcaption><\/figure>\n<p style=\"text-align: justify;\">Mas voltando \u00e0 frase que abriu esta edi\u00e7\u00e3o&#8230; O n\u00edvel do eleitorado de hoje me preocupa MUITO!! Juro que n\u00e3o consigo entender como o povo elege figuras t\u00e3o bizarras e ainda se orgulham muito disso&#8230; N\u00e3o, n\u00e3o creio que seja o caso do Wagner Montes, deputado estadual mais votado no Rio, com 528.868 votos, sendo quase 70 mil destes contabilizados pela sua perna de pau&#8230;<\/p>\n<p style=\"text-align: justify;\">Mas \u00e9 o caso, por exemplo, do Garotinho, que entrou com uma liminar pra poder se candidatar a Deputado Federal e se tornar o candidato mais votado no Rio de Janeiro com 694.862 votos&#8230; (e ainda conseguiu eleger a filha Clarrisa como deputada estadual pelo mesmo estado&#8230;)<\/p>\n<p style=\"text-align: justify;\">\u00c9 o caso de Valdemar da Costa Neto, eleito em S\u00e3o Paulo&#8230; Aos que n\u00e3o lembram, ele era um dos envolvidos no Esc\u00e2ndalo do Mensal\u00e3o e renunciou ao mandato pra n\u00e3o ser cassado e ficar ineleg\u00edvel&#8230; E foi reeleito agora, gra\u00e7as \u00e0 uma ajudinha de fora&#8230; Ou melhor, de dentro mesmo, do partido dele&#8230;<\/p>\n<p style=\"text-align: justify;\">E j\u00e1 que &#8220;pior que t\u00e1, n\u00e3o fica&#8221;, eu tenho que falar do Tiririca&#8230; Este filho da puta foi eleito com 1.353.820 votos!! Pra voc\u00eas terem uma ideia, os demais candidatos \u00e0 presid\u00eancia (Pl\u00ednio, Eymael, Z\u00e9 Maria, Levy Fid\u00e9lix, Ivan Pinheiro e Rui Costa Pimenta) conseguiram, juntos, 1.170.077 votos&#8230;!! Deve ser um FAIL gigantesco, ver que estes candidatos nanicos n\u00e3o conseguem nem fazer mais votos do que o Tiririca fez&#8230;<\/p>\n<p style=\"text-align: justify;\">O que me fode \u00e9 que o povo elege <a href=\"http:\/\/www.youtube.com\/watch?v=QPrgp8W7P24\" target=\"_blank\">um sujeito que mal sabe o que vai fazer em Bras\u00edlia<\/a>&#8230; (e mal sabe ler e escrever tamb\u00e9m&#8230;) Num pa\u00eds onde \u00e9 necess\u00e1rio que haja uma lei que nos impe\u00e7a de votar num candidato corrupto, quando n\u00f3s mesmos dever\u00edamos estar a par de quem n\u00e3o merece o seu voto&#8230; (entenderam, senhores quase 700 mil IMBECIS que elegeram o Garotinho&#8230;) E ainda v\u00eam me falar em voto de protesto&#8230;<\/p>\n<p style=\"text-align: justify;\">Voto de protesto pra mim seria o que houve em Alagoas, por exemplo, onde  o Collor ficou de fora do segundo turno&#8230; O mesmo povo que o elegeu  senador no \u00faltimo pleito&#8230; Finalmente acordaram? Voto de protesto \u00e9 o que aconteceu no Amap\u00e1, no Rio Grande do Sul e no Rio Gande do Norte, onde os candidatos \u00e0 reelei\u00e7\u00e3o foram derrotados e\/ou n\u00e3o v\u00e3o pro segundo turno&#8230; ISSO \u00e9 voto de protesto, porra!!<\/p>\n<p style=\"text-align: justify;\">(votar no Macaco Ti\u00e3o ou no Elcio Sodr\u00e9 tamb\u00e9m n\u00e3o \u00e9 voto de protesto, \u00e9 desperd\u00edcio de voto, pois este voto que voc\u00ea anulou poderia ter feito a diferen\u00e7a pra decidir se a elei\u00e7\u00e3o ia pro segundo turno ou n\u00e3o&#8230;)<\/p>\n<p style=\"text-align: justify;\">E o Rom\u00e1rio? O que o Rom\u00e1rio vai fazer MESMO pela popula\u00e7\u00e3o? PORRA NENHUMA!! Ele vai ficar quatro anos em Bras\u00edlia como Deputado Federal engordando a conta banc\u00e1ria dele o suficiente pra ele poder terminar de pagar numa boa suas pens\u00f5es de tantos filhos que ele deixou por a\u00ed&#8230; Lembrem-se: Frank Aguiar multiplicou seu patrim\u00f4nio por dez enquanto foi deputado&#8230;<\/p>\n<p style=\"text-align: justify;\">Mas voc\u00eas se importam com isso? N\u00e3\u00e3\u00e3\u00e3\u00e3\u00e3\u00e3\u00e3\u00e3\u00e3\u00e3o&#8230; Preferem ficar vendo A Fazenda&#8230; Ent\u00e3o, amiguinhos, continuem assim&#8230; Em bom portugu\u00eas:<\/p>\n<p style=\"text-align: center;\"><strong><span style=\"color: #004a8e;\"><span style=\"font-family: trebuchet ms; font-size: 72pt;\">FODAM-SE!!<\/span><\/span><\/strong><\/p>\n<p style=\"text-align: justify;\">E vem a\u00ed o segundo turno&#8230; Voc\u00eas tiveram uma chance de ver melhor o que os candidatos est\u00e3o propondo pro governo deles&#8230; Agora sem desculpa de que tem menos tempo que o outro candidato: s\u00e3o dez minutos pra cada um, nenhum segundo a mais!!<\/p>\n<p style=\"text-align: center;\"><img loading=\"lazy\" decoding=\"async\" style=\"border: 0pt none; margin: 0px;\" src=\"https:\/\/akaikki.com.br\/wp-content\/themes\/akaikki2011\/images\/line.png\" alt=\"\" width=\"644\" height=\"14\" \/><\/p>\n<p style=\"text-align: justify;\">Piadinha babaca da vez: En\u00e9as foi o deputado mais votado no Brasil quando foi eleito e pereceu pouco depois&#8230; <span style=\"text-decoration: line-through;\">Clodovil foi o deputado mais votado no Brasil quando foi eleito e pereceu pouco depois&#8230;<\/span> Tiririca foi o deputado mais votado no Brasil quando foi eleito&#8230; S\u00f3 pra constar&#8230;<\/p>\n<p><img loading=\"lazy\" decoding=\"async\" title=\"Erick Von Draxeler tem alguma esperan\u00e7a neste pa\u00eds, ainda que esta seja menor que Jan\u00e1i Himura...\" src=\"..\/wp-content\/themes\/akaikki2011\/images\/sigs\/01.png\" alt=\"\" width=\"600\" height=\"57\" \/><\/p>\n","protected":false},"excerpt":{"rendered":"<p>&#8220;A elei\u00e7\u00e3o brasileira vive a mesma realidade do desemprego nacional: o cargo de presidente existe, mas n\u00e3o h\u00e1 ningu\u00e9m capacitado.&#8221; Rodrigo Braga, candidato a Deputado Estadual pelo PV no Rio de Janeiro om esta frase intressante proferida por um ex-aluno do Col\u00e9gio Nosso Lar Genius, eu inicio mais uma magn\u00edfica transmiss\u00e3o da Rede Troll&#8230; E<\/p>\n","protected":false},"author":2,"featured_media":0,"comment_status":"open","ping_status":"open","sticky":false,"template":"","format":"standard","meta":{"footnotes":""},"categories":[60,244],"tags":[],"class_list":["post-7028","post","type-post","status-publish","format-standard","hentry","category-pequenos-autores-grandes-texticulos","category-rede-troll"],"_links":{"self":[{"href":"https:\/\/akaikki.com.br\/index.php?rest_route=\/wp\/v2\/posts\/7028","targetHints":{"allow":["GET"]}}],"collection":[{"href":"https:\/\/akaikki.com.br\/index.php?rest_route=\/wp\/v2\/posts"}],"about":[{"href":"https:\/\/akaikki.com.br\/index.php?rest_route=\/wp\/v2\/types\/post"}],"author":[{"embeddable":true,"href":"https:\/\/akaikki.com.br\/index.php?rest_route=\/wp\/v2\/users\/2"}],"replies":[{"embeddable":true,"href":"https:\/\/akaikki.com.br\/index.php?rest_route=%2Fwp%2Fv2%2Fcomments&post=7028"}],"version-history":[{"count":17,"href":"https:\/\/akaikki.com.br\/index.php?rest_route=\/wp\/v2\/posts\/7028\/revisions"}],"predecessor-version":[{"id":7042,"href":"https:\/\/akaikki.com.br\/index.php?rest_route=\/wp\/v2\/posts\/7028\/revisions\/7042"}],"wp:attachment":[{"href":"https:\/\/akaikki.com.br\/index.php?rest_route=%2Fwp%2Fv2%2Fmedia&parent=7028"}],"wp:term":[{"taxonomy":"category","embeddable":true,"href":"https:\/\/akaikki.com.br\/index.php?rest_route=%2Fwp%2Fv2%2Fcategories&post=7028"},{"taxonomy":"post_tag","embeddable":true,"href":"https:\/\/akaikki.com.br\/index.php?rest_route=%2Fwp%2Fv2%2Ftags&post=7028"}],"curies":[{"name":"wp","href":"https:\/\/api.w.org\/{rel}","templated":true}]}}