{"id":7012,"date":"2010-10-04T02:01:35","date_gmt":"2010-10-04T05:01:35","guid":{"rendered":"http:\/\/akaikki.com.br\/?p=7012"},"modified":"2010-10-04T02:11:33","modified_gmt":"2010-10-04T05:11:33","slug":"a-k-a-%e4%b8%80%e8%bc%9d-%e2%80%93-edicao-1697","status":"publish","type":"post","link":"https:\/\/akaikki.com.br\/?p=7012","title":{"rendered":"a.k.a.\u4e00\u8f1d!! \u2013 Edi\u00e7\u00e3o 1697"},"content":{"rendered":"<p style=\"text-align: justify;\"><img loading=\"lazy\" decoding=\"async\" class=\"alignleft\" style=\"margin: 1px 4px;\" src=\"https:\/\/akaikki.com.br\/wp-content\/themes\/akaikki2011\/images\/caps\/q.png\" alt=\"\" width=\"39\" height=\"39\" \/>ueria aproveitar o dia de hoje para deixar uma mensagem de anivers\u00e1rio pra uma amiga querida&#8230; (embora ela n\u00e3o esteja nem a\u00ed pra mim hoje em dia, mas enfim&#8230;) Alguns dos visitantes mais veteranos j\u00e1 devem conhecer a hist\u00f3ria dela&#8230; Posso dizer que se este site se chama <span style=\"color: #c00000;\">a.k.a.\u4e00\u8f1d!!<\/span>, a culpa \u00e9 desta pessoa&#8230;<\/p>\n<p style=\"text-align: justify;\">\n<figure id=\"attachment_7014\" class=\"thumbnail wp-caption aligncenter\" style=\"width: 610px\"><a href=\"https:\/\/akaikki.com.br\/wp-content\/uploads\/2010\/10\/ikki_viviane_2001.jpg\"><img loading=\"lazy\" decoding=\"async\" class=\"size-full wp-image-7014\" title=\"Erick Von Draxeler e Viviane Almeida - 2001\" src=\"https:\/\/akaikki.com.br\/wp-content\/uploads\/2010\/10\/ikki_viviane_2001.jpg\" alt=\"Erick Von Draxeler e Viviane Almeida - 2001\" width=\"600\" height=\"400\" srcset=\"https:\/\/akaikki.com.br\/wp-content\/uploads\/2010\/10\/ikki_viviane_2001.jpg 600w, https:\/\/akaikki.com.br\/wp-content\/uploads\/2010\/10\/ikki_viviane_2001-200x133.jpg 200w, https:\/\/akaikki.com.br\/wp-content\/uploads\/2010\/10\/ikki_viviane_2001-400x266.jpg 400w\" sizes=\"auto, (max-width: 600px) 100vw, 600px\" \/><\/a><figcaption class=\"caption wp-caption-text\">Erick Von Draxeler e Viviane Almeida - 2001<\/figcaption><\/figure>\n<p style=\"text-align: justify;\">Esta foto, datada de <strong>21 de agosto de 2001<\/strong>, mostra minha amiga <strong>Viviane Almeida<\/strong>, ex-aluna do Nosso Lar Genius e integrante do meu f\u00e3-clube h\u00e1 <strong>dez anos<\/strong>&#8230; Ou seja: essa a\u00ed \u00e9 de longa data MESMO!!<\/p>\n<p style=\"text-align: justify;\"><img loading=\"lazy\" decoding=\"async\" style=\"border: 0pt none; margin: 0px 4px;\" src=\"..\/wp-content\/themes\/akaikki2011\/images\/chars\/21.png\" alt=\"\" width=\"45\" height=\"45\" align=\"absMiddle\" \/>&#8211; Poxa, Cabe\u00e7\u00e3o&#8230; Voc\u00ea conhece ela h\u00e1 tanto tempo quanto eu&#8230; Isso \u00e9 uma puta falta de sacanagem&#8230;<\/p>\n<p style=\"text-align: justify;\">Foi a Viviane quem me chamou de Ikki pela primeira vez&#8230; Foi ela quem criou o apelido que virou o nome deste site&#8230; De algum modo, Viviane Almeida tem participa\u00e7\u00e3o significativa na hist\u00f3ria do <span style=\"color: #c00000;\">a.k.a.\u4e00\u8f1d!!<\/span>&#8230; E ela est\u00e1 fazendo anivers\u00e1rio hoje&#8230;<\/p>\n<p style=\"text-align: justify;\">Ent\u00e3o eu resolvi deixar uma mensagem pra ela&#8230; Pra mostrar que ela pode ter esquecido de mim, mas eu n\u00e3o esqueci dela&#8230; Beijos mil pra Viviane, tudo de bom pra ela&#8230; Parab\u00e9ns pela sua hist\u00f3ria, parab\u00e9ns pelo seu Jubileu de Prata, parab\u00e9ns por fazer parte da minha hist\u00f3ria, parab\u00e9ns por fazer parte da hist\u00f3ria do <span style=\"color: #c00000;\">a.k.a.\u4e00\u8f1d!!<\/span>&#8230;<\/p>\n<p style=\"text-align: center;\">&#8230;e que Jan\u00e1i Himura te perdoe por isso&#8230;<\/p>\n<p><img loading=\"lazy\" decoding=\"async\" title=\"Erick Von Draxeler n\u00e3o se esquece dos amigos, mesmo que estes se esque\u00e7am dele...\" src=\"..\/wp-content\/themes\/akaikki2011\/images\/sigs\/01.png\" alt=\"\" width=\"600\" height=\"57\" \/><\/p>\n","protected":false},"excerpt":{"rendered":"<p>ueria aproveitar o dia de hoje para deixar uma mensagem de anivers\u00e1rio pra uma amiga querida&#8230; (embora ela n\u00e3o esteja nem a\u00ed pra mim hoje em dia, mas enfim&#8230;) Alguns dos visitantes mais veteranos j\u00e1 devem conhecer a hist\u00f3ria dela&#8230; Posso dizer que se este site se chama a.k.a.\u4e00\u8f1d!!, a culpa \u00e9 desta pessoa&#8230; Esta<\/p>\n","protected":false},"author":2,"featured_media":0,"comment_status":"open","ping_status":"open","sticky":false,"template":"","format":"standard","meta":{"footnotes":""},"categories":[22],"tags":[],"class_list":["post-7012","post","type-post","status-publish","format-standard","hentry","category-olhota-do-tempo"],"_links":{"self":[{"href":"https:\/\/akaikki.com.br\/index.php?rest_route=\/wp\/v2\/posts\/7012","targetHints":{"allow":["GET"]}}],"collection":[{"href":"https:\/\/akaikki.com.br\/index.php?rest_route=\/wp\/v2\/posts"}],"about":[{"href":"https:\/\/akaikki.com.br\/index.php?rest_route=\/wp\/v2\/types\/post"}],"author":[{"embeddable":true,"href":"https:\/\/akaikki.com.br\/index.php?rest_route=\/wp\/v2\/users\/2"}],"replies":[{"embeddable":true,"href":"https:\/\/akaikki.com.br\/index.php?rest_route=%2Fwp%2Fv2%2Fcomments&post=7012"}],"version-history":[{"count":5,"href":"https:\/\/akaikki.com.br\/index.php?rest_route=\/wp\/v2\/posts\/7012\/revisions"}],"predecessor-version":[{"id":7017,"href":"https:\/\/akaikki.com.br\/index.php?rest_route=\/wp\/v2\/posts\/7012\/revisions\/7017"}],"wp:attachment":[{"href":"https:\/\/akaikki.com.br\/index.php?rest_route=%2Fwp%2Fv2%2Fmedia&parent=7012"}],"wp:term":[{"taxonomy":"category","embeddable":true,"href":"https:\/\/akaikki.com.br\/index.php?rest_route=%2Fwp%2Fv2%2Fcategories&post=7012"},{"taxonomy":"post_tag","embeddable":true,"href":"https:\/\/akaikki.com.br\/index.php?rest_route=%2Fwp%2Fv2%2Ftags&post=7012"}],"curies":[{"name":"wp","href":"https:\/\/api.w.org\/{rel}","templated":true}]}}