{"id":5092,"date":"2010-05-28T15:14:58","date_gmt":"2010-05-28T18:14:58","guid":{"rendered":"http:\/\/akaikki.com.br\/?p=5092"},"modified":"2010-05-28T15:48:18","modified_gmt":"2010-05-28T18:48:18","slug":"a-k-a-%e4%b8%80%e8%bc%9d-%e2%80%93-edicao-1607","status":"publish","type":"post","link":"https:\/\/akaikki.com.br\/?p=5092","title":{"rendered":"a.k.a.\u4e00\u8f1d!! \u2013 Edi\u00e7\u00e3o 1607"},"content":{"rendered":"<p style=\"text-align: justify;\"><img loading=\"lazy\" decoding=\"async\" class=\"alignleft\" style=\"margin: 0px 4px; border: 0pt none;\" src=\"https:\/\/akaikki.com.br\/layout\/caps\/cap_e.gif\" alt=\"\" width=\"39\" height=\"39\" \/>nquanto eu navegava pela grande rede ca\u00e7ando algo legal pra ler e\/ou escrever, eu achei um texto <a href=\"http:\/\/colunistas.ig.com.br\/flaviogomes\/\" target=\"_blank\">no blog do Flavio Gomes<\/a> falando sobre seu Gol 82\/83, reprovado na inspe\u00e7\u00e3o do Detran (se \u00e9 que \u00e9 assim que chamam em S\u00e3o Paulo&#8230;)<\/p>\n<p style=\"text-align: justify;\">Pois bem, mesmo sendo este texto mais voltado para o p\u00fablico da maior cidade da Am\u00e9rica Latina, eu acho que este pode se aplicar nas maiores metr\u00f3poles desta p\u00e1tria que nos pariu, incluindo esta de onde eu escrevo&#8230; Segue, pois, a reprodu\u00e7\u00e3o deste &#8220;grande text\u00edculo&#8221;, que pode ser encontrado originalmente <a href=\"http:\/\/colunistas.ig.com.br\/flaviogomes\/2010\/05\/26\/reprovado\/\" target=\"_blank\"><strong>aqui<\/strong><\/a>&#8230;<\/p>\n<blockquote>\n<p style=\"text-align: justify;\">Fiz minha estreia na Inspe\u00e7\u00e3o Veicular. Descobri que os carros com placas pretas realmente est\u00e3o isentos, o que \u00e9 uma \u00f3tima not\u00edcia, porque o sistema, incr\u00edvel, reconhece isso. O Sistema. Cham\u00e1-lo-ei a partir de agora, o Sistema, assim, como entidade superior: come\u00e7ando com mai\u00fascula.<\/p>\n<p style=\"text-align: justify;\">Tenho alguns carros cuja placa termina em 1 e o prazo expirou, ou est\u00e1 expirando. Sei que recebi uma intimada para levar meu Gol 82\/83 a ar para a Inspe\u00e7\u00e3o, igualmente outra entidade, mai\u00fascula.<\/p>\n<p style=\"text-align: justify;\">Levei. Agendei, s\u00f3 tinha data dispon\u00edvel l\u00e1 na puta-que-o-pariu-sem-n\u00famero, onde os terrenos s\u00e3o mais baratos e a empresa que faz isso gasta menos em aluguel. Peguei o carro do jeito que ele \u00e9. Um carro que nos \u00faltimos tr\u00eas anos rodou 1.500 km, mas est\u00e1 com \u00f3leo novinho, todas as luzes funcionando, freio em dia, cinto de seguran\u00e7a e r\u00e1dio que pega at\u00e9 AM. Nada de errado com meu Golzinho, por isso n\u00e3o fiz uma \u201cpr\u00e9-inspe\u00e7\u00e3o\u201d, como muita gente faz, porque essa merda virou outra ind\u00fastria de tomar dinheiro dos trouxas, n\u00f3s.<\/p>\n<p style=\"text-align: justify;\">Paguei a guia pela internet, fui \u00e0  puta-que-o-pariu-sem-n\u00famero e percebi que estamos, mesmos, fodidos por causa do Sistema. Na entrada, um cara me disse uma frase de  sete palavras: \u201cEscolha uma linha e espere na fila\u201d. Nem bom-dia, boa-tarde, seja-bem-vindo. Escolhi uma fila. Um outro cara se aproximou, de m\u00e1scara, e disse apenas: \u201cRetire seus objetos pessoais, abra o cap\u00f4 e espere na faixa amarela\u201d. Foi o que fiz, retirei meus objetos pessoais, abri o cap\u00f4 e fui esperar na linha amarela. Mas devo dizer que deixei alguns objetos pessoais no porta-luvas. E desliguei o motor. N\u00e3o sei se podia.<\/p>\n<p style=\"text-align: center;\"><a href=\"https:\/\/akaikki.com.br\/wp-content\/uploads\/2010\/05\/reprovado-001.jpg\"><img loading=\"lazy\" decoding=\"async\" src=\"https:\/\/akaikki.com.br\/wp-content\/uploads\/2010\/05\/reprovado-001-500x375.jpg\" alt=\"\" width=\"400\" height=\"300\" \/><\/a><\/p>\n<p style=\"text-align: justify;\">Enquanto esperava na faixa amarela, outro rob\u00f4 de m\u00e1scara pegou meu carro e o levou at\u00e9 o box, ou sej\u00e1 l\u00e1 que nome tem essa merda. Abriu o cap\u00f4 que quase arrancou a tampa, o desgra\u00e7ado. Come\u00e7ou a procurar alguma coisa no motor para conectar uns cabos. N\u00e3o encontrou, provavelmente porque nunca viu um Gol com motor a ar e dois carburadores na vida. Depois, passou um espelho por baixo do carro. Como fazia a Stasi em Checkpoint Charlie, para ver se tinha algu\u00e9m pendurado no assoalho para fugir para Berlim Ocidental.<\/p>\n<p style=\"text-align: justify;\">A\u00ed enfiou um tubo no escapamento, ligou o carro e ficou acelerando feito um alucinado. E eu na linha amarela com meus objetos pessoais.<\/p>\n<p style=\"text-align: justify;\">Isso feito, desligou o carro, fechou o cap\u00f4 como se fosse a geladeira velha da casa dele, tirou um papel de uma impressora, entregou a outro rob\u00f4 de m\u00e1scara, que tirou o carro do box e me chamou com um gesto. Fui at\u00e9 ele, com meus objetos pessoais, e recebi um papel e uma explica\u00e7\u00e3o. N\u00e3o entendi porra nenhuma. Mostrou que o HCc (ppm vol.) estava muito alto e me mandou levar o carro numa oficina.<\/p>\n<p style=\"text-align: justify;\"><a href=\"https:\/\/akaikki.com.br\/wp-content\/uploads\/2010\/05\/Photo0042.jpg\"><img loading=\"lazy\" decoding=\"async\" class=\"alignright\" src=\"https:\/\/akaikki.com.br\/wp-content\/uploads\/2010\/05\/Photo0042.jpg\" alt=\"\" width=\"210\" height=\"254\" \/><\/a>No papel, o veredito: VE\u00cdCULO REPROVADO \u2013 ANO EXERC\u00cdCIO 2010.<\/p>\n<p style=\"text-align: justify;\">O Sistema reprovou meu Gol para o Ano Exerc\u00edcio 2010 e acabou. O Sistema tem valores de refer\u00eancia para emiss\u00e3o de poluentes. O Sistema n\u00e3o tem na sua mem\u00f3ria, por\u00e9m, dados sobre emiss\u00e3o de poluentes permitidos em 82, modelo 83. Meu carro n\u00e3o \u00e9 obrigado a se comportar como um Corolla ou uma Tucson. Meu carro tem carburadores. O Sistema \u00e9 burro, e n\u00e3o me d\u00e1 chance de argumentar com os rob\u00f4s. Argumentar que meu carro n\u00e3o pode emitir os mesmos poluentes que um Corolla ou uma Tucson. Argumentar que meu carro rodou 1.500 km em tr\u00eas anos e poluiu menos o planeta do que o inspetor do meu carro depois de comer uma feijoada. Argumentar que \u00e9 um carro de cole\u00e7\u00e3o. A gente n\u00e3o pode mais falar com ningu\u00e9m, porque o Sistema n\u00e3o fala. Ele te fode e pronto.<\/p>\n<p style=\"text-align: justify;\">Sa\u00ed sem saber o que fazer e cantei os pneus como forma de rid\u00edculo  protesto. E ca\u00ed na Marginal do Rio Pinheiros me sentindo um p\u00e1ria,  reprovado pelo prefeito, pelo governador, pelo secret\u00e1rio do  Meio-Ambiente. E fui refetindo sobre esta minha nova condi\u00e7\u00e3o, de  cidad\u00e3o reprovado, que ter\u00e1 seu nome inclu\u00eddo na d\u00edvida ativa do Estado,  porque no ano que vem n\u00e3o conseguirei licenciar meu carro que roda  1.500 km a cada tr\u00eas anos.<\/p>\n<p style=\"text-align: justify;\">Foi quando me vi neste apraz\u00edvel local abaixo.<\/p>\n<p style=\"text-align: center;\"><a href=\"https:\/\/akaikki.com.br\/wp-content\/uploads\/2010\/05\/reprovado-003.jpg\"><img loading=\"lazy\" decoding=\"async\" src=\"https:\/\/akaikki.com.br\/wp-content\/uploads\/2010\/05\/reprovado-003-500x375.jpg\" alt=\"\" width=\"400\" height=\"300\" \/><\/a><\/p>\n<p style=\"text-align: justify;\">Marginal do Rio Pinheiros, <em>circa<\/em> uma da tarde. Tr\u00e2nsito  parado. N\u00e3o \u00e9 hor\u00e1rio de pico, n\u00e3o houve nenhum terremoto, mas o  tr\u00e2nsito estava parado, claro. Carros demais, transporte p\u00fablico de  menos, caminh\u00f5es enormes em perimetro urbano, motoqueiros nos  \u201ccorredores\u201d entre as faixas\u2026<\/p>\n<p style=\"text-align: justify;\">Quer saber? Decidi reprovar o tr\u00e2nsito. Reprovado, pelo meu Sistema,  pela minha Inspe\u00e7\u00e3o Veicular. Reprovei o prefeito, o governador e o  secret\u00e1rio. N\u00e3o d\u00e1 para aguentar um tr\u00e2nsito assim, gasta-se muito  dinheiro, perde-se muito tempo, polui-se demais o ar. Mais do que meu  Gol 82 modelo 83. Bem mais. Reprovado.<\/p>\n<p style=\"text-align: justify;\">Quando olhei para a esquerda, oh, que bela paisagem. Parei numa baia  apropriada e fiz o seguinte retrato:<\/p>\n<p style=\"text-align: center;\"><a href=\"https:\/\/akaikki.com.br\/wp-content\/uploads\/2010\/05\/reprovado-007.jpg\"><img loading=\"lazy\" decoding=\"async\" src=\"https:\/\/akaikki.com.br\/wp-content\/uploads\/2010\/05\/reprovado-007-500x375.jpg\" alt=\"\" width=\"400\" height=\"300\" \/><\/a><\/p>\n<p style=\"text-align: justify;\">Eis o rio Pinheiros, que corta a cidade e que deveria, como em  qualquer cidade civilizada, ser um n\u00facleo de vida, beleza, natureza. \u00c9  um puta esgoto do caralho. Urubus, garrafas pet, lixo e merda por todos  os lados. Um cheiro de vomitar. \u00c9 um espa\u00e7o p\u00fablico.<\/p>\n<p style=\"text-align: justify;\">Quer saber? Decidi reprovar o rio Pinheiros. Est\u00e1 reprovado, monte de  merda que n\u00e3o \u00e9 tratada, que infecta o ambiente e as pessoas, criadouro  de doen\u00e7as, gosma nauseante para a qual\u00a0o prefeito, o governador e o  secret\u00e1rio que reprovaram meu Gol 82 modelo 83 est\u00e3o cagando e andando.  Vou-me embora. Mas, \u00f4pa, o que \u00e9 isso aqui?<\/p>\n<p style=\"text-align: center;\"><a href=\"https:\/\/akaikki.com.br\/wp-content\/uploads\/2010\/05\/reprovado-008.jpg\"><img loading=\"lazy\" decoding=\"async\" src=\"https:\/\/akaikki.com.br\/wp-content\/uploads\/2010\/05\/reprovado-008-500x375.jpg\" alt=\"\" width=\"400\" height=\"300\" \/><\/a><\/p>\n<p style=\"text-align: justify;\">Ora, ora, ora\u2026 Lixo na baia, muito lixo. Tem at\u00e9 um pneu l\u00e1 na frente, est\u00e3o vendo? \u00c1gua parada ali \u00e9 dengue na certa. Quem seria o respons\u00e1vel pela manuten\u00e7\u00e3o dessa avenida? Por recolher o lixo, carpir o mato? O Sistema? N\u00e3o sei, \u00e9 imposs\u00edvel conversar com o Sistema. Mas \u00e9 feio, uma sujeira da porra, coisa mais nojenta, desleixo absoluto.<\/p>\n<p style=\"text-align: justify;\">Quer saber? Decidi reprovar a Marginal do Rio Pinheiros e aqueles que s\u00e3o os respons\u00e1veis por sua limpeza, pelo asseio, pelos bons costumes em logradouro p\u00fablico. Est\u00e1 reprovada, Marginal. E nem venha falar comigo, meu Sistema est\u00e1 inoperante. Fale com o prefeito, com o governador ou com o secret\u00e1rio.<\/p>\n<p>Vamos seguindo. Mas\u2026 \u00capa, o que \u00e9 isso?<\/p>\n<p style=\"text-align: center;\"><a href=\"https:\/\/akaikki.com.br\/wp-content\/uploads\/2010\/05\/reprovado-009.jpg\"><img loading=\"lazy\" decoding=\"async\" src=\"https:\/\/akaikki.com.br\/wp-content\/uploads\/2010\/05\/reprovado-009-500x375.jpg\" alt=\"\" width=\"400\" height=\"300\" \/><\/a><\/p>\n<p style=\"text-align: justify;\">Esse pr\u00e9dio enorme n\u00e3o \u00e9 aquele cuja constru\u00e7\u00e3o foi embargada s\u00e9culos  atr\u00e1s? Porque o prefeito aprovou a planta e a construtora fez mais alto  do que devia? Porque prejudica os avi\u00f5es que v\u00e3o pousar em Congonhas,  colocando a seguran\u00e7a dos voos em risco? O que \u00e9 que est\u00e1 fazendo a\u00ed,  ainda? A Justi\u00e7a n\u00e3o mandou derrubar, ou desmontar os \u00faltimos andares?  Sim, mandou. E a\u00ed, prefeito? E a\u00ed, governador? E a\u00ed, secret\u00e1rio?<\/p>\n<p style=\"text-align: justify;\">Quer saber? Reprovei o pr\u00e9dio. Est\u00e1 reprovado, inapelavelmente. Nem  adianta reclamar, meu Sistema n\u00e3o conversa com ningu\u00e9m. Mas, pelo jeito,  andaram falando com outros Sistemas, n\u00e3o com aquele que transformou meu  Gol 82 modelo 83 num risco \u00e0 popula\u00e7\u00e3o, mas com outros mais male\u00e1veis,  afinal o pr\u00e9dio ainda est\u00e1 a\u00ed, pintadinho da silva, alguma coisa est\u00e1  acontecendo com esse Sistema que, para alguns, \u00e9 mais male\u00e1vel do que  aquele que condenou meu Gol 82 modelo 83.<\/p>\n<p style=\"text-align: justify;\">Mas vamos trabalhar, o dia segue. Rua Tabapu\u00e3, Itaim-Bibi,  chiqu\u00e9rrimo. Ei, o que \u00e9 isso a\u00ed?<\/p>\n<p style=\"text-align: center;\"><a href=\"https:\/\/akaikki.com.br\/wp-content\/uploads\/2010\/05\/reprovado-010.jpg\"><img loading=\"lazy\" decoding=\"async\" src=\"https:\/\/akaikki.com.br\/wp-content\/uploads\/2010\/05\/reprovado-010-500x375.jpg\" alt=\"\" width=\"400\" height=\"300\" \/><\/a><\/p>\n<p style=\"text-align: justify;\">Me parece uma rua com faixa exclusiva de \u00f4nibus, mas tem um ali que  est\u00e1 na outra faixa. Concess\u00e3o municipal, o servi\u00e7o de \u00f4nibus, n\u00e3o \u00e9  mesmo? Esse \u00f4nibus n\u00e3o pode estar a\u00ed. Atrapalha o tr\u00e2nsito, espreme todo  mundo. Onde est\u00e3o os agentes de tr\u00e2nsito? Os caras que deveriam multar  esse motorista mal-educado? Ou orientar o coitado atravessando a rua no  meio das motos, dos carros, dos \u00f4nibus?<\/p>\n<p style=\"text-align: justify;\">Quer saber? Decidi reprovar o \u00f4nibus, o sistema municipal de  transportes e os agentes de tr\u00e2nsito. Est\u00e3o todos reprovados no meu  Sistema, se quiserem se queixar, que procurem o bispo. Meu Gol 82 modelo  83, convertido em vil\u00e3o nacional pelo prefeito, pelo governador e pelo  secret\u00e1rio, trafega pela faixa correta. Respeita as leis. Mas \u00e9 um  c\u00e3o-danado, aos olhos do Sistema.<\/p>\n<p style=\"text-align: justify;\">Estava ficando irritado, disposto a n\u00e3o pensar mais nessas coisas,  quando\u2026<\/p>\n<p style=\"text-align: center;\"><a href=\"https:\/\/akaikki.com.br\/wp-content\/uploads\/2010\/05\/reprovado-011.jpg\"><img loading=\"lazy\" decoding=\"async\" src=\"https:\/\/akaikki.com.br\/wp-content\/uploads\/2010\/05\/reprovado-011-500x375.jpg\" alt=\"\" width=\"400\" height=\"300\" \/><\/a><\/p>\n<p style=\"text-align: justify;\">Um saco de lixo n\u00e3o recolhido? No meio da cal\u00e7ada? Onde est\u00e3o as  lixeiras? Onde est\u00e1 o servi\u00e7o municipal que recolhe os sacos de lixo? Se  come\u00e7ar a chover e uma enxurrada levar esse saco at\u00e9 uma boca-de-lobo,  vai ter enchente. E se meu Gol 82 modelo 83 estiver passando pelo local  alagado, pode pifar. Pode submergir. Posso perder meu Gol 82 modelo 83.  Ser\u00e1 que \u00e9 isso que querem o prefeito, o governador e o secret\u00e1rio?  Eliminar meu Gol 82 modelo 83 porque ele foi reprovado pelo Sistema?<\/p>\n<p style=\"text-align: justify;\">Quer saber? Decidi reprovar o servi\u00e7o de coleta de lixo da cidade. \u00c9  ruim, porco, deficiente, superfaturado, uma merda. Meu Sistema, hoje,  estava rigoroso. Reprovando tudo. Mas, felizmente, estava chegando ao  meu destino, onde poderia pensar com um pouco mais de calma sobre o que  fazer com meu Gol 82 modelo 83. Foi quando vi isso a\u00ed.<\/p>\n<p style=\"text-align: center;\"><a href=\"https:\/\/akaikki.com.br\/wp-content\/uploads\/2010\/05\/reprovado-012.jpg\"><img loading=\"lazy\" decoding=\"async\" src=\"https:\/\/akaikki.com.br\/wp-content\/uploads\/2010\/05\/reprovado-012-500x375.jpg\" alt=\"\" width=\"400\" height=\"300\" \/><\/a><\/p>\n<p style=\"text-align: justify;\">Sim, \u00e9 um homem estendido no gramado. Um morador de rua. Que n\u00e3o tem  onde viver, onde dormir, o que comer. Derrotado pelo Sistema, jogou-se  na grama com seus objetos pessoais, um cobertor velho, alguns sacos  pl\u00e1sticos de supermercado, trapos imundos cobrindo seu corpo sujo e  maltratado, talvez tenha uma caneca, um ma\u00e7o de cigarros, uma garrafa de  cacha\u00e7a.<\/p>\n<p style=\"text-align: justify;\">A ele, nem o prefeito, nem o governador, nem o secret\u00e1rio deram  aten\u00e7\u00e3o hoje. Preocuparam-se com o HCc (ppm vol.) acima da m\u00e9dia do meu  Gol 82 modelo 83.<\/p>\n<p style=\"text-align: justify;\">E decidi reprovar os tr\u00eas mais uma vez, e nem quero nada de nenhum de  voc\u00eas tr\u00eas, prefeito, governador e secret\u00e1rio, com rela\u00e7\u00e3o ao meu carro  e aos meus problemas mundanos como o tr\u00e2nsito, o rio f\u00e9tido, o pneu  largado na avenida, o pr\u00e9dio que derruba avi\u00f5es, o \u00f4nibus na faixa  errada, o lixo na cal\u00e7ada.<\/p>\n<p style=\"text-align: justify;\">Tirem esse homem da rua. Se o fizerem, eu juro que farei de tudo para  reduzir o HCc (ppm vol.) do meu Gol 82 modelo 83.<\/p>\n<\/blockquote>\n<p style=\"text-align: justify;\">Bom, eu DUVIDO que o piloto do Meianov apare\u00e7a aqui no site pra tirar alguma satisfa\u00e7\u00e3o sobre o texto dele (embora eu tenha dado cr\u00e9dito e link originais, mas nunca se sabe&#8230;), mas o meu lado joselito j\u00e1 imaginou o Gomov reprovando tudo com uma imagem parecida com esta:<\/p>\n<p style=\"text-align: center;\"><object classid=\"clsid:d27cdb6e-ae6d-11cf-96b8-444553540000\" width=\"500\" height=\"405\" codebase=\"http:\/\/download.macromedia.com\/pub\/shockwave\/cabs\/flash\/swflash.cab#version=6,0,40,0\"><param name=\"allowFullScreen\" value=\"true\" \/><param name=\"allowscriptaccess\" value=\"always\" \/><param name=\"src\" value=\"http:\/\/www.youtube.com\/v\/hfdV00VTNOs&amp;hl=pt_BR&amp;fs=1&amp;color1=0x006699&amp;color2=0x54abd6&amp;border=1\" \/><param name=\"allowfullscreen\" value=\"true\" \/><embed type=\"application\/x-shockwave-flash\" width=\"500\" height=\"405\" src=\"http:\/\/www.youtube.com\/v\/hfdV00VTNOs&amp;hl=pt_BR&amp;fs=1&amp;color1=0x006699&amp;color2=0x54abd6&amp;border=1\" allowscriptaccess=\"always\" allowfullscreen=\"true\"><\/embed><\/object><\/p>\n<p style=\"text-align: justify;\">\u00c9 esta e a hist\u00f3ria dos guard-rails da SP Indy 300, que ainda est\u00e3o nas ruas de S\u00e3o Paulo, como ele retrata <strong><a href=\"http:\/\/colunistas.ig.com.br\/flaviogomes\/2010\/05\/23\/solicitacao\/\" target=\"_blank\">neste post<\/a><\/strong>:<\/p>\n<blockquote>\n<p style=\"text-align: justify;\">Gostaria de solicitar \u00e0 Prefeitura de S\u00e3o Paulo, ou \u00e0 CET, \u00f3rg\u00e3o a  ela ligado, ou \u00e0 DERSA, empresa p\u00fablica, ou \u00e0 Band, corruptela do nome  da emissora que promoveu o evento, ou \u00e0 ReUnion, empresa respons\u00e1vel por  sua organiza\u00e7\u00e3o, que retirem meus guard-rails do tempo, onde est\u00e3o  tomando sol e chuva h\u00e1 mais de dois meses, desde a realiza\u00e7\u00e3o da prova  da Indy na cidade.<\/p>\n<p style=\"text-align: justify;\">Meus guard-rails, e s\u00e3o meus porque foram comprados e instalados com  meu dinheiro, o dinheiro dos meus impostos, foram abandonados na av.  Olavo Fontoura e, al\u00e9m de atrapalharem os pedestres e oferecerem risco  aos motoristas (um motoqueiro, por exemplo, pode ser degolado se cair  sobre aquelas l\u00e2minas), est\u00e3o-se deteriorando.<\/p>\n<p style=\"text-align: justify;\">Solicito, pois, que sejam removidos da minha avenida, pois que \u00e9  igualmente p\u00fablica a via, e a mim tamb\u00e9m pertence, e armazenados em  algum local apropriado para que, no ano que vem, os senhores n\u00e3o venham  gastar meu dinheiro de novo nessa merda.<\/p>\n<p style=\"text-align: justify;\">Atenciosamente,<\/p>\n<p style=\"text-align: justify;\">Flavio Gomes \u2013 cidad\u00e3o da cidade.<\/p>\n<\/blockquote>\n<p style=\"text-align: justify;\">Aqui no Rio n\u00e3o \u00e9 muito diferente do que o Flavio retratou em S\u00e3o Paulo&#8230; Aqui na regi\u00e3o do Grande M\u00e9ier, por exemplo, n\u00e3o \u00e9 raro ver cenas parecidas com as retratadas pelo piloto do Meianov&#8230; Inclusive, um dos mendigos que circulam pela regi\u00e3o tinha uma comunidade no Orkut e ainda tem <strong><a href=\"http:\/\/www.orkut.com.br\/Main#Profile?uid=77778510525107318\" target=\"_blank\">um fake<\/a><\/strong>&#8230; J\u00e1 virou celebridade&#8230;<\/p>\n<p style=\"text-align: justify;\">O tr\u00e2nsito aqui \u00e9 triste, sobretudo no chamado &#8220;hor\u00e1rio do rush&#8221;&#8230; Se \u00e9 pra falar de seguran\u00e7a, eu n\u00e3o esqueci do dia em que a escola onde eu estudava teve que ser evacuada por determina\u00e7\u00e3o do &#8220;poder paralelo&#8221;&#8230; E eu ainda vejo v\u00e1rios candidatos \u00e0 presid\u00eancia e aos governos estaduais colocando a cara agora, em maio, fora do per\u00edodo eleitoral, pra j\u00e1 pedirem o seu voto&#8230;<\/p>\n<p style=\"text-align: justify;\">AGORA eles aparecem&#8230; Quando as cidades se deterioram a\u00ed como o Flavio Gomes retrata, eles nem se lembram do povo que o colocou l\u00e1 no poder&#8230; Parab\u00e9ns a todos os envolvidos&#8230;<\/p>\n<p><img loading=\"lazy\" decoding=\"async\" title=\"Erick Von Draxeler n\u00e3o pretende votar em ningu\u00e9m nestas elei\u00e7\u00f5es...\" src=\"..\/layout\/assinaturas\/sig01.png\" alt=\"\" width=\"500\" height=\"43\" \/><\/p>\n","protected":false},"excerpt":{"rendered":"<p>nquanto eu navegava pela grande rede ca\u00e7ando algo legal pra ler e\/ou escrever, eu achei um texto no blog do Flavio Gomes falando sobre seu Gol 82\/83, reprovado na inspe\u00e7\u00e3o do Detran (se \u00e9 que \u00e9 assim que chamam em S\u00e3o Paulo&#8230;) Pois bem, mesmo sendo este texto mais voltado para o p\u00fablico da maior<\/p>\n","protected":false},"author":2,"featured_media":0,"comment_status":"open","ping_status":"open","sticky":false,"template":"","format":"standard","meta":{"footnotes":""},"categories":[60],"tags":[],"class_list":["post-5092","post","type-post","status-publish","format-standard","hentry","category-pequenos-autores-grandes-texticulos"],"_links":{"self":[{"href":"https:\/\/akaikki.com.br\/index.php?rest_route=\/wp\/v2\/posts\/5092","targetHints":{"allow":["GET"]}}],"collection":[{"href":"https:\/\/akaikki.com.br\/index.php?rest_route=\/wp\/v2\/posts"}],"about":[{"href":"https:\/\/akaikki.com.br\/index.php?rest_route=\/wp\/v2\/types\/post"}],"author":[{"embeddable":true,"href":"https:\/\/akaikki.com.br\/index.php?rest_route=\/wp\/v2\/users\/2"}],"replies":[{"embeddable":true,"href":"https:\/\/akaikki.com.br\/index.php?rest_route=%2Fwp%2Fv2%2Fcomments&post=5092"}],"version-history":[{"count":15,"href":"https:\/\/akaikki.com.br\/index.php?rest_route=\/wp\/v2\/posts\/5092\/revisions"}],"predecessor-version":[{"id":6268,"href":"https:\/\/akaikki.com.br\/index.php?rest_route=\/wp\/v2\/posts\/5092\/revisions\/6268"}],"wp:attachment":[{"href":"https:\/\/akaikki.com.br\/index.php?rest_route=%2Fwp%2Fv2%2Fmedia&parent=5092"}],"wp:term":[{"taxonomy":"category","embeddable":true,"href":"https:\/\/akaikki.com.br\/index.php?rest_route=%2Fwp%2Fv2%2Fcategories&post=5092"},{"taxonomy":"post_tag","embeddable":true,"href":"https:\/\/akaikki.com.br\/index.php?rest_route=%2Fwp%2Fv2%2Ftags&post=5092"}],"curies":[{"name":"wp","href":"https:\/\/api.w.org\/{rel}","templated":true}]}}