{"id":5078,"date":"2010-05-30T23:01:51","date_gmt":"2010-05-31T02:01:51","guid":{"rendered":"http:\/\/akaikki.com.br\/?p=5078"},"modified":"2010-06-01T10:59:06","modified_gmt":"2010-06-01T13:59:06","slug":"a-k-a-%e4%b8%80%e8%bc%9d-%e2%80%93-edicao-1609","status":"publish","type":"post","link":"https:\/\/akaikki.com.br\/?p=5078","title":{"rendered":"a.k.a.\u4e00\u8f1d!! \u2013 Edi\u00e7\u00e3o 1609"},"content":{"rendered":"<p style=\"text-align: justify;\"><img loading=\"lazy\" decoding=\"async\" class=\"alignleft\" style=\"margin: 0px 4px; border: 0pt none;\" src=\"https:\/\/akaikki.com.br\/layout\/caps\/cap_v.gif\" alt=\"\" width=\"39\" height=\"39\" \/>aquinhas e vaquinhos do meu Brasil-sil-sil-sil&#8230; Num m\u00eas que foi pouco produtivo para o site, pelo menos os nossos especiais de F\u00f3rmula 1 saem numa boa (at\u00e9 porque eu n\u00e3o fa\u00e7o esta merda sozinho&#8230;) e eu aproveito pra comunicar que, no dia 26, o site bateu mais um recorde de visitas!! Parab\u00e9ns pra todos os envolvidos&#8230;<\/p>\n<p><img loading=\"lazy\" decoding=\"async\" style=\"border: 0pt none; margin: 0px 4px;\" src=\"..\/layout\/icon25.png\" alt=\"\" width=\"45\" height=\"45\" align=\"absMiddle\" \/>&#8211; &#8220;Vaquinho&#8221; foi \u00f3timo&#8230; Pior n\u00e3o podia ficar, visse&#8230;<br \/>\n<img loading=\"lazy\" decoding=\"async\" style=\"border: 0pt none; margin: 0px 4px;\" src=\"..\/layout\/icon01.png\" alt=\"\" width=\"45\" height=\"45\" align=\"absMiddle\" \/>&#8211; Cala a boca, sua vaquinha!! Vamos trabalhar, porra&#8230;<\/p>\n<hr \/>\n<p style=\"text-align: justify;\"><img loading=\"lazy\" decoding=\"async\" class=\"alignleft\" style=\"border: 0pt none; margin: 0px 4px;\" src=\"..\/layout\/icon25.png\" alt=\"\" width=\"45\" height=\"45\" align=\"absMiddle\" \/><strong>Sexta, 28 de maio<\/strong> &#8211; \u00c9 isso a\u00ed, vamos trabalhar. N\u00e3o sei se voc\u00eas notaram minha falta, mas n\u00e3o participei da Edi\u00e7\u00e3o Especial Grande Pr\u00eamio de M\u00f4naco pois tive um final de semana conturbado com muitas visitas em casa, al\u00e9m de ter ido para Caruaru acompanhar a F\u00f3rmula Truck. Durante aquela corrida eu estava no meio da estrada, tentando ver alguma coisa na TV de um celular que chiava mais que bule. Bom, passou, agora o papo \u00e9 Turquia, Istambul. Isso me lembra um Turco que conheci no Livemocha&#8230; Fui querer dar uma de esperta e perguntei qual era a capital do Brasil, sabendo que ele ia errar. Claro, ele respondeu Rio de Janeiro. Por\u00e9m, ele deu o troco me perguntando qual era a capital da Turquia, e eu respondi Istambul. Bem feito pra mim.<\/p>\n<p style=\"text-align: justify;\"><img loading=\"lazy\" decoding=\"async\" style=\"border: 0pt none; margin: 0px 4px;\" src=\"..\/layout\/icon01.png\" alt=\"\" width=\"45\" height=\"45\" align=\"absMiddle\" \/>&#8211; A capital da Turquia \u00e9 <strong>Ancara<\/strong>&#8230; Essa tapeia tanto quanto <a href=\"http:\/\/pt.wikipedia.org\/wiki\/Camberra\" target=\"_blank\">a capital da Austr\u00e1lia<\/a>&#8230;<br \/>\n<img loading=\"lazy\" decoding=\"async\" style=\"border: 0pt none; margin: 0px 4px;\" src=\"..\/layout\/icon17.png\" alt=\"\" width=\"45\" height=\"45\" align=\"absMiddle\" \/>&#8211; Uia&#8230;!!<br \/>\n<img loading=\"lazy\" decoding=\"async\" style=\"border: 0pt none; margin: 0px 4px;\" src=\"..\/layout\/icon01.png\" alt=\"\" width=\"45\" height=\"45\" align=\"absMiddle\" \/>&#8211; Fica quietinha a\u00ed que voc\u00ea tamb\u00e9m caiu nessa&#8230;<br \/>\n<img loading=\"lazy\" decoding=\"async\" style=\"border: 0pt none; margin: 0px 4px;\" src=\"..\/layout\/icon17.png\" alt=\"\" width=\"45\" height=\"45\" align=\"absMiddle\" \/>&#8211; Nhoooooooo&#8230;<\/p>\n<p style=\"text-align: justify;\">Esse \u00e9 o 5\u00ba ano que temos essa pista no calend\u00e1rio da F\u00f3rmula 1. A prova soma tr\u00eas vencedores. O primeiro deles, como voc\u00eas devem saber, foi Kimi Raikkonen. Felipe Massa (essa com certeza voc\u00eas sabem e clamam aos quatro ventos) j\u00e1 levou tr\u00eas vezes. E por \u00faltimo, e menos importante, Jenson Button faturou ano passado. No entanto, quem completou o p\u00f3dio dessa corrida foram as Red Bull. Claro, estamos em outro ano, outras condi\u00e7\u00f5es, mas se a gente usa a sexta feira pra trabalhar no campo das hip\u00f3teses, e a Red Bull est\u00e1 sendo figurinha f\u00e1cil nas apostas de todo mundo, nada mais justo que deixar essa dica.<\/p>\n<p style=\"text-align: justify;\">Por falar em Red Bull (N\u00e3o a equipe, o energ\u00e9tico mesmo), essa semana ela levou Jaime Alguersuari (o topa tudo) para a Rep\u00fablica Dominicana. L\u00e1 estava tendo apresenta\u00e7\u00f5es de Drift, Karts e Porches de corrida. Al\u00e9m de posar com sua Toro Rosso ao lado de um cachorro vira-lata&#8230;<\/p>\n<figure id=\"attachment_5082\" class=\"thumbnail wp-caption aligncenter\" style=\"width: 510px\"><a href=\"https:\/\/akaikki.com.br\/wp-content\/uploads\/2010\/05\/0256894.jpg\"><img loading=\"lazy\" decoding=\"async\" class=\"size-full wp-image-5082\" title=\"Jaiminho, sua Toro Rosso e o vira-lata que nem liga pros dois\" src=\"https:\/\/akaikki.com.br\/wp-content\/uploads\/2010\/05\/0256894.jpg\" alt=\"Jaiminho, sua Toro Rosso e o vira-lata que nem liga pros dois\" width=\"500\" height=\"276\" srcset=\"https:\/\/akaikki.com.br\/wp-content\/uploads\/2010\/05\/0256894.jpg 500w, https:\/\/akaikki.com.br\/wp-content\/uploads\/2010\/05\/0256894-300x165.jpg 300w\" sizes=\"auto, (max-width: 500px) 100vw, 500px\" \/><\/a><figcaption class=\"caption wp-caption-text\">Jaiminho, sua Toro Rosso e o vira-lata que nem liga pros dois<\/figcaption><\/figure>\n<p style=\"text-align: justify;\">Jaiminho foi andar de <strong>F\u00f3rmula 1 na praia<\/strong>. Na AREIA da praia. Totalmente excelente.<\/p>\n<p style=\"text-align: center;\"><object classid=\"clsid:d27cdb6e-ae6d-11cf-96b8-444553540000\" width=\"500\" height=\"310\" codebase=\"http:\/\/download.macromedia.com\/pub\/shockwave\/cabs\/flash\/swflash.cab#version=6,0,40,0\"><param name=\"allowFullScreen\" value=\"true\" \/><param name=\"allowscriptaccess\" value=\"always\" \/><param name=\"src\" value=\"http:\/\/www.youtube.com\/v\/BpgSuvzBJiw&amp;hl=pt_BR&amp;fs=1&amp;color1=0x006699&amp;color2=0x54abd6&amp;border=1\" \/><param name=\"allowfullscreen\" value=\"true\" \/><embed type=\"application\/x-shockwave-flash\" width=\"500\" height=\"310\" src=\"http:\/\/www.youtube.com\/v\/BpgSuvzBJiw&amp;hl=pt_BR&amp;fs=1&amp;color1=0x006699&amp;color2=0x54abd6&amp;border=1\" allowscriptaccess=\"always\" allowfullscreen=\"true\"><\/embed><\/object><\/p>\n<p style=\"text-align: justify;\">Os treinos da sexta feira sempre deixam uma grande interroga\u00e7\u00e3o, mas parece que dessa vez as coisas ficaram um pouco claras, pelo menos na ponta do grid. A McLaren esteve com os melhores tempos nos dois livres, primeiro com Hamilton e depois com Button, seguido logo pela Red Bull, que testou seu F-Duct, primeiro com Webber e depois com Vettel. Mas o pr\u00f3prio Button admitiu que seja imposs\u00edvel melhorar tanto em uma semana a ponto de bater as rivais. Outra que testou o F-Duct foi a Force India. Ningu\u00e9m sabe se as duas equipes v\u00e3o usar o sistema na corrida, e o Sebasti\u00e3o j\u00e1 falou que \u201c\u00e9 bom, mas tem que melhorar\u201d. De certeza, o bixinho do Webber acabou com o motor no final do treino e vai usar um novo. Mas melhor uma merda hoje, que nada vale, do que amanh\u00e3. Ali\u00e1s, quem viu o treino ao vivo viu o chilique que o Webber deu em cima dos fiscais quando o motor pifou. Se algu\u00e9m sabe o motivo daquilo, me conte, porque eu n\u00e3o entendi nada.<\/p>\n<p style=\"text-align: justify;\">Quem est\u00e1 correndo atr\u00e1s do preju\u00edzo \u00e9 a Ferrari. At\u00e9 que o Fernando conseguiu andar bem no TL2. J\u00e1 Massa&#8230;<\/p>\n<figure id=\"attachment_5130\" class=\"thumbnail wp-caption aligncenter\" style=\"width: 510px\"><a href=\"https:\/\/akaikki.com.br\/wp-content\/uploads\/2010\/05\/fripic23.jpg\"><img loading=\"lazy\" decoding=\"async\" class=\"size-large wp-image-5130  \" title=\"Vai, Massa!! VAI MASSA!! VAI PRA PUTA QUE PARIU, MASSA!!\" src=\"https:\/\/akaikki.com.br\/wp-content\/uploads\/2010\/05\/fripic23-500x399.jpg\" alt=\"Felipe Massa comemorando com estilo os 800 Grandes Pr\u00eamios da Ferrari...\" width=\"500\" height=\"399\" srcset=\"https:\/\/akaikki.com.br\/wp-content\/uploads\/2010\/05\/fripic23-500x399.jpg 500w, https:\/\/akaikki.com.br\/wp-content\/uploads\/2010\/05\/fripic23-300x239.jpg 300w, https:\/\/akaikki.com.br\/wp-content\/uploads\/2010\/05\/fripic23.jpg 597w\" sizes=\"auto, (max-width: 500px) 100vw, 500px\" \/><\/a><figcaption class=\"caption wp-caption-text\">Vai, Massa!! VAI MASSA!! VAI PRA PUTA QUE PARIU, MASSA!!<\/figcaption><\/figure>\n<p style=\"text-align: justify;\">No fim do grid, aquela mesma coisa de sempre&#8230; Aquele costumeiro abismo de sempre. No TL1, Em 19\u00ba, Kova faz 1:32:161, a\u00ed, logo depois vem Chandhok, 1:34:876. No TL2, Kova novamente em 19\u00ba faz 1:31:610, logo depois vem Di Grassi com seu 1:33:01. Como recompensa, Karun e Bruno aparecem em 7\u00ba e 8\u00ba no quesito velocidade, na frente das Mercedes e das Red Bull. E pra registrar, a Hispania usou de toda experi\u00eancia de Yamamoto na primeira sess\u00e3o e ele foi o \u00fanico a conseguir a proeza de andar na casa do 1:36.<\/p>\n<p style=\"text-align: center;\">E agora, uma piadinha babaca pra descontrair&#8230;<\/p>\n<figure id=\"attachment_5114\" class=\"thumbnail wp-caption aligncenter\" style=\"width: 510px\"><a href=\"https:\/\/akaikki.com.br\/wp-content\/uploads\/2010\/05\/mark-schumacher.png\"><img loading=\"lazy\" decoding=\"async\" class=\"size-full wp-image-5114\" title=\"Clim\u00e3o\" src=\"https:\/\/akaikki.com.br\/wp-content\/uploads\/2010\/05\/mark-schumacher.png\" alt=\"Clim\u00e3o\" width=\"500\" height=\"1140\" srcset=\"https:\/\/akaikki.com.br\/wp-content\/uploads\/2010\/05\/mark-schumacher.png 500w, https:\/\/akaikki.com.br\/wp-content\/uploads\/2010\/05\/mark-schumacher-131x300.png 131w, https:\/\/akaikki.com.br\/wp-content\/uploads\/2010\/05\/mark-schumacher-219x500.png 219w\" sizes=\"auto, (max-width: 500px) 100vw, 500px\" \/><\/a><figcaption class=\"caption wp-caption-text\">Clim\u00e3o<\/figcaption><\/figure>\n<p><img loading=\"lazy\" decoding=\"async\" style=\"border: 0pt none; margin: 0px 4px;\" src=\"..\/layout\/icon01.png\" alt=\"\" width=\"45\" height=\"45\" align=\"absMiddle\" \/>&#8211; Atentem pro Trulli dando uma bitoquinha no microfone&#8230; Esse a\u00ed nunca me enganou&#8230;<br \/>\n<img loading=\"lazy\" decoding=\"async\" style=\"border: 0pt none; margin: 0px 4px;\" src=\"https:\/\/akaikki.com.br\/wp-content\/uploads\/2010\/03\/dicesar.png\" alt=\"\" width=\"45\" height=\"45\" align=\"absMiddle\" \/>&#8211; Um microfone desses, EU QUEEEEEEEEEGOOOOOOOOOO&#8230;!!<\/p>\n<figure id=\"attachment_5121\" class=\"thumbnail wp-caption aligncenter\" style=\"width: 510px\"><a href=\"https:\/\/akaikki.com.br\/wp-content\/uploads\/2010\/05\/BUTTON.png\"><img loading=\"lazy\" decoding=\"async\" class=\"size-full wp-image-5121\" title=\"Dan\u00e7a Michibata!\" src=\"https:\/\/akaikki.com.br\/wp-content\/uploads\/2010\/05\/BUTTON.png\" alt=\"Dan\u00e7a Michibata!\" width=\"500\" height=\"591\" srcset=\"https:\/\/akaikki.com.br\/wp-content\/uploads\/2010\/05\/BUTTON.png 500w, https:\/\/akaikki.com.br\/wp-content\/uploads\/2010\/05\/BUTTON-253x300.png 253w, https:\/\/akaikki.com.br\/wp-content\/uploads\/2010\/05\/BUTTON-423x500.png 423w\" sizes=\"auto, (max-width: 500px) 100vw, 500px\" \/><\/a><figcaption class=\"caption wp-caption-text\">Dan\u00e7a Michibata!<\/figcaption><\/figure>\n<p style=\"text-align: justify;\"><img loading=\"lazy\" decoding=\"async\" class=\"alignleft\" style=\"border: 0pt none; margin: 0px 4px;\" src=\"..\/layout\/icon01.png\" alt=\"\" width=\"45\" height=\"45\" align=\"absMiddle\" \/>Ali\u00e1s, eu estava vendo o treino livre da tarde quando o narrador da Sportv (que deve ser BEM carioca, porque ele fala PIXTA&#8230;) falar sobre as parciais do circuito turco e falar que o terceiro setor \u00e9 mais importante pra determinar o comportamento do carro porque \u00e9 onde est\u00e1 o ponto mais veloz do tra\u00e7ado&#8230;<\/p>\n<figure id=\"attachment_5125\" class=\"thumbnail wp-caption alignright\" style=\"width: 266px\"><a href=\"https:\/\/akaikki.com.br\/wp-content\/uploads\/2010\/05\/track_istanbul.png\"><img loading=\"lazy\" decoding=\"async\" class=\"size-full wp-image-5125 \" title=\"Circuito de Istambul\" src=\"https:\/\/akaikki.com.br\/wp-content\/uploads\/2010\/05\/track_istanbul.png\" alt=\"Circuito de Istanbul\" width=\"256\" height=\"256\" srcset=\"https:\/\/akaikki.com.br\/wp-content\/uploads\/2010\/05\/track_istanbul.png 256w, https:\/\/akaikki.com.br\/wp-content\/uploads\/2010\/05\/track_istanbul-150x150.png 150w\" sizes=\"auto, (max-width: 256px) 100vw, 256px\" \/><\/a><figcaption class=\"caption wp-caption-text\">Circuito de Istambul<\/figcaption><\/figure>\n<p style=\"text-align: justify;\">OK, temos a\u00ed um pequeno mapa do circuito de Istambul&#8230; As partes vermelha, amarela e verde representam, respectivamente, os setores 1, 2 e 3 do circuito&#8230; A bolota azul indica o Speed Trap e a bolota quadriculada \u00e9 a linha de chegada&#8230; Simples assim&#8230;<\/p>\n<p style=\"text-align: justify;\">\u00c9 bem verdade que \u00e9 no setor 3 que se encontra o Speed Trap, mas EU, Erick Von Draxeler, acho que o setor mais importante pra definir o quanto equilibrado est\u00e1 o carro \u00e9 o segundo&#8230;<\/p>\n<p style=\"text-align: justify;\">Por que eu digo isso? Porque \u00e9 no segundo setor onde est\u00e1 a famosa Curva Oito&#8230; S\u00f3 no treino da tarde, Kamui Kobayashi (\u5c0f\u6797 \u53ef\u5922\u5049), Vitaly Petrov (\u0412\u0438\u0442\u0430\u043b\u0438\u0439 \u041f\u0435\u0442\u0440\u043e\u0432), Vitantonio Liuzzi e Felipe Massa andaram fazendo caca nessa curva&#8230;<\/p>\n<p style=\"text-align: justify;\">A\u00ed eu abro um par\u00eantese para mostrar como que a F\u00f3rmula 1 t\u00e1 uma coisa totalmente viadinha&#8230; Se fosse uma pista de macho, cairiam na brita ou dariam uma porrada\u00e7a no muro&#8230; Tudo com a maior seguran\u00e7a, mas bem mais estiloso&#8230; V\u00ea se a Eau Rouge tem essas suntuosas \u00e1reas de escape? Ser\u00e1 que o Hermann Tilke j\u00e1 experimentou um orgasmo anal hoje? Porque eu estou com uma vontade imensa de mand\u00e1-lo tomar no cu&#8230; O que acham?<\/p>\n<p style=\"text-align: justify;\">Voltando \u00e0 Curva Oito&#8230; Eu vi hoje a diferen\u00e7a entre os carros da frente e os mais lentos nesta curva&#8230; E percebi que os carros mais equilibrados telegrafam um bocado nesta curva, enquanto os carros mais lentos, em alguns casos, at\u00e9 descem uma marcha pra n\u00e3o comprometer o tra\u00e7ado&#8230;<\/p>\n<blockquote>\n<p style=\"text-align: justify;\"><strong>IPC:<\/strong> Para quem n\u00e3o conhece o termo: &#8220;telegrafar&#8221;, em automobilismo, significa andar com meia carga no acelerador, dando umas pisadinhas mais fortes em algum momento&#8230; Muito comum em curvas de muita velocidade, como a Curva Oito de Istambul&#8230;<\/p>\n<\/blockquote>\n<blockquote><p><strong>MIA:<\/strong> Se voc\u00ea est\u00e1 lendo at\u00e9 aqui, eu DUVIDO que voc\u00ea j\u00e1 n\u00e3o soubesse&#8230;<\/p><\/blockquote>\n<p style=\"text-align: justify;\">E neste final de semana, a Ferrari comemora 800 Grandes Pr\u00eamios&#8230; O que indica que a Ferrari n\u00e3o participou de 27 corridas em toda a hist\u00f3ria da F\u00f3rmula 1, a saber&#8230;<\/p>\n<ul style=\"text-align: justify;\">\n<li>1950: Gr\u00e3-Bretanha<\/li>\n<li>1960: Estados Unidos<\/li>\n<li>1961: Estados Unidos<\/li>\n<li>1962: Estados Unidos e \u00c1frica do Sul<\/li>\n<li>1966: Gr\u00e3-Bretanha e M\u00e9xico<\/li>\n<li>1967: \u00c1frica do Sul<\/li>\n<li>1968: M\u00f4naco<\/li>\n<li>1969: Alemanha<\/li>\n<li>1976: \u00c1ustria<\/li>\n<li>Todas as edi\u00e7\u00f5es das 500 Milhas de Indian\u00e1polis, exceto 1952<\/li>\n<li>Esta conta t\u00e1 furada&#8230; Tem GP faltando a\u00ed&#8230;<\/li>\n<li>Assim como a conta do recorde de GPs do Rubinho tamb\u00e9m estava furada&#8230;<\/li>\n<li style=\"text-align: justify;\">Quem puder conferir melhor, me avisa&#8230;<\/li>\n<\/ul>\n<hr style=\"text-align: justify;\" \/>\n<p style=\"text-align: justify;\"><img loading=\"lazy\" decoding=\"async\" class=\"alignleft\" style=\"border: 0pt none; margin: 0px 4px;\" src=\"..\/layout\/icon25.png\" alt=\"\" width=\"45\" height=\"45\" align=\"absMiddle\" \/><\/p>\n<p style=\"text-align: justify;\">\n<p style=\"text-align: justify;\"><strong>S\u00e1bado, 29 de maio<\/strong> &#8211; No comecinho da temporada, conversando com o colega <a href=\"http:\/\/twitter.com\/maurilyn\">Maurilyn<\/a> (foi ele, se n\u00e3o me falha muito a mem\u00f3ria) sobre quem gostar\u00edamos de ver sendo campe\u00e3o esse ano, ele comentou que Mark Webber seria uma boa pedida. Achei besteira. Se a Red Bull fosse campe\u00e3, seria com o promissor e queridinho Vettel. Agora, na terceira pole consecutiva e na lideran\u00e7a do campeonato, o australiano come\u00e7a a assombrar seu companheiro mais que nunca. Claro que o campeonato ainda vai dar muitas voltas, como j\u00e1 deu. Mas agora, consigo dizer, sem achar besteira, que ele \u00e9 sim, uma boa pedida. Apesar de n\u00e3o ser um doce de candura, como algumas pessoas <a href=\"http:\/\/twitter.com\/WLuizCarvalho\/status\/14971548376\">relembraram<\/a> ontem. Afinal, corrida \u00e9 na pista e na f\u00f3rmula um n\u00e3o tem santo.<\/p>\n<p style=\"text-align: justify;\">\n<figure id=\"attachment_5153\" class=\"thumbnail wp-caption aligncenter\" style=\"width: 474px\"><a href=\"https:\/\/akaikki.com.br\/wp-content\/uploads\/2010\/05\/f1-2010-tur-xp-0627-e1275219142534.jpg\"><img loading=\"lazy\" decoding=\"async\" class=\"size-full wp-image-5153\" title=\"Vettel come\u00e7a a ficar &quot;aperriado&quot;\" src=\"https:\/\/akaikki.com.br\/wp-content\/uploads\/2010\/05\/f1-2010-tur-xp-0627-e1275219142534.jpg\" alt=\"Vettel come\u00e7a a ficar &quot;aperriado&quot;\" width=\"464\" height=\"514\" srcset=\"https:\/\/akaikki.com.br\/wp-content\/uploads\/2010\/05\/f1-2010-tur-xp-0627-e1275219142534.jpg 464w, https:\/\/akaikki.com.br\/wp-content\/uploads\/2010\/05\/f1-2010-tur-xp-0627-e1275219142534-270x300.jpg 270w, https:\/\/akaikki.com.br\/wp-content\/uploads\/2010\/05\/f1-2010-tur-xp-0627-e1275219142534-451x500.jpg 451w\" sizes=\"auto, (max-width: 464px) 100vw, 464px\" \/><\/a><figcaption class=\"caption wp-caption-text\">Vettel come\u00e7a a ficar &quot;aperriado&quot;<\/figcaption><\/figure>\n<p style=\"text-align: justify;\">Por falar no menino Vettel, ele fez o favor de errar na classifica\u00e7\u00e3o, ali\u00e1s, e deu o segundo lugar no grid nas m\u00e3os de Hamilton. A McLaren vem forte, e ele pode muito bem dar o pulo do gato logo de cara, ou quem sabe, esperar alguma coisa acontecer com o motor Red Bull&#8230;<\/p>\n<p style=\"text-align: justify;\">Quem tamb\u00e9m errou, errou feio, errou muito e n\u00e3o pela primeira vez no ano, foi Alonso. Saiu da pista no Q2 e admitindo a falha. Felipe Massa, parece que ainda n\u00e3o encontrou o tal problema do carro e larga da 8\u00ba posi\u00e7\u00e3o. A grande expectativa de amanh\u00e3 \u00e9 o que Alonso poder\u00e1 fazer largando da 12\u00ba. Na frente dele est\u00e3o Sutil, que n\u00e3o \u00e9 osso f\u00e1cil de roer, Kobashow, que deu show no qualify, mas que, por ser japon\u00eas, nunca pode-se confiar que ele n\u00e3o vai jogar o carro em cima dos outros, e Petrov, que chegou a ser 4\u00ba durante o Q2, com sua Renault que se mostra cada vez mais forte, forte feito gema de ovo.<\/p>\n<p style=\"text-align: justify;\">Por falar em forte, Bruno Senna falou que foi um bom dia pra ele, e foi mesmo. Ficou na frente do companheiro de equipe e de Lucas Di Grassi, com mais de meio segundo de diferen\u00e7a. De mais decepcionante, novamente Vitantonio Liuzzi, com sua razo\u00e1vel Force India, terminou em 18\u00ba e pros brasileiros, que sempre guardam aquela esperan\u00e7a, que tiram de n\u00e3o sei onde, foi um fim de semana ruim para Williams.<\/p>\n<p style=\"text-align: justify;\">De mais radiante, as Lotus est\u00e3o naquele esquema de devagar e sempre, e est\u00e3o evoluindo. Ah, e a Sauber, como j\u00e1 falei de Kobashow, faltou falar do outro&#8230; Pedro De La Rosa, vai largar atr\u00e1s do companheiro de equipe, de novo, e seu companheiro \u00e9 um japon\u00eas, ent\u00e3o&#8230; bom \u00e9 isso.<\/p>\n<p style=\"text-align: justify;\">J\u00e1 a Toro Rosso fez um qualify b\u00e1sico, nem muito nem pouco, ficando no meio do Q2 com Buemi na frente de Alguersuari. Ali\u00e1s, eu n\u00e3o sabia que o Buemi, al\u00e9m de feio, \u00e9 um daqueles amigos que fica apontando e rindo pras desgra\u00e7as dos outros.<\/p>\n<figure id=\"attachment_5161\" class=\"thumbnail wp-caption aligncenter\" style=\"width: 510px\"><a href=\"https:\/\/akaikki.com.br\/wp-content\/uploads\/2010\/05\/alguersuari-buemi.jpg\"><img loading=\"lazy\" decoding=\"async\" class=\"size-large wp-image-5161\" title=\"HAHAHA, que coxa branca da porra!\" src=\"https:\/\/akaikki.com.br\/wp-content\/uploads\/2010\/05\/alguersuari-buemi-500x333.jpg\" alt=\"HAHAHA, que coxa branca da porra!\" width=\"500\" height=\"333\" srcset=\"https:\/\/akaikki.com.br\/wp-content\/uploads\/2010\/05\/alguersuari-buemi-500x333.jpg 500w, https:\/\/akaikki.com.br\/wp-content\/uploads\/2010\/05\/alguersuari-buemi-300x200.jpg 300w, https:\/\/akaikki.com.br\/wp-content\/uploads\/2010\/05\/alguersuari-buemi.jpg 577w\" sizes=\"auto, (max-width: 500px) 100vw, 500px\" \/><\/a><figcaption class=\"caption wp-caption-text\">HAHAHA, que coxa branca da porra!<\/figcaption><\/figure>\n<p style=\"text-align: center;\">V\u00e1 l\u00e1, eu tamb\u00e9m ri. O sol mandou lembran\u00e7a, Jaiminho.<\/p>\n<p style=\"text-align: justify;\"><img loading=\"lazy\" decoding=\"async\" style=\"border: 0pt none; margin: 0px 4px;\" src=\"..\/layout\/icon01.png\" alt=\"\" width=\"45\" height=\"45\" align=\"absMiddle\" \/>&#8211; Porra, Jaiminho!! Que merda de coxa branca \u00e9 essa?!<br \/>\n<img loading=\"lazy\" decoding=\"async\" style=\"border: 0pt none; margin: 0px 4px;\" src=\"https:\/\/akaikki.com.br\/wp-content\/uploads\/2010\/03\/jaiminho.png\" alt=\"\" width=\"45\" height=\"45\" align=\"absMiddle\" \/>&#8211; \u00c9 que eu quero evitar a fadiga&#8230;<\/p>\n<p style=\"text-align: justify;\"><img loading=\"lazy\" decoding=\"async\" style=\"border: 0pt none; margin: 0px 4px;\" src=\"..\/layout\/icon01.png\" alt=\"\" width=\"45\" height=\"45\" align=\"absMiddle\" \/>Muito bem, Bianca, vaquinha querida, vamos \u00e0 nossa an\u00e1lise babaca da vez&#8230;<\/p>\n<p style=\"text-align: center;\"><a href=\"https:\/\/akaikki.com.br\/wp-content\/uploads\/2010\/05\/top_tl1_tl2_tl3_qual.png\"><img loading=\"lazy\" decoding=\"async\" src=\"https:\/\/akaikki.com.br\/wp-content\/uploads\/2010\/05\/top_tl1_tl2_tl3_qual.png\" alt=\"\" width=\"418\" height=\"161\" \/><\/a><\/p>\n<p style=\"text-align: justify;\">Esta tabela mostra quem liderou cada uma das 28 sess\u00f5es de treinos realizadas at\u00e9 o momento&#8230; Note que mesmo que os Touros Vermelhos n\u00e3o se mostrem dominantes ao longo do final de semana, quando chega a hora da verdade, eles chegam e metem a porrada e, se algo n\u00e3o d\u00e1 errado na corrida, eles dominam a corrida tamb\u00e9m&#8230; Por isso que eu concordo com <strong>O<\/strong> Maurilyn sobre o fato de que, pela primeira vez na hist\u00f3ria da F\u00f3rmula 1, o campe\u00e3o ser\u00e1 de uma equipe austr\u00edaca&#8230;<\/p>\n<p style=\"text-align: justify;\">&#8230;embora a Red Bull seja, na verdade, a continua\u00e7\u00e3o da Jaguar, que \u00e9 a continua\u00e7\u00e3o da Stewart, que era uma equipe brit\u00e2nica&#8230; Entendeu alguma coisa a\u00ed, Lori?<\/p>\n<p style=\"text-align: justify;\"><img loading=\"lazy\" decoding=\"async\" style=\"border: 0pt none; margin: 0px 4px;\" src=\"..\/layout\/icon07.png\" alt=\"\" width=\"45\" height=\"45\" align=\"absMiddle\" \/>&#8211; Pera\u00ed, &#8220;Brit\u00e2nica&#8221; n\u00e3o \u00e9 uma marca de vassoura?<br \/>\n<img loading=\"lazy\" decoding=\"async\" class=\"alignleft\" style=\"border: 0pt none; margin: 0px 4px;\" src=\"..\/layout\/icon01.png\" alt=\"\" width=\"45\" height=\"45\" align=\"absMiddle\" \/>&#8211; Se voc\u00ea acha que a <strong>BRIT\u00c2NIA<\/strong> \u00e9 s\u00f3 uma marca de vassouras, ent\u00e3o voc\u00ea <strong>PRECISA <\/strong>rever seus conceitos <strong>ONTEM!!<\/strong><br \/>\n<span style=\"color: #ffffff;\">.<\/span><br \/>\n<span style=\"color: #ffffff;\">.<\/span><br \/>\n<img loading=\"lazy\" decoding=\"async\" class=\"alignleft\" style=\"margin: 0px 4px; border: 0pt none;\" src=\"https:\/\/akaikki.com.br\/wp-content\/uploads\/2010\/03\/cleber.png\" alt=\"\" width=\"45\" height=\"45\" align=\"absMiddle\" \/>&#8211; Pera\u00ed, como \u00e9 poss\u00edvel que uma pessoa possa rever seus conceitos ontem se ontem j\u00e1 passou? Pode isso, Arnaldo?<br \/>\n<span style=\"color: #ffffff;\">.<br \/>\n.<\/span><br \/>\n<img loading=\"lazy\" decoding=\"async\" class=\"alignleft\" style=\"border: 0pt none; margin: 0px 4px;\" src=\"https:\/\/akaikki.com.br\/wp-content\/uploads\/2010\/03\/arnaldocezarcoelho.png\" alt=\"\" width=\"45\" height=\"45\" align=\"absMiddle\" \/>&#8211; Cl\u00e9ber, a regra \u00e9 clara: nesse caso n\u00e3o h\u00e1 infra\u00e7\u00e3o nenhuma, \u00e9 s\u00f3 uma figura de linguagem&#8230; Agora se algu\u00e9m tenta realmente mudar o fluxo do tempo, principalmente o tempo que j\u00e1 passou, a\u00ed j\u00e1 \u00e9 antijogo e o \u00e1rbitro tem que parar o jogo e punir o infrator com cart\u00e3o amarelo&#8230; Em caso de reincid\u00eancia, o Kamen Rider Den-O ter\u00e1 que ser chamado pra tir\u00e1-lo do jogo, porque se trata de um Imagin&#8230;<strong> <\/strong><\/p>\n<hr \/>\n<figure id=\"attachment_5173\" class=\"thumbnail wp-caption aligncenter\" style=\"width: 510px\"><strong><a href=\"https:\/\/akaikki.com.br\/wp-content\/uploads\/2010\/05\/d10tur1368.jpg\"><img loading=\"lazy\" decoding=\"async\" class=\"size-large wp-image-5173\" title=\"A N I M A L !!\" src=\"https:\/\/akaikki.com.br\/wp-content\/uploads\/2010\/05\/d10tur1368-500x333.jpg\" alt=\"A N I M A L !!\" width=\"500\" height=\"333\" srcset=\"https:\/\/akaikki.com.br\/wp-content\/uploads\/2010\/05\/d10tur1368-500x333.jpg 500w, https:\/\/akaikki.com.br\/wp-content\/uploads\/2010\/05\/d10tur1368-300x199.jpg 300w, https:\/\/akaikki.com.br\/wp-content\/uploads\/2010\/05\/d10tur1368.jpg 597w\" sizes=\"auto, (max-width: 500px) 100vw, 500px\" \/><\/a><\/strong><figcaption class=\"caption wp-caption-text\">A N I M A L !!<\/figcaption><\/figure>\n<p style=\"text-align: justify;\"><img loading=\"lazy\" decoding=\"async\" class=\"alignleft\" style=\"border: 0pt none; margin: 0px 4px;\" src=\"..\/layout\/icon01.png\" alt=\"\" width=\"45\" height=\"45\" align=\"absMiddle\" \/><strong>Domingo, 30 de maio<\/strong> &#8211; Foi mais ou menos essa a minha rea\u00e7\u00e3o quando eu vi o Vettel se tirar da corrida e matar a corrida do Webber&#8230; Quer dizer, quando eu vi o replay, porque eles resolveram fazer essa merda quando eu estava no camarim do Wanderley Cardoso colocando os moreninhos pra nadar&#8230;<\/p>\n<p style=\"text-align: center;\"><object classid=\"clsid:d27cdb6e-ae6d-11cf-96b8-444553540000\" width=\"480\" height=\"392\" codebase=\"http:\/\/download.macromedia.com\/pub\/shockwave\/cabs\/flash\/swflash.cab#version=6,0,40,0\"><param name=\"quality\" value=\"high\" \/><param name=\"FlashVars\" value=\"midiaId=1273255&amp;autoStart=false&amp;width=480&amp;height=392\" \/><param name=\"src\" value=\"http:\/\/video.globo.com\/Portal\/videos\/cda\/player\/player.swf\" \/><param name=\"flashvars\" value=\"midiaId=1273255&amp;autoStart=false&amp;width=480&amp;height=392\" \/><embed type=\"application\/x-shockwave-flash\" width=\"480\" height=\"392\" src=\"http:\/\/video.globo.com\/Portal\/videos\/cda\/player\/player.swf\" flashvars=\"midiaId=1273255&amp;autoStart=false&amp;width=480&amp;height=392\" quality=\"high\"><\/embed><\/object><\/p>\n<p style=\"text-align: justify;\">Confiram em 2:04 deste v\u00eddeo o momento em que o pirralho alem\u00e3o jogou pela janela o pouco de raz\u00e3o que lhe restava&#8230; Louco \u00e9 voc\u00ea, seu pivete, ao achar que j\u00e1 tinha passado <strong>O SEU COMPANHEIRO DE EQUIPE<\/strong> e, de quebra, matar a corrida <strong>DOS DOIS!!<\/strong> A F\u00f3rmula 1 n\u00e3o precisa de mais um babaca que acha que TEM que ser o Lu\u00eds Pereira&#8230; Se voc\u00ea quer mostrar pro &#8220;clone do Burti&#8221; que merece um status melhor que o seu companheiro de equipe, n\u00e3o \u00e9 desse jeito que se faz&#8230; <strong>SEU ANIMAL!! <\/strong>Com a palavra, Francisco Aure&#8230;<\/p>\n<p style=\"text-align: justify;\"><img loading=\"lazy\" decoding=\"async\" class=\"alignleft\" style=\"border: 0pt none; margin: 0px 4px;\" src=\"..\/layout\/icon05.png\" alt=\"\" width=\"45\" height=\"45\" align=\"absMiddle\" \/>&#8211; Creo que Vettel tuvo la mayor parte de la culpa, no debi\u00f3 intentar esa maniobra. Webber tambien PODR\u00cdA haberse corrido a la derecha&#8230; (no digo que TEN\u00cdA que hacerlo&#8230;)<br \/>\n<span style=\"color: #ffffff;\">.<\/span><\/p>\n<p style=\"text-align: justify;\">Pra voc\u00eas verem o n\u00edvel de cabacice do Vettel, eu me prestei a procurar a Lahys (a pessoa real, n\u00e3o a personagem&#8230;) e propus \u00e0 ela essa situa\u00e7\u00e3o e perguntei \u00e0 ela o que ela faria no lugar dela&#8230; \u00c9 \u00f3bvio que ela respondeu que ia tentar ganhar a corrida, certo?<\/p>\n<p style=\"text-align: justify;\">N\u00e3o satisfeito, propus o mesmo caso \u00e0 Netevi e \u00e0 uma amiga minha, <strong>Aline Szpaller<\/strong>, ambas t\u00e3o leigas quanto a Lahys&#8230; E as duas me responderam que segurariam o resultado&#8230; Ou seja: se o Vettel teve o mesmo racioc\u00ednio de uma garota que n\u00e3o entende bulhufas de F\u00f3rmula 1 e outras duas meninas t\u00e3o leigas quanto a primeira tomariam uma atitude mais sensata, significa que a\u00ed tem algo <strong>MUITO ERRADO!!<\/strong><\/p>\n<p style=\"text-align: justify;\">Mais bizarro, por\u00e9m, foi ver o Neg\u00e3o com uma cara de coc\u00f4 no p\u00f3dio&#8230; <strong>PORRA, HAMILTON!! <\/strong>Larga de ser babaca e comemora essa porra dessa vit\u00f3ria que nem macho, porque al\u00e9m de a McLata ter dominado os treinos da sexta, conseguir uma vit\u00f3ria numa corrida praticamente perdida \u00e9 muito mais do que uma vit\u00f3ria comum&#8230; Uma vit\u00f3ria dessas tinha que valer quarenta pontos!!<\/p>\n<figure id=\"attachment_5175\" class=\"thumbnail wp-caption aligncenter\" style=\"width: 510px\"><a href=\"https:\/\/akaikki.com.br\/wp-content\/uploads\/2010\/05\/hamilton_vettel_webber_blog.jpg\"><img loading=\"lazy\" decoding=\"async\" class=\"size-full wp-image-5175\" title=\"FUCK YEA!!\" src=\"https:\/\/akaikki.com.br\/wp-content\/uploads\/2010\/05\/hamilton_vettel_webber_blog.jpg\" alt=\"FUCK YEA!!\" width=\"500\" height=\"211\" srcset=\"https:\/\/akaikki.com.br\/wp-content\/uploads\/2010\/05\/hamilton_vettel_webber_blog.jpg 500w, https:\/\/akaikki.com.br\/wp-content\/uploads\/2010\/05\/hamilton_vettel_webber_blog-300x126.jpg 300w\" sizes=\"auto, (max-width: 500px) 100vw, 500px\" \/><\/a><figcaption class=\"caption wp-caption-text\">FUCK YEA!!<\/figcaption><\/figure>\n<p style=\"text-align: justify;\">Al\u00e9m do primeiro lugar do Hamilton, teve ainda o segundo do Bot\u00e3o&#8230; Depois de dominar a sexta e ver a Red Bull dominar o resto da semana, a dobradinha da McLata serviu pra mostrar algumas coisas importantes&#8230; Primeiro: a Red Bull n\u00e3o est\u00e1 sozinha neste campeonato&#8230; A McLata ainda vai dar muito trabalho neste ano, principalmente em pistas de retas muito longas, como \u00e9 o caso da pr\u00f3xima etapa, em Montr\u00e9al, por causa do famigerado duto frontal&#8230;<\/p>\n<p style=\"text-align: justify;\">Notaram que eu s\u00f3 se falou de Red Bull e McLata nesta edi\u00e7\u00e3o? Pois \u00e9&#8230; E a Ferrari? Despontou como favorita no come\u00e7o do ano, venceram a primeira corrida no ano, o Massa chegou a liderar o campeonato na Mal\u00e1sia&#8230; E a\u00ed? Cad\u00ea os vermelhinhos?<\/p>\n<p style=\"text-align: justify;\"><img loading=\"lazy\" decoding=\"async\" style=\"border: 0pt none; margin: 0px 4px;\" src=\"https:\/\/akaikki.com.br\/wp-content\/uploads\/2010\/05\/chapolin.png\" alt=\"\" width=\"45\" height=\"45\" align=\"absMiddle\" \/><strong>&#8211; EU!!<\/strong><br \/>\n<img loading=\"lazy\" decoding=\"async\" class=\"alignleft\" style=\"border: 0pt none; margin: 0px 4px;\" src=\"..\/layout\/icon01.png\" alt=\"\" width=\"45\" height=\"45\" align=\"absMiddle\" \/><strong>&#8211; O CHAPOLIN COLORA<\/strong>&#8230; Ah, porra&#8230; Ei, at\u00e9 que veio a calhar&#8230; Ser\u00e1 que voc\u00ea pode ajudar a Ferrari?<br \/>\n<span style=\"color: #ffffff;\">.<br \/>\n.<\/span><br \/>\n<img loading=\"lazy\" decoding=\"async\" style=\"border: 0pt none; margin: 0px 4px;\" src=\"..\/wp-content\/uploads\/2010\/05\/chapolin.png\" alt=\"\" width=\"45\" height=\"45\" align=\"absMiddle\" \/>&#8211; Eu sou o Chapolin Colorado, n\u00e3o sou Jan\u00e1i Himura&#8230;<br \/>\n<img loading=\"lazy\" decoding=\"async\" style=\"border: 0pt none; margin: 0px 4px;\" src=\"..\/layout\/icon08.png\" alt=\"\" width=\"45\" height=\"45\" align=\"absMiddle\" \/><a title=\"Eu n\u00e3o quero ajudar a Ferrari... E quanto a voc\u00ea, Chapolin, MORRA DE UMA VEZ!!\">&#8211; \u6211\u306f\u30d5\u30a7\u30e9\u30fc\u30ea\u3092\u52a9\u3051\u308b\u305f\u3081\u306b\u3057\u305f\u304f\u306a\u3044&#8230; \u305d\u3057\u3066\u3001\u304a\u524d\u3082\u3001\u30c1\u30e3\u30d7\u30ea\u30f3\u3001<strong>\u4e00\u5ea6\u306b\u6b7b\u306d!!<\/strong><\/a><\/p>\n<p style=\"text-align: center;\"><img loading=\"lazy\" decoding=\"async\" src=\"https:\/\/akaikki.com.br\/wp-content\/uploads\/2010\/03\/himura_kill.gif\" alt=\"\" width=\"386\" height=\"166\" \/><br \/>\nJan\u00e1i Himura acaba com a exist\u00eancia do Chapolin Colorado&#8230;<\/p>\n<p style=\"text-align: justify;\"><img loading=\"lazy\" decoding=\"async\" style=\"border: 0pt none; margin: 0px 4px;\" src=\"..\/layout\/icon25.png\" alt=\"\" width=\"45\" height=\"45\" align=\"absMiddle\" \/>&#8211; Oh&#8230; E agora, quem poder\u00e1 ajud\u00e1-lo&#8230;<br \/>\n<img loading=\"lazy\" decoding=\"async\" style=\"border: 0pt none; margin: 0px 4px;\" src=\"..\/layout\/icon01.png\" alt=\"\" width=\"45\" height=\"45\" align=\"absMiddle\" \/>&#8211; N\u00e3o olha pra mim!! Al\u00e9m disso, esta foi a 100\u00aa apari\u00e7\u00e3o Himuriana nesta vers\u00e3o do site&#8230;<\/p>\n<p style=\"text-align: justify;\">\u00c9 s\u00e9rio, macacada!! Nem o Choronso, t\u00e3o cotado pra ser o novo her\u00f3i do time de Maranello, t\u00e1 salvando a equipe&#8230; Eu me arrisco a dizer que a Ferrari ainda vai perder pela temporada a terceira posi\u00e7\u00e3o nos construtores pra Mercedes, que vem evoluindo e ainda tem um tal de Michael Schumacher em fase de reascens\u00e3o&#8230; N\u00e3o sabem quem \u00e9 o Schumacher? <a href=\"http:\/\/www.youtube.com\/watch?v=axb9-UXlbuI\" target=\"_blank\">\u00c9 aquele que o que ele bate e estoura de motor n\u00e3o-\u00e9-f\u00e1-cil&#8230;<\/a><\/p>\n<p style=\"text-align: center;\">Conclus\u00e3o da porra toda:<\/p>\n<p style=\"text-align: center;\"><a href=\"https:\/\/akaikki.com.br\/wp-content\/uploads\/2010\/05\/resultado_r07.png\"><img loading=\"lazy\" decoding=\"async\" title=\"Grande Pr\u00eamio da Turquia - Resultado\" src=\"https:\/\/akaikki.com.br\/wp-content\/uploads\/2010\/05\/resultado_r07.png\" alt=\"\" width=\"550\" height=\"657\" \/><\/a><\/p>\n<p style=\"text-align: justify;\">R\u00e1pido adendo: Petrov fazendo melhor volta com a Renault&#8230; Olho no time gaul\u00eas pra 2011!!<\/p>\n<p style=\"text-align: justify;\">Pelo menos nem tudo \u00e9 desgra\u00e7a pra Red Bull: Webber conseguiu salvar o p\u00f3dio, mesmo tendo que trocar a asa dianteira, e ainda conseguiu manter a lideran\u00e7a do campeonato de pilotos, com cinco pontos mais que o segundo colocado&#8230;<\/p>\n<p style=\"text-align: center;\"><a href=\"https:\/\/akaikki.com.br\/wp-content\/uploads\/2010\/05\/drivers_full2.png\"><img loading=\"lazy\" decoding=\"async\" title=\"Mundial de Pilotos\" src=\"https:\/\/akaikki.com.br\/wp-content\/uploads\/2010\/05\/drivers_top82-500x91.png\" alt=\"\" width=\"500\" height=\"91\" \/><\/a><\/p>\n<p style=\"text-align: justify;\">No entanto, se o Vettel n\u00e3o tivesse feito a cagada que fez, Webber estaria sete pontos \u00e0 frente do alem\u00e3ozinho e 21 \u00e0 frente do Button!!<\/p>\n<p style=\"text-align: center;\"><a href=\"https:\/\/akaikki.com.br\/wp-content\/uploads\/2010\/05\/teams_full2.png\"><img loading=\"lazy\" decoding=\"async\" title=\"Mundial de Construtores\" src=\"https:\/\/akaikki.com.br\/wp-content\/uploads\/2010\/05\/teams_top82-500x91.png\" alt=\"\" width=\"500\" height=\"91\" \/><\/a><\/p>\n<p style=\"text-align: justify;\">E nos Construtores, Vettel trocou uma lideran\u00e7a folgada do time de 199 a 156 pelo segundo lugar no campeonato, um ponto atr\u00e1s da McLata!! Por isso que eu repito:<\/p>\n<h1 style=\"text-align: center;\"><strong>VETTEL, SEU ANIMAL!!<\/strong><\/h1>\n<p style=\"text-align: justify;\">Pra fechar, o <span style=\"color: #c00000;\">a.k.a.\u4e00\u8f1d!!<\/span> conseguiu retratar numa imagem de Webber no p\u00f3dio o que um humano normal enxergava\u00a0 nesse momento e o que o australiano enxergava na hora&#8230;<\/p>\n<p style=\"text-align: center;\"><strong> <\/strong><\/p>\n<figure id=\"attachment_5199\" class=\"thumbnail wp-caption aligncenter\" style=\"width: 496px\"><a href=\"https:\/\/akaikki.com.br\/wp-content\/uploads\/2010\/05\/sunpic24.jpg\"><img loading=\"lazy\" decoding=\"async\" class=\"size-full wp-image-5199 \" title=\"\u00d3 D I O !!\" src=\"https:\/\/akaikki.com.br\/wp-content\/uploads\/2010\/05\/sunpic24.jpg\" alt=\"\u00d3 D I O !!\" width=\"486\" height=\"775\" srcset=\"https:\/\/akaikki.com.br\/wp-content\/uploads\/2010\/05\/sunpic24.jpg 607w, https:\/\/akaikki.com.br\/wp-content\/uploads\/2010\/05\/sunpic24-313x500.jpg 313w\" sizes=\"auto, (max-width: 486px) 100vw, 486px\" \/><\/a><figcaption class=\"caption wp-caption-text\">\u00d3 D I O !!<\/figcaption><\/figure>\n<p>N\u00e3o entendeu? Veja <strong><a href=\"https:\/\/akaikki.com.br\/wp-content\/uploads\/2010\/05\/1204055582-00.png\" target=\"_blank\">isso<\/a><\/strong>, <strong><a href=\"https:\/\/akaikki.com.br\/wp-content\/uploads\/2010\/05\/1175566407-01.png\" target=\"_blank\">isso<\/a><\/strong>, <strong><a href=\"http:\/\/www.youtube.com\/watch?v=5CKdrPok_ig\" target=\"_blank\">este v\u00eddeo<\/a><\/strong> (entre 0:48 e 1:33) e lamente pela inf\u00e2ncia perdida&#8230;<\/p>\n<p style=\"text-align: justify;\">No pr\u00f3ximo epis\u00f3dio, daqui a duas semanas, os pilotos regressam ao circuito de Montr\u00e9al, <a href=\"http:\/\/pt.wikipedia.org\/wiki\/Gilles_Villeneuve\" target=\"_blank\">nomeado em homenagem a um dos grandes pilotos da hist\u00f3ria da F\u00f3rmula 1<\/a>, que viveu numa \u00e9poca em que a F\u00f3rmula 1 ainda era um esporte de macho&#8230;<\/p>\n<p style=\"text-align: justify;\"><img loading=\"lazy\" decoding=\"async\" title=\"Erick Von Draxeler perdeu a inf\u00e2ncia no fliper...\" src=\"https:\/\/akaikki.com.br\/layout\/assinaturas\/sig01.png\" alt=\"\" width=\"500\" height=\"43\" \/><br \/>\n<img loading=\"lazy\" decoding=\"async\" title=\"Bianca Moura n\u00e3o perde tempo com fliper...\" src=\"https:\/\/akaikki.com.br\/layout\/assinaturas\/sig25.png\" alt=\"\" width=\"500\" height=\"43\" \/><\/p>\n","protected":false},"excerpt":{"rendered":"<p>aquinhas e vaquinhos do meu Brasil-sil-sil-sil&#8230; Num m\u00eas que foi pouco produtivo para o site, pelo menos os nossos especiais de F\u00f3rmula 1 saem numa boa (at\u00e9 porque eu n\u00e3o fa\u00e7o esta merda sozinho&#8230;) e eu aproveito pra comunicar que, no dia 26, o site bateu mais um recorde de visitas!! Parab\u00e9ns pra todos os<\/p>\n","protected":false},"author":2,"featured_media":0,"comment_status":"open","ping_status":"open","sticky":false,"template":"","format":"standard","meta":{"footnotes":""},"categories":[195,59],"tags":[],"class_list":["post-5078","post","type-post","status-publish","format-standard","hentry","category-a-k-a--na-formula-1","category-youtoba"],"_links":{"self":[{"href":"https:\/\/akaikki.com.br\/index.php?rest_route=\/wp\/v2\/posts\/5078","targetHints":{"allow":["GET"]}}],"collection":[{"href":"https:\/\/akaikki.com.br\/index.php?rest_route=\/wp\/v2\/posts"}],"about":[{"href":"https:\/\/akaikki.com.br\/index.php?rest_route=\/wp\/v2\/types\/post"}],"author":[{"embeddable":true,"href":"https:\/\/akaikki.com.br\/index.php?rest_route=\/wp\/v2\/users\/2"}],"replies":[{"embeddable":true,"href":"https:\/\/akaikki.com.br\/index.php?rest_route=%2Fwp%2Fv2%2Fcomments&post=5078"}],"version-history":[{"count":95,"href":"https:\/\/akaikki.com.br\/index.php?rest_route=\/wp\/v2\/posts\/5078\/revisions"}],"predecessor-version":[{"id":5205,"href":"https:\/\/akaikki.com.br\/index.php?rest_route=\/wp\/v2\/posts\/5078\/revisions\/5205"}],"wp:attachment":[{"href":"https:\/\/akaikki.com.br\/index.php?rest_route=%2Fwp%2Fv2%2Fmedia&parent=5078"}],"wp:term":[{"taxonomy":"category","embeddable":true,"href":"https:\/\/akaikki.com.br\/index.php?rest_route=%2Fwp%2Fv2%2Fcategories&post=5078"},{"taxonomy":"post_tag","embeddable":true,"href":"https:\/\/akaikki.com.br\/index.php?rest_route=%2Fwp%2Fv2%2Ftags&post=5078"}],"curies":[{"name":"wp","href":"https:\/\/api.w.org\/{rel}","templated":true}]}}