{"id":4104,"date":"2010-04-06T10:28:59","date_gmt":"2010-04-06T13:28:59","guid":{"rendered":"http:\/\/akaikki.com.br\/?p=4104"},"modified":"2010-04-07T11:39:16","modified_gmt":"2010-04-07T14:39:16","slug":"a-k-a-%e4%b8%80%e8%bc%9d-%e2%80%93-edicao-1570","status":"publish","type":"post","link":"https:\/\/akaikki.com.br\/?p=4104","title":{"rendered":"a.k.a.\u4e00\u8f1d!! \u2013 Edi\u00e7\u00e3o 1570"},"content":{"rendered":"<p style=\"text-align: justify;\"><img loading=\"lazy\" decoding=\"async\" class=\"alignleft\" style=\"border: 0px none; margin: 1px 4px;\" src=\"https:\/\/akaikki.com.br\/layout\/caps\/cap_c.gif\" alt=\"\" width=\"39\" height=\"39\" \/>hove muito no Rio de Janeiro desde a noite de ontem (dia 5)&#8230; Se os paulistas sofreram com as chuvas no come\u00e7o deste ano, essa semana parece que \u00e9 a nossa vez&#8230; Ontem eu fui no M\u00e9ier pra me inscrever num curso pro concurso da Caixa (pra descobrir que cancelaram o curso porque n\u00e3o formou turma&#8230;) e, quando tentei voltar, fiquei preso algum tempo no Shopping do M\u00e9ier&#8230;<\/p>\n<p style=\"text-align: justify;\">\n<figure id=\"attachment_4105\" class=\"thumbnail wp-caption aligncenter\" style=\"width: 510px\"><a href=\"https:\/\/akaikki.com.br\/wp-content\/uploads\/2010\/04\/83198424.jpg\"><img loading=\"lazy\" decoding=\"async\" class=\"size-large wp-image-4105 \" title=\"Rio Dias da Cruz - Foto do meu celular\" src=\"https:\/\/akaikki.com.br\/wp-content\/uploads\/2010\/04\/83198424-500x375.jpg\" alt=\"Rio Dias da Cruz\" width=\"500\" height=\"375\" srcset=\"https:\/\/akaikki.com.br\/wp-content\/uploads\/2010\/04\/83198424-500x375.jpg 500w, https:\/\/akaikki.com.br\/wp-content\/uploads\/2010\/04\/83198424-300x225.jpg 300w, https:\/\/akaikki.com.br\/wp-content\/uploads\/2010\/04\/83198424.jpg 600w\" sizes=\"auto, (max-width: 500px) 100vw, 500px\" \/><\/a><figcaption class=\"caption wp-caption-text\">Rio Dias da Cruz - Foto do meu celular<\/figcaption><\/figure>\n<p style=\"text-align: justify;\">A foto acima, tirada \u00e0s 19:00 de ontem, mostrava uma situa\u00e7\u00e3o menos pior&#8230; O M\u00e9ier encheu ontem, mas isso n\u00e3o \u00e9 nada&#8230; O Centro est\u00e1 parado at\u00e9 agora&#8230; Uma colega de trabalho da minha m\u00e3e <span style=\"text-decoration: line-through;\">ainda n\u00e3o conseguiu voltar pra casa desde ontem<\/span> chegou em casa h\u00e1 dez minutos (09:15), o \u00f4nibus dela ficou parado no Est\u00e1cio por muitas horas&#8230;<\/p>\n<p style=\"text-align: justify;\">\n<figure id=\"attachment_4106\" class=\"thumbnail wp-caption alignleft\" style=\"width: 190px\"><a href=\"https:\/\/akaikki.com.br\/wp-content\/uploads\/2010\/04\/039201737-FMM00.jpg\"><img loading=\"lazy\" decoding=\"async\" class=\"size-medium wp-image-4106 \" title=\"Pra\u00e7a da Bandeira - Foto: G1\" src=\"https:\/\/akaikki.com.br\/wp-content\/uploads\/2010\/04\/039201737-FMM00-300x213.jpg\" alt=\"Pra\u00e7a da Bandeira - Foto: G1\" width=\"180\" height=\"128\" srcset=\"https:\/\/akaikki.com.br\/wp-content\/uploads\/2010\/04\/039201737-FMM00-300x213.jpg 300w, https:\/\/akaikki.com.br\/wp-content\/uploads\/2010\/04\/039201737-FMM00-500x356.jpg 500w, https:\/\/akaikki.com.br\/wp-content\/uploads\/2010\/04\/039201737-FMM00.jpg 595w\" sizes=\"auto, (max-width: 180px) 100vw, 180px\" \/><\/a><figcaption class=\"caption wp-caption-text\">Pra\u00e7a da Bandeira - Foto: G1<\/figcaption><\/figure>\n<p style=\"text-align: justify;\">E toda vez que chove forte no Rio \u00e9 isso&#8230; A cidade para, o Centro some debaixo d&#8217;\u00e1gua&#8230; A foto a\u00ed do lado \u00e9 a Pra\u00e7a da Bandeira, cl\u00e1ssico ponto de alagamento no Rio de Janeiro desde sempre&#8230; Entra prefeito, sai prefeito, esse problema n\u00e3o muda&#8230; Todos dizem que v\u00e3o fazer alguma coisa pra resolver esse problema e o resultado disso, voc\u00ea, carioca, est\u00e1 vendo desde a noite de ontem&#8230;<\/p>\n<p style=\"text-align: center;\">(pausa pra ficar sem luz&#8230;)<\/p>\n<p style=\"text-align: justify;\">Parte deste problema \u00e9 culpa sua, <strong>seu porco imundo<\/strong>, que joga lixo na rua&#8230; T\u00e1 vendo os bueiros entupidos? Ent\u00e3o, \u00e9 o lixo que voc\u00ea joga na rua&#8230; Entope os bueiros, a \u00e1gua n\u00e3o tem por onde escoar e faz essa cagada toda que voc\u00ea est\u00e1 vendo a\u00ed: a chuva vem com tudo e alaga as ruas desse jeito&#8230;<\/p>\n<p style=\"text-align: justify;\">\n<figure id=\"attachment_4109\" class=\"thumbnail wp-caption alignright\" style=\"width: 190px\"><a href=\"https:\/\/akaikki.com.br\/wp-content\/uploads\/2010\/04\/039203309-EX00.jpg\"><img loading=\"lazy\" decoding=\"async\" class=\"size-medium wp-image-4109 \" title=\"\u00d4nibus trafega na contram\u00e3o na Rua Professor Eurico Rabelo - Foto: G1\" src=\"https:\/\/akaikki.com.br\/wp-content\/uploads\/2010\/04\/039203309-EX00-300x187.jpg\" alt=\"\u00d4nibus trafega na contram\u00e3o na Rua Professor Eurico Rabelo - Foto: G1\" width=\"180\" height=\"112\" srcset=\"https:\/\/akaikki.com.br\/wp-content\/uploads\/2010\/04\/039203309-EX00-300x187.jpg 300w, https:\/\/akaikki.com.br\/wp-content\/uploads\/2010\/04\/039203309-EX00-500x313.jpg 500w, https:\/\/akaikki.com.br\/wp-content\/uploads\/2010\/04\/039203309-EX00.jpg 535w\" sizes=\"auto, (max-width: 180px) 100vw, 180px\" \/><\/a><figcaption class=\"caption wp-caption-text\">\u00d4nibus trafega na contram\u00e3o na Rua Professor Eurico Rabelo - Foto: G1<\/figcaption><\/figure>\n<p style=\"text-align: justify;\">E eu vejo acontecer isso numa cidade que vai sediar os Jogos Ol\u00edmpicos em 2016 e que ser\u00e1 uma das doze cidades que seriar\u00e3o a Copa do Mundo de 2014&#8230; Considerando a \u00e9poca do ano em que acontecer\u00e3o estes eventos (no meio do ano) e considerando tamb\u00e9m que houve problemas no Pan em 2007, quando a chuva fez com que as competi\u00e7\u00f5es de Softbol fossem canceladas, eu fico imaginando a merda que daria, por exemplo, se um jogo for cancelado por causa da chuva&#8230; J\u00e1 pegou mal no Pan, imagina nas Olimp\u00edadas&#8230; Ou na Copa&#8230;<\/p>\n<p style=\"text-align: justify;\">Ah, mas &#8220;nunca antes na hist\u00f3ria desse pa\u00eds&#8221; o Brasil sediou tanto evento importante&#8230; \u00c9, e &#8220;nunca antes na hist\u00f3ria desse pa\u00eds&#8221;, nenhum dos filhos da puta que s\u00e3o eleitos fazem alguma coisa em benef\u00edcio desta cidade&#8230; Lembro de ter postado na <a href=\"http:\/\/akaikki.blogspot.com\/2008\/10\/aka-edio-1313.html\" target=\"_blank\">Edi\u00e7\u00e3o 1313<\/a> as 83 promessas que o atual prefeito do Rio, Eduardo Paes, fez em sua campanha&#8230; Reproduzo-as para que voc\u00eas, cariocas, refresquem a mem\u00f3ria e confira o que ele j\u00e1 fez disso a\u00ed tudo&#8230;<\/p>\n<blockquote>\n<p style=\"text-align: justify;\"><strong>TRANSPORTE<\/strong><br \/>\n1. Implantar o bilhete \u00fanico, que permite ao usu\u00e1rio pegar mais de uma condu\u00e7\u00e3o pagando s\u00f3 uma tarifa. Mas o sistema ter\u00e1 de se sustentar sozinho. &#8220;N\u00e3o vou subsidiar empresas de \u00f4nibus&#8221;.<br \/>\n2. Licitar as cerca de 400 linhas de \u00f4nibus do munic\u00edpio e reorganizar o sistema.<br \/>\n3. Legalizar e licitar as linhas de vans, e regulamentar o transporte complementar.<br \/>\n4. Ajudar o estado a implantar a linha 4 do metr\u00f4, da Barra a Botafogo (or\u00e7ada em R$ 1,2 bilh\u00e3o). Ajudar o estado a implantar o novo trajeto da linha 2 do metr\u00f4, para evitar baldea\u00e7\u00e3o no Est\u00e1cio.<br \/>\n6. Fazer a liga\u00e7\u00e3o entre a Barra e os sub\u00farbios de Madureira e Penha, por meio de \u00f4nibus articulados, o projeto T-5.<br \/>\n7. P\u00f4r limites de velocidade diferentes \u00e0 noite em \u00e1reas consideradas de risco. Tamb\u00e9m substituir os pardais por lombadas eletr\u00f4nicas, vis\u00edveis. Sincronizar os sinais de tr\u00e2nsito.<br \/>\n8. Renovar a frota de \u00f4nibus para dar acesso aos deficientes.<br \/>\n9. Ajudar a Supervia a adquirir novos trens.<br \/>\n10. Regulamentar os pontos de embarque e desembarque de vans e reduzir a taxa do Darm (Documento de Arrecada\u00e7\u00e3o Municipal) das vans.<br \/>\n11. Dar meia-passagem a universit\u00e1rios. Criar passe livre para pessoas com tratamento continuado na rede municipal de sa\u00fade.<br \/>\n12. Expandir os postos GNV.<\/p>\n<p><strong>TRIBUTOS<\/strong><br \/>\n13. N\u00e3o aumentar o IPTU. Engordar a receita por meio da base de arrecada\u00e7\u00e3o.<br \/>\n14. Implantar a nota fiscal eletr\u00f4nica, que permite acompanhar on line a emiss\u00e3o de comprovantes que geram arrecada\u00e7\u00e3o de ISS. O sistema \u00e9 um meio de aumentar a arrecada\u00e7\u00e3o sem subir impostos.<br \/>\n15. Criar parcerias com os governos estadual e federal visando dar incentivos fiscais \u00e0s empresas que empregarem o deficiente.<br \/>\n16. Reduzir o ISS das \u00e1reas de tecnologia, turismo e seguros. Dar benef\u00edcios tribut\u00e1rios \u00e0s cooperativas de t\u00e1xi.<\/p>\n<p><strong>EDUCA\u00c7\u00c3O<\/strong><br \/>\n17. Acabar com a aprova\u00e7\u00e3o autom\u00e1tica nas escolas da rede municipal de ensino.<br \/>\n18. Aumentar a rede de creches, triplicando o n\u00famero de vagas. Oferecer 160 mil vagas nas pr\u00e9-escolas, colocando todas as crian\u00e7as de 4 e 5 anos.<br \/>\n19. Usar clubes e \u00e1reas afins para atividades extracurriculares de alunos da rede municipal.<br \/>\n20. Instituir aulas de refor\u00e7o em todas as escolas municipais, contratar mais professores e investir em qualifica\u00e7\u00e3o e remunera\u00e7\u00e3o.<br \/>\n21. Criar o Pr\u00f3-T\u00e9cnico, de bolsas em cursos t\u00e9cnicos.<br \/>\n22. Ampliar a rede de vilas ol\u00edmpicas e criar programas de preven\u00e7\u00e3o \u00e0s drogas nas escolas.<br \/>\n23. Ampliar o \u00d4nibus da Liberdade (transporte gratuito a alunos).<br \/>\n24. Criar o Fundo Municipal de Apoio \u00e0 Pesquisa.<\/p>\n<p><strong>LIXO<\/strong><br \/>\n25. N\u00e3o levar o aterro sanit\u00e1rio para Paci\u00eancia.<br \/>\n26. Criar um programa de reciclagem de lixo.<\/p>\n<p><strong>FAVELAS<\/strong><br \/>\n27. Aproveitar \u00e1reas abandonadas ao longo da Av. Brasil para construir unidades habitacionais.<br \/>\n28. Ampliar o PAC das Favelas nos grandes complexos, como Lins e Penha.<br \/>\n29. Continuar o Favela-Bairro, com adapta\u00e7\u00f5es para retomar a concep\u00e7\u00e3o original.<br \/>\n30. Ampliar os Pousos para fiscalizar constru\u00e7\u00e3o em favelas. &#8220;N\u00e3o vou permitir novas ocupa\u00e7\u00f5es&#8221;.<br \/>\n31. Para ter o apoio do candidato derrotado do PRB, Marcelo Crivella, prometeu implementar o Cimento Social, com adapta\u00e7\u00f5es.<br \/>\n32. P\u00f4r em pr\u00e1tica o Plano Municipal de Habita\u00e7\u00e3o de Interesse Social, para aplicar R$ 50 milh\u00f5es, por ano, no financiamento de cem mil casas populares. Os recursos seriam garantidos com a parceria entre estado e Uni\u00e3o, al\u00e9m do apoio da iniciativa privada.<\/p>\n<p><strong>SA\u00daDE<\/strong><br \/>\n33. Ampliar o Programa Sa\u00fade da Fam\u00edlia, que no Rio, hoje, tem cobertura de apenas 7%. Criar 60 consult\u00f3rios de Sa\u00fade da Fam\u00edlia, funcionando em tr\u00eas turnos.<br \/>\n34. Construir 40 Unidades de Pronto-Atendimento (UPAs) 24 horas, com cinco milh\u00f5es de atendimento por ano, retirando das filas dos hospitais 20 mil pessoas\/dia. M\u00e9ier e Madureira ganhar\u00e3o as primeiras UPAs.<br \/>\n35. Colocar os postos de sa\u00fade abrindo \u00e0s 6h e fechando \u00e0s 20h, com plant\u00e3o permanente de cl\u00ednicos, pediatras e ginecologistas.<br \/>\n36. Criar um gabinete integrado contra a dengue e um plano emergencial de combate ao mosquito. Contratar, logo, 1.850 agentes de sa\u00fade para isso. Postos de sa\u00fade e todas as unidades de sa\u00fade poder\u00e3o fazer exame de sangue para diagnosticar a doen\u00e7a.<br \/>\n37. Assumir o papel de gestor pleno da sa\u00fade no munic\u00edpio.<br \/>\n38. Criar um programa de atendimento domiciliar ao idoso. Criar 20 centros de conviv\u00eancia dos idosos. Readequar as instala\u00e7\u00f5es dos centros de sa\u00fade municipais pondo rampas, elevadores e outras facilidades.<br \/>\n39. Transformar postos de sa\u00fade em Cl\u00ednicas da Fam\u00edlia, com pediatria, ginecologia e odontologia.<br \/>\n40. Ampliar o programa Rem\u00e9dio em Casa para pacientes cr\u00f4nicos.<br \/>\n41. Construir o Hospital da Mulher, em Realengo; uma maternidade em Campo Grande, al\u00e9m de reativar a antiga Maternidade Leila Diniz. As gestantes que fizerem seis consultas de pr\u00e9-natal v\u00e3o receber um documento garantindo a maternidade onde ter\u00e3o o filho.<br \/>\n42. Construir cinco centros de reabilita\u00e7\u00e3o para deficientes.<br \/>\n43. Criar 150 equipes do Programa de Atendimento Domiciliar ao Idoso (PADI) e implantar 20 Lares do Idoso.<br \/>\n44. Criar 50 equipes multidisciplinares nas escolas, com pediatra, ginecologista, oftalmologista, dentista, psic\u00f3logo, fonoaudi\u00f3logo e assistente social.<br \/>\n45. Converter unidades de sa\u00fade do munic\u00edpio em Centros de Refer\u00eancia da Sa\u00fade da Mulher, com cria\u00e7\u00e3o de cinco destes centros.<br \/>\n46. Criar o Hospital do Idoso, na Tijuca.<br \/>\n47. Melhorar o Hospital de Acari e o Paulino Werneck (com obras come\u00e7ando em 2009), aumentar o atendimento do Salgado Filho e do PAM do M\u00e9ier, al\u00e9m de reequipar todos os hospitais municipais, contratando mais m\u00e9dicos e enfermeiros.<br \/>\n48. Criar tr\u00eas centros de refer\u00eancia para obesos.<\/p>\n<p>ORDEM<br \/>\n49. Criar uma Secretaria de Ordem P\u00fablica, para o ordenamento e o combate a pequenos delitos. No in\u00edcio, vai priorizar a Tijuca.<br \/>\n50. Criar corredores iluminados nas \u00e1reas que concentram bares e restaurantes, como a Lapa. A Guarda Municipal combater\u00e1 os flanelinhas.<br \/>\n51. Adaptar os espa\u00e7os p\u00fablicos de lazer aos deficientes.<br \/>\n52. Recuperar e conservar a pavimenta\u00e7\u00e3o das ruas.<br \/>\n53. Iluminar adequadamente as ruas, em particular os acessos aos corredores de transporte p\u00fablico, aos pontos de \u00f4nibus e \u00e0s esta\u00e7\u00f5es de trem e metr\u00f4.<br \/>\n54. Propor \u00e0 C\u00e2mara um novo Plano Diretor.<br \/>\n55. Construir novos abrigos para popula\u00e7\u00e3o de rua.<br \/>\n56. Criar um centro de cidadania em Bangu.<br \/>\n57. Criar um mergulh\u00e3o sob a linha do trem de Madureira.<br \/>\n58. Adotar o projeto Cidade Limpa, de S\u00e3o Paulo, para limitar a publicidade nas ruas.<\/p>\n<p><strong>CAMEL\u00d4S<\/strong><br \/>\n59. Ordenar, regularizar as \u00e1reas em que pode haver camel\u00f4s, dar licen\u00e7a e fiscalizar. Mas &#8220;a Guarda Municipal n\u00e3o vai bater em camel\u00f4&#8221;.<\/p>\n<p><strong>APAC<\/strong><br \/>\n60. Manter as Apacs, com as normas que protegem casar\u00f5es e pr\u00e9dios de interesse cultural. Ser\u00e3o complementadas com estudos de impacto de vizinhan\u00e7a para constru\u00e7\u00f5es em \u00e1reas adensadas.<\/p>\n<p><strong>ADMINISTRA\u00c7\u00c3O<\/strong><br \/>\n61. Manter todos os benef\u00edcios do governo atual aos servidores municipais, como carta de cr\u00e9dito, plano de sa\u00fade, n\u00e3o cobran\u00e7a da contribui\u00e7\u00e3o previdenci\u00e1ria dos inativos, e dar reajuste salarial anual. N\u00e3o unir a previd\u00eancia municipal \u00e0 do estado.<br \/>\n62. Criar um sistema de acompanhamento or\u00e7ament\u00e1rio municipal pela sociedade. Discutir o or\u00e7amento cidad\u00e3o, uma vers\u00e3o do or\u00e7amento participativo.<br \/>\n63. Instituir a Secretaria municipal da Mulher.<\/p>\n<p><strong>TURISMO E MEIO AMBIENTE<\/strong><br \/>\n64. Levar saneamento b\u00e1sico a 100% da Zona Oeste em parceria com o governo do estado.<br \/>\n65. Recuperar as praias da Ba\u00eda de Sepetiba, e as lagoas da Barra e de Jacarepagu\u00e1. Dragar os canais. Retomar o projeto Guardi\u00f5es dos Rios, que contrata m\u00e3o-de-obra comunit\u00e1ria para atuar na limpeza dos rios da cidade.<br \/>\n66. Implantar o projeto de reflorestamento Guardi\u00f5es das Matas.<br \/>\n67. Articular com investidores privados a constru\u00e7\u00e3o e a concess\u00e3o de um centro de conven\u00e7\u00f5es no Aterro do Flamengo. Estimular a expans\u00e3o da rede hoteleira na Barra da Tijuca. Dinamizar o Centro de Conven\u00e7\u00f5es da Cidade Nova.<br \/>\n68. Transformar o Porto e o entorno do Maracan\u00e3 em \u00e1reas tur\u00edsticas. Investir na promo\u00e7\u00e3o da cidade no pa\u00eds e no exterior.<br \/>\n69. Transformar Copacabana em capital brasileira do turismo de terceira idade.<br \/>\n70. Captar recursos para despoluir a bacia de Jacarepagu\u00e1.<\/p>\n<p><strong>SEGURAN\u00c7A<\/strong><br \/>\n71. Treinar a Guarda Municipal para trabalhar em coopera\u00e7\u00e3o com a pol\u00edcia. A Guarda ter\u00e1 poder de pol\u00edcia para combater o pequeno delito, ter\u00e1 seu efetivo aumentado e trabalhar\u00e1 24 horas.<br \/>\n72. Reformular a Guarda Municipal com o fim do regime celetista, e aumento do efetivo, al\u00e9m de redistribui\u00e7\u00e3o da for\u00e7a pela cidade (\u00eanfase na Zona Norte).<br \/>\n73. Equipar o efetivo da Guarda Municipal com armas n\u00e3o-letais e r\u00e1dios de comunica\u00e7\u00e3o.<br \/>\n74. Valorizar as subprefeituras e redefinir seus limites de modo que coincidam com as \u00c1reas Integradas de Seguran\u00e7a P\u00fablica.<br \/>\n75. Ampliar o programa Bairro Bacana em parceria com o governo do estado, priorizando \u00e1reas com alto \u00edndice de crimes de rua.<br \/>\n76. Multiplicar o n\u00famero de c\u00e2meras de vigil\u00e2ncia nos principais acessos aos pontos tur\u00edsticos. Criar um corredor de seguran\u00e7a para o turismo.<br \/>\n77. Criar em parceria com o governo do estado uma nova Delegacia de Atendimento ao Idoso em Copacabana.<br \/>\n78. Apoiar iniciativas de combate \u00e0 homofobia.<\/p>\n<p><strong>CULTURA E ESPORTE<\/strong><br \/>\n79. Criar o Incentivo Jovem, para identificar iniciativas culturais e esportivas.<br \/>\n80. Criar um parque de lazer em Madureira. Recuperar o Imperator, no M\u00e9ier.<br \/>\n81. Manter a terceiriza\u00e7\u00e3o da gest\u00e3o do carnaval, licitando-a.<br \/>\n82. Conceder a Cidade da M\u00fasica \u00e0 iniciativa privada.<br \/>\n83. Criar um calend\u00e1rio cultural, tendo, a cada m\u00eas, 12 grandes eventos.<\/p>\n<p>(Fonte: O Globo &#8211; 27 de outubro de 2008)<\/p><\/blockquote>\n<p style=\"text-align: justify;\">E a\u00ed, o que j\u00e1 foi feito ou n\u00e3o? Comentem&#8230;<\/p>\n<p style=\"text-align: justify;\"><img loading=\"lazy\" decoding=\"async\" title=\"Erick Von Draxeler s\u00f3 n\u00e3o est\u00e1 debaixo d'\u00e1gua porque mora no segundo andar...\" src=\"..\/layout\/assinaturas\/sig01.png\" alt=\"\" width=\"500\" height=\"43\" \/><\/p>\n<p style=\"text-align: justify;\">\n","protected":false},"excerpt":{"rendered":"<p>hove muito no Rio de Janeiro desde a noite de ontem (dia 5)&#8230; Se os paulistas sofreram com as chuvas no come\u00e7o deste ano, essa semana parece que \u00e9 a nossa vez&#8230; Ontem eu fui no M\u00e9ier pra me inscrever num curso pro concurso da Caixa (pra descobrir que cancelaram o curso porque n\u00e3o formou<\/p>\n","protected":false},"author":2,"featured_media":0,"comment_status":"open","ping_status":"open","sticky":false,"template":"","format":"standard","meta":{"footnotes":""},"categories":[60],"tags":[],"class_list":["post-4104","post","type-post","status-publish","format-standard","hentry","category-pequenos-autores-grandes-texticulos"],"_links":{"self":[{"href":"https:\/\/akaikki.com.br\/index.php?rest_route=\/wp\/v2\/posts\/4104","targetHints":{"allow":["GET"]}}],"collection":[{"href":"https:\/\/akaikki.com.br\/index.php?rest_route=\/wp\/v2\/posts"}],"about":[{"href":"https:\/\/akaikki.com.br\/index.php?rest_route=\/wp\/v2\/types\/post"}],"author":[{"embeddable":true,"href":"https:\/\/akaikki.com.br\/index.php?rest_route=\/wp\/v2\/users\/2"}],"replies":[{"embeddable":true,"href":"https:\/\/akaikki.com.br\/index.php?rest_route=%2Fwp%2Fv2%2Fcomments&post=4104"}],"version-history":[{"count":10,"href":"https:\/\/akaikki.com.br\/index.php?rest_route=\/wp\/v2\/posts\/4104\/revisions"}],"predecessor-version":[{"id":4118,"href":"https:\/\/akaikki.com.br\/index.php?rest_route=\/wp\/v2\/posts\/4104\/revisions\/4118"}],"wp:attachment":[{"href":"https:\/\/akaikki.com.br\/index.php?rest_route=%2Fwp%2Fv2%2Fmedia&parent=4104"}],"wp:term":[{"taxonomy":"category","embeddable":true,"href":"https:\/\/akaikki.com.br\/index.php?rest_route=%2Fwp%2Fv2%2Fcategories&post=4104"},{"taxonomy":"post_tag","embeddable":true,"href":"https:\/\/akaikki.com.br\/index.php?rest_route=%2Fwp%2Fv2%2Ftags&post=4104"}],"curies":[{"name":"wp","href":"https:\/\/api.w.org\/{rel}","templated":true}]}}