{"id":3973,"date":"2010-04-04T16:10:31","date_gmt":"2010-04-04T19:10:31","guid":{"rendered":"http:\/\/akaikki.com.br\/?p=3973"},"modified":"2012-02-14T18:55:45","modified_gmt":"2012-02-14T20:55:45","slug":"a-k-a-%e4%b8%80%e8%bc%9d-%e2%80%93-edicao-1569","status":"publish","type":"post","link":"https:\/\/akaikki.com.br\/?p=3973","title":{"rendered":"a.k.a.\u4e00\u8f1d!! \u2013 Edi\u00e7\u00e3o 1569"},"content":{"rendered":"<p style=\"text-align: justify;\"><img loading=\"lazy\" decoding=\"async\" class=\"alignleft\" style=\"border: 0px none; margin: 1px 4px;\" src=\"https:\/\/akaikki.com.br\/layout\/caps\/cap_g.gif\" alt=\"\" width=\"39\" height=\"39\" \/>alera do meu Brasil, eu estou em alvoro\u00e7o. Depois de descobrir que meu patr\u00e3o <a href=\"https:\/\/akaikki.com.br\/?p=3966\" target=\"_blank\">entrar\u00e1 de f\u00e9rias<\/a>, me sinto uma crian\u00e7a solta na buraqueira. Finalmente vou poder falar qu\u00e3o o Webber \u00e9 gostos\u00e3o (ele s\u00f3 aparece aqui em cenas altamente constrangedoras, coitado&#8230;), discutir com minha amiga <a href=\"http:\/\/www.twitter.com\/KaStutz\" target=\"_blank\">@KaStutz<\/a> sobre os dotes f\u00edsicos do Fernando Alonso e abrir uma enquete sobre um poss\u00edvel novo corte de cabelo do Vettel. Ou n\u00e3o.<\/p>\n<p style=\"text-align: justify;\"><img loading=\"lazy\" decoding=\"async\" style=\"border: 0pt none; margin: 0px 4px;\" title=\"Erick Von  Draxeler\" src=\"..\/layout\/icon01.png\" alt=\"\" width=\"45\" height=\"45\" align=\"absMiddle\" \/>&#8211; Eu estou de f\u00e9rias, mas ainda estou de olho em voc\u00ea, sua vaquinha&#8230;<\/p>\n<p style=\"text-align: justify;\">E lembrem-se: F\u00f3rmula 1 n\u00edvel nerd extremo&#8230; Continue lendo por sua conta e risco&#8230;<\/p>\n<hr \/>\n<p style=\"text-align: justify;\">Sexta-feira, <span style=\"text-decoration: line-through;\">26 de mar\u00e7o<\/span> <strong>2 de abril<\/strong><img loading=\"lazy\" decoding=\"async\" class=\"alignleft\" style=\"border: 0px none; margin: 0px 4px;\" title=\"Bianca Moura\" src=\"https:\/\/akaikki.com.br\/layout\/icon25.png\" alt=\"\" width=\"45\" height=\"45\" align=\"absMiddle\" \/> &#8211; Algu\u00e9m deixou de viajar para acompanhar a F\u00f3rmula 1 nesse feriad\u00e3o? Pra quem gosta desse esporte, n\u00e3o tem conversa, nem dia santo. E os hor\u00e1rios, ent\u00e3o, s\u00e3o os melhores. Com essa pequena reflex\u00e3o sobre o quanto viciados n\u00f3s somos, come\u00e7a aqui nosso passeio por esse fim de semana na Mal\u00e1sia. Inclusive, vem de l\u00e1 a explica\u00e7\u00e3o para o meu sorvete. Ano passado, numa chuva torrencial que causou bandeira vermelha na pista, todos estavam esperando a relargada na pista enquanto <a href=\"http:\/\/vimeo.com\/4013504\" target=\"_blank\">Kimi Raikkonen<\/a>, muito preocupado, procurava um Magnum e uma coca cola para se refrescar.<\/p>\n<p style=\"text-align: justify;\">Voltando a 2010, os trabalhos come\u00e7aram de forma divertida para Renault. Foi feita uma Corrida de Kart entre os jornalistas com a participa\u00e7\u00e3o de Vitaly Petrov e Ho-Ping Tung, piloto de teste. Como disse, o neg\u00f3cio era Kart. Mas Tung, n\u00e3o contente, resolveu mostrar suas outras habilidades esportivas.<\/p>\n<figure id=\"attachment_3997\" class=\"thumbnail wp-caption aligncenter\" style=\"width: 510px\"><a href=\"https:\/\/akaikki.com.br\/wp-content\/uploads\/2010\/04\/esporte_errado.jpg\"><img loading=\"lazy\" decoding=\"async\" class=\"size-full wp-image-3997\" title=\"&quot;Ei, Tung e menino de capacete vermelho, esporte errado...&quot;\" src=\"https:\/\/akaikki.com.br\/wp-content\/uploads\/2010\/04\/esporte_errado.jpg\" alt=\"&quot;Ei, Tung e menino de capacete vermelho, esporte errado...&quot;\" width=\"500\" height=\"333\" srcset=\"https:\/\/akaikki.com.br\/wp-content\/uploads\/2010\/04\/esporte_errado.jpg 500w, https:\/\/akaikki.com.br\/wp-content\/uploads\/2010\/04\/esporte_errado-300x199.jpg 300w\" sizes=\"auto, (max-width: 500px) 100vw, 500px\" \/><\/a><figcaption class=\"caption wp-caption-text\">&quot;Ei, Tung e menino de capacete vermelho, esporte errado...&quot;<\/figcaption><\/figure>\n<p style=\"text-align: justify;\">E por falar em pilotos de teste, dois tiveram oportunidade esse fim de semana. Liuzzi ficou de fora para entrada de Di Resta na Force India e Fauzy andou na Lotus de Kovalainen. Ali\u00e1s, esse foi um ato simb\u00f3lico: A Lotus, que recebeu ajuda do governo <span style=\"text-decoration: line-through;\">malasiano<\/span> <span style=\"text-decoration: line-through;\">malasiense<\/span> malaio para correr, com um piloto malaio, na Mal\u00e1sia.<\/p>\n<p style=\"text-align: justify;\"><img loading=\"lazy\" decoding=\"async\" class=\"alignnone\" style=\"border: 0px none; margin: 0px 4px;\" title=\"Bianca Moura\" src=\"https:\/\/akaikki.com.br\/layout\/icon02.png\" alt=\"\" width=\"45\" height=\"45\" align=\"absMiddle\" \/>&#8211; A Lotus quer passar isso como coincid\u00eancia, mas \u00e9 puxa-saquismo mesmo&#8230;<br \/>\n<img loading=\"lazy\" decoding=\"async\" class=\"alignnone\" style=\"border: 0px none; margin: 0px 4px;\" title=\"Vin\u00edcius Sacramento\" src=\"https:\/\/akaikki.com.br\/layout\/icon25.png\" alt=\"\" width=\"45\" height=\"45\" align=\"absMiddle\" \/>&#8211; Acordos publicit\u00e1rios disfar\u00e7ados de puxa-saquismo&#8230;<br \/>\n<img loading=\"lazy\" decoding=\"async\" class=\"alignleft\" style=\"border: 0pt none; margin: 0px 4px;\" title=\"Erick Von  Draxeler\" src=\"..\/layout\/icon01.png\" alt=\"\" width=\"45\" height=\"45\" align=\"absMiddle\" \/>&#8211; Em falar nisso, a Virgin anunciou que Lucas di Grassi seria substitu\u00eddo j\u00e1 para o Grande Pr\u00eamio da Mal\u00e1sia e plantou no site oficial <a href=\"http:\/\/virgindriverf1.blogspot.com\/\" target=\"_blank\">uma enquete sobre quem deveria assumir o carro #25<\/a>: o brasileiro Luiz Razia ou o espanhol Andy Soucek, ambos pilotos de testes da equipe&#8230; O espanhol ganhou a enquete com 64% dos votos&#8230; No entanto, os internautas mais atentos n\u00e3o custaram a pescar que essa enquete era uma brincadeira de Primeiro de Abril&#8230;<\/p>\n<p style=\"text-align: justify;\"><img loading=\"lazy\" decoding=\"async\" class=\"alignleft\" style=\"border: 0pt none; margin: 0px 4px;\" title=\"Bianca Moura\" src=\"..\/layout\/icon25.png\" alt=\"\" width=\"45\" height=\"45\" align=\"absMiddle\" \/>&#8211; Quem n\u00e3o \u00e9 muito atento \u00e9 o Luiz Razia, que, no Twitter, repassou a brincadeira, sem falar que se tratava de uma brincadeira. At\u00e9 a equipe ficou preocupada e tratou de avisar ao rapaz: &#8220;N\u00e3o, voc\u00ea n\u00e3o est\u00e1 concorrendo a nada, hein? \u00c9 DE BRINKS.&#8221;<\/p>\n<figure id=\"attachment_4014\" class=\"thumbnail wp-caption aligncenter\" style=\"width: 510px\"><a href=\"https:\/\/akaikki.com.br\/wp-content\/uploads\/2010\/04\/virgin.png\"><img loading=\"lazy\" decoding=\"async\" class=\"size-large wp-image-4014 \" title=\"A Virgin trata de avisar ao Razia que \u00e9 'tudo de brinks'\" src=\"https:\/\/akaikki.com.br\/wp-content\/uploads\/2010\/04\/virgin-500x289.png\" alt=\"A Virgin trata de avisar ao Razia que \u00e9 'tudo de brinks'\" width=\"500\" height=\"289\" srcset=\"https:\/\/akaikki.com.br\/wp-content\/uploads\/2010\/04\/virgin-500x289.png 500w, https:\/\/akaikki.com.br\/wp-content\/uploads\/2010\/04\/virgin-300x173.png 300w, https:\/\/akaikki.com.br\/wp-content\/uploads\/2010\/04\/virgin.png 610w\" sizes=\"auto, (max-width: 500px) 100vw, 500px\" \/><\/a><figcaption class=\"caption wp-caption-text\">A Virgin trata de avisar ao Razia que \u00e9 &#39;tudo de brinks&#39;<\/figcaption><\/figure>\n<p style=\"text-align: justify;\">Durante o primeiro treino livre, enquanto todos j\u00e1 estavam na pista, Schumacher estava nos boxes, com o carro todo depenado. Ele demorou, demorou, demorou mais um pouco, mas saiu de l\u00e1. E quando saiu, fez o terceiro melhor tempo logo na segunda volta. Por\u00e9m, no final das contas, ele levou tempo de Rosbeeeecha.<\/p>\n<p style=\"text-align: justify;\"><img loading=\"lazy\" decoding=\"async\" style=\"border: 0pt none; margin: 0px 4px;\" title=\"Dicesar\" src=\"https:\/\/akaikki.com.br\/wp-content\/uploads\/2010\/03\/dicesar.png\" alt=\"\" width=\"45\" height=\"45\" align=\"absMiddle\" \/>&#8211; Ai, eu adoGo esse loirinho do RosbeGUE. Me jogo toda nele, aaaaaloka!<\/p>\n<p style=\"text-align: justify;\">Os melhores tempos da sexta-feira foram de um \u00fanico dono: Lewis Hamilton. 1&#8217;34&#8221;921 no primeiro treino e 1&#8217;34&#8243;175. E o Button atr\u00e1s, mas bem perto. Daqui, j\u00e1 tem muita gente cantando oba-oba para McLaren. E muita gente cantando para Ferrari tamb\u00e9m. Com testes feitos de tanque cheio, Alonso terminou em P8 e P7. E o Kubica, pr\u00eamio revela\u00e7\u00e3o nariguda da semana passada at\u00e9 que foi bem nos testes. Principalmente comparado ao Petrov, que parece n\u00e3o estar em lua-de-mel com sua banana-at\u00f4mica.<\/p>\n<p style=\"text-align: justify;\"><img loading=\"lazy\" decoding=\"async\" class=\"alignnone\" style=\"border: 0px none; margin: 0px 4px;\" title=\"Erick Von Draxeler\" src=\"https:\/\/akaikki.com.br\/layout\/icon01.png\" alt=\"\" width=\"45\" height=\"45\" align=\"absMiddle\" \/>&#8211; Discordo&#8230; Revela\u00e7\u00e3o nariguda seria se falassem que o Vin\u00edcius saiu do arm\u00e1rio&#8230;<\/p>\n<p style=\"text-align: justify;\">A Red Bull j\u00e1 come\u00e7ou a zicar de agora. Webber deu uma sambada e terminou indo pros boxes mais cedo. Mas n\u00e3o foi uma sambada qualquer&#8230; dava pra escutar que o carro dele n\u00e3o estava gozava de boa sa\u00fade. O menino Vettel, que ainda n\u00e3o cortou aquele cabelo, e EU SEI que aquele \u00e9 o motivo do azar, foi P2 no segundo treino livre, mas logo em seguida reclamou no r\u00e1dio de problemas no carro.<\/p>\n<p style=\"text-align: justify;\">Pra falar bem a verdade, foi uma sexta-feira de hor\u00e1rios inconvenientes onde n\u00f3s poder\u00edamos ter ficado na cama, acordado cedo nesse belo s\u00e1bado &#8211; ou n\u00e3o t\u00e3o belo, dependendo do lugar &#8211; para fazer qualquer coisa legal &#8211; ou n\u00e3o t\u00e3o legal, dependendo do caso &#8211; e olhar os tempos. As equipes fizeram testes espec\u00edficos e fora Webber, De La Rosa, Massa, Sutil e Alguersuari, ningu\u00e9m comeu brita.<\/p>\n<figure id=\"attachment_4003\" class=\"thumbnail wp-caption aligncenter\" style=\"width: 510px\"><a href=\"https:\/\/akaikki.com.br\/wp-content\/uploads\/2010\/04\/4483603375_a2a9c8875e.jpg\"><img loading=\"lazy\" decoding=\"async\" class=\"size-full wp-image-4003\" title=\"Levanta, sacode a poeira. Dar a volta por cima j\u00e1 \u00e9 mais dif\u00edcil...\" src=\"https:\/\/akaikki.com.br\/wp-content\/uploads\/2010\/04\/4483603375_a2a9c8875e.jpg\" alt=\"Levanta, sacode a poeira. Dar a volta por cima j\u00e1 \u00e9 mais dif\u00edcil...\" width=\"500\" height=\"327\" srcset=\"https:\/\/akaikki.com.br\/wp-content\/uploads\/2010\/04\/4483603375_a2a9c8875e.jpg 500w, https:\/\/akaikki.com.br\/wp-content\/uploads\/2010\/04\/4483603375_a2a9c8875e-300x196.jpg 300w\" sizes=\"auto, (max-width: 500px) 100vw, 500px\" \/><\/a><figcaption class=\"caption wp-caption-text\">Levanta, sacode a poeira. Dar a volta por cima j\u00e1 \u00e9 mais dif\u00edcil...<\/figcaption><\/figure>\n<hr \/>\n<p style=\"text-align: justify;\">S\u00e1bado, <strong>3 de abril<\/strong><img loading=\"lazy\" decoding=\"async\" class=\"alignleft\" style=\"border: 0px none; margin: 0px 4px;\" title=\"Vin\u00edcius Sacramento\" src=\"https:\/\/akaikki.com.br\/layout\/icon02.png\" alt=\"\" width=\"45\" height=\"45\" align=\"absMiddle\" \/> &#8211; O s\u00e1bado come\u00e7ou quente. (Quente e Mal\u00e1sia na mesma frase \u00e9 pleonasmo&#8230;) No terceiro treino livre do GP da Mal\u00e1sia, s\u00f3 deu McLaren. Pelo menos era pra ser assim&#8230; &#8220;Ham\u00edlton&#8221; mandando sempre que quis, sa\u00eda, cravava seu tempo foda e meio que dizia pros outros: &#8220;bate a\u00ed que eu quero ver, seus f\u00e9lasdaputa!&#8221; Schumacher ia mais ou menos no mesmo ritmo: na primeira volta lan\u00e7ada que deu, o queixudo foi l\u00e1 e catou P3.<\/p>\n<p style=\"text-align: justify;\">E os pilotos brasileiros? Duas op\u00e7\u00f5es: ou est\u00e3o fazendo o que podem ou est\u00e3o passando vergonha mesmo&#8230; N\u00e3o acredito nesse migu\u00e9 do Massa de que o aquecimento de pneus est\u00e1 ruim, sen\u00e3o o Alonso tamb\u00e9m estaria com esses problemas, e outros pilotos idem. Rubinho sempre fala que AGORA tem um carro vencedor na m\u00e3o e broxa lindamente quem ainda acredita nele. Di Grassi e Senna eu isento por enquanto, os dois dirigem tanques que nos enganam que s\u00e3o carros&#8230; Lament\u00e1vel a cena no finalzinho do treino em que o Massa, de t\u00e3o lento em rela\u00e7\u00e3o aos l\u00edderes, atrapalhou o Rosberg a ponto de ele abortar a volta.<\/p>\n<p style=\"text-align: justify;\">Sabemos que treino \u00e9 treino e jogo \u00e9 jogo, mas a McLaren mandou at\u00e9 que a Red Bull resolveu usar o poder do seu energ\u00e9tico: Mark Webber botou as &#8220;asinhas&#8221; de fora e &#8220;voou baixo&#8221; (Sempre quis fazer esse merchan com essa piada rid\u00edcula&#8230;), cravando 1&#8217;33&#8243;542. Uma supera\u00e7\u00e3o para ele, que perdeu mais de uma hora de treino ontem por problemas de motor. Mas a coisa promete esquentar mesmo &#8211; ou molhar de vez &#8211; no treino oficial&#8230;<\/p>\n<p style=\"text-align: justify;\"><img loading=\"lazy\" decoding=\"async\" class=\"alignleft\" style=\"border: 0pt none; margin: 0px 4px;\" title=\"Bianca Moura\" src=\"..\/layout\/icon25.png\" alt=\"\" width=\"45\" height=\"45\" align=\"absMiddle\" \/>&#8211; E a coisa esquentou mesmo no treino oficial. Ou pelo menos n\u00e3o molhou o suficiente a ponto de ser adiada, como muitos temiam (Em &#8220;muitos&#8221; leia-se &#8220;principalmente eu, morta de sono&#8221;). O treino come\u00e7ou e logo de cara, aquele que ia impressionar na chuva, segundo os lambe-lambes de plant\u00e3o, <strong>Bruno Senna<\/strong>, foi a primeira v\u00edtima da pista molhada. Outra v\u00edtima foi <strong>Jenson Button<\/strong> que ficou atolado na brita, passando pro Q2 por pura sorte do destino&#8230; De primeiro na Austr\u00e1lia para essa situa\u00e7\u00e3o na Mal\u00e1sia. A chuva faz essas coisas.<\/p>\n<p style=\"text-align: justify;\">Mas a chuva fez ainda mais: as Ferraris sairam no Q1.<\/p>\n<p style=\"text-align: justify;\">Claro, Galv\u00e3o Bueno ficou alucinado, colocando a culpa na equipe. At\u00e9 o <strong>Felipe Massa<\/strong> aparecer para dar um banho de \u00e1gua (\u00c1gua de chuva, ainda mais) dizendo que a decis\u00e3o sobre a melhor hora para sair dos boxes foi uma decis\u00e3o em conjunto.<\/p>\n<p style=\"text-align: justify;\">Outro que surtou, foi o Luciano Burti: &#8220;Felipe Massa COMANDOU a Ferrari nos \u00faltimos anos&#8221;<\/p>\n<p style=\"text-align: justify;\"><img loading=\"lazy\" decoding=\"async\" style=\"border: 0pt none; margin: 0px 4px;\" title=\"Cl\u00e9ber Machado\" src=\"https:\/\/akaikki.com.br\/wp-content\/uploads\/2010\/03\/cleber.png\" alt=\"\" width=\"45\" height=\"45\" align=\"absMiddle\" \/>&#8211; O Felipe Massa comanda e o Kimi Raikkonen leva t\u00edtulo. E pode Arnaldo?<br \/>\n<img decoding=\"async\" style=\"border: 0pt none; margin: 0px 4px;\" title=\"Arnaldo Cezar Coelho\" src=\"https:\/\/akaikki.com.br\/wp-content\/uploads\/2010\/03\/arnaldocezarcoelho.png\" alt=\"\" align=\"absMiddle\" \/>&#8211; A regra \u00e9 clara: pra levar o t\u00edtulo, n\u00e3o adianta s\u00f3 comandar&#8230; Tem que fazer mais pontos&#8230;<br \/>\n<img loading=\"lazy\" decoding=\"async\" style=\"border: 0pt none; margin: 0px 4px;\" title=\"Cl\u00e9ber Machado\" src=\"..\/wp-content\/uploads\/2010\/03\/cleber.png\" alt=\"\" width=\"45\" height=\"45\" align=\"absMiddle\" \/>&#8211; Exato!!<\/p>\n<p style=\"text-align: justify;\">Outro que ficou de fora: <strong>Lewis Hamilton<\/strong>. E com tr\u00eas carros no lugar &#8220;indevido&#8221; sobrou espa\u00e7o pro <strong>Timo Glock<\/strong> com sua <span style=\"text-decoration: line-through;\">Manor<\/span> <span style=\"text-decoration: line-through;\">VRT<\/span> <span style=\"text-decoration: line-through;\">VTR<\/span> <span style=\"text-decoration: line-through;\">VRTGPF1<\/span> <span style=\"text-decoration: line-through;\">Equipe do Di Grassi<\/span> Virgin fazer um P15. Nem o Luiz Razia parecia acreditar.<\/p>\n<p style=\"text-align: justify;\">Pro Q3, passaram as duas Force India. Mas eles n\u00e3o eram azar\u00f5es porque outro piloto ocupava esse posto. Ele, o incr\u00edvel, o arrojado, o showman, <strong>Kamui Kobayashi<\/strong>. Finalmente fazendo jus a toda campanha para que ele estivesse na F1. O incr\u00edvel, o astuto, o arrojado, o Kobashow.<\/p>\n<figure id=\"attachment_4042\" class=\"thumbnail wp-caption aligncenter\" style=\"width: 510px\"><a href=\"https:\/\/akaikki.com.br\/wp-content\/uploads\/2010\/04\/kamui.jpg\"><img loading=\"lazy\" decoding=\"async\" class=\"size-full wp-image-4042\" title=\"Kobashow canta Jonas Brothers\" src=\"https:\/\/akaikki.com.br\/wp-content\/uploads\/2010\/04\/kamui.jpg\" alt=\"Kobashow canta Jonas Brothers\" width=\"500\" height=\"333\" srcset=\"https:\/\/akaikki.com.br\/wp-content\/uploads\/2010\/04\/kamui.jpg 500w, https:\/\/akaikki.com.br\/wp-content\/uploads\/2010\/04\/kamui-300x199.jpg 300w\" sizes=\"auto, (max-width: 500px) 100vw, 500px\" \/><\/a><figcaption class=\"caption wp-caption-text\">Kobashow canta Jonas Brothers<\/figcaption><\/figure>\n<p style=\"text-align: justify;\">No in\u00edcio do Q3, <strong>Robert Kubica<\/strong> passou ultrapassou a galera pelo encostamento dos boxes para fugir no spray de \u00e1gua. Quis dar uma de malandro. N\u00e3o adiantou. A chuva veio e foi dada bandeira vermelha na pista. Na volta, <strong>Liuzzi e Sutil<\/strong> protagonizaram uma das cenas mais geniais e engra\u00e7adas que a F\u00f3rmula 1 j\u00e1 me proporcionou. O Kubica n\u00e3o quis ser malandro? Eles foram mais. Lado a lado, na frente da fila, fecharam a sa\u00edda dos boxes. E a\u00ed, a gente v\u00ea que em qualquer ocasi\u00e3o, vale a premissa b\u00e1sica de que <strong>&#8220;malandro \u00e9 malandro, man\u00e9 \u00e9 man\u00e9&#8221;<\/strong>.<\/p>\n<figure id=\"attachment_4078\" class=\"thumbnail wp-caption aligncenter\" style=\"width: 510px\"><a href=\"https:\/\/akaikki.com.br\/wp-content\/uploads\/2010\/04\/force-india.jpg\"><img loading=\"lazy\" decoding=\"async\" class=\"size-full wp-image-4078\" title=\"Sutil e Liuzzi, fechando a porta\" src=\"https:\/\/akaikki.com.br\/wp-content\/uploads\/2010\/04\/force-india.jpg\" alt=\"Sutil e Liuzzi, fechando a porta\" width=\"500\" height=\"327\" srcset=\"https:\/\/akaikki.com.br\/wp-content\/uploads\/2010\/04\/force-india.jpg 500w, https:\/\/akaikki.com.br\/wp-content\/uploads\/2010\/04\/force-india-300x196.jpg 300w\" sizes=\"auto, (max-width: 500px) 100vw, 500px\" \/><\/a><figcaption class=\"caption wp-caption-text\">Sutil e Liuzzi, fechando a porta<\/figcaption><\/figure>\n<p style=\"text-align: justify;\">Com isso, a torcida nacional suplicava por uma pole de <strong>Adrian Sutil<\/strong>. E talvez nem fosse pedir demais, mas a pista estava secando e <strong>Mark Webber<\/strong>, que n\u00e3o fez a pole em casa, arriscou pneu intermedi\u00e1rio na maior vibe &#8220;T\u00e1 no inferno abra\u00e7a o capeta&#8221; e levou o primeiro lugar no grid. Grid, por sinal, que est\u00e1 todo embolado e que vai trazer muitas ultrapassagens, bandeiras amarelas, vermelhas, rosa com bolinhas azuis&#8230;<\/p>\n<p><img loading=\"lazy\" decoding=\"async\" style=\"border: 0pt none; margin: 0px 4px;\" title=\"Dicesar\" src=\"https:\/\/akaikki.com.br\/wp-content\/uploads\/2010\/03\/dicesar.png\" alt=\"\" width=\"45\" height=\"45\" align=\"absMiddle\" \/>&#8211; ADOOOOOGOOOO!<\/p>\n<hr \/>\n<p style=\"text-align: justify;\">Domingo, <strong>4 de abril<\/strong><img loading=\"lazy\" decoding=\"async\" class=\"alignleft\" style=\"border: 0px none; margin: 0px 4px;\" title=\"Bianca Moura\" src=\"https:\/\/akaikki.com.br\/layout\/icon25.png\" alt=\"\" width=\"45\" height=\"45\" align=\"absMiddle\" \/> &#8211; Come\u00e7amos o Grande Pr\u00eamio da Mal\u00e1sia sem chuva e com uma praga rogada por <strong>Bruno Senna<\/strong> em entrevista ao Carlos Gil. O rep\u00f3rter comentou sobre o encontro de brasileiros no final do grid, Bruno responde com um <em><strong>&#8220;S\u00f3 t\u00e1 faltando o Rubinho aqui atr\u00e1s com a gente, n\u00e9?&#8221;<\/strong><\/em>. Eu, sinceramente, quero morrer amiga desse rapaz.<\/p>\n<p style=\"text-align: justify;\">Logo na largada, uma decep\u00e7\u00e3o. Nenhuma gota de chuva, como era previsto com o adiamento da prova em rela\u00e7\u00e3o ao ano passado, e nenhuma batida. Mas a corrida teve duas largadas, gra\u00e7as ao bolo da classifica\u00e7\u00e3o. Na frente, <strong>Vettel<\/strong> levou a melhor pra cima do Rosberg e do <strong>Webber<\/strong>. L\u00e1 atr\u00e1s, o <strong>Button<\/strong> n\u00e3o fez boa largada. O <strong>Hamilton<\/strong> passou todo mundo e o Button, o <strong>Massa<\/strong> passou todo mundo e o Button, e o <strong>Alonso<\/strong> passou todo mundo, demorou um pouco, mas tamb\u00e9m passou o Button. Ocupavam da 14\u00ba a 17\u00ba posi\u00e7\u00f5es j\u00e1 na 2\u00ba volta.<\/p>\n<p>Lembra da praga? Barrichello ficou parado na hora da largada. Macumba, da braba.<\/p>\n<p style=\"text-align: justify;\">Quem n\u00e3o estava na hora da largada foi o De La Rosa, que teve o motor estourado na volta de apresenta\u00e7\u00e3o. O destino do outro motor <span style=\"text-decoration: line-through;\">BMW<\/span> <span style=\"text-decoration: line-through;\">Sauber<\/span> Ferrari da <span style=\"text-decoration: line-through;\">BMW<\/span> <span style=\"text-decoration: line-through;\">Ferrari<\/span> Sauber foi morrer nas primeiras voltas, deixando o Kobashow na m\u00e3o.<\/p>\n<p style=\"text-align: justify;\"><img loading=\"lazy\" decoding=\"async\" class=\"alignleft\" style=\"border: 0pt none; margin: 0px 4px;\" title=\"Erick Von Draxeler\" src=\"..\/layout\/icon01.png\" alt=\"\" width=\"45\" height=\"45\" align=\"absMiddle\" \/>Aproveitando pra meter o meu bedelho por aqui enquanto ainda posso (ali\u00e1s, explicarei ainda nesta edi\u00e7\u00e3o mais alguns detalhes sobre minhas &#8220;f\u00e9rias&#8221;&#8230;), porque essa corrida, apesar tudo, valeu mais a pena de ver do que <a href=\"http:\/\/www.youtube.com\/watch?v=9tpn7LzBRSo\" target=\"_blank\">o Filme do Pel\u00e9<\/a>&#8230; Em falar no Filme do Pel\u00e9, conhe\u00e7o algu\u00e9m que preferia muito bem ter ido ver o filme do Pel\u00e9&#8230;<\/p>\n<figure id=\"attachment_4086\" class=\"thumbnail wp-caption aligncenter\" style=\"width: 510px\"><a href=\"https:\/\/akaikki.com.br\/wp-content\/uploads\/2010\/04\/sunpic10.jpg\"><img loading=\"lazy\" decoding=\"async\" class=\"size-large wp-image-4086\" title=\"&quot;Teria sido melhor ir ver o filme do Pel\u00e9!!&quot;\" src=\"https:\/\/akaikki.com.br\/wp-content\/uploads\/2010\/04\/sunpic10-500x399.jpg\" alt=\"&quot;Teria sido melhor ir ver o filme do Pel\u00e9!!&quot;\" width=\"500\" height=\"399\" srcset=\"https:\/\/akaikki.com.br\/wp-content\/uploads\/2010\/04\/sunpic10-500x399.jpg 500w, https:\/\/akaikki.com.br\/wp-content\/uploads\/2010\/04\/sunpic10-300x239.jpg 300w, https:\/\/akaikki.com.br\/wp-content\/uploads\/2010\/04\/sunpic10.jpg 597w\" sizes=\"auto, (max-width: 500px) 100vw, 500px\" \/><\/a><figcaption class=\"caption wp-caption-text\">&quot;Teria sido melhor ir ver o filme do Pel\u00e9!!&quot;<\/figcaption><\/figure>\n<p style=\"text-align: justify;\">E, como a Bianca j\u00e1 disse h\u00e1 tr\u00eas par\u00e1grafos atr\u00e1s, a tal chuva que caiu no s\u00e1bado (e que transformou o grid da Mal\u00e1sia numa zona) existiu no domingo tanto quanto o Acre&#8230; Mas ainda valeu a pena porque vimos Ferrari e McLata correndo atr\u00e1s do preju\u00edzo que tiveram na classifica\u00e7\u00e3o&#8230; Porque os Touros Vermelhos de Vettel e Webber sobraram tanto na corrida que voc\u00eas s\u00f3 os viram em tr\u00eas momentos durante a corrida: na largada, nos pit-stops e na chegada&#8230;<\/p>\n<p style=\"text-align: justify;\">Com isso, j\u00e1 d\u00e1 pra concluir que a Red Bull \u00e9 o carro a ser batido neste ano&#8230; Se eles conseguirem resolver o problema da durabilidade do carro, que prejudicou os resultados deles no Bahrein e na Austr\u00e1lia, n\u00e3o vai ter pra ningu\u00e9m&#8230; Nem Jan\u00e1i Himura vai conseguir impedir que eles sejam derrotados&#8230;<\/p>\n<p style=\"text-align: justify;\"><img loading=\"lazy\" decoding=\"async\" style=\"border: 0pt none; margin: 0px 4px;\" title=\"Jan\u00e1i Himura\" src=\"..\/layout\/icon08.png\" alt=\"\" width=\"45\" height=\"45\" align=\"absMiddle\" \/><a title=\"Na verdade, os pilotos da Red Bull me pediram uma dobradinha...\">&#8211; \u30ec\u30c3\u30c9\u30d6\u30eb\u306e\u30c9\u30e9\u30a4\u30d0\u30fc\u306f\u3001\u5b9f\u969b\u306b\u300c\u30ef\u30f3\u30fb\u30c4\u30fc\u30fb\u30d3\u30af\u30c8\u30ea\u30fc\u300d\u306b\u305d\u308c\u3089\u3092\u8a31\u53ef\u3059\u308b\u3088\u3046\u306b\u983c\u307e&#8230;<\/a><br \/>\n<img loading=\"lazy\" decoding=\"async\" style=\"border: 0pt none; margin: 0px 4px;\" title=\"Bianca Moura\" src=\"..\/layout\/icon25.png\" alt=\"\" width=\"45\" height=\"45\" align=\"absMiddle\" \/>&#8211; E porque eles n\u00e3o ganharam nada nas duas primeiras corridas, chefe?<br \/>\n<img loading=\"lazy\" decoding=\"async\" style=\"border: 0pt none; margin: 0px 4px;\" title=\"Jan\u00e1i Himura\" src=\"..\/layout\/icon08.png\" alt=\"\" width=\"45\" height=\"45\" align=\"absMiddle\" \/><a title=\"Porque eu n\u00e3o quis...\">&#8211; \u6211\u306f\u671b\u3093\u3067\u3044\u306a\u3044\u306e\u3067&#8230;<\/a><\/p>\n<p style=\"text-align: justify;\">E no auge da minha &#8220;gato-mestrice&#8221;, eu me arrisco a dizer que a Force India j\u00e1 ensaia uma ascens\u00e3o similar \u00e0 da Jordan, no final do s\u00e9culo passado e no comecinho deste mil\u00eanio, quando esta brigava pra ser a terceira for\u00e7a da F\u00f3rmula 1, atr\u00e1s apenas de Ferrari e McLata&#8230; N\u00e3o \u00e9 nada, n\u00e3o \u00e9 nada, mas em tr\u00eas corridas, o Sutil conseguiu levar o carro indiano na Q3 em todas as oportunidades&#8230; Anotem isso: a primeira vit\u00f3ria da Force India n\u00e3o est\u00e1 muito distante&#8230;<\/p>\n<figure id=\"attachment_4087\" class=\"thumbnail wp-caption aligncenter\" style=\"width: 510px\"><a href=\"https:\/\/akaikki.com.br\/wp-content\/uploads\/2010\/04\/sunpic20.jpg\"><img loading=\"lazy\" decoding=\"async\" class=\"size-large wp-image-4087\" title=\"&quot;E o Alonso vai parando!! Felipe Massa vai liderar o campeonato!! VAI FELIPE MASSA DO BRASIIIIIL!!&quot;\" src=\"https:\/\/akaikki.com.br\/wp-content\/uploads\/2010\/04\/sunpic20-500x399.jpg\" alt=\"&quot;E o Alonso vai parando!! Felipe Massa vai liderar o campeonato!! VAI FELIPE MASSA DO BRASIIIIIL!!&quot;\" width=\"500\" height=\"399\" srcset=\"https:\/\/akaikki.com.br\/wp-content\/uploads\/2010\/04\/sunpic20-500x399.jpg 500w, https:\/\/akaikki.com.br\/wp-content\/uploads\/2010\/04\/sunpic20-300x239.jpg 300w, https:\/\/akaikki.com.br\/wp-content\/uploads\/2010\/04\/sunpic20.jpg 597w\" sizes=\"auto, (max-width: 500px) 100vw, 500px\" \/><\/a><figcaption class=\"caption wp-caption-text\">&quot;E o Alonso vai parando!! Felipe Massa vai liderar o campeonato!! VAI FELIPE MASSA DO BRASIIIIIL!!&quot;<\/figcaption><\/figure>\n<p style=\"text-align: justify;\">E l\u00e1 vou eu meter o pau na transmiss\u00e3o da RGT de novo&#8230; Essa cena e sua respectiva legenda n\u00e3o s\u00e3o inven\u00e7\u00f5es minhas&#8230; O Galv\u00e3o TEVE um orgasmo quando viu o Choronso ficando pelo caminho&#8230; Ningu\u00e9m me tira da cabe\u00e7a que o asturiano s\u00f3 quebrou porque o Galv\u00e3o deu uma secada ol\u00edmpica nele&#8230; Porra, Galv\u00e3o!! Narra, mas n\u00e3o torce!! Vai ser Pacheco l\u00e1 em Ricardo de Albuquerque&#8230;<\/p>\n<p style=\"text-align: justify;\"><img loading=\"lazy\" decoding=\"async\" style=\"border: 0pt none; margin: 0px 4px;\" title=\"Jan\u00e1i Himura\" src=\"..\/layout\/icon08.png\" alt=\"\" width=\"45\" height=\"45\" align=\"absMiddle\" \/><a title=\"N\u00e3o na minha \u00e1rea!!\">&#8211; \u6211\u304c\u8fd1\u6240\u306b\u306a\u3044!!<\/a><\/p>\n<p style=\"text-align: center;\"><img loading=\"lazy\" decoding=\"async\" src=\"https:\/\/akaikki.com.br\/wp-content\/uploads\/2010\/03\/himura_kill.gif\" alt=\"\" width=\"386\" height=\"166\" \/><br \/>\nJan\u00e1i Himura d\u00e1 cabo de Galv\u00e3o Bueno, amigo&#8230; Haaaaaaaja cora\u00e7\u00e3o&#8230;<\/p>\n<p style=\"text-align: justify;\"><img loading=\"lazy\" decoding=\"async\" class=\"alignleft\" style=\"border: 0pt none; margin: 0px 4px;\" title=\"Bianca Moura\" src=\"..\/layout\/icon25.png\" alt=\"\" width=\"45\" height=\"45\" align=\"absMiddle\" \/>Al\u00e9m dos dois pontos de diferen\u00e7a n\u00e3o serem absolutamente nada, do Galv\u00e3o ser um completo imbecil em torcer descaradamente para o Maffa enquanto \u00e9 pago para narrar, o Brasil acha pouco e me coloca uma tag <a href=\"http:\/\/twitter.com\/#search?q=%23ChupaAlonso\" target=\"_blank\">#ChupaAlonso<\/a> no TTbr. Chupar o que? O azar do c\u00e2mbio ter ido pro espa\u00e7o? Se fosse o Maffa era um coitado, o companheiro dele, que v\u00e1 pra porra. Isso s\u00f3 mostra que uma grande parte do p\u00fablico que acompanham a F\u00f3rmula 1 n\u00e3o faz id\u00e9ia do que \u00e9 F\u00f3rmula 1.<\/p>\n<p style=\"text-align: justify;\">E parab\u00e9ns pro Bruno Senna e pro Lucar di Grassi, que conseguiram, ambos, terminar a corrida&#8230; E o melhor: n\u00e3o na \u00faltima posi\u00e7\u00e3o&#8230; Quer dizer, nem tanto pro primeiro sobrinho, porque o <span style=\"text-decoration: line-through;\">Marcius Melhem<\/span> Karun Chandhok ainda conseguiu chegar uma volta \u00e0 frente dele&#8230; Porra, Senninha!!<\/p>\n<p style=\"text-align: justify;\">Parab\u00e9ns tamb\u00e9m pra Lotus, que deu um vexame hist\u00f3rico correndo em casa:\u00a0 <span style=\"text-decoration: line-through;\">Beavis e Butt-Head<\/span> Kovalainen e Trulli chegaram nas \u00faltimas posi\u00e7\u00f5es&#8230; Kova ainda fez pior: terminou a corrida dez voltas atr\u00e1s do l\u00edder, o que significa que ele completou a corrida, mas n\u00e3o a completou&#8230; A \u00faltima vez que eu vi isso acontecer foi no GP de San Marino de 1995, quando Pedro Paulo Diniz e Roberto Pupo Moreno, ambos pilotos da Forti Corse, tomaram sete voltas dos l\u00edderes e n\u00e3o foram classificados&#8230;<\/p>\n<blockquote>\n<p style=\"text-align: justify;\"><strong>IPC:<\/strong> Consta no Artigo 45.2 do Regulamento Esportivo da F\u00f3rmula 1: &#8220;os carros que cobrirem menos de 90% do n\u00famero de voltas percorridas pelo vencedor (arredondado pra baixo) n\u00e3o ser\u00e3o classifcados&#8221;&#8230;<\/p>\n<\/blockquote>\n<p style=\"text-align: justify;\">Ou seja: a F\u00f3rmula 1 est\u00e1 voltando aos bons tempos&#8230; E uma rodada de suco pra galera&#8230; A\u00ca\u00ca\u00ca\u00ca\u00ca\u00ca\u00ca\u00ca\u00ca\u00ca\u00ca\u00ca\u00ca!!<\/p>\n<p style=\"text-align: center;\"><a href=\"https:\/\/akaikki.com.br\/wp-content\/uploads\/2010\/04\/resultado_r03.png\"><img loading=\"lazy\" decoding=\"async\" title=\"Resultado final do GP da Mal\u00e1sia\" src=\"https:\/\/akaikki.com.br\/wp-content\/uploads\/2010\/04\/resultado_r03.png\" alt=\"\" width=\"382\" height=\"599\" \/><\/a><\/p>\n<p style=\"text-align: justify;\">Considera\u00e7\u00f5es finais a respeito dessa porra toda: Massa est\u00e1 dois pontos \u00e0 frente do Alonso&#8230; Sabem o que isso significa? PORRA NENHUMA!! Ainda faltam 16 corridas pro fim dessa merda e ainda tem 400 pontos em jogo&#8230; O mesmo vale pros Construtores: Ferrari, McLata e Red Bull s\u00e3o as for\u00e7as desta temporada e a Mercedes vai correr por fora&#8230;<\/p>\n<p style=\"text-align: justify;\">Rosbicha cada vez mais sem respeito&#8230; Jan\u00e1i olhou uma foto do(a) dito(a) cujo(a) e sapecou uma das frases mais \u00e9picas de toda a hist\u00f3ria Himuriana: &#8220;Esse cara n\u00e3o d\u00e1 pinta&#8230; D\u00e1 um borr\u00e3o, uma mancha!!&#8221;&#8230; Pois bem, mandei essa pra Bianca&#8230; O resto dessa hist\u00f3ria voc\u00ea confere <a href=\"http:\/\/twitpic.com\/1d9jfg\" target=\"_blank\"><strong>aqui<\/strong><\/a>&#8230;<\/p>\n<p style=\"text-align: justify;\">No entanto, a not\u00edcia que eu mais gostei de ver foi esta: &#8220;<a href=\"http:\/\/esporte.ig.com.br\/grandepremio\/formula1\/2010\/04\/04\/feliz+no+wrc+raikkonen+diz+que+nem+lembrava+do+gp+da+malasia+de+f1+9447736.html\" target=\"_blank\">Feliz no WRC, Raikkonen declara que nem lembrava no GP da Mal\u00e1sia de F1<\/a>&#8220;&#8230; Cara, eu gozei litros quando li essa not\u00edcia&#8230; Sabem por qu\u00ea?<\/p>\n<figure id=\"attachment_4089\" class=\"thumbnail wp-caption aligncenter\" style=\"width: 508px\"><a href=\"https:\/\/akaikki.com.br\/wp-content\/uploads\/2010\/04\/kimi_raikkonen_280_498.jpg\"><img loading=\"lazy\" decoding=\"async\" class=\"size-full wp-image-4089\" title=\"Simples assim...\" src=\"https:\/\/akaikki.com.br\/wp-content\/uploads\/2010\/04\/kimi_raikkonen_280_498.jpg\" alt=\"Simples assim...\" width=\"498\" height=\"280\" srcset=\"https:\/\/akaikki.com.br\/wp-content\/uploads\/2010\/04\/kimi_raikkonen_280_498.jpg 498w, https:\/\/akaikki.com.br\/wp-content\/uploads\/2010\/04\/kimi_raikkonen_280_498-300x168.jpg 300w\" sizes=\"auto, (max-width: 498px) 100vw, 498px\" \/><\/a><figcaption class=\"caption wp-caption-text\">Simples assim...<\/figcaption><\/figure>\n<p style=\"text-align: justify;\">Porque o Kimi foi macho o bastante pra peitar o Bernie e jogar na cara dele que ele est\u00e1 CAGANDO pra F\u00f3rmula 1&#8230; Simples assim&#8230;<\/p>\n<p style=\"text-align: justify;\">Pr\u00f3xima corrida: Grande Pr\u00eamio da China em Shanghai, no dia 18 de abril&#8230; Mais uma madrugada insone \u00e0 vista&#8230;<\/p>\n<p style=\"text-align: justify;\">Sobre as minhas &#8220;f\u00e9rias&#8221;: eu disse que precisava resolver minha vida&#8230; Bom, o assunto pelo qual eu ficaria ausente at\u00e9 meu anivers\u00e1rio j\u00e1 foi resolvido&#8230; Certo, mas ainda preciso resolver minha vida&#8230; Tem pelo menos dois concursos p\u00fablicos \u00e0 frente pra eu fazer e eu vou, inclusive, me inscrever num preparat\u00f3rio pra estes concursos&#8230; Pretendo estudar um bom bocado nesse meio tempo&#8230; Estou de olho nestes concursos e em outros que possam abrir brevemente&#8230; Isso vai tomar uma boa parte do meu tempo livre nos dias de semana, o que significa que minhas atualiza\u00e7\u00f5es ser\u00e3o ainda menos frequentes do que costumam ser&#8230;<\/p>\n<p style=\"text-align: justify;\">Mas eu vou continuar de olho nessa macacada sempre que for poss\u00edvel&#8230; S\u00f3 pe\u00e7o que n\u00e3o cobrem tanto de mim pelos pr\u00f3ximos dois ou tr\u00eas meses e que tor\u00e7am bastante pra que eu consiga passar nestes concursos&#8230;<\/p>\n<p style=\"text-align: justify;\">&#8230;e que Jan\u00e1i Himura perdoe cada erro dos outros editores&#8230;<\/p>\n<p style=\"text-align: justify;\"><img loading=\"lazy\" decoding=\"async\" title=\"Bianca Moura assistiu a corrida pela metade gra\u00e7as \u00e0 sua internet...\" src=\"..\/layout\/assinaturas\/sig25.png\" alt=\"\" width=\"500\" height=\"43\" \/> <img loading=\"lazy\" decoding=\"async\" title=\"Vin\u00edcius Sacramento devia estar ocupado com a Giseli no fim de semana...\" src=\"..\/layout\/assinaturas\/sig02.png\" alt=\"\" width=\"500\" height=\"43\" \/> <img loading=\"lazy\" decoding=\"async\" title=\"Erick Von Draxeler aturou uma pulga japa contrariada por ter sido trocada por 24 marmanjos correndo atr\u00e1s de uma linha de chegada...\" src=\"..\/layout\/assinaturas\/sig01.png\" alt=\"\" width=\"500\" height=\"43\" \/><\/p>\n","protected":false},"excerpt":{"rendered":"<p>alera do meu Brasil, eu estou em alvoro\u00e7o. Depois de descobrir que meu patr\u00e3o entrar\u00e1 de f\u00e9rias, me sinto uma crian\u00e7a solta na buraqueira. Finalmente vou poder falar qu\u00e3o o Webber \u00e9 gostos\u00e3o (ele s\u00f3 aparece aqui em cenas altamente constrangedoras, coitado&#8230;), discutir com minha amiga @KaStutz sobre os dotes f\u00edsicos do Fernando Alonso e<\/p>\n","protected":false},"author":18,"featured_media":0,"comment_status":"open","ping_status":"open","sticky":false,"template":"","format":"standard","meta":{"footnotes":""},"categories":[195,79,3,1],"tags":[],"class_list":["post-3973","post","type-post","status-publish","format-standard","hentry","category-a-k-a--na-formula-1","category-automobilismo","category-aviso-aos-navegantes","category-besteirol"],"_links":{"self":[{"href":"https:\/\/akaikki.com.br\/index.php?rest_route=\/wp\/v2\/posts\/3973","targetHints":{"allow":["GET"]}}],"collection":[{"href":"https:\/\/akaikki.com.br\/index.php?rest_route=\/wp\/v2\/posts"}],"about":[{"href":"https:\/\/akaikki.com.br\/index.php?rest_route=\/wp\/v2\/types\/post"}],"author":[{"embeddable":true,"href":"https:\/\/akaikki.com.br\/index.php?rest_route=\/wp\/v2\/users\/18"}],"replies":[{"embeddable":true,"href":"https:\/\/akaikki.com.br\/index.php?rest_route=%2Fwp%2Fv2%2Fcomments&post=3973"}],"version-history":[{"count":120,"href":"https:\/\/akaikki.com.br\/index.php?rest_route=\/wp\/v2\/posts\/3973\/revisions"}],"predecessor-version":[{"id":12033,"href":"https:\/\/akaikki.com.br\/index.php?rest_route=\/wp\/v2\/posts\/3973\/revisions\/12033"}],"wp:attachment":[{"href":"https:\/\/akaikki.com.br\/index.php?rest_route=%2Fwp%2Fv2%2Fmedia&parent=3973"}],"wp:term":[{"taxonomy":"category","embeddable":true,"href":"https:\/\/akaikki.com.br\/index.php?rest_route=%2Fwp%2Fv2%2Fcategories&post=3973"},{"taxonomy":"post_tag","embeddable":true,"href":"https:\/\/akaikki.com.br\/index.php?rest_route=%2Fwp%2Fv2%2Ftags&post=3973"}],"curies":[{"name":"wp","href":"https:\/\/api.w.org\/{rel}","templated":true}]}}