{"id":3902,"date":"2010-03-30T16:16:26","date_gmt":"2010-03-30T19:16:26","guid":{"rendered":"http:\/\/akaikki.com.br\/?p=3902"},"modified":"2012-02-14T18:54:40","modified_gmt":"2012-02-14T20:54:40","slug":"a-k-a-%e4%b8%80%e8%bc%9d-%e2%80%93-edicao-1565","status":"publish","type":"post","link":"https:\/\/akaikki.com.br\/?p=3902","title":{"rendered":"a.k.a.\u4e00\u8f1d!! \u2013 Edi\u00e7\u00e3o 1565"},"content":{"rendered":"<p style=\"text-align: justify;\"><img loading=\"lazy\" decoding=\"async\" class=\"alignleft\" style=\"border: 0px none; margin: 1px 4px;\" src=\"https:\/\/akaikki.com.br\/layout\/caps\/cap_p.gif\" alt=\"\" width=\"39\" height=\"39\" \/>ois bem, crian\u00e7ada velha e nova, hoje vou tirar essa edi\u00e7\u00e3o pra fazer algo que eu j\u00e1 n\u00e3o fazia h\u00e1 um bom tempo: responder os coment\u00e1rios que me deixam&#8230; E dessa vez, n\u00e3o vou responder nenhum dos coment\u00e1rios do pessoal do elenco do site&#8230; Vou respoder o pessoal de fora, justamente pra ningu\u00e9m vir reclamar que eu s\u00f3 dou prefer\u00eancia ao pessoal do site&#8230;<\/p>\n<p style=\"text-align: justify;\">Est\u00e1 aberto o <strong>Tribunal de In\u00fateis Causas do <span style=\"color: #c00000;\">a.k.a.\u4e00\u8f1d!!<\/span><\/strong>&#8230;<\/p>\n<blockquote>\n<p style=\"text-align: justify;\">Huhuahauhau adorei esse post <img loading=\"lazy\" decoding=\"async\" style=\"border: 0pt none; margin: 0px;\" src=\"..\/wp-includes\/images\/smilies\/icon_wink.gif\" alt=\";)\" width=\"15\" height=\"15\" \/><br \/>\nCom certeza fazia MUITO tempo que eu n\u00e3o via uma corrida assim. Juro. Maravilhosa.<br \/>\nEu quis matar o GBT quando ficou gritando horrores na hora que o Vettel saiu da pista =\/<\/p>\n<p style=\"text-align: justify;\">Chandocka mandou bem, imagina? Terminar a prova com o carrinho de Lego? O Alguersueri (segundo GBT) tb mandou bem ao segurar o queixud\u00e3o.<\/p>\n<p style=\"text-align: justify;\">E Kobashow\u2026 ai torci tanto pra ele conseguir uma vaguinha na F1 esse ano. Espero que ele melhore e se acerte um pouco mais daqui pra frente!<\/p>\n<p style=\"text-align: justify;\">Parab\u00e9ns, people!!!<\/p>\n<p style=\"text-align: justify;\"><strong>KaStutz<\/strong><\/p>\n<\/blockquote>\n<p style=\"text-align: justify;\">Karol, o Galv\u00e3o secando o Vettel \u00e9 fichinha perto de dois epis\u00f3dios que me chamaram a aten\u00e7\u00e3o em 2008&#8230; O primeiro foi no GP de M\u00f4naco, quando o Massa, liderando a corrida, deu uma escapadinha na Saint Devote e entrou em p\u00e2nico&#8230; N\u00e3o acredita? Veja <strong><a href=\"http:\/\/www.youtube.com\/watch?v=QL43FBlBeOI\" target=\"_blank\">aqui<\/a><\/strong>&#8230; O segundo foi o cl\u00e1ssico epis\u00f3dio da mangueira em Singapura&#8230; N\u00e3o tenho o v\u00eddeo, mas eu lembro que ele s\u00f3 faltou descer no pit lane e sentar a porrada em cada um dos integrantes da equipe&#8230;<\/p>\n<blockquote>\n<p style=\"text-align: justify;\">BASTA de blogs chatos!!!! Voc\u00eas est\u00e3o de PARAB\u00c9NS!!! Muito bom o blog\u2026 Os posts de F1 ent\u00e3o!!??!! Os melhores!! Voc\u00eas mandam muito bem!!! Vou trabalhar muito para ter meu blog linkado aqui!!!<\/p>\n<p style=\"text-align: justify;\"><strong>Maurilyn<\/strong><\/p>\n<\/blockquote>\n<p style=\"text-align: justify;\">Bom, s\u00f3 posso dizer que a gente cobre os eventos ao nosso jeito&#8230; N\u00e3o estamos aqui pra ser politicamente corretos como as &#8220;transmiss\u00f5es oficiais&#8221; s\u00e3o&#8230; Note que a gente chama o Karun Chandhok de Marcius Melhem, o Nico Rosberg de Rosbicha, O Jenson Button de Bot\u00e3o, o Fernando Alonso de Choronso, etc&#8230;<\/p>\n<p style=\"text-align: justify;\">A R\u00e1dio Transam\u00e9rica faz o mesmo nas transmiss\u00f5es de futebol aqui no Rio (n\u00e3o sei se \u00e9 assim no resto do pa\u00eds), quantas vezes eles n\u00e3o chamaram o zagueiro Ronaldo Angelim de Ronaldo Gergelim?<\/p>\n<p style=\"text-align: justify;\">\u00c9 por isso que eu falo: se n\u00e3o gostou do site, sai dele&#8230;<\/p>\n<blockquote>\n<p style=\"text-align: justify;\">Infelizmente (ou felizmente, sei la) a blitz da Lei Seca da Vida real me pegou e n\u00e3o pude ver a corrida!<br \/>\n\u201cComo um negocio chamado Skyy pode te levar ao ch\u00e3o??\u201d rs<\/p>\n<p style=\"text-align: justify;\">Gostaria de deixar alguns pontos para reflex\u00e3o!<br \/>\n1 \u2013 Pq a Sauber levou um carro de brinquedo para K. Kobayashi?<br \/>\n2 \u2013 Schummacher, para variar, levou um X de uma equipe pequena. Ele gosta?<br \/>\n3 \u2013 Schummacher, para variar, passou quase a prova toda atr\u00e1s de um carro bem mais fraco. Ele gosta?<br \/>\n(certo, que a outra vez, foi atr\u00e1s do Enrique Bernoldi, com a Arrow, mas era em MONACO).<br \/>\n4 \u2013 Que pasa con Sebastian? CORTA O CABELO VETTEL! Ta dando azar!<\/p>\n<p style=\"text-align: justify;\">Parabens!!!<\/p>\n<p style=\"text-align: justify;\"><strong>Magico Luca<\/strong><\/p>\n<\/blockquote>\n<p style=\"text-align: justify;\">Luca, meu jovem&#8230; Voc\u00ea como m\u00e1gico, ainda mais se faz m\u00e1gica para o p\u00fablico infanto-juvenil, n\u00e3o deveria dar um mau exemplo desses&#8230; O que a pirralhada vai pensar de voc\u00ea? E o que v\u00e3o passar a pensar dos m\u00e1gicos? \u00c9 por isso que eu n\u00e3o bebo&#8230;<\/p>\n<p style=\"text-align: justify;\">E uma corre\u00e7\u00e3o: quem ficou algumas muitas voltas atr\u00e1s da Arrows do Enrique Bernoldi em M\u00f4naco foi o David Coulthard&#8230; Em 2001 ou 2002, se a mem\u00f3ria n\u00e3o me falha&#8230;<\/p>\n<p style=\"text-align: justify;\">E se o Vettel n\u00e3o corta o cabelo&#8230; Ah, agora eu entendi por que <a href=\"https:\/\/akaikki.com.br\/wp-content\/uploads\/2010\/03\/GEPA_full_2157_GEPA-27031099025.jpg\" target=\"_blank\">o Webber tava com aquela cara de cachorrinho pid\u00e3o pra cima do Vettel&#8230;<\/a> Agora tudo se explica&#8230;<\/p>\n<p style=\"text-align: justify;\">E continuem comentando, seus merdinhas!!<\/p>\n<p><img loading=\"lazy\" decoding=\"async\" title=\"Erick Von Draxeler adora responder os coment\u00e1rios de seus leitores...\" src=\"..\/layout\/assinaturas\/sig01.png\" alt=\"\" width=\"500\" height=\"43\" \/><\/p>\n","protected":false},"excerpt":{"rendered":"<p>ois bem, crian\u00e7ada velha e nova, hoje vou tirar essa edi\u00e7\u00e3o pra fazer algo que eu j\u00e1 n\u00e3o fazia h\u00e1 um bom tempo: responder os coment\u00e1rios que me deixam&#8230; E dessa vez, n\u00e3o vou responder nenhum dos coment\u00e1rios do pessoal do elenco do site&#8230; Vou respoder o pessoal de fora, justamente pra ningu\u00e9m vir reclamar<\/p>\n","protected":false},"author":2,"featured_media":0,"comment_status":"open","ping_status":"open","sticky":false,"template":"","format":"standard","meta":{"footnotes":""},"categories":[8],"tags":[],"class_list":["post-3902","post","type-post","status-publish","format-standard","hentry","category-tribunal-de-inuteis-causas"],"_links":{"self":[{"href":"https:\/\/akaikki.com.br\/index.php?rest_route=\/wp\/v2\/posts\/3902","targetHints":{"allow":["GET"]}}],"collection":[{"href":"https:\/\/akaikki.com.br\/index.php?rest_route=\/wp\/v2\/posts"}],"about":[{"href":"https:\/\/akaikki.com.br\/index.php?rest_route=\/wp\/v2\/types\/post"}],"author":[{"embeddable":true,"href":"https:\/\/akaikki.com.br\/index.php?rest_route=\/wp\/v2\/users\/2"}],"replies":[{"embeddable":true,"href":"https:\/\/akaikki.com.br\/index.php?rest_route=%2Fwp%2Fv2%2Fcomments&post=3902"}],"version-history":[{"count":4,"href":"https:\/\/akaikki.com.br\/index.php?rest_route=\/wp\/v2\/posts\/3902\/revisions"}],"predecessor-version":[{"id":3906,"href":"https:\/\/akaikki.com.br\/index.php?rest_route=\/wp\/v2\/posts\/3902\/revisions\/3906"}],"wp:attachment":[{"href":"https:\/\/akaikki.com.br\/index.php?rest_route=%2Fwp%2Fv2%2Fmedia&parent=3902"}],"wp:term":[{"taxonomy":"category","embeddable":true,"href":"https:\/\/akaikki.com.br\/index.php?rest_route=%2Fwp%2Fv2%2Fcategories&post=3902"},{"taxonomy":"post_tag","embeddable":true,"href":"https:\/\/akaikki.com.br\/index.php?rest_route=%2Fwp%2Fv2%2Ftags&post=3902"}],"curies":[{"name":"wp","href":"https:\/\/api.w.org\/{rel}","templated":true}]}}