{"id":3674,"date":"2010-03-28T00:00:05","date_gmt":"2010-03-28T03:00:05","guid":{"rendered":"http:\/\/akaikki.com.br\/?p=3674"},"modified":"2012-02-14T18:52:00","modified_gmt":"2012-02-14T20:52:00","slug":"a-k-a-%e4%b8%80%e8%bc%9d-edicao-1563","status":"publish","type":"post","link":"https:\/\/akaikki.com.br\/?p=3674","title":{"rendered":"a.k.a.\u4e00\u8f1d!! \u2013 Edi\u00e7\u00e3o 1563"},"content":{"rendered":"<p style=\"text-align: justify;\"><img loading=\"lazy\" decoding=\"async\" class=\"alignleft\" style=\"border: 0px none; margin: 1px 4px;\" src=\"https:\/\/akaikki.com.br\/layout\/caps\/cap_o.gif\" alt=\"\" width=\"39\" height=\"39\" \/>l\u00e1!! Eu sou Bianca Moura e esta \u00e9 a edi\u00e7\u00e3o especial Grande Pr\u00eamio da Austr\u00e1lia. Assim como no Bahrein, garimpamos tudo que aconteceu de mais extraordin\u00e1rio (ou n\u00e3o) durante o fim de semana. Acredite, o que o post tem de longo, tem de divertido. Ele est\u00e1 sendo postado s\u00f3 agora por uma falha de comunica\u00e7\u00e3o (OI?) entre os envolvidos (OI?). Como n\u00e3o notei a presen\u00e7a do meu chefe querido na Rede Mundial de Computadores, resolvi &#8220;fechar&#8221; a edi\u00e7\u00e3o e postar logo, afinal, sabe como minha mem\u00f3ria \u00e9 pequena, n\u00e3o \u00e9?<\/p>\n<p style=\"text-align: justify;\"><img loading=\"lazy\" decoding=\"async\" class=\"alignnone\" style=\"border: 0px none; margin: 0px 4px;\" src=\"https:\/\/akaikki.com.br\/layout\/icon01.png\" alt=\"\" width=\"45\" height=\"45\" align=\"absMiddle\" \/>&#8211; S\u00f3 a mem\u00f3ria?<\/p>\n<hr \/>\n<p style=\"text-align: justify;\"><strong>26 de mar\u00e7o <\/strong><img loading=\"lazy\" decoding=\"async\" class=\"alignleft\" style=\"border: 0px none; margin: 0px 4px;\" src=\"https:\/\/akaikki.com.br\/layout\/icon25.png\" alt=\"\" width=\"45\" height=\"45\" align=\"absMiddle\" \/>&#8211; Salve, salve, meu povo! Aqui come\u00e7a a viagem por um dos GPs mais divertidos da temporada de F\u00f3rmula 1. Melbourne, com suas curvas, seus pontos de ultrapassagem e suas palmeiras. Mas, como nem tudo \u00e9 trabalho, os pilotos aproveitaram todo esse clima austr\u00edaco para traquinar.<\/p>\n<p style=\"text-align: justify;\"><img loading=\"lazy\" decoding=\"async\" class=\"alignnone\" style=\"border: 0px none; margin: 0px 4px;\" src=\"https:\/\/akaikki.com.br\/layout\/icon01.png\" alt=\"\" width=\"45\" height=\"45\" align=\"absMiddle\" \/>&#8211; Austr\u00edaco, sua retardada?! \u00c9 <strong>AUSTRALIANO!! PORRA, BIANCA!! <a href=\"http:\/\/porramauricio.tumblr.com\/\" target=\"_blank\">PORRA, MAURICIO!!<\/a><\/strong><\/p>\n<figure id=\"attachment_3680\" class=\"thumbnail wp-caption aligncenter\" style=\"width: 410px\"><a href=\"https:\/\/akaikki.com.br\/wp-content\/uploads\/2010\/03\/lucas-vettel-e-lewis.jpg\"><img loading=\"lazy\" decoding=\"async\" class=\"size-full wp-image-3680 \" title=\"Lewis Hamilton passeando de barco, Lucas Di Grassi surfando e Sebastian Vettel fazendo aulas de heran\u00e7a ind\u00edgena (???)\" src=\"https:\/\/akaikki.com.br\/wp-content\/uploads\/2010\/03\/lucas-vettel-e-lewis.jpg\" alt=\"\" width=\"400\" height=\"800\" srcset=\"https:\/\/akaikki.com.br\/wp-content\/uploads\/2010\/03\/lucas-vettel-e-lewis.jpg 400w, https:\/\/akaikki.com.br\/wp-content\/uploads\/2010\/03\/lucas-vettel-e-lewis-150x300.jpg 150w, https:\/\/akaikki.com.br\/wp-content\/uploads\/2010\/03\/lucas-vettel-e-lewis-250x500.jpg 250w\" sizes=\"auto, (max-width: 400px) 100vw, 400px\" \/><\/a><figcaption class=\"caption wp-caption-text\">Lewis Hamilton passeando de barco, Lucas Di Grassi surfando e Sebastian Vettel fazendo aulas de heran\u00e7a ind\u00edgena (???)<\/figcaption><\/figure>\n<p style=\"text-align: justify;\"><img loading=\"lazy\" decoding=\"async\" class=\"alignnone\" style=\"border: 0px none; margin: 0px 4px;\" src=\"https:\/\/akaikki.com.br\/layout\/icon01.png\" alt=\"\" width=\"45\" height=\"45\" align=\"absMiddle\" \/>&#8211; Heran\u00e7a ind\u00edgena \u00e9 o cacete!! O Vettel t\u00e1 \u00e9 puxando um baseado!!<br \/>\n<img loading=\"lazy\" decoding=\"async\" style=\"border: 0pt none; margin: 0px 4px;\" src=\"https:\/\/akaikki.com.br\/wp-content\/uploads\/2010\/03\/away.png\" alt=\"\" width=\"45\" height=\"45\" align=\"absMiddle\" \/>&#8211; <a href=\"http:\/\/videolog.uol.com.br\/video.php?id=93400\" target=\"_blank\">A brasa \u00e9 muito boa, bicho&#8230; Quer dar um pux\u00e3o?<\/a><br \/>\n<img loading=\"lazy\" decoding=\"async\" class=\"alignnone\" style=\"border: 0px none; margin: 0px 4px;\" src=\"https:\/\/akaikki.com.br\/layout\/icon02.png\" alt=\"\" width=\"45\" height=\"45\" align=\"absMiddle\" \/>&#8211; <strong>DORGAS, MANO!!<\/strong><\/p>\n<p style=\"text-align: justify;\">Mas, vamos trabalhar, crian\u00e7as? Na primeira sess\u00e3o dos treinos livres, (garrafas pets de combust\u00edvel a parte) deu <strong>Robert Kubica<\/strong>! Ele colocou sua <span style=\"text-decoration: line-through;\">banana at\u00f4mica<\/span> Renault para andar, deixando o &#8220;Rei das Sextas&#8221;, Nico Rosberg com o segundo melhor tempo.<\/p>\n<p style=\"text-align: justify;\">Da arte de ser feliz com as pequenas coisas da vida: Bruno Senna na frente de Karun Chandhok, Lucas Di Grassi na frende de Timo Glock, Rubens Barrichello na frente de Nico Hulkenberg e Felipe Massa na frente de Fernando Alonso. Bonito? Eu achei lindo de viver! (cof, cof&#8230;)<\/p>\n<p style=\"text-align: justify;\">E quem a primeira bandeira amarela da pista? Kamui Kobayashi \u00e9 o nome dele. Mas se voc\u00ea pensa que o garoto fez besteira na pista, saiba que (ao contr\u00e1rio de qualquer coisa que o Lito Cavalcanti possa dizer) Kobashow n\u00e3o faz merda! Ele apenas erra alguns c\u00e1lculos na hora de suas manobras altamente arrojadas.<\/p>\n<figure id=\"attachment_3686\" class=\"thumbnail wp-caption aligncenter\" style=\"width: 320px\"><a href=\"https:\/\/akaikki.com.br\/?attachment_id=3686\" rel=\"attachment wp-att-3686\"><img loading=\"lazy\" decoding=\"async\" class=\"size-full wp-image-3686 \" title=\"Kobashow muito triste com o desfecho de suas manobras arrojadas.\" src=\"https:\/\/akaikki.com.br\/wp-content\/uploads\/2010\/03\/kamui.png\" alt=\"\" width=\"310\" height=\"447\" srcset=\"https:\/\/akaikki.com.br\/wp-content\/uploads\/2010\/03\/kamui.png 310w, https:\/\/akaikki.com.br\/wp-content\/uploads\/2010\/03\/kamui-208x300.png 208w\" sizes=\"auto, (max-width: 310px) 100vw, 310px\" \/><\/a><figcaption class=\"caption wp-caption-text\">Kobashow muito triste com o desfecho de suas manobras arrojadas.<\/figcaption><\/figure>\n<p style=\"text-align: justify;\"><img loading=\"lazy\" decoding=\"async\" class=\"alignleft\" style=\"border: 0px none; margin: 0px 4px;\" src=\"https:\/\/akaikki.com.br\/layout\/icon02.png\" alt=\"\" width=\"45\" height=\"45\" align=\"absMiddle\" \/>&#8211; Experimenta falar mal de algum japa pra voc\u00ea ver o que a espada da Jan\u00e1i vai fazer com o seu pesco\u00e7o&#8230;<br \/>\n<span style=\"color: #ffffff;\">.<br \/>\n.<\/span><br \/>\n<img loading=\"lazy\" decoding=\"async\" class=\"alignleft\" style=\"border: 0px none; margin: 0px 4px;\" src=\"https:\/\/akaikki.com.br\/layout\/icon01.png\" alt=\"\" width=\"45\" height=\"45\" align=\"absMiddle\" \/>&#8211; Ali\u00e1s, Bianca&#8230; Aproveitando a deixa&#8230; Eu mostrei uma foto do Kamui pro Cristiano pra ver se ele pescava algum personagem de Tokusatsu que se parecesse com ele&#8230; Eis que ele indica&#8230;<\/p>\n<figure id=\"attachment_3711\" class=\"thumbnail wp-caption aligncenter\" style=\"width: 510px\"><a href=\"https:\/\/akaikki.com.br\/wp-content\/uploads\/2010\/03\/kurata.jpg\"><img loading=\"lazy\" decoding=\"async\" class=\"size-full wp-image-3711\" title=\"Kamui Kurata e Tetsuo Kobayashi...?!\" src=\"https:\/\/akaikki.com.br\/wp-content\/uploads\/2010\/03\/kurata.jpg\" alt=\"Kamui Kurata e Tetsuo Kobayashi...?!\" width=\"500\" height=\"350\" srcset=\"https:\/\/akaikki.com.br\/wp-content\/uploads\/2010\/03\/kurata.jpg 500w, https:\/\/akaikki.com.br\/wp-content\/uploads\/2010\/03\/kurata-300x210.jpg 300w\" sizes=\"auto, (max-width: 500px) 100vw, 500px\" \/><\/a><figcaption class=\"caption wp-caption-text\">Kamui Kurata e Tetsuo Kobayashi...?!<\/figcaption><\/figure>\n<p style=\"text-align: justify;\">Aos que n\u00e3o pescaram: Tetsuo Kurata \u00e9 o ator que fez o Kamen Rider Black, na vers\u00e3o original e na especial do Decade&#8230; (os nomes em japon\u00eas na legenda est\u00e3o trocados pra zoar mesmo&#8230;)<\/p>\n<p style=\"text-align: justify;\"><img loading=\"lazy\" decoding=\"async\" class=\"alignnone\" style=\"border: 0px none; margin: 0px 4px;\" src=\"https:\/\/akaikki.com.br\/layout\/icon25.png\" alt=\"\" width=\"45\" height=\"45\" align=\"absMiddle\" \/>&#8211; \u00d4xe, chefe&#8230; Japon\u00eas \u00e9 tudo igual&#8230;<br \/>\n<img loading=\"lazy\" decoding=\"async\" class=\"alignnone\" style=\"border: 0px none; margin: 0px 4px;\" src=\"https:\/\/akaikki.com.br\/layout\/icon01.png\" alt=\"\" width=\"45\" height=\"45\" align=\"absMiddle\" \/>&#8211; Fala isso pra Jan\u00e1i que t\u00e1 a\u00ed te olhando&#8230;<br \/>\n<img loading=\"lazy\" decoding=\"async\" class=\"alignnone\" style=\"border: 0px none; margin: 0px 4px;\" src=\"https:\/\/akaikki.com.br\/layout\/icon08.png\" alt=\"\" width=\"45\" height=\"45\" align=\"absMiddle\" \/>&#8211; &#8230;<\/p>\n<p style=\"text-align: center;\"><img loading=\"lazy\" decoding=\"async\" src=\"https:\/\/akaikki.com.br\/wp-content\/uploads\/2010\/03\/himura_kill.gif\" alt=\"\" width=\"386\" height=\"166\" \/><br \/>\nJan\u00e1i Himura fatia Bianca com a Espada Ol\u00edmpica&#8230;<\/p>\n<p style=\"text-align: justify;\"><img loading=\"lazy\" decoding=\"async\" style=\"border: 0pt none; margin: 0px 4px;\" src=\"..\/layout\/icon02.png\" alt=\"\" width=\"45\" height=\"45\" align=\"absMiddle\" \/>&#8211; Eu bem que te avisei, Bianca&#8230;<\/p>\n<p><img loading=\"lazy\" decoding=\"async\" class=\"alignleft\" style=\"border: 0px none; margin: 0px 4px;\" src=\"https:\/\/akaikki.com.br\/layout\/icon01.png\" alt=\"\" width=\"45\" height=\"45\" align=\"absMiddle\" \/>&#8211; Ent\u00e3o, da mesma forma que seus conterr\u00e2neos resolvem as coisas furando os outros &#8220;cabras&#8221; com a peixeira, Jan\u00e1i resolve as tretas dela com a Espada Ol\u00edmpica, que \u00e9 t\u00e3o eficaz quanto todas as peixeiras do mundo juntas&#8230;<\/p>\n<p style=\"text-align: justify;\">Na segunda parte dos treinos livres, com uma chuva que vinha e ia, Lewis Hamilton e Jenson Button foram os mais r\u00e1pidos. Felipe Massa e Fernando Alonso (P15 e P17) se esconderam at\u00e9 demais, s\u00f3 faltando apenas uma placa &#8220;FAKE&#8221; colada no carro&#8230;<\/p>\n<p style=\"text-align: justify;\"><img loading=\"lazy\" decoding=\"async\" class=\"alignnone\" style=\"border: 0pt none; margin: 0px 4px;\" src=\"https:\/\/akaikki.com.br\/wp-content\/uploads\/2010\/03\/cleber.png\" alt=\"\" width=\"45\" height=\"45\" align=\"absMiddle\" \/>&#8211; Mas fala que \u00e9 falso?<\/p>\n<hr \/>\n<p style=\"text-align: justify;\"><strong>27 de mar\u00e7o <\/strong><img loading=\"lazy\" decoding=\"async\" class=\"alignleft\" style=\"border: 0px none; margin: 0px 4px;\" src=\"https:\/\/akaikki.com.br\/layout\/icon25.png\" alt=\"\" width=\"45\" height=\"45\" align=\"absMiddle\" \/>&#8211; Finalmente, depois de tantas chacoalhadas por todos os meios poss\u00edveis, Galv\u00e3o Bueno, nos primeiros minutos da transmiss\u00e3o, solta o t\u00e3o desejado &#8220;Virgin&#8221; ao vivo. Talvez o m\u00e9rito n\u00e3o tenha sido propriamente nosso, ele pode ter simplesmente esquecido que n\u00e3o era pra falar, mas tenho certeza que a l\u00edngua do colega n\u00e3o caiu, a <span style=\"text-decoration: line-through;\">Globo<\/span> RGT n\u00e3o ficou mais pobre e o Grupo Virgin n\u00e3o ficou mais rico.<\/p>\n<p style=\"text-align: justify;\"><img loading=\"lazy\" decoding=\"async\" class=\"alignleft\" style=\"border: 0pt none; margin: 0px 4px;\" src=\"https:\/\/akaikki.com.br\/wp-content\/uploads\/2010\/03\/justus.png\" alt=\"\" width=\"45\" height=\"45\" align=\"absMiddle\" \/>&#8211; Galv\u00e3o, voc\u00ea violou as nossas regras de n\u00e3o fazer merchandising de marcas que n\u00e3o nos patrocinam&#8230; E n\u00e3o interessa se voc\u00ea esqueceu que n\u00e3o podia falar, se foi por descuido, sei l\u00e1&#8230; Voc\u00ea, como principal narrador da casa, tem que dar o exemplo pros seus colegas&#8230; \u00c9 por isso que voc\u00ea, Galv\u00e3o, est\u00e1 demitido&#8230;!!<br \/>\n<img loading=\"lazy\" decoding=\"async\" style=\"border: 0pt none; margin: 0px 4px;\" src=\"..\/wp-content\/uploads\/2010\/03\/galvao.png\" alt=\"\" width=\"45\" height=\"45\" align=\"absMiddle\" \/>&#8211; Haaaaaja cora\u00e7\u00e3o, amigo&#8230;<br \/>\n<img loading=\"lazy\" decoding=\"async\" class=\"alignnone\" style=\"border: 0px none; margin: 0px 4px;\" src=\"https:\/\/akaikki.com.br\/layout\/icon01.png\" alt=\"\" width=\"45\" height=\"45\" align=\"absMiddle\" \/>&#8211; Pois \u00e9&#8230; Sonhar n\u00e3o custa nada&#8230;<\/p>\n<p style=\"text-align: justify;\">Com esse pequeno passo a favor do p\u00fablico, come\u00e7amos os Treinos Oficiais do Grande Pr\u00eamio da Austr\u00e1lia, onde as pessoas s\u00e3o <strong>australianas<\/strong>.<\/p>\n<p style=\"text-align: justify;\"><img loading=\"lazy\" decoding=\"async\" class=\"alignleft\" style=\"border: 0pt none; margin: 0px 4px;\" src=\"https:\/\/akaikki.com.br\/wp-content\/uploads\/2010\/03\/cleber.png\" alt=\"\" width=\"45\" height=\"45\" align=\"absMiddle\" \/>&#8211; Pera\u00ed, se as pessoas s\u00e3o australianas, ent\u00e3o o Rubinho n\u00e3o \u00e9 mais brasileiro, por exemplo? E quando\u00a0 a corrida for na China, ele vai passar a ser chin\u00eas? <a href=\"http:\/\/www.youtube.com\/watch?v=7j_nDT56yXw\" target=\"_blank\">Que loucura!!<\/a> Pode isso, Arnaldo?<br \/>\n<span style=\"color: #ffffff;\">.<br \/>\n.<\/span><br \/>\n<img loading=\"lazy\" decoding=\"async\" class=\"alignleft\" style=\"border: 0pt none; margin: 0px 4px;\" src=\"https:\/\/akaikki.com.br\/wp-content\/uploads\/2010\/03\/arnaldocezarcoelho.png\" alt=\"\" width=\"45\" height=\"45\" align=\"absMiddle\" \/>&#8211; A regra \u00e9 clara: pra ser considerado australiano, o jogador tem que ter nascido dentro do territ\u00f3rio da Austr\u00e1lia e, ainda assim, ele s\u00f3 vai ser considerado como tal se tanto o pai quanto a m\u00e3e estiverem legalmente enquadrados como cidad\u00e3os australianos&#8230;<\/p>\n<p style=\"text-align: justify;\">No Q1, nada fora do normal, Hispania, Virgin (com Di Grassi tomando mais de meio segundo pro Timo Glock) e Lotus caindo, e junto com eles, Petrov, que viu seu companheiro passar tanto pro Q2, quanto pro Q3.<\/p>\n<p style=\"text-align: justify;\">Coisa parecida aconteceu na segunda parte dos treinos: Lewis, com evidente problema no carro, ficou pra tr\u00e1s, deixando, al\u00e9m das duas vagas que o &#8220;G4&#8221; n\u00e3o ocupa, mais uma. Elas foram ocupadas por uma Force India, do Sutil, uma Renault, do Kubica, e uma Williams, do Barrichello. E no embate das tr\u00eas, o Brasileiro levou a melhor, e aqui, ganha os parab\u00e9ns merecido.<\/p>\n<figure id=\"attachment_3720\" class=\"thumbnail wp-caption aligncenter\" style=\"width: 410px\"><a href=\"https:\/\/akaikki.com.br\/wp-content\/uploads\/2010\/03\/rubens.jpg\"><img loading=\"lazy\" decoding=\"async\" class=\"size-full wp-image-3720 \" title=\"Esse Hulk n\u00e3o \u00e9 incr\u00edvel Hulk.\" src=\"https:\/\/akaikki.com.br\/wp-content\/uploads\/2010\/03\/rubens.jpg\" alt=\"\" width=\"400\" height=\"293\" srcset=\"https:\/\/akaikki.com.br\/wp-content\/uploads\/2010\/03\/rubens.jpg 400w, https:\/\/akaikki.com.br\/wp-content\/uploads\/2010\/03\/rubens-300x219.jpg 300w\" sizes=\"auto, (max-width: 400px) 100vw, 400px\" \/><\/a><figcaption class=\"caption wp-caption-text\">Esse Hulk n\u00e3o \u00e9 incr\u00edvel Hulk.<\/figcaption><\/figure>\n<p><img loading=\"lazy\" decoding=\"async\" style=\"border: 0pt none; margin: 0px 4px;\" src=\"..\/layout\/icon01.png\" alt=\"\" width=\"45\" height=\"45\" align=\"absMiddle\" \/>&#8211; Pra que Photoshop se existe o Paint, n\u00e9&#8230; \ud83d\ude00<\/p>\n<p style=\"text-align: justify;\">Logo no come\u00e7o, a Ferrari do <strong>Felipe Massa<\/strong> d\u00e1 o ar de sua desgra\u00e7a: P5 pro Fernando, P9 pra ele, s\u00f3 pra esquentar. Se nos treinos livres, alguma coisa parecia estar errada&#8230; estava mesmo. No auge dos meus dedos soltos, comentei no twitter:<\/p>\n<blockquote><p>O problema no carro do Massa pode estar entre o volante e o banco.&#8221;<\/p><\/blockquote>\n<p>E ao final dos treinos, com mais de meio segundo atr\u00e1s do companheiro, vem a confirma\u00e7\u00e3o:<\/p>\n<blockquote>\n<p style=\"text-align: justify;\">&#8230; Problema de aquecimento nos pneus&#8230; A maneira do Fernando Alonso guiar, o acerto que ele fez no carro&#8230; Eu n\u00e3o consegui acertar o carro para resolver o problema&#8221;<\/p>\n<\/blockquote>\n<p style=\"text-align: justify;\">Nem eu imaginei que fosse dar um tiro t\u00e3o certeiro. E, enquanto isso, o espanhol se espalha cada vez mais.<\/p>\n<p style=\"text-align: justify;\"><img loading=\"lazy\" decoding=\"async\" class=\"alignleft\" style=\"border: 0pt none; margin: 0px 4px;\" src=\"..\/layout\/icon01.png\" alt=\"\" width=\"45\" height=\"45\" align=\"absMiddle\" \/>&#8211; Claro, n\u00e9&#8230; Raciocina comigo: o Choronso quer ser o Lu\u00eds Pereira e o <a href=\"http:\/\/tazio.uol.com.br\/f-1\/textos\/4417\/\" target=\"_blank\">Bund\u00e3o<\/a> vai aceitar numa boa&#8230; Sabe por qu\u00ea? Porque se o Alonso soubesse que o Massa fosse peitar ele tal como o Hamilt\u00e3o fez, voc\u00ea acha MESMO, <strong>Bianca Ferreira Machado Moura<\/strong>, que o Choronso ia assim t\u00e3o f\u00e1cil pra Ferrari?! <strong>PORRA, BIANCA!! PORRA, MAURICIO!!<\/strong><\/p>\n<p style=\"text-align: justify;\">Da mesma forma que o Alonso tinha certeza de que ele seria primeir\u00e3o na McLata com o neg\u00e3o e deu no que deu&#8230; O Alonso \u00e9 o tipo de piloto que quer um companheiro submisso, que abra pra ele passar&#8230; Da mesma forma que era o queixudo alem\u00e3o e, as vi\u00favas que <span style=\"text-decoration: line-through;\">me desculpem<\/span> se fodam, mas o Senna tamb\u00e9m era assim&#8230;<\/p>\n<p style=\"text-align: justify;\">&#8230;ou voc\u00eas acham que ele vetou o Derek Warwick na Lotus em 86 de implic\u00e2ncia com o cara? Porra nenhuma!! O cara sabia que o Derek podia chamar tanta aten\u00e7\u00e3o quanto o Ayrton, piloto &#8220;mediano&#8221; na \u00e9poca&#8230;<\/p>\n<p style=\"text-align: justify;\">Mas, por falar em se espalhar&#8230; pela segunda vez em duas corridas (Sim, essa \u00e9 uma informa\u00e7\u00e3o muito importante, apesar de pouco surpreendente) Sebastian Vettel, o menino maroto que n\u00e3o corta o cabelo, leva a Pole nas ruas de Melbourne, numa dobradinha da Red Bull, junto com o dono da casa e companheiro de equipe, Mark Webber. \u00c9 po\u00e9tico. Mas que n\u00e3o venham os problemas, porque Fernando Alonso vem logo atr\u00e1s, louco pra colocar o p\u00e9 em cima da mesa dentro da Ferrari.<\/p>\n<p style=\"text-align: justify;\"><img loading=\"lazy\" decoding=\"async\" class=\"alignnone\" style=\"border: 0pt none; margin: 0px 4px;\" src=\"..\/layout\/icon25.png\" alt=\"\" width=\"45\" height=\"45\" align=\"absMiddle\" \/>&#8211; Chefe, acerta essa parte que eu fiz cheia de sono&#8230;<br \/>\n<img loading=\"lazy\" decoding=\"async\" class=\"alignnone\" style=\"border: 0pt none; margin: 0px 4px;\" src=\"..\/layout\/icon01.png\" alt=\"\" width=\"45\" height=\"45\" align=\"absMiddle\" \/>&#8211; Por esse mesmo motivo, eu nem vi o treino&#8230;<br \/>\n<img loading=\"lazy\" decoding=\"async\" class=\"alignnone\" style=\"border: 0pt none; margin: 0px 4px;\" src=\"..\/layout\/icon02.png\" alt=\"\" width=\"45\" height=\"45\" align=\"absMiddle\" \/>&#8211; Eu n\u00e3o vi o treino porque estava num show com a <span style=\"text-decoration: line-through;\">Joelma<\/span> Giseli&#8230;<br \/>\n<img loading=\"lazy\" decoding=\"async\" class=\"alignnone\" style=\"border: 0pt none; margin: 0px 4px;\" src=\"..\/layout\/icon25.png\" alt=\"\" width=\"45\" height=\"45\" align=\"absMiddle\" \/><strong>&#8211; PORRA, CHEFE!! PORRA, VIN\u00cdCIUS!! PORRA, MAURICIO!!<\/strong><\/p>\n<p style=\"text-align: justify;\"><img loading=\"lazy\" decoding=\"async\" class=\"alignleft\" style=\"border: 0pt none; margin: 0px 4px;\" src=\"..\/layout\/icon01.png\" alt=\"\" width=\"45\" height=\"45\" align=\"absMiddle\" \/>&#8211; Bianca, n\u00e3o sei se voc\u00ea se atentou a um pequeno detalhe&#8230; O recorde da pista era <strong>1&#8217;24&#8243;125<\/strong>, assinalado pelo queixudo em 2004&#8230; E a pole do <strong>Pivettel<\/strong> (pivete + Vettel) foi <strong>1&#8217;23&#8243;913<\/strong>&#8230; O cara tirou, com o carro de 2009, dois d\u00e9cimos do recorde da pista, ainda da era dos motores V10&#8230; Como a corrida do Bahrein n\u00e3o serviu de refer\u00eancia, tudo indica que esse n\u00e3o ter\u00e1 sido o \u00fanico recorde de pista que caiu em 2010&#8230;<\/p>\n<p style=\"text-align: justify;\">Ali\u00e1s, uma coisa que eu fiquei devendo na sexta: quando eu vi uma imagem do <span style=\"text-decoration: line-through;\">Marcius Melhem<\/span> Karun Chandhok parado na sa\u00edda dos boxes, eu acabei me lembrando de outra cena similar e t\u00e3o cl\u00e1ssica quanto&#8230;<\/p>\n<figure id=\"attachment_3741\" class=\"thumbnail wp-caption aligncenter\" style=\"width: 510px\"><a href=\"https:\/\/akaikki.com.br\/wp-content\/uploads\/2010\/03\/fripic20.jpg\"><img loading=\"lazy\" decoding=\"async\" class=\"size-full wp-image-3741\" title=\"Chandhok e sua Hispania em 2010, Perry McCarthy e sua Andrea Moda em 1992...!!\" src=\"https:\/\/akaikki.com.br\/wp-content\/uploads\/2010\/03\/fripic20.jpg\" alt=\"Chandhok e sua Hispania em 2010, Perry McCarthy e sua Andrea Moda em 1992...!!\" width=\"500\" height=\"200\" srcset=\"https:\/\/akaikki.com.br\/wp-content\/uploads\/2010\/03\/fripic20.jpg 500w, https:\/\/akaikki.com.br\/wp-content\/uploads\/2010\/03\/fripic20-300x120.jpg 300w\" sizes=\"auto, (max-width: 500px) 100vw, 500px\" \/><\/a><figcaption class=\"caption wp-caption-text\">Chandhok e sua Hispania em 2010, Perry McCarthy e sua Andrea Moda em 1992...!!<\/figcaption><\/figure>\n<p style=\"text-align: justify;\"><img loading=\"lazy\" decoding=\"async\" class=\"alignleft\" style=\"border: 0pt none; margin: 0px 4px;\" src=\"..\/layout\/icon02.png\" alt=\"\" width=\"45\" height=\"45\" align=\"absMiddle\" \/>&#8211; 18 anos depois, os mesmo pneus slick, o &#8220;mesmo&#8221; macac\u00e3o branco, as mesmas carro\u00e7as e a mesma cara de olhota mal-lavada&#8230;<br \/>\n<span style=\"color: #ffffff;\">.<\/span><\/p>\n<p style=\"text-align: justify;\">Eu n\u00e3o sei quando exatamente o Chandhok parou na sa\u00edda dos boxes&#8230; Eu sei que o McCarthy foi bizarro, o carro quebrou ainda no pit-lane e ficou ancorado na sa\u00edda dos boxes&#8230; A foto do McCarthy \u00e9 t\u00e3o cl\u00e1ssica que ela estampou a capa do livro que ele escreveu (Flat Out, Flat Broke: Formula 1 the Harder Way!) sobre suas aventuras na F\u00f3rmula 1 pela equipe mais incompetente de todos os tempos&#8230;<\/p>\n<hr \/>\n<p style=\"text-align: justify;\"><strong>28 de mar\u00e7o <\/strong><img loading=\"lazy\" decoding=\"async\" class=\"alignleft\" style=\"border: 0px none; margin: 0px 4px;\" src=\"https:\/\/akaikki.com.br\/layout\/icon25.png\" alt=\"\" width=\"45\" height=\"45\" align=\"absMiddle\" \/> &#8211; Algu\u00e9m poderia imaginar que o Grande Pr\u00eamio da Austr\u00e1lia seria t\u00e3o sensacional? Entre gritinhos hist\u00e9ricos, sauda\u00e7\u00f5es de &#8220;uma das melhores corridas da minha vida&#8221; e ataques card\u00edacos, nem foi not\u00e1vel que Jenson Button levou a vit\u00f3ria logo nas primeiras voltas, quando foi o primeiro a ir para os boxes para colocar pneu slick. Nem ele achou que a decis\u00e3o era acertada, mas a corrida ainda traria muitas surpresas, e, sinceramente, quem levou a ta\u00e7a pra casa \u00e9 apenas um detalhe de um espet\u00e1culo maior. (Baixou o Pedro Bial em mim?)<\/p>\n<p style=\"text-align: justify;\">Diversos pilotos receberam o t\u00edtulo de <strong>&#8220;O CARA DA CORRIDA&#8221;<\/strong>, mas, na primeira volta, esse posto foi ocupado por <strong>Felipe Massa<\/strong>, que fez uma largada incr\u00edvel e pulou pra ponta. Mas isso n\u00e3o era o suficiente. A gente queria mais.<\/p>\n<p style=\"text-align: justify;\">Depois do Fernando Alonso, Michael Schumacher e Jenson Button se enroscarem; Depois do Kobayashi perder a asa dianteira (de novo) e se trombar com o Hulkenberg; Depois do Bruno Senna ir parar em 14\u00ba.<\/p>\n<figure id=\"attachment_3795\" class=\"thumbnail wp-caption aligncenter\" style=\"width: 480px\"><a href=\"https:\/\/akaikki.com.br\/?attachment_id=3795\" rel=\"attachment wp-att-3795\"><img loading=\"lazy\" decoding=\"async\" class=\"size-full wp-image-3795 \" title=\"Opa, cuidado pra n\u00e3o bater...\" src=\"https:\/\/akaikki.com.br\/wp-content\/uploads\/2010\/03\/batida.jpg\" alt=\"\" width=\"470\" height=\"313\" srcset=\"https:\/\/akaikki.com.br\/wp-content\/uploads\/2010\/03\/batida.jpg 470w, https:\/\/akaikki.com.br\/wp-content\/uploads\/2010\/03\/batida-300x199.jpg 300w\" sizes=\"auto, (max-width: 470px) 100vw, 470px\" \/><\/a><figcaption class=\"caption wp-caption-text\">Opa, cuidado pra n\u00e3o bater...<\/figcaption><\/figure>\n<p><img loading=\"lazy\" decoding=\"async\" class=\"alignnone\" style=\"border: 0pt none; margin: 0px 4px;\" src=\"..\/layout\/icon02.png\" alt=\"\" width=\"45\" height=\"45\" align=\"absMiddle\" \/>&#8211; Confesso que eu n\u00e3o me contive e gritei &#8220;CHUPA, ALONSO!!&#8221; \u00e0s 3 da madruga pela casa&#8230;<\/p>\n<p>PAROU PRA RESPIRAR?<\/p>\n<p style=\"text-align: justify;\">Eis que surge outro <strong>&#8220;O CARA DA CORRIDA&#8221;: Robert Kubica<\/strong>, com sua Renault, que \u00e9 feia, mas aguentou o tranco.<\/p>\n<p><img loading=\"lazy\" decoding=\"async\" class=\"alignnone\" style=\"border: 0pt none; margin: 0px 4px;\" src=\"..\/layout\/icon02.png\" alt=\"\" width=\"45\" height=\"45\" align=\"absMiddle\" \/>&#8211; A pintura desse ano consegue ser mais feia que a da &#8220;<a href=\"https:\/\/akaikki.com.br\/wp-content\/uploads\/2010\/03\/r29_05.jpg\" target=\"_blank\">McRenault<\/a>&#8220;&#8230; E olha que n\u00e3o \u00e9 f\u00e1cil!<br \/>\n<img loading=\"lazy\" decoding=\"async\" style=\"border: 0pt none; margin: 0px 4px;\" src=\"..\/layout\/icon01.png\" alt=\"\" width=\"45\" height=\"45\" align=\"absMiddle\" \/>&#8211; Nem me lembre&#8230; Esse tijol\u00e3o era de doer at\u00e9 na alma&#8230;<\/p>\n<p style=\"text-align: justify;\">At\u00e9 ai, meus caros colegas, 15 carros j\u00e1 tinham ido ao boxes, 5 j\u00e1 tinham batido, 2 j\u00e1 tinham quebrado.<\/p>\n<p style=\"text-align: justify;\">Como todo mundo estava achando pouco, veio o terceiro <strong>&#8220;O CARA DA CORRIDA&#8221;: Lewis Hamilton<\/strong>. Mas esse, como &#8220;o mais genial piloto inconsequente da corrida&#8221;.<\/p>\n<p style=\"text-align: justify;\">N\u00e3o se perca: A briga era pelas 5\u00ba, 6\u00ba e 7\u00ba posi\u00e7\u00f5es. Hamilton tenta passar o Webber. Os dois terminam passando o Massa. O Hamilton, n\u00e3o satisfeito, tenta passar o Webber de novo. N\u00e3o consegue, se atravessa na pista, joga o Webber pra fora e o Massa continua no mesmo lugar que estava.<\/p>\n<p style=\"text-align: justify;\">Coisa parecida aconteceu depois. Massa erra, Hamilton passa. Massa tenta passar de volta, Alonso tenta pegar a sobra, se enrola e termina perdendo posi\u00e7\u00e3o pro Webber. A diferen\u00e7a em quest\u00e3o \u00e9: Alonso \u00e9 Alonso.<\/p>\n<p style=\"text-align: justify;\">Na volta 27, o rapaz que era pra ser <strong>O CARA DA CORRIDA<\/strong>, passou direto na curva e caiu para 13\u00ba posi\u00e7\u00e3o. Problemas no freio, travou a roda dianteira. Culpa do carro. E ai, veio o momento mais rid\u00edculo de toda transmiss\u00e3o da Globo: Por conta disso, <strong>o Galv\u00e3o Bueno praticamente tirou a calcinha e saiu correndo com ela na cabe\u00e7a<\/strong>. Fez festa. Porque? Porque pra ele o \u00fanico piloto do grid se chama FELIPE MASSA e pessoas precisam se ferrar para FELIPE MASSA ganhar mais posi\u00e7\u00f5es. Imparcialidade mandou lembran\u00e7as&#8230;<\/p>\n<p style=\"text-align: justify;\">E se a gente precisava de mais, logo veio. Um show a parte na turma do mei\u00e3o, praticamente dividindo o mesmo espa\u00e7o: <strong>Massa, Alonso, Hamilton e Webber<\/strong>, disputando na casa dos cent\u00e9simos. Logo, <strong>Rosberg<\/strong> tamb\u00e9m chegou pra festa.<\/p>\n<p style=\"text-align: justify;\">Logo surge mais um <strong>&#8220;O CARA DA CORRIDA&#8221;: Fernando Alonso<\/strong>, que conseguiu sair ileso, coisa que Hamilton e Webber n\u00e3o fizeram.<\/p>\n<p style=\"text-align: justify;\">Todo mundo desfiava, todos diziam: Vai dar merda, vai dar merda&#8230; At\u00e9 que OE, deu merda. E como sempre sobra pro lado que est\u00e1 precisando mais, Webber, em casa, v\u00ea seu &#8220;favoritismo&#8221; ir parar uma 9\u00ba, coitado.<\/p>\n<p style=\"text-align: justify;\">Por falar em barreira, se tem um cara que pode ser chamado de &#8220;pared\u00e3o&#8221; \u00e9 o <strong>Alguersuari<\/strong>. Ele segurou o <strong>Michael Schumacher<\/strong> l\u00e1 no fund\u00e3o da volta 8 at\u00e9 a 55. Ele vai passar um m\u00eas sem dormir de tanta felicidade, e vai contar essa hist\u00f3ria pros netinhos de olhos azuis.<\/p>\n<p><img loading=\"lazy\" decoding=\"async\" class=\"alignnone\" style=\"border: 0pt none; margin: 0px 4px;\" src=\"..\/layout\/icon02.png\" alt=\"\" width=\"45\" height=\"45\" align=\"absMiddle\" \/>&#8211; N\u00e3o, dona maria-paddock, voc\u00ea <strong>N\u00c3O<\/strong> vai pegar o <span style=\"text-decoration: line-through;\">Jaiminho<\/span> Alguer-qualquer-coisa&#8230;<br \/>\n<img loading=\"lazy\" decoding=\"async\" style=\"border: 0pt none; margin: 0px 4px;\" src=\"https:\/\/akaikki.com.br\/wp-content\/uploads\/2010\/03\/jaiminho.png\" alt=\"\" width=\"45\" height=\"45\" align=\"absMiddle\" \/>&#8211; Al\u00e9m disso, eu quero evitar a fadiga&#8230;<\/p>\n<figure id=\"attachment_3820\" class=\"thumbnail wp-caption aligncenter\" style=\"width: 382px\"><a href=\"https:\/\/akaikki.com.br\/?attachment_id=3820\" rel=\"attachment wp-att-3820\"><img loading=\"lazy\" decoding=\"async\" class=\"size-large wp-image-3820 \" title=\"Schumacher: Antes e depois de Alguersuari\" src=\"https:\/\/akaikki.com.br\/wp-content\/uploads\/2010\/03\/schumacher-melbourne1-372x500.jpg\" alt=\"\" width=\"372\" height=\"500\" srcset=\"https:\/\/akaikki.com.br\/wp-content\/uploads\/2010\/03\/schumacher-melbourne1-372x500.jpg 372w, https:\/\/akaikki.com.br\/wp-content\/uploads\/2010\/03\/schumacher-melbourne1-223x300.jpg 223w, https:\/\/akaikki.com.br\/wp-content\/uploads\/2010\/03\/schumacher-melbourne1.jpg 500w\" sizes=\"auto, (max-width: 372px) 100vw, 372px\" \/><\/a><figcaption class=\"caption wp-caption-text\">Schumacher: Antes e depois de Alguersuari<\/figcaption><\/figure>\n<p style=\"text-align: justify;\">Ali\u00e1s, n\u00e3o era o dia do Schumacher. E isso vai al\u00e9m da idade ou do tempo que passou afastado. At\u00e9 X do <strong>Lucas Di Grassi<\/strong> o cara levou. (???!!!!) A Virgin dele durou 30 voltas na pista. Uma boa marca. Mas boa, boa mesmo, e isso consta como mais um &#8220;O CARA DA CORRIDA&#8221;, foi o <strong>Chandhok<\/strong>, que gravou sua primeira corrida, mesmo 5 voltas atr\u00e1s.<\/p>\n<figure id=\"attachment_3814\" class=\"thumbnail wp-caption aligncenter\" style=\"width: 410px\"><a href=\"https:\/\/akaikki.com.br\/?attachment_id=3814\" rel=\"attachment wp-att-3814\"><img loading=\"lazy\" decoding=\"async\" class=\"size-full wp-image-3814 \" title=\"E Bruno canta: Por que n\u00e3o eu? Ahhh, Por que n\u00e3o eu?\" src=\"https:\/\/akaikki.com.br\/wp-content\/uploads\/2010\/03\/bruno-e-chandhok.jpg\" alt=\"\" width=\"400\" height=\"267\" srcset=\"https:\/\/akaikki.com.br\/wp-content\/uploads\/2010\/03\/bruno-e-chandhok.jpg 400w, https:\/\/akaikki.com.br\/wp-content\/uploads\/2010\/03\/bruno-e-chandhok-300x200.jpg 300w\" sizes=\"auto, (max-width: 400px) 100vw, 400px\" \/><\/a><figcaption class=\"caption wp-caption-text\">E Bruno canta: Por que n\u00e3o eu? Ahhh, Por que n\u00e3o eu?<\/figcaption><\/figure>\n<p style=\"text-align: justify;\">Lembram do Kubica? Ele terminou a corrida em 2\u00ba, 12 segundos atr\u00e1s do Button. Depois dele vinham Massa, Rosbeg e Hamilton e a corrida talvez seria outra se o polon\u00eas n\u00e3o tivesse &#8220;feito barreira&#8221;. 59.8 segundos depois, Liuzzi.<\/p>\n<p style=\"text-align: justify;\"><img loading=\"lazy\" decoding=\"async\" style=\"border: 0pt none; margin: 0px 4px;\" src=\"..\/layout\/icon01.png\" alt=\"\" width=\"45\" height=\"45\" align=\"absMiddle\" \/>&#8211; <a href=\"http:\/\/flaviogomes.ig.com.br\/\" target=\"_blank\">Flavio Gomes<\/a> deve ter tido um orgasmo com esse p\u00f3dio do polon\u00eas da &#8220;Lada-Renault&#8221;&#8230;<\/p>\n<p style=\"text-align: justify;\">Pelo sim, pelo n\u00e3o, pelo talvez, por novos pacotes de num sei o qu\u00ea mais l\u00e1 da McLaren, Jenson Button foi um dos v\u00e1rios <strong>&#8220;O CARA DA CORRIDA&#8221;.<\/strong><\/p>\n<figure id=\"attachment_3805\" class=\"thumbnail wp-caption aligncenter\" style=\"width: 510px\"><a href=\"https:\/\/akaikki.com.br\/?attachment_id=3805\" rel=\"attachment wp-att-3805\"><img loading=\"lazy\" decoding=\"async\" class=\"size-large wp-image-3805 \" title=\"Jenson Button, campe\u00e3o do Grande Pr\u00eamio da Austr\u00e1lia, na posi\u00e7\u00e3o que Napole\u00e3o perdeu a guerra\" src=\"https:\/\/akaikki.com.br\/wp-content\/uploads\/2010\/03\/napoleao4-500x378.png\" alt=\"\" width=\"500\" height=\"378\" srcset=\"https:\/\/akaikki.com.br\/wp-content\/uploads\/2010\/03\/napoleao4-500x378.png 500w, https:\/\/akaikki.com.br\/wp-content\/uploads\/2010\/03\/napoleao4-300x227.png 300w, https:\/\/akaikki.com.br\/wp-content\/uploads\/2010\/03\/napoleao4.png 581w\" sizes=\"auto, (max-width: 500px) 100vw, 500px\" \/><\/a><figcaption class=\"caption wp-caption-text\">Jenson Button, campe\u00e3o do Grande Pr\u00eamio da Austr\u00e1lia, na posi\u00e7\u00e3o que Napole\u00e3o perdeu a guerra<\/figcaption><\/figure>\n<p style=\"text-align: justify;\"><img loading=\"lazy\" decoding=\"async\" class=\"alignleft\" style=\"border: 0pt none; margin: 0px 4px;\" src=\"..\/layout\/icon02.png\" alt=\"\" width=\"45\" height=\"45\" align=\"absMiddle\" \/>&#8211; Ele j\u00e1 pode ser ministro ingl\u00eas. Daqueles que assumiram que queimavam a rosca&#8230; Ali\u00e1s, agora \u00e9 a MINHA VEZ de contar essa corrida.<br \/>\n<span style=\"color: #ffffff;\">.<\/span><\/p>\n<p style=\"text-align: justify;\">Dessa vez eu n\u00e3o tive compromisso que me deixasse longe da F1, e pude ver a prova toda. Ali\u00e1s, que corrida! As largadas sensacionais de Massa, Kubica e Petrov, tr\u00eas campe\u00f5es mundiais se tocando na curva, chuva, muito mais ultrapassagens que de costume&#8230; Muito boa mesmo.<\/p>\n<p style=\"text-align: justify;\">O &#8220;Zacarias&#8221; largou, como diria Galv\u00e3o, &#8220;com a faca entre os dentes&#8221;, e passou a corrida inteira com o foda-se ligado pro Choronso. E fez muito bem. Como diria o &#8220;peixe&#8221; Rom\u00e1rio&#8230; &#8220;O cara mal entrou no \u00f4nibus e j\u00e1 quer sentar na janela?&#8221; Foda-se que \u00e9 bicampe\u00e3o mundial e tem 5 caminh\u00f5es de dinheiro de patrocinador por tr\u00e1s (ui!)&#8230; Renault e McLaren n\u00e3o s\u00e3o a mesma coisa que a Ferrari&#8230;<\/p>\n<p style=\"text-align: justify;\"><img loading=\"lazy\" decoding=\"async\" class=\"alignleft\" style=\"border: 0pt none; margin: 0px 4px;\" src=\"https:\/\/akaikki.com.br\/wp-content\/uploads\/2010\/03\/cap_nascimento.png\" alt=\"\" width=\"45\" height=\"45\" align=\"absMiddle\" \/>&#8211; Boa, 02, padr\u00e3o&#8230; Renault e McLaren <strong>NUNCA SER\u00c3O<\/strong> a Ferrari. JAMAIS!! E a Ferrari s\u00f3 n\u00e3o \u00e9 mais bonita e eficiente porque \u00e9 vermelha. Se fosse preta igual ao BOPE, seria muito melhor!<br \/>\n<span style=\"color: #ffffff;\">.<\/span><br \/>\n<img loading=\"lazy\" decoding=\"async\" class=\"alignleft\" style=\"border: 0pt none; margin: 0px 4px;\" src=\"..\/layout\/icon08.png\" alt=\"\" width=\"45\" height=\"45\" align=\"absMiddle\" \/><a title=\"Entendo... Se carros pretos s\u00e3o bonitos e eficientes, voc\u00ea pode me explicar como os carros da Hispania, mesmo sendo pretos, s\u00e3o bastante feios e med\u00edocres? Explique isso, Capit\u00e3o...\">&#8211; \u306a\u308b\u307b\u3069&#8230; \u3067\u3082\u9ed2\u3044\u8eca\u3092\u7f8e\u3057\u304f\u3001\u52b9\u7387\u7684\u306a\u5834\u5408\u3001\u8aac\u660e\u3059\u308b\u3053\u3068\u304c\u3067\u304d\u307e\u3059\u3069\u306e\u3088\u3046\u306b\u30d2\u30b9\u30d1\u30cb\u30a2\u306e\u8eca\u306b\u3082\u304b\u304b\u308f\u3089\u305a\u3001\u9ed2\u4eba\u304c\u975e\u5e38\u306b\u919c\u3044\u3068\u8ca7\u3057 \u3044\uff1f\u8aac\u660e\u3059\u308b\u304c\u3001\u30ad\u30e3\u30d7\u30c6\u30f3&#8230;<\/a><br \/>\n<span style=\"color: #ffffff;\">.<br \/>\n.<\/span><br \/>\n<img loading=\"lazy\" decoding=\"async\" class=\"alignnone\" style=\"border: 0pt none; margin: 0px 4px;\" src=\"https:\/\/akaikki.com.br\/wp-content\/uploads\/2010\/03\/cap_nascimento.png\" alt=\"\" width=\"45\" height=\"45\" align=\"absMiddle\" \/>&#8211; Eu desisto, senhora!!<\/p>\n<p style=\"text-align: justify;\">O meu irm\u00e3o narigudo polon\u00eas mereceu o p\u00f3dio n\u00e3o s\u00f3 pelo estilo arrojado, mas tamb\u00e9m pela sa\u00edda de pit-stop que fez. Quase atropelou um mec\u00e2nico, mas foi foda&#8230; Button ganhou com uma sorte desgra\u00e7ada, se fosse qualquer outro com carro mediano que arriscasse como ele arriscou, tomaria no toba lindamente. A batida do Kobayashi foi espetacular, e sobrou at\u00e9 pro coitado do <span style=\"text-decoration: line-through;\">Buemi<\/span> H\u00fclkenberg, que nada tinha a ver com a hist\u00f3ria.<\/p>\n<p style=\"text-align: justify;\">Pena o Vettel ter tido uma falha grotesca nos freios, quando tinha a corrida na m\u00e3o&#8230; Seria um calcanhar de Aquiles no \u00f3timo carro da Red Bull? Tomara que n\u00e3o, porque o pega do Alonso com o Webber foi muito legal! Em resumo, foi uma das melhores corridas dos \u00faltimos anos, principalmente desde o ano passado, quando enfeiaram os carros demais com a desculpa de tentar conseguir mais ultrapassagens. Ali\u00e1s, tia FIA<span style=\"text-decoration: line-through;\">daputa<\/span>, que tal baixar um decreto exigindo pista molhada em todas as corridas? Grato&#8230;<\/p>\n<p style=\"text-align: justify;\"><img loading=\"lazy\" decoding=\"async\" class=\"alignleft\" style=\"border: 0pt none; margin: 0px 4px;\" src=\"..\/layout\/icon01.png\" alt=\"\" width=\"45\" height=\"45\" align=\"absMiddle\" \/>Ent\u00e3o, j\u00e1 que meus estimados colegas Vin\u00edcius e Bianca resolveram postar mais conte\u00fado que eu neste fim de semana (ali\u00e1s, essa semana foi terr\u00edvel pra mim, muita coisa acontecendo ao mesmo tempo, prefiro nem comentar&#8230;), a mim n\u00e3o resta mais nada a fazer, a n\u00e3o ser soltar o resultado da corrida&#8230;<\/p>\n<p style=\"text-align: center;\"><a href=\"https:\/\/akaikki.com.br\/wp-content\/uploads\/2010\/03\/resultado_r02.png\"><img loading=\"lazy\" decoding=\"async\" title=\"Resultado final do GP da Austr\u00e1lia\" src=\"https:\/\/akaikki.com.br\/wp-content\/uploads\/2010\/03\/resultado_r02.png\" alt=\"\" width=\"381\" height=\"580\" \/><\/a><\/p>\n<p style=\"text-align: justify;\">Com o p\u00f3dio, Massa j\u00e1 come\u00e7a a encostar no Choronso (o placar est\u00e1 37 a 33 pro asturiano) e, com a vit\u00f3ria, o Bot\u00e3o j\u00e1 chega perto da dupla da Ferrari e j\u00e1 abre um bocado do Hamilton&#8230; E eu achando que os pilotos da McLata iam acabar se matando&#8230; \u00c9, preciso rever meus conceitos&#8230;<\/p>\n<p style=\"text-align: justify;\">Nos construtores, a Ferrari j\u00e1 d\u00e1 sinais de que vai disparar (70 a 54 sobre a McLata) e a Red Bull, que tem o melhor carro durante a classifica\u00e7\u00e3o, tem deixado MUITO a desejar durante as corridas&#8230;<\/p>\n<p style=\"text-align: justify;\">E agora? O que vai acontecer? Conseguir\u00e1 a Ferrari impor uma supremacia sobre as rivais? Choronso vai ficar com a Bola Quadrada? Conseguir\u00e1 Bruno Senna chegar ao final de uma corrida com sua carro\u00e7a? Confira o pr\u00f3ximo epis\u00f3dio deste emocionante novela na pr\u00f3xima semana, no Grande Pr\u00eamio da Mal\u00e1sia&#8230;<\/p>\n<p style=\"text-align: justify;\">&#8230;isso, \u00e9 claro, se voc\u00ea conseguir estar acordado \u00e0s cinco da manh\u00e3 pra ver a corrida&#8230;!!<\/p>\n<p style=\"text-align: justify;\"><img loading=\"lazy\" decoding=\"async\" title=\"Bianca Moura est\u00e1 com sono depois de assistir tanta corrida...\" src=\"..\/layout\/assinaturas\/sig25.png\" alt=\"\" width=\"500\" height=\"43\" \/><br \/>\n<img loading=\"lazy\" decoding=\"async\" title=\"Vin\u00edcius Sacramento acordou \u00e0s 13h depois da madruga de F1...\" src=\"..\/layout\/assinaturas\/sig02.png\" alt=\"\" width=\"500\" height=\"43\" \/><br \/>\n<img loading=\"lazy\" decoding=\"async\" title=\"Erick Von Draxeler se sente um in\u00fatil ao ver seus colegas produzirem mais conte\u00fado que ele...\" src=\"..\/layout\/assinaturas\/sig01.png\" alt=\"\" width=\"500\" height=\"43\" \/><\/p>\n","protected":false},"excerpt":{"rendered":"<p>l\u00e1!! Eu sou Bianca Moura e esta \u00e9 a edi\u00e7\u00e3o especial Grande Pr\u00eamio da Austr\u00e1lia. Assim como no Bahrein, garimpamos tudo que aconteceu de mais extraordin\u00e1rio (ou n\u00e3o) durante o fim de semana. Acredite, o que o post tem de longo, tem de divertido. Ele est\u00e1 sendo postado s\u00f3 agora por uma falha de comunica\u00e7\u00e3o<\/p>\n","protected":false},"author":18,"featured_media":0,"comment_status":"open","ping_status":"open","sticky":false,"template":"","format":"standard","meta":{"footnotes":""},"categories":[195,79,1],"tags":[],"class_list":["post-3674","post","type-post","status-publish","format-standard","hentry","category-a-k-a--na-formula-1","category-automobilismo","category-besteirol"],"_links":{"self":[{"href":"https:\/\/akaikki.com.br\/index.php?rest_route=\/wp\/v2\/posts\/3674","targetHints":{"allow":["GET"]}}],"collection":[{"href":"https:\/\/akaikki.com.br\/index.php?rest_route=\/wp\/v2\/posts"}],"about":[{"href":"https:\/\/akaikki.com.br\/index.php?rest_route=\/wp\/v2\/types\/post"}],"author":[{"embeddable":true,"href":"https:\/\/akaikki.com.br\/index.php?rest_route=\/wp\/v2\/users\/18"}],"replies":[{"embeddable":true,"href":"https:\/\/akaikki.com.br\/index.php?rest_route=%2Fwp%2Fv2%2Fcomments&post=3674"}],"version-history":[{"count":196,"href":"https:\/\/akaikki.com.br\/index.php?rest_route=\/wp\/v2\/posts\/3674\/revisions"}],"predecessor-version":[{"id":12030,"href":"https:\/\/akaikki.com.br\/index.php?rest_route=\/wp\/v2\/posts\/3674\/revisions\/12030"}],"wp:attachment":[{"href":"https:\/\/akaikki.com.br\/index.php?rest_route=%2Fwp%2Fv2%2Fmedia&parent=3674"}],"wp:term":[{"taxonomy":"category","embeddable":true,"href":"https:\/\/akaikki.com.br\/index.php?rest_route=%2Fwp%2Fv2%2Fcategories&post=3674"},{"taxonomy":"post_tag","embeddable":true,"href":"https:\/\/akaikki.com.br\/index.php?rest_route=%2Fwp%2Fv2%2Ftags&post=3674"}],"curies":[{"name":"wp","href":"https:\/\/api.w.org\/{rel}","templated":true}]}}