{"id":3541,"date":"2010-03-17T23:26:56","date_gmt":"2010-03-18T02:26:56","guid":{"rendered":"http:\/\/akaikki.com.br\/?p=3541"},"modified":"2010-12-23T02:26:54","modified_gmt":"2010-12-23T04:26:54","slug":"a-k-a-%e4%b8%80%e8%bc%9d-edicao-1554","status":"publish","type":"post","link":"https:\/\/akaikki.com.br\/?p=3541","title":{"rendered":"a.k.a.\u4e00\u8f1d!! &#8211; Edi\u00e7\u00e3o 1554"},"content":{"rendered":"<p style=\"text-align: justify;\"><img loading=\"lazy\" decoding=\"async\" class=\"alignleft\" style=\"border: 0px none; margin: 1px 4px;\" src=\"https:\/\/akaikki.com.br\/layout\/caps\/cap_p.gif\" alt=\"\" width=\"39\" height=\"39\" \/>arece que eu n\u00e3o me entendo&#8230; Eu tirei o post do concurso do topo da p\u00e1gina pra fluir mais o conte\u00fado&#8230; Mas eu pe\u00e7o aos meus visitantes que vejam a edi\u00e7\u00e3o e comentem bastante l\u00e1&#8230; O post est\u00e1 publicado em <a href=\"https:\/\/akaikki.com.br\/?p=3477\" target=\"_blank\">https:\/\/akaikki.com.br\/?p=3477<\/a>, <span style=\"color: #004a8e;\">#corr\u00e3o!!<\/span><\/p>\n<p style=\"text-align: justify;\">Antes de prosseguir, dois coment\u00e1rios&#8230;<\/p>\n<blockquote>\n<p style=\"text-align: justify;\">Fala, Erick<br \/>\nEu tava zoando a Rede Globo mesmo, somos melhores q Casseta &amp;  Planeta e Zorra Total juntos<br \/>\nhahahha<br \/>\nMas \u00e9 verdade q meu blog \u00e9 inspirado no seu\u2026tu \u00e9 foda e n\u00e3o \u00e9  puxassaquismo<br \/>\nAgora sobre o \u201cbotar pra fuder na estrada\u201d\u2026essa express\u00e3o significa q  estamos \u201carrebentando\u201d, estamos \u201cbem na fita\u201d, n\u00e3o tem nada a ver com a  Lori<br \/>\nQuis dizer q o a.ka. ikki est\u00e1 arrebentando\u2026<br \/>\nE continua botando pra fuder na estrada!!!!!!!!!<br \/>\nhahhahahh<br \/>\nAprendi essa experess\u00e3o com um antigo colega de trabalho<br \/>\nValeu, cara<\/p>\n<p><img loading=\"lazy\" decoding=\"async\" src=\"https:\/\/akaikki.com.br\/layout\/assinaturas\/sig15c.png\" alt=\"\" width=\"400\" height=\"43\" \/><\/p><\/blockquote>\n<p style=\"text-align: justify;\">L\u00e9o, criatura de Deus&#8230; (embora eu n\u00e3o acredite muito nisso, mas enfim&#8230;) \u00c9 CLARO que eu sabia o que significa &#8220;botar pra fuder na estrada&#8221;&#8230; S\u00f3 n\u00e3o quis perder o trocadilho&#8230;<\/p>\n<blockquote><p>Show!<\/p>\n<p>O a.k.a. Ikki tem potencial para ganhar todos os concursos que  participar, inclusive de cuspe a dist\u00e2ncia.<\/p>\n<p>Parab\u00e9ns a todos os envolvidos!<\/p>\n<p><img loading=\"lazy\" decoding=\"async\" src=\"https:\/\/akaikki.com.br\/layout\/assinaturas\/sig23c.png\" alt=\"\" width=\"400\" height=\"43\" \/><\/p><\/blockquote>\n<p style=\"text-align: justify;\">Wallace, n\u00f3s tamb\u00e9m temos chance de faturar o Desafio Intermundial de Jogo da Velha&#8230; Desde, \u00e9 claro, que o Vin\u00edcius n\u00e3o nos represente&#8230;<\/p>\n<p style=\"text-align: justify;\">Mudando um pouco de assunto, falando um pouco mais s\u00e9rio&#8230; O mesmo Dom Wallace Pereira (o <a href=\"http:\/\/tigredemuleta.net\" target=\"_blank\">Tigre de Muleta<\/a>), que postou um coment\u00e1rio no site mostrado acima, postou, em seu blog, algumas palavras sobre a redistribui\u00e7\u00e3o dos royalties do pr\u00e9-sal&#8230; (\u00e9 pouca coisa, vejam <a href=\"http:\/\/www.tigredemuleta.net\/2010\/03\/17\/contra-a-covardia-em-defesa-do-rio\/\" target=\"_blank\"><strong>aqui<\/strong><\/a>&#8230;)<\/p>\n<p style=\"text-align: justify;\">Minha opini\u00e3o sobre o assunto: n\u00e3o entendo o que diabos o Excelent\u00edssimo Sr. <span style=\"text-decoration: line-through;\">FILHO DA PUTA<\/span> Deputado Federal <span style=\"text-decoration: line-through;\">ladr\u00e3o<\/span> da Rep\u00fablica <strong>Ibsen Valls Pinheiro<\/strong>, ga\u00facho <span style=\"text-decoration: line-through;\">viado<\/span> e parlamentar pelo PMDB daquele Estado, tem contra o Rio de Janeiro ou os outros estados litor\u00e2neos do Sudeste que produzem o petr\u00f3leo que move esta na\u00e7\u00e3o de bosta&#8230; Ningu\u00e9m me tira da cabe\u00e7a que ele tem outros motivos pra querer fazer isso&#8230;<\/p>\n<p style=\"text-align: justify;\">N\u00e3o sei se voc\u00eas est\u00e3o lembrados, mas depois da Copa do Mundo j\u00e1 come\u00e7am as propagandas pol\u00edticas para as elei\u00e7\u00f5es que ser\u00e3o em outubro&#8230; Ser\u00e1 que o tiozinho citado no par\u00e1grafo anterior n\u00e3o t\u00e1 fazendo isso com o intuito de botar sua carinha nas TVs ga\u00fachas pra pedir o voto deles &#8220;porque ajudou a democratizar os royalties do pr\u00e9-sal, porque o petr\u00f3leo \u00e9 do Brasil, etc, etc&#8230;&#8221;?<\/p>\n<p style=\"text-align: justify;\">Da mesma forma como o Excelent\u00edssimo Sr. Governador do Estado do Rio de Janeiro <strong>S\u00e9rgio de Oliveira Cabral Santos Filho <\/strong><span style=\"text-decoration: line-through;\">da puta<\/span>, tamb\u00e9m filiado ao PMDB, tenta a todo custo fazer com que os royalties do pr\u00e9-sal fiquem com o Rio, para que ele possa, em sua campanha, afirmar que ele merece o meu voto &#8220;porque conseguiu segurar no Rio os royalties do pr\u00e9-sal pro povo do Rio de Janeiro&#8221;&#8230;<\/p>\n<p style=\"text-align: justify;\">O que ele vai fazer com os royalties? Pagar pelos funcion\u00e1rios p\u00fablicos em empregos tempor\u00e1rios que n\u00e3o t\u00eam direito \u00e0 Carteira de Trabalho assinada, vale transporte, vale-alimenta\u00e7\u00e3o, plano de sa\u00fade e FGTS? Mas que tamb\u00e9m v\u00e3o entrar na conta dos &#8220;x milh\u00f5es de novos empregos gerados pelo governo&#8221;&#8230; De boa&#8230; Se os royalties do pr\u00e9-sal fossem REALMENTE e TOTALMENTE empregados pra melhorar a condi\u00e7\u00e3o de vida de n\u00f3s, que trabalhamos pra sustentar nossos pol\u00edticos que (teoricamente) nos representam&#8230;<\/p>\n<p style=\"text-align: justify;\">Mas n\u00e3o&#8230; Esses royalties v\u00e3o todos parar nos bolsos de nossos parlamentares&#8230; E a culpa \u00e9 toda nossa, porque n\u00f3s votamos nestes canalhas&#8230; S\u00f3 vai mudar a abrang\u00eancia&#8230; Se a emenda for aprovada, os parlamentares de todo o Brasil v\u00e3o surrupiar os royalties do pr\u00e9-sal&#8230; Se n\u00e3o, basicamente s\u00f3 os fluminenses&#8230;<\/p>\n<p style=\"text-align: justify;\"><img loading=\"lazy\" decoding=\"async\" style=\"border: 0pt none; margin: 0px 4px;\" src=\"..\/layout\/icon09.png\" alt=\"\" width=\"45\" height=\"45\" align=\"absMiddle\" \/>&#8211; Fluz\u00e3o!! \u00c9 n\u00f3s!!<br \/>\n<img loading=\"lazy\" decoding=\"async\" style=\"border: 0pt none; margin: 0px 4px;\" src=\"..\/layout\/icon01.png\" alt=\"\" width=\"45\" height=\"45\" align=\"absMiddle\" \/>&#8211; Eu estou falando dos nativos do Estado do Rio, Jane&#8230;<br \/>\n<img loading=\"lazy\" decoding=\"async\" class=\"alignleft\" style=\"border: 0pt none; margin: 0px 4px;\" src=\"..\/layout\/icon02.png\" alt=\"\" width=\"45\" height=\"45\" align=\"absMiddle\" \/>&#8211; Vale lembrar que a Guerra do <span style=\"text-decoration: line-through;\">Bush<\/span> Iraque \u00e9, ainda que &#8220;segundamente&#8221;, por &#8220;<strong>pret\u00f3<\/strong>lio&#8221; tamb\u00e9m&#8230; Ali\u00e1s, teoria do <a href=\"http:\/\/twitter.com\/elatadexico\" target=\"_blank\">@elatadexico<\/a> \u00e9 \u00f3tima: se separarmos o Rio do Brasil, quem ia tomar no toba mesmo?<\/p>\n<p style=\"text-align: justify;\">Tem problema n\u00e3o&#8230; <a href=\"http:\/\/twitter.com\/nukbenny\/status\/10649610245\" target=\"_blank\">O Ibsen Pinheiro t\u00e1  certo, temos que dividir tudo mesmo&#8230; Ali\u00e1s, ele ganha t\u00e3o bem, vamos  dividir o sal\u00e1rio dele com o resto do pa\u00eds?<\/a><\/p>\n<p style=\"text-align: justify;\">\u00c9 por isso que o Brasil n\u00e3o vai pra frente&#8230; Mas e da\u00ed? O Dourado segue firme pra ganhar o BBB e a Sele\u00e7\u00e3o Brasileira vem com tudo pra Copa&#8230;<\/p>\n<p><img loading=\"lazy\" decoding=\"async\" title=\"Erick Von Draxeler cada vez mais se envergonha de ser brasileiro...\" src=\"https:\/\/akaikki.com.br\/layout\/assinaturas\/sig01.png\" alt=\"\" width=\"500\" height=\"43\" \/><\/p>\n","protected":false},"excerpt":{"rendered":"<p>arece que eu n\u00e3o me entendo&#8230; Eu tirei o post do concurso do topo da p\u00e1gina pra fluir mais o conte\u00fado&#8230; Mas eu pe\u00e7o aos meus visitantes que vejam a edi\u00e7\u00e3o e comentem bastante l\u00e1&#8230; O post est\u00e1 publicado em https:\/\/akaikki.com.br\/?p=3477, #corr\u00e3o!! Antes de prosseguir, dois coment\u00e1rios&#8230; Fala, Erick Eu tava zoando a Rede Globo<\/p>\n","protected":false},"author":2,"featured_media":0,"comment_status":"open","ping_status":"open","sticky":false,"template":"","format":"standard","meta":{"footnotes":""},"categories":[1,60],"tags":[],"class_list":["post-3541","post","type-post","status-publish","format-standard","hentry","category-besteirol","category-pequenos-autores-grandes-texticulos"],"_links":{"self":[{"href":"https:\/\/akaikki.com.br\/index.php?rest_route=\/wp\/v2\/posts\/3541","targetHints":{"allow":["GET"]}}],"collection":[{"href":"https:\/\/akaikki.com.br\/index.php?rest_route=\/wp\/v2\/posts"}],"about":[{"href":"https:\/\/akaikki.com.br\/index.php?rest_route=\/wp\/v2\/types\/post"}],"author":[{"embeddable":true,"href":"https:\/\/akaikki.com.br\/index.php?rest_route=\/wp\/v2\/users\/2"}],"replies":[{"embeddable":true,"href":"https:\/\/akaikki.com.br\/index.php?rest_route=%2Fwp%2Fv2%2Fcomments&post=3541"}],"version-history":[{"count":8,"href":"https:\/\/akaikki.com.br\/index.php?rest_route=\/wp\/v2\/posts\/3541\/revisions"}],"predecessor-version":[{"id":3548,"href":"https:\/\/akaikki.com.br\/index.php?rest_route=\/wp\/v2\/posts\/3541\/revisions\/3548"}],"wp:attachment":[{"href":"https:\/\/akaikki.com.br\/index.php?rest_route=%2Fwp%2Fv2%2Fmedia&parent=3541"}],"wp:term":[{"taxonomy":"category","embeddable":true,"href":"https:\/\/akaikki.com.br\/index.php?rest_route=%2Fwp%2Fv2%2Fcategories&post=3541"},{"taxonomy":"post_tag","embeddable":true,"href":"https:\/\/akaikki.com.br\/index.php?rest_route=%2Fwp%2Fv2%2Ftags&post=3541"}],"curies":[{"name":"wp","href":"https:\/\/api.w.org\/{rel}","templated":true}]}}