{"id":3289,"date":"2010-03-14T15:34:56","date_gmt":"2010-03-14T18:34:56","guid":{"rendered":"http:\/\/akaikki.com.br\/?p=3289"},"modified":"2010-04-30T00:59:14","modified_gmt":"2010-04-30T03:59:14","slug":"a-k-a-%e4%b8%80%e8%bc%9d-%e2%80%93-edicao-1550","status":"publish","type":"post","link":"https:\/\/akaikki.com.br\/?p=3289","title":{"rendered":"a.k.a.\u4e00\u8f1d!! \u2013 Edi\u00e7\u00e3o 1550"},"content":{"rendered":"<p style=\"text-align: justify;\"><img loading=\"lazy\" decoding=\"async\" class=\"alignleft\" style=\"border: 0px none; margin: 1px 4px;\" src=\"https:\/\/akaikki.com.br\/layout\/caps\/cap_s.gif\" alt=\"\" width=\"39\" height=\"39\" \/>auda\u00e7\u00f5es, pessoal do <span style=\"color: #c00000;\">a.k.a.\u4e00\u8f1d!!<\/span> que adora perder tempo vendo corrida&#8230; Essa edi\u00e7\u00e3o \u00e9 um apanhado de tudo que eu, Vin\u00edcius e Bianca andamos garimpando a respeito do final de semana que marcou o in\u00edcio da Temporada 2010 da F\u00f3rmula 1&#8230; Tal como eu havia tentado fazer v\u00e1rias vezes e n\u00e3o pude levar adiante porque o site tava parado&#8230; Mas enfim, a F\u00f3rmula 1 t\u00e1 de volta&#8230; Vamos zoar com estilo!!<\/p>\n<p style=\"text-align: justify;\">Mas antes, eu tenho que avisar, como sempre, que esta edi\u00e7\u00e3o vai tratar de F\u00f3rmula 1 de forma extensiva e em n\u00edvel bem nerd&#8230; Se voc\u00ea, ao contr\u00e1rio dos redatores desta edi\u00e7\u00e3o, n\u00e3o curte F\u00f3rmula 1, ent\u00e3o espere pelas pr\u00edximas edi\u00e7\u00f5es&#8230;<\/p>\n<p style=\"text-align: justify;\">E que depois n\u00e3o me venha nenhum filho da puta reclamar de essa edi\u00e7\u00e3o t\u00e1 grande, s\u00f3 fala de F\u00f3rmula 1, etc, etc&#8230;<\/p>\n<h1 style=\"text-align: center;\"><strong>EU ESTOU AVISANDO ANTES, PORRA!!<\/strong><\/h1>\n<hr \/>\n<p style=\"text-align: justify;\"><strong>12 de mar\u00e7o <\/strong><img loading=\"lazy\" decoding=\"async\" class=\"alignleft\" style=\"border: 0px none; margin: 0px 4px;\" src=\"https:\/\/akaikki.com.br\/layout\/icon01.png\" alt=\"\" width=\"45\" height=\"45\" align=\"absMiddle\" \/>&#8211; Que Jan\u00e1i Himura aben\u00e7oe o dia de hoje!! Depois de quatro meses e meio aturando toda a fofocada da pr\u00e9-temporada e toda a ansiedade que isso me traz, a F\u00f3rmula 1 est\u00e1 de volta!! E que volta!! Essa temporada eu finalmente vou poder dizer: &#8220;que pena que meu pai n\u00e3o viveu pra ver isso&#8221;&#8230; Pelo menos, assim eu espero&#8230;<\/p>\n<figure id=\"attachment_3292\" class=\"thumbnail wp-caption aligncenter\" style=\"width: 510px\"><a href=\"https:\/\/akaikki.com.br\/wp-content\/uploads\/2010\/03\/class2010.jpg\"><img loading=\"lazy\" decoding=\"async\" class=\"size-full wp-image-3292\" title=\"A turma de 2010 e suas respectivas carruagens...\" src=\"https:\/\/akaikki.com.br\/wp-content\/uploads\/2010\/03\/class2010.jpg\" alt=\"A turma de 2010 e suas respectivas carruagens...\" width=\"500\" height=\"375\" srcset=\"https:\/\/akaikki.com.br\/wp-content\/uploads\/2010\/03\/class2010.jpg 500w, https:\/\/akaikki.com.br\/wp-content\/uploads\/2010\/03\/class2010-300x225.jpg 300w\" sizes=\"auto, (max-width: 500px) 100vw, 500px\" \/><\/a><figcaption class=\"caption wp-caption-text\">A turma de 2010 e suas respectivas carruagens...<\/figcaption><\/figure>\n<p><img loading=\"lazy\" decoding=\"async\" class=\"alignnone\" style=\"border: 0px none; margin: 0px 4px;\" src=\"https:\/\/akaikki.com.br\/layout\/icon25.png\" alt=\"\" width=\"45\" height=\"45\" align=\"absMiddle\" \/>&#8211; Finalmente o dia chegou! Cad\u00ea o Raikkonen?<br \/>\n<img loading=\"lazy\" decoding=\"async\" class=\"alignnone\" style=\"border: 0px none; margin: 0px 4px;\" src=\"https:\/\/akaikki.com.br\/layout\/icon01.png\" alt=\"\" width=\"45\" height=\"45\" align=\"absMiddle\" \/>&#8211; \u00d4, burrinha, t\u00e1 WRC, esqueceu?<br \/>\n<img loading=\"lazy\" decoding=\"async\" class=\"alignnone\" style=\"border: 0px none; margin: 0px 4px;\" src=\"https:\/\/akaikki.com.br\/layout\/icon25.png\" alt=\"\" width=\"45\" height=\"45\" align=\"absMiddle\" \/>&#8211; Ah, pensei que o porre tinha passado e ele tinha voltado atr\u00e1s&#8230;<\/p>\n<p style=\"text-align: justify;\">T\u00e1 bolado? Isso \u00e9 s\u00f3 a ponta do iceberg&#8230; Nenhuma imagem foi t\u00e3o aguardada pelos f\u00e3s fa F\u00f3rmula 1 quanto esta:<\/p>\n<figure id=\"attachment_3294\" class=\"thumbnail wp-caption aligncenter\" style=\"width: 510px\"><a href=\"https:\/\/akaikki.com.br\/wp-content\/uploads\/2010\/03\/schumacher.jpg\"><img loading=\"lazy\" decoding=\"async\" class=\"size-full wp-image-3294\" title=\"\u00d4\u00d4\u00d4\u00d4\u00d4\u00d4... O Alem\u00e3o voltou... O Alem\u00e3o voltou...\" src=\"https:\/\/akaikki.com.br\/wp-content\/uploads\/2010\/03\/schumacher.jpg\" alt=\"\u00d4\u00d4\u00d4\u00d4\u00d4\u00d4... O Alem\u00e3o voltou... O Alem\u00e3o voltou...\" width=\"500\" height=\"375\" srcset=\"https:\/\/akaikki.com.br\/wp-content\/uploads\/2010\/03\/schumacher.jpg 500w, https:\/\/akaikki.com.br\/wp-content\/uploads\/2010\/03\/schumacher-300x225.jpg 300w\" sizes=\"auto, (max-width: 500px) 100vw, 500px\" \/><\/a><figcaption class=\"caption wp-caption-text\">\u00d4\u00d4\u00d4\u00d4\u00d4\u00d4... O Alem\u00e3o voltou... O Alem\u00e3o voltou...<\/figcaption><\/figure>\n<p style=\"text-align: justify;\"><img loading=\"lazy\" decoding=\"async\" class=\"alignleft\" style=\"border: 0px none; margin: 0px 4px;\" src=\"https:\/\/akaikki.com.br\/layout\/icon25.png\" alt=\"\" width=\"45\" height=\"45\" align=\"absMiddle\" \/>E essa imagem n\u00e3o foi aguardada s\u00f3 pelos f\u00e3s, mas pelos rivais tamb\u00e9m. Na coletiva, os pilotos fizeram quest\u00e3o de <span style=\"text-decoration: line-through;\">babar o ovo<\/span> tecer elogios e mais elogios ao Alem\u00e3o da Mercedes&#8230; Olhe, Ikki, voc\u00ea d\u00e1 pra parar de ficar esticando o meu texto?<\/p>\n<p style=\"text-align: justify;\"><img loading=\"lazy\" decoding=\"async\" class=\"alignnone\" style=\"border: 0px none; margin: 0px 4px;\" src=\"https:\/\/akaikki.com.br\/layout\/icon01.png\" alt=\"\" width=\"45\" height=\"45\" align=\"absMiddle\" \/>&#8211; Desculpe, \u00e9 pra dar certo na altura do \u00edcone&#8230;<\/p>\n<figure id=\"attachment_3294\" class=\"thumbnail wp-caption aligncenter\" style=\"width: 510px\"><a href=\"https:\/\/akaikki.com.br\/wp-content\/uploads\/2010\/03\/falsidade.jpg\"><img loading=\"lazy\" decoding=\"async\" class=\"aligncenter size-full wp-image-3318\" title=\"Jenson Button e Lewis Hamilton mostrando todo a admira\u00e7\u00e3o e respeito por Michael Schumacher\" src=\"https:\/\/akaikki.com.br\/wp-content\/uploads\/2010\/03\/falsidade.jpg\" alt=\"Jenson Button e Lewis Hamilton mostrando todo a admira\u00e7\u00e3o e respeito por Michael Schumacher\" width=\"500\" height=\"900\" srcset=\"https:\/\/akaikki.com.br\/wp-content\/uploads\/2010\/03\/falsidade.jpg 500w, https:\/\/akaikki.com.br\/wp-content\/uploads\/2010\/03\/falsidade-166x300.jpg 166w, https:\/\/akaikki.com.br\/wp-content\/uploads\/2010\/03\/falsidade-277x500.jpg 277w\" sizes=\"auto, (max-width: 500px) 100vw, 500px\" \/><\/a><figcaption class=\"caption wp-caption-text\">Jenson Button e Lewis Hamilton mostrando todo a admira\u00e7\u00e3o e respeito por Michael Schumacher<\/figcaption><\/figure>\n<p style=\"text-align: justify;\">Tem gente que duvida que o Schumacher esteja em plena forma, mas acho que essa \u00e9 a coisa com que menos deveriam se preocupar. Mais do que corpo, o Alem\u00e3o \u00e9 <strong>ARRETADO<\/strong>, como chamam nas bandas do nordeste. A pergunta a ser feita \u00e9: At\u00e9 quando a compet\u00eancia e o per\u00edcia t\u00e9cnica dele podem fazer com que sua Mercedes evolua? Ela j\u00e1 est\u00e1 no &#8216;G4&#8217; (e \u00e9 futebol \u00e9?), e tem um <strong>HEPTA<\/strong> dentro.<\/p>\n<p style=\"text-align: justify;\"><img loading=\"lazy\" decoding=\"async\" class=\"alignleft\" style=\"border: 0px none; margin: 0px 4px;\" src=\"https:\/\/akaikki.com.br\/layout\/icon01.png\" alt=\"\" width=\"45\" height=\"45\" align=\"absMiddle\" \/>&#8211; Bianca, meu anjinho&#8230; N\u00e3o me venha falar de futebol por aqui porque <a href=\"http:\/\/pt.wikipedia.org\/wiki\/Clube_N%C3%A1utico_Capibaribe\" target=\"_blank\">o seu timinho de bosta<\/a> caiu pra Segunda Divis\u00e3o no ano passado&#8230; Visse?<br \/>\n<span style=\"color: #ffffff;\">.<br \/>\n.<\/span><br \/>\n<img loading=\"lazy\" decoding=\"async\" class=\"alignnone\" style=\"border: 0px none; margin: 0px 4px;\" src=\"https:\/\/akaikki.com.br\/layout\/icon25.png\" alt=\"\" width=\"45\" height=\"45\" align=\"absMiddle\" \/>&#8211; Oxe, painho&#8230; Deu pra ficar plagiando meu sotaque?<br \/>\n<img loading=\"lazy\" decoding=\"async\" class=\"alignnone\" style=\"border: 0px none; margin: 0px 4px;\" src=\"https:\/\/akaikki.com.br\/layout\/icon01.png\" alt=\"\" width=\"45\" height=\"45\" align=\"absMiddle\" \/>&#8211; N\u00e3o, eu plagio sem dar mesmo&#8230;<br \/>\n<img loading=\"lazy\" decoding=\"async\" class=\"alignnone\" style=\"border: 0px none; margin: 0px 4px;\" src=\"https:\/\/akaikki.com.br\/layout\/icon25.png\" alt=\"\" width=\"45\" height=\"45\" align=\"absMiddle\" \/>&#8211; E n\u00e3o me venha falar de meu time, porque o seu \u00e9&#8230;<br \/>\n<img loading=\"lazy\" decoding=\"async\" class=\"alignleft\" style=\"border: 0px none; margin: 0px 4px;\" src=\"https:\/\/akaikki.com.br\/layout\/icon01.png\" alt=\"\" width=\"45\" height=\"45\" align=\"absMiddle\" \/>&#8211; Hexacampe\u00e3o Brasileiro&#8230; E se voc\u00ea vier me falar que \u00e9 &#8220;penta&#8221;, ent\u00e3o voc\u00ea concorda que o Sport foi o Campe\u00e3o Brasileiro em 1987&#8230; Visse?<br \/>\n<span style=\"color: #ffffff;\">.<br \/>\n.<\/span><br \/>\n<img loading=\"lazy\" decoding=\"async\" class=\"alignnone\" style=\"border: 0px none; margin: 0px 4px;\" src=\"https:\/\/akaikki.com.br\/layout\/icon25.png\" alt=\"\" width=\"45\" height=\"45\" align=\"absMiddle\" \/>&#8211; Vamos voltar a falar de F\u00f3rmula 1 que \u00e9 melhor, n\u00e9&#8230;<br \/>\n<img loading=\"lazy\" decoding=\"async\" class=\"alignnone\" style=\"border: 0px none; margin: 0px 4px;\" src=\"https:\/\/akaikki.com.br\/layout\/icon01.png\" alt=\"\" width=\"45\" height=\"45\" align=\"absMiddle\" \/>&#8211; \u00d3tima ideia, Bianquita&#8230;<\/p>\n<p style=\"text-align: justify;\">E logo de cara, tivemos o primeiro <strong>CLIM\u00c3O<\/strong> do ano. Pra quem acha <strong>MESMO<\/strong> que o romance entre Felipe Massa e Fernando Alonso tem chances de acontecer, vai a deixa&#8230;<\/p>\n<figure id=\"attachment_3334\" class=\"thumbnail wp-caption aligncenter\" style=\"width: 480px\"><a href=\"https:\/\/akaikki.com.br\/wp-content\/uploads\/2010\/03\/56917_2.jpg\"><img loading=\"lazy\" decoding=\"async\" class=\"size-full wp-image-3334 \" title=\"Felipe Massa sendo exclu\u00eddo da Foto dos Campe\u00f5es\" src=\"https:\/\/akaikki.com.br\/wp-content\/uploads\/2010\/03\/56917_2.jpg\" alt=\"Felipe Massa sendo exclu\u00eddo da Foto dos Campe\u00f5es\" width=\"470\" height=\"307\" srcset=\"https:\/\/akaikki.com.br\/wp-content\/uploads\/2010\/03\/56917_2.jpg 470w, https:\/\/akaikki.com.br\/wp-content\/uploads\/2010\/03\/56917_2-300x195.jpg 300w\" sizes=\"auto, (max-width: 470px) 100vw, 470px\" \/><\/a><figcaption class=\"caption wp-caption-text\">Felipe Massa sendo exclu\u00eddo da Foto dos Campe\u00f5es<\/figcaption><\/figure>\n<p style=\"text-align: justify;\"><img loading=\"lazy\" decoding=\"async\" class=\"alignleft\" style=\"border: 0px none; margin: 0px 4px;\" src=\"https:\/\/akaikki.com.br\/layout\/icon01.png\" alt=\"\" width=\"45\" height=\"45\" align=\"absMiddle\" \/>E j\u00e1 vou logo avisando: n\u00e3o se deixem levar pelas coincid\u00eancias que regem a nossa vida&#8230; Como assim? OK, hoje vimos pela primeira vez Bruno Senna pilotando um carro de F\u00f3rmula 1&#8230; Ou melhor, algo que dizem ser um carro de F\u00f3rmula 1&#8230; Me fez remeter aos velhos tempos em que o tio dele pilotava&#8230; N\u00e3o era raro aparecer uma equipe que tomava quase cinco segundos do pen\u00faltimo colocado&#8230;<\/p>\n<p style=\"text-align: justify;\">Basta ver os tempos da sexta&#8230; Os \u00fanicos carros que viraram acima de dois minutos foram a Lotus e a Virgin, que come\u00e7aram seus projetos do zero&#8230; E a Hispania do Senna&#8230; S\u00f3 a dele, porque o <span style=\"text-decoration: line-through;\">Marcius Melhem<\/span> Karun Chandhok nem de macac\u00e3o estava hoje&#8230;<\/p>\n<figure id=\"attachment_3295\" class=\"thumbnail wp-caption aligncenter\" style=\"width: 510px\"><a href=\"https:\/\/akaikki.com.br\/wp-content\/uploads\/2010\/03\/karun.jpg\"><img loading=\"lazy\" decoding=\"async\" class=\"size-full wp-image-3295\" title=\"Karun Chandhok aguarda a sua vez de entrar na pista... (melhor esperar sentado...)\" src=\"https:\/\/akaikki.com.br\/wp-content\/uploads\/2010\/03\/karun.jpg\" alt=\"Karun Chandhok aguarda a sua vez de entrar na pista... (melhor esperar sentado...)\" width=\"500\" height=\"375\" srcset=\"https:\/\/akaikki.com.br\/wp-content\/uploads\/2010\/03\/karun.jpg 500w, https:\/\/akaikki.com.br\/wp-content\/uploads\/2010\/03\/karun-300x225.jpg 300w\" sizes=\"auto, (max-width: 500px) 100vw, 500px\" \/><\/a><figcaption class=\"caption wp-caption-text\">Karun Chandhok aguarda a sua vez de entrar na pista... (melhor esperar sentado...)<\/figcaption><\/figure>\n<p style=\"text-align: justify;\">A\u00ed me vem o Senninha e me vira 2&#8217;06&#8243;968&#8230; Esse tempo \u00e9 4&#8243;780 mais lento que o 2&#8217;02&#8243;188 que o Lucas di Grassi, o pen\u00faltimo colocado, marcou&#8230; E \u00e9 11&#8243;559 mais lento que o melhor tempo da sexta: 1&#8217;55&#8243;409, assinalado por Nico Rosberg, companheiro de Schumacher na Mercedes&#8230;\u00a0O tempo do Menino Senna foi t\u00e3o ruim que fez o Todt lembrar da velha regra dos 107%, que, se valesse esse ano, faria o rapaz suar pra melhorar quase 4 segundos.<\/p>\n<p style=\"text-align: justify;\">\n<figure id=\"attachment_3297\" class=\"thumbnail wp-caption aligncenter\" style=\"width: 510px\"><a href=\"https:\/\/akaikki.com.br\/wp-content\/uploads\/2010\/03\/rosberg_sheiks.jpg\"><img loading=\"lazy\" decoding=\"async\" class=\"size-full wp-image-3297\" title=\"Ele tinha que dar pinta...\" src=\"https:\/\/akaikki.com.br\/wp-content\/uploads\/2010\/03\/rosberg_sheiks.jpg\" alt=\"Ele tinha que dar pinta...\" width=\"500\" height=\"375\" srcset=\"https:\/\/akaikki.com.br\/wp-content\/uploads\/2010\/03\/rosberg_sheiks.jpg 500w, https:\/\/akaikki.com.br\/wp-content\/uploads\/2010\/03\/rosberg_sheiks-300x225.jpg 300w\" sizes=\"auto, (max-width: 500px) 100vw, 500px\" \/><\/a><figcaption class=\"caption wp-caption-text\">Ele tinha que dar pinta...<\/figcaption><\/figure>\n<p style=\"text-align: justify;\">A\u00ed eu remeto aos tempos do tio de Bruno&#8230; Ayrton estreou pela Toleman em 1984&#8230; O carro, segundo os especialistas, era uma carro\u00e7a&#8230; Com essa carro\u00e7a, Ayrton fez milagres&#8230; Das seis corridas que ele conseguiu terminar, ele s\u00f3 n\u00e3o pontuou em uma delas&#8230; E, de quebra, ainda conseguiu dois p\u00f3dios, sendo um deles no famigerado Grande Pr\u00eamio de M\u00f4naco que ele n\u00e3o venceu porque decidiram terminar a corrida antes&#8230;<\/p>\n<p style=\"text-align: justify;\">A mesma coisa se repete com Bruno&#8230; O carro da Hispania \u00e9 um cocossauro ambulante&#8230; O bicho mal anda pra frente, como pudemos constatar na sexta&#8230; Tomar 11 segundos do melhor tempo \u00e9 algo que eu n\u00e3o via desde 1992 quando existia uma tal de <strong>Andrea Moda<\/strong> que dava o ar de sua gra\u00e7a&#8230; Lembram dela? Pois \u00e9, nem eu&#8230;<\/p>\n<h1 style=\"text-align: center;\"><strong>MAS!!<\/strong><\/h1>\n<p style=\"text-align: justify;\">Por mais coincid\u00eancias que hajam, caros Pachecos, nunca se esque\u00e7am: Ayrton Senna \u00e9 Ayrton Senna, Bruno Senna \u00e9 Bruno Senna&#8230; A \u00fanica coisa que os une \u00e9 que um \u00e9 tio do outro&#8230;<\/p>\n<p style=\"text-align: center;\">\n<figure id=\"attachment_3299\" class=\"thumbnail wp-caption aligncenter\" style=\"width: 510px\"><a href=\"https:\/\/akaikki.com.br\/wp-content\/uploads\/2010\/03\/r01_05.jpg\"><img loading=\"lazy\" decoding=\"async\" class=\"size-full wp-image-3299\" title=\"Uma arruela solta da roda do carro de Bruno Senna...\" src=\"https:\/\/akaikki.com.br\/wp-content\/uploads\/2010\/03\/r01_05.jpg\" alt=\"Uma arruela solta da roda do carro de Bruno Senna...\" width=\"500\" height=\"375\" srcset=\"https:\/\/akaikki.com.br\/wp-content\/uploads\/2010\/03\/r01_05.jpg 500w, https:\/\/akaikki.com.br\/wp-content\/uploads\/2010\/03\/r01_05-300x225.jpg 300w\" sizes=\"auto, (max-width: 500px) 100vw, 500px\" \/><\/a><figcaption class=\"caption wp-caption-text\">Uma arruela solta da roda do carro de Bruno Senna...<\/figcaption><\/figure>\n<h3 style=\"text-align: center;\">Mas pelo amor de Jan\u00e1i Himura: ANDREA MODA 2, <strong>N\u00c3O!!<\/strong><\/h3>\n<p style=\"text-align: justify;\">E lembrem-se, crian\u00e7ada&#8230; Tudo na vida \u00e9 relativo e depende do ponto de vista de quem observa&#8230; Um exemplo:<\/p>\n<figure id=\"attachment_3302\" class=\"thumbnail wp-caption aligncenter\" style=\"width: 530px\"><a href=\"https:\/\/akaikki.com.br\/wp-content\/uploads\/2010\/03\/renault_fg69.jpg\"><img loading=\"lazy\" decoding=\"async\" class=\"size-full wp-image-3302 \" title=\"Acima: Renault vista por uma pessoa comum... Abaixo: Renault vista por Fl\u00e1vio Gomes...\" src=\"https:\/\/akaikki.com.br\/wp-content\/uploads\/2010\/03\/renault_fg69.jpg\" alt=\"Acima: Renaut vista por uma pessoa comum... Abaixo: Renault vista por Fl\u00e1vio Gomes...\" width=\"520\" height=\"674\" srcset=\"https:\/\/akaikki.com.br\/wp-content\/uploads\/2010\/03\/renault_fg69.jpg 520w, https:\/\/akaikki.com.br\/wp-content\/uploads\/2010\/03\/renault_fg69-231x300.jpg 231w, https:\/\/akaikki.com.br\/wp-content\/uploads\/2010\/03\/renault_fg69-385x500.jpg 385w\" sizes=\"auto, (max-width: 520px) 100vw, 520px\" \/><\/a><figcaption class=\"caption wp-caption-text\">Acima: Renault vista por uma pessoa comum... Abaixo: Renault vista por Fl\u00e1vio Gomes...<\/figcaption><\/figure>\n<p style=\"text-align: center;\">Porque na Uni\u00e3o Sovi\u00e9tica, o carro dirige <strong>VOC\u00ca!!<\/strong><\/p>\n<hr \/>\n<p style=\"text-align: justify;\"><strong>13 de mar\u00e7o <\/strong><img loading=\"lazy\" decoding=\"async\" class=\"alignleft\" style=\"border: 0px none; margin: 0px 4px;\" src=\"https:\/\/akaikki.com.br\/layout\/icon01.png\" alt=\"\" width=\"45\" height=\"45\" align=\"absMiddle\" \/>&#8211; Eu citei na <a href=\"https:\/\/akaikki.com.br\/?p=2989\" target=\"_blank\">Edi\u00e7\u00e3o 1536<\/a> sobre os times novos e a <span style=\"text-decoration: line-through;\">falta de<\/span> condi\u00e7\u00e3o dos mesmos&#8230; Hoje foi poss\u00edvel perceber o quanto que a FIA<span style=\"text-decoration: line-through;\">daputa<\/span> \u00e9 falha ao permitir que times como a Hispania participassem desta temporada sem ter feito um teste sequer&#8230; S\u00f3 hoje, na classifica\u00e7\u00e3o \u00e9 que o <span style=\"text-decoration: line-through;\">Marcius Melhem<\/span> Karun Chandhok foi dar o ar de sua gra\u00e7a na pista barenita, s\u00f3 pra tomar mais de um segundo e meio do Senninha, que por sua vez, tomou mais de dois segundos e meio do 22\u00ba colocado no grid&#8230;<\/p>\n<p style=\"text-align: justify;\">&#8220;Ah, vamos acabar com os testes&#8230; Assim, vamos nivelar os times por baixo&#8230;&#8221;, disse o velho senil sadomasoquista&#8230; Com isso, equipes novas n\u00e3o treinam, pilotos estreantes n\u00e3o treinam&#8230; Cada regra imbecil que a FIA<span style=\"text-decoration: line-through;\">daputa<\/span> inventa s\u00f3 me faz ver o quanto que eles n\u00e3o est\u00e3o interessados em que a F\u00f3rmula 1 seja a nata do automobilismo mundial&#8230; Vire s\u00f3 uma categoria cheia de espet\u00e1culo&#8230;<\/p>\n<p style=\"text-align: justify;\">J\u00e1 dizia o grande <a href=\"http:\/\/pandinigp.blogspot.com\/\" target=\"_blank\">Luiz Alberto Pandini<\/a>: &#8220;Eu prefiro ver uma corrida chata de verdade do que uma emocionante de mentira&#8221;&#8230; Sem desmerecer o final \u00e9pico que a Temporada de 2008 teve, mas eu j\u00e1 vi finais de corrida mais \u00e9picos ainda, sem a necessidade de inventar regras esdr\u00faxulas&#8230;<\/p>\n<p style=\"text-align: justify;\">\n<figure id=\"attachment_3383\" class=\"thumbnail wp-caption aligncenter\" style=\"width: 410px\"><a href=\"https:\/\/akaikki.com.br\/wp-content\/uploads\/2010\/03\/qual.gif\"><img loading=\"lazy\" decoding=\"async\" class=\"size-full wp-image-3383\" title=\"Melhores tempos da classifica\u00e7\u00e3o\" src=\"https:\/\/akaikki.com.br\/wp-content\/uploads\/2010\/03\/qual.gif\" alt=\"Melhores tempos da classifica\u00e7\u00e3o\" width=\"400\" height=\"501\" srcset=\"https:\/\/akaikki.com.br\/wp-content\/uploads\/2010\/03\/qual.gif 400w, https:\/\/akaikki.com.br\/wp-content\/uploads\/2010\/03\/qual-239x300.gif 239w, https:\/\/akaikki.com.br\/wp-content\/uploads\/2010\/03\/qual-399x500.gif 399w\" sizes=\"auto, (max-width: 400px) 100vw, 400px\" \/><\/a><figcaption class=\"caption wp-caption-text\">Melhores tempos da classifica\u00e7\u00e3o<\/figcaption><\/figure>\n<blockquote>\n<p style=\"text-align: justify;\"><strong>IPC:<\/strong> HRT, RBR e STR \u00e9 uma cortesia do site oficial da FIA<span style=\"text-decoration: line-through;\">daputa<\/span>&#8230; Mas notem que a FIA<span style=\"text-decoration: line-through;\">daputa<\/span> chama a equipe do Lucas di Grassi de VIRGIN&#8230; Entendeu, RGT?<\/p>\n<\/blockquote>\n<p style=\"text-align: justify;\">Voc\u00ea pode ver na tabela acima a tamanha disparidade que existe entre os blocos: o primeiro, formado pelos 8 times que sobraram da temporada passada mais a Sauber, depois os carros da Lotus e da Virgin e, por \u00faltimo, os dois carros da Hispania&#8230;<\/p>\n<p style=\"text-align: justify;\">Mas ainda posso dizer que a F\u00f3rmula 1 t\u00e1 no caminho certo pra voltar a ser o que era&#8230; Agora s\u00f3 falta colocar umas cinco equipes mais pra disputar 26 vagas no grid (e lutarem MESMO pra classificar pra largada&#8230;), corrigir o sistema de pontos pra 10-6-4-3-2-1 e, principalmente, acabar com essa palha\u00e7ada de Q1, Q2 e Q3: uma hora de treino, tantas voltas o piloto quiser&#8230; Simples&#8230;<\/p>\n<p style=\"text-align: justify;\">S\u00f3 gostaria que a FIA<span style=\"text-decoration: line-through;\">daputa<\/span> ouvisse mais a opini\u00e3o de quem REALMENTE se interessa pelo assunto&#8230;<\/p>\n<p style=\"text-align: justify;\">\n<figure id=\"attachment_3385\" class=\"thumbnail wp-caption aligncenter\" style=\"width: 510px\"><a href=\"https:\/\/akaikki.com.br\/wp-content\/uploads\/2010\/03\/jenson_cliente.png\"><img loading=\"lazy\" decoding=\"async\" class=\"size-full wp-image-3385\" title=\"&quot;Infelizmente n\u00e3o podemos estar atendendo seu pedido, senhor...&quot;\" src=\"https:\/\/akaikki.com.br\/wp-content\/uploads\/2010\/03\/jenson_cliente.png\" alt=\"&quot;Infelizmente n\u00e3o podemos estar atendendo seu pedido, senhor...&quot;\" width=\"500\" height=\"409\" srcset=\"https:\/\/akaikki.com.br\/wp-content\/uploads\/2010\/03\/jenson_cliente.png 500w, https:\/\/akaikki.com.br\/wp-content\/uploads\/2010\/03\/jenson_cliente-300x245.png 300w\" sizes=\"auto, (max-width: 500px) 100vw, 500px\" \/><\/a><figcaption class=\"caption wp-caption-text\">&quot;Infelizmente n\u00e3o podemos estar atendendo seu pedido, senhor...&quot;<\/figcaption><\/figure>\n<p style=\"text-align: justify;\"><img loading=\"lazy\" decoding=\"async\" class=\"alignleft\" style=\"border: 0px none; margin: 0px 4px;\" src=\"https:\/\/akaikki.com.br\/layout\/icon25.png\" alt=\"\" width=\"45\" height=\"45\" align=\"absMiddle\" \/> Se a classifica\u00e7\u00e3o foi tudo dentro do esperado, com as &#8220;quatro melhores&#8221; disputando a pole, a &#8220;turma mei\u00e3o&#8221; foi representada por <strong>Adrian Sutil<\/strong> e <strong>Robert Kubica<\/strong>, deixando as duas <strong>Williams<\/strong> fora do Q3. No &#8220;quem pode com quem&#8221;, O <strong>H\u00fclkenberg<\/strong> ficou mesmo atr\u00e1s do <strong>Barrichello<\/strong>, mas o <strong>Kobayashi<\/strong> n\u00e3o conseguiu nada melhor que o <strong>Pedro De La Rosa<\/strong>, POR ENQUANTO. Aguenta mais? Procura o <strong>Petrov<\/strong> na tabela! Enquanto Kubica fazia o dever de casa, o russo devia estar se preocupando demais em explicar quem pagou a conta do cockpit.<\/p>\n<p style=\"text-align: justify;\">O Nico Rosberg levou a melhor pro Schumacher. Mas a quest\u00e3o ali j\u00e1 n\u00e3o era essa&#8230; Depois de tanto falar, de tanto arrotar um talento que n\u00e3o tem, quem fica exatamente atr\u00e1s Dick? O <strong>BUTTON<\/strong>. E por falar em &#8220;Dick&#8221;, n\u00e3o ache que o cara est\u00e1 de brincadeira. E n\u00e3o ache que por estar um pouco mais velho, ele ficou bonzinho&#8230;<\/p>\n<figure id=\"attachment_3405\" class=\"thumbnail wp-caption aligncenter\" style=\"width: 510px\"><a href=\"https:\/\/akaikki.com.br\/wp-content\/uploads\/2010\/03\/schumacher-mclaren-500x333.jpg\"><img loading=\"lazy\" decoding=\"async\" class=\"size-large wp-image-3405\" title=\"Schumacher dando um raio-x na McLaren. Nada bobo!\" src=\"https:\/\/akaikki.com.br\/wp-content\/uploads\/2010\/03\/schumacher-mclaren-500x333.jpg\" alt=\"Schumacher dando um raio-x na McLaren. Nada bobo!\" width=\"500\" height=\"333\" srcset=\"https:\/\/akaikki.com.br\/wp-content\/uploads\/2010\/03\/schumacher-mclaren-500x333.jpg 500w, https:\/\/akaikki.com.br\/wp-content\/uploads\/2010\/03\/schumacher-mclaren-300x200.jpg 300w, https:\/\/akaikki.com.br\/wp-content\/uploads\/2010\/03\/schumacher-mclaren.jpg 577w\" sizes=\"auto, (max-width: 500px) 100vw, 500px\" \/><\/a><figcaption class=\"caption wp-caption-text\">Schumacher dando um raio-x na McLaren. Nada bobo!<\/figcaption><\/figure>\n<p style=\"text-align: justify;\"><img loading=\"lazy\" decoding=\"async\" style=\"border: 0pt none; margin: 0px 4px;\" src=\"..\/layout\/icon01.png\" alt=\"\" width=\"45\" height=\"45\" align=\"absMiddle\" \/>&#8211; Mister M&#8230; Safadiiiinho&#8230; \ud83d\ude09<br \/>\n<img loading=\"lazy\" decoding=\"async\" style=\"border: 0pt none; margin: 0px 4px;\" src=\"..\/layout\/icon25.png\" alt=\"\" width=\"45\" height=\"45\" align=\"absMiddle\" \/>&#8211; \u00c9 como dizem&#8230; Raposa velha perde o pelo mas n\u00e3o perde o v\u00edcio&#8230;<br \/>\n<img loading=\"lazy\" decoding=\"async\" style=\"border: 0pt none; margin: 0px 4px;\" src=\"..\/layout\/icon01.png\" alt=\"\" width=\"45\" height=\"45\" align=\"absMiddle\" \/>&#8211; Mas eles foram avisados&#8230; Olha a\u00ed a prova:<\/p>\n<p style=\"text-align: justify;\">\n<figure id=\"attachment_3421\" class=\"thumbnail wp-caption aligncenter\" style=\"width: 510px\"><a href=\"https:\/\/akaikki.com.br\/wp-content\/uploads\/2010\/03\/webber_avisa.png\"><img loading=\"lazy\" decoding=\"async\" class=\"size-large wp-image-3421\" title=\"N\u00e3o foi por falta de aviso...\" src=\"https:\/\/akaikki.com.br\/wp-content\/uploads\/2010\/03\/webber_avisa-500x381.png\" alt=\"N\u00e3o foi por falta de aviso...\" width=\"500\" height=\"381\" srcset=\"https:\/\/akaikki.com.br\/wp-content\/uploads\/2010\/03\/webber_avisa-500x381.png 500w, https:\/\/akaikki.com.br\/wp-content\/uploads\/2010\/03\/webber_avisa-300x229.png 300w, https:\/\/akaikki.com.br\/wp-content\/uploads\/2010\/03\/webber_avisa.png 597w\" sizes=\"auto, (max-width: 500px) 100vw, 500px\" \/><\/a><figcaption class=\"caption wp-caption-text\">N\u00e3o foi por falta de aviso...<\/figcaption><\/figure>\n<p>Por\u00e9m, nada disso \u00e9 ficha perto da verdadeira <strong>BRIGA DE FOICE<\/strong> entitulada: A guerra da casa vermelha, vers\u00e3o 2010.<\/p>\n<p style=\"text-align: justify;\"><strong>Fernando Alonso<\/strong> e <strong>Felipe Massa<\/strong>. Quem ia ficar na frente? O Brasil se perguntava, e com certeza, eles se perguntavam tamb\u00e9m. Resultado disso: Alonso com cara de pouquissimos amigos na fila da pesagem, Massa com uma cara de &#8220;n\u00e3o est\u00e1 acontecendo nada&#8221; e acima dos dois, o menino alem\u00e3o!<\/p>\n<figure id=\"attachment_3392\" class=\"thumbnail wp-caption aligncenter\" style=\"width: 343px\"><a href=\"https:\/\/akaikki.com.br\/wp-content\/uploads\/2010\/03\/PA703384-333x500.jpg\"><img loading=\"lazy\" decoding=\"async\" class=\"size-large wp-image-3392\" title=\"Pole do primeiro GP do ano vai para Vettel.\" src=\"https:\/\/akaikki.com.br\/wp-content\/uploads\/2010\/03\/PA703384-333x500.jpg\" alt=\"Pole do primeiro GP do ano vai para Vettel.\" width=\"333\" height=\"500\" srcset=\"https:\/\/akaikki.com.br\/wp-content\/uploads\/2010\/03\/PA703384-333x500.jpg 333w, https:\/\/akaikki.com.br\/wp-content\/uploads\/2010\/03\/PA703384-200x300.jpg 200w, https:\/\/akaikki.com.br\/wp-content\/uploads\/2010\/03\/PA703384.jpg 360w\" sizes=\"auto, (max-width: 333px) 100vw, 333px\" \/><\/a><figcaption class=\"caption wp-caption-text\">Pole do primeiro GP do ano vai para Vettel.<\/figcaption><\/figure>\n<p style=\"text-align: justify;\"><img loading=\"lazy\" decoding=\"async\" style=\"border: 0pt none; margin: 0px 4px;\" src=\"..\/layout\/icon01.png\" alt=\"\" width=\"45\" height=\"45\" align=\"absMiddle\" \/>&#8211; Eu achei uma foto que mostra algo parecido com o que voc\u00ea disse a\u00ed&#8230;<\/p>\n<figure id=\"attachment_3414\" class=\"thumbnail wp-caption aligncenter\" style=\"width: 510px\"><a href=\"https:\/\/akaikki.com.br\/wp-content\/uploads\/2010\/03\/massa_vacagare.jpg\"><img loading=\"lazy\" decoding=\"async\" class=\"size-full wp-image-3414\" title=\"&quot;Va cagare...&quot;\" src=\"https:\/\/akaikki.com.br\/wp-content\/uploads\/2010\/03\/massa_vacagare.jpg\" alt=\"&quot;Va cagare...&quot;\" width=\"500\" height=\"298\" srcset=\"https:\/\/akaikki.com.br\/wp-content\/uploads\/2010\/03\/massa_vacagare.jpg 500w, https:\/\/akaikki.com.br\/wp-content\/uploads\/2010\/03\/massa_vacagare-300x178.jpg 300w\" sizes=\"auto, (max-width: 500px) 100vw, 500px\" \/><\/a><figcaption class=\"caption wp-caption-text\">&quot;Va cagare...&quot;<\/figcaption><\/figure>\n<p style=\"text-align: center;\">N\u00e3o entendeu o &#8220;Va cagare&#8221;? Refresque a sua mem\u00f3ria <a href=\"http:\/\/www.youtube.com\/watch?v=SZpXCZZUMWI\" target=\"_blank\"><strong>aqui<\/strong><\/a>&#8230;<\/p>\n<p style=\"text-align: justify;\"><img loading=\"lazy\" decoding=\"async\" class=\"alignleft\" style=\"border: 0px none; margin: 0px 4px;\" src=\"https:\/\/akaikki.com.br\/layout\/icon02.png\" alt=\"\" width=\"45\" height=\"45\" align=\"absMiddle\" \/>&#8211; Pegando o bonde andando&#8230; Afinal, s\u00f3 dormi \u00e0s 5h e hibernei, sem ver o treino. Vejam voc\u00eas tamb\u00e9m, cortesia da RGT:<br \/>\n<span style=\"color: #ffffff;\">.<\/span><\/p>\n<p style=\"text-align: center;\"><object classid=\"clsid:d27cdb6e-ae6d-11cf-96b8-444553540000\" width=\"480\" height=\"392\" codebase=\"http:\/\/download.macromedia.com\/pub\/shockwave\/cabs\/flash\/swflash.cab#version=6,0,40,0\"><param name=\"quality\" value=\"high\" \/><param name=\"FlashVars\" value=\"midiaId=1228380&amp;autoStart=false&amp;width=480&amp;height=392\" \/><param name=\"src\" value=\"http:\/\/video.globo.com\/Portal\/videos\/cda\/player\/player.swf\" \/><param name=\"flashvars\" value=\"midiaId=1228380&amp;autoStart=false&amp;width=480&amp;height=392\" \/><embed type=\"application\/x-shockwave-flash\" width=\"480\" height=\"392\" src=\"http:\/\/video.globo.com\/Portal\/videos\/cda\/player\/player.swf\" flashvars=\"midiaId=1228380&amp;autoStart=false&amp;width=480&amp;height=392\" quality=\"high\"><\/embed><\/object><\/p>\n<p style=\"text-align: justify;\"><img loading=\"lazy\" decoding=\"async\" class=\"alignnone\" style=\"border: 0px none; margin: 0px 4px;\" src=\"https:\/\/akaikki.com.br\/layout\/icon01.png\" alt=\"\" width=\"45\" height=\"45\" align=\"absMiddle\" \/>&#8211; Que Jan\u00e1i Himura te perdoe por mostrar um v\u00eddeo global no site&#8230;<br \/>\n<img loading=\"lazy\" decoding=\"async\" class=\"alignnone\" style=\"border: 0px none; margin: 0px 4px;\" src=\"https:\/\/akaikki.com.br\/layout\/icon08.png\" alt=\"\" width=\"45\" height=\"45\" align=\"absMiddle\" \/><a title=\"N\u00e3o...\">&#8211; \u3044\u3044\u3048&#8230;<\/a><\/p>\n<p style=\"text-align: center;\"><img loading=\"lazy\" decoding=\"async\" src=\"https:\/\/akaikki.com.br\/wp-content\/uploads\/2010\/03\/himura_kill.gif\" alt=\"\" width=\"386\" height=\"166\" \/><br \/>\nJan\u00e1i Himura fatia Vin\u00edcius, s\u00f3 pra n\u00e3o perder o costume&#8230;<\/p>\n<p style=\"text-align: justify;\">\n<figure id=\"attachment_3432\" class=\"thumbnail wp-caption aligncenter\" style=\"width: 490px\"><a href=\"https:\/\/akaikki.com.br\/wp-content\/uploads\/2010\/03\/burka.jpg\"><img loading=\"lazy\" decoding=\"async\" class=\"size-full wp-image-3432\" title=\"Adivinhe quais dessas mulheres N\u00c3O s\u00e3o barenitas...\" src=\"https:\/\/akaikki.com.br\/wp-content\/uploads\/2010\/03\/burka.jpg\" alt=\"Adivinhe quais dessas mulheres N\u00c3O s\u00e3o barenitas...\" width=\"480\" height=\"307\" srcset=\"https:\/\/akaikki.com.br\/wp-content\/uploads\/2010\/03\/burka.jpg 480w, https:\/\/akaikki.com.br\/wp-content\/uploads\/2010\/03\/burka-300x191.jpg 300w\" sizes=\"auto, (max-width: 480px) 100vw, 480px\" \/><\/a><figcaption class=\"caption wp-caption-text\">Adivinhe quais dessas mulheres N\u00c3O s\u00e3o barenitas...<\/figcaption><\/figure>\n<p style=\"text-align: justify;\"><img loading=\"lazy\" decoding=\"async\" class=\"alignleft\" style=\"border: 0px none; margin: 0px 4px;\" src=\"https:\/\/akaikki.com.br\/layout\/icon02.png\" alt=\"\" width=\"45\" height=\"45\" align=\"absMiddle\" \/>&#8211; Diga-se de passagem, eu achei MUITO foda esse novo sistema de GC (gerador de caracteres) da F1. Ficou mesmo com cara da LG &#8211; patrocinadora &#8211; e vai ser um grande desafio pros criadores de MODs de F\u00f3rmula 1 do rFactor tentar fazer igual no jogo&#8230;<br \/>\n<span style=\"color: #ffffff;\">.<\/span><br \/>\n<img loading=\"lazy\" decoding=\"async\" class=\"alignleft\" style=\"border: 0px none; margin: 0px 4px;\" src=\"https:\/\/akaikki.com.br\/layout\/icon01.png\" alt=\"\" width=\"45\" height=\"45\" align=\"absMiddle\" \/>&#8211; Dif\u00edcil mesmo vai ser eles fazerem a sobrancelha-taturana do <span style=\"text-decoration: line-through;\">Marcius Melhem<\/span> Karun Chandhok&#8230; Mas eu descobri que tem mais gente famosa marcando presen\u00e7a no Grande Pr\u00eamio do Bahrein&#8230; Confiram com exclusividade quem eu achei l\u00e1 em Sakhir&#8230;<\/p>\n<p style=\"text-align: justify;\">\n<figure id=\"attachment_3440\" class=\"thumbnail wp-caption aligncenter\" style=\"width: 490px\"><a href=\"https:\/\/akaikki.com.br\/wp-content\/uploads\/2010\/03\/f1-2010-bah-xp-0001.jpg\"><img loading=\"lazy\" decoding=\"async\" class=\"size-full wp-image-3440  \" title=\"Missigno. esteve por aqui tamb\u00e9m...\" src=\"https:\/\/akaikki.com.br\/wp-content\/uploads\/2010\/03\/f1-2010-bah-xp-0001.jpg\" alt=\"Missigno. esteve por aqui tamb\u00e9m...\" width=\"480\" height=\"693\" srcset=\"https:\/\/akaikki.com.br\/wp-content\/uploads\/2010\/03\/f1-2010-bah-xp-0001.jpg 480w, https:\/\/akaikki.com.br\/wp-content\/uploads\/2010\/03\/f1-2010-bah-xp-0001-207x300.jpg 207w, https:\/\/akaikki.com.br\/wp-content\/uploads\/2010\/03\/f1-2010-bah-xp-0001-346x500.jpg 346w\" sizes=\"auto, (max-width: 480px) 100vw, 480px\" \/><\/a><figcaption class=\"caption wp-caption-text\">Missigno. esteve por aqui tamb\u00e9m...<\/figcaption><\/figure>\n<p><img loading=\"lazy\" decoding=\"async\" style=\"border: 0pt none; margin: 0px 4px;\" src=\"..\/layout\/icon02.png\" alt=\"\" width=\"45\" height=\"45\" align=\"absMiddle\" \/>&#8211; Mas o Missingno. n\u00e3o seria aquele a\u00ed que t\u00e1 do lado do Hamilton?<br \/>\n<img loading=\"lazy\" decoding=\"async\" style=\"border: 0pt none; margin: 0px 4px;\" src=\"..\/layout\/icon01.png\" alt=\"\" width=\"45\" height=\"45\" align=\"absMiddle\" \/>&#8211; N\u00e3o, esse \u00e9 outro glitch&#8230;<\/p>\n<hr \/>\n<p style=\"text-align: justify;\"><strong>14 de mar\u00e7o <\/strong><img loading=\"lazy\" decoding=\"async\" class=\"alignleft\" style=\"border: 0px none; margin: 0px 4px;\" src=\"https:\/\/akaikki.com.br\/layout\/icon01.png\" alt=\"\" width=\"45\" height=\"45\" align=\"absMiddle\" \/>&#8211; Pois bem&#8230; Se voc\u00eas tinham alguma d\u00favida de que esse ano \u00e9 do Alonso, agora essa d\u00favida caiu por terra&#8230; O asturiano ganhou a corrida na primeira curva, quando botou o Massa no bolso&#8230; E era quest\u00e3o de tempo at\u00e9 que o carro do Vettel come\u00e7asse a arregar&#8230;<\/p>\n<p style=\"text-align: justify;\"><img loading=\"lazy\" decoding=\"async\" class=\"alignleft\" style=\"border: 0px none; margin: 0px 4px;\" src=\"https:\/\/akaikki.com.br\/layout\/icon25.png\" alt=\"\" width=\"45\" height=\"45\" align=\"absMiddle\" \/> Ningu\u00e9m pode dizer que n\u00e3o foi uma pena a Red Bull n\u00e3o conseguir aguentar o ritmo do menino alem\u00e3o. Quando ele pareceu estar com a corrida nas m\u00e3os, a gente via volta a volta, a pot\u00eancia dele indo pro lixo. Tamb\u00e9m, outra coisa \u00e9 certa: A quarta posi\u00e7\u00e3o, ele levou no bra\u00e7o. Bom pra Ferrari, que voltou pra casa com uma dobradinha. Ruim porque o Alonso estava na frente? Pior se os dois disputassem e terminasse &#8220;dando em merda&#8221;. A Ferrari \u00e9 assim, meus caros. Podem brigar a vontade, com os outros, n\u00e3o entre si. POR\u00c9M, se o Felipe Massa n\u00e3o levou a melhor, foi por ter sido ultrapassado logo de cara e por, depois, n\u00e3o sobrar na pista. Se tivesse sobrado, com certeza a Ferrari ia dar o bip pro Alonso, e o caminho seria aberto. No final das contas, os dois fizeram o dever de casa, mas o Alonso fez com a letra mais bonita&#8230;<\/p>\n<p style=\"text-align: justify;\"><img loading=\"lazy\" decoding=\"async\" class=\"alignleft\" style=\"border: 0pt none; margin: 0px 4px;\" src=\"..\/layout\/icon01.png\" alt=\"\" width=\"45\" height=\"45\" align=\"absMiddle\" \/>Sabem o que \u00e9 isso? P\u00e9 pesado&#8230; Ainda t\u00e1 acostumado com carro mais leve (a diferen\u00e7a de peso de um carro com gasolina pra 15~20 voltas pra um carro com gasolina pra 50~60 voltas \u00e9 absurda!!) e deu no que deu: s\u00f3 n\u00e3o perdeu a quarta posi\u00e7\u00e3o pro <span style=\"text-decoration: line-through;\">Rosbicha<\/span> Rosberg porque o \u00faltimo n\u00e3o \u00e9 l\u00e1 essas coisas&#8230; OK, botou o Schumacher no bolso&#8230; Mas lembrem-se: Schumacher t\u00e1 parado h\u00e1 tr\u00eas anos e os carros de 2006 eram bem diferentes dos carros de 2010&#8230; Ficar quatro d\u00e9cimos atr\u00e1s logo de cara j\u00e1 \u00e9 um avan\u00e7o, quando poderia ser bem maior essa diferen\u00e7a&#8230;<\/p>\n<p style=\"text-align: justify;\">\n<figure id=\"attachment_3445\" class=\"thumbnail wp-caption aligncenter\" style=\"width: 491px\"><a href=\"https:\/\/akaikki.com.br\/wp-content\/uploads\/2010\/03\/pilotoons_senna.jpg\"><img loading=\"lazy\" decoding=\"async\" class=\"size-full wp-image-3445\" title=\"Senna vai para o Bahrein...\" src=\"https:\/\/akaikki.com.br\/wp-content\/uploads\/2010\/03\/pilotoons_senna.jpg\" alt=\"Senna vai para o Bahrein...\" width=\"481\" height=\"680\" srcset=\"https:\/\/akaikki.com.br\/wp-content\/uploads\/2010\/03\/pilotoons_senna.jpg 481w, https:\/\/akaikki.com.br\/wp-content\/uploads\/2010\/03\/pilotoons_senna-212x300.jpg 212w, https:\/\/akaikki.com.br\/wp-content\/uploads\/2010\/03\/pilotoons_senna-353x500.jpg 353w\" sizes=\"auto, (max-width: 481px) 100vw, 481px\" \/><\/a><figcaption class=\"caption wp-caption-text\">Senna vai para o Bahrein...<\/figcaption><\/figure>\n<p style=\"text-align: justify;\">E os carros da Hispania? L\u00e1 vou eu meter a ma\u00e7aroca na FIA<span style=\"text-decoration: line-through;\">daputa<\/span> por causa deles&#8230; Primeiro, parab\u00e9ns pro Bruno Senna, que conseguiu fazer o carro dele durar 17 voltas&#8230; O que \u00e9 praticamente um milagre Himuriano, porque o <span style=\"text-decoration: line-through;\">Marcius Melhem<\/span> Karun Chandhok nem chegou a completar a primeira volta&#8230; A\u00ed eu pergunto: os outros projetos de times que n\u00e3o foram aprovados&#8230; Ser\u00e1 que eram &#8220;mais piores ainda&#8221; do que a Hispania? Se eram, puta merda&#8230;<\/p>\n<figure id=\"attachment_3467\" class=\"thumbnail wp-caption aligncenter\" style=\"width: 394px\"><a href=\"https:\/\/akaikki.com.br\/wp-content\/uploads\/2010\/03\/fran_hispania.png\"><img loading=\"lazy\" decoding=\"async\" class=\"size-full wp-image-3467\" title=\"Francisco Aure zoando a Hispania...\" src=\"https:\/\/akaikki.com.br\/wp-content\/uploads\/2010\/03\/fran_hispania.png\" alt=\"Francisco Aure zoando a Hispania...\" width=\"384\" height=\"77\" srcset=\"https:\/\/akaikki.com.br\/wp-content\/uploads\/2010\/03\/fran_hispania.png 384w, https:\/\/akaikki.com.br\/wp-content\/uploads\/2010\/03\/fran_hispania-300x60.png 300w\" sizes=\"auto, (max-width: 384px) 100vw, 384px\" \/><\/a><figcaption class=\"caption wp-caption-text\">Francisco Aure zoando a Hispania...<\/figcaption><\/figure>\n<p style=\"text-align: justify;\">OK, as duas Lotus terminaram a corrida&#8230; Duas voltas atr\u00e1s, mas terminaram&#8230; Ah, sim&#8230; A Virgin&#8230; Ficaram as duas pelo caminho, como era de se esperar&#8230;<\/p>\n<p style=\"text-align: justify;\">Por conta disso, <a href=\"http:\/\/esporte.ig.com.br\/grandepremio\/formula1\/2010\/03\/14\/ecclestone+afirma+que+f1+tera+regra+dos+107+na+classificacao+em+2011+9426471.html\" target=\"_blank\">Titio Bernie j\u00e1 cogita a possibilidade da volta da regra dos 107%<\/a>&#8230; \u00c9, tava bom demais pra ser verdade&#8230; &#8220;Ainda bem que meu pai n\u00e3o viveu pra ver isso&#8230;&#8221;<\/p>\n<p style=\"text-align: justify;\">Reproduzo agora o que o Flavio Gomes falou sobre o Bruno Senna e mais uma babaquice da RGT:<\/p>\n<blockquote>\n<p style=\"text-align: justify;\">(&#8230;) Come\u00e7ando com Bruno Senna. Largou,  completou menos de 20 voltas, quebrou, tudo OK. A\u00ed, deu entrevista ao  competente Carlos Gil, da Globo, e explicou a quebra, o fim de semana, a  estreia.<\/p>\n<p style=\"text-align: justify;\">Ent\u00e3o, a babaquice global fez com que Gil, constrangido,\u00a0fosse  obrigado a mandar um abra\u00e7o l\u00e1 da cabine e de todo o povo brasileiro e a  perguntar sobre a \u201cemo\u00e7\u00e3o de largar\u201d etc. Claro que os bob\u00f5es queriam  que\u00a0Bruno chorasse, falasse que na hora da largada tinha lembrado do  tio, que era um momento muito emocionante, inesquec\u00edvel, que a mem\u00f3ria  de Ayrton era tudo em que ele pensava naquele cockpit apertado e  solit\u00e1rio, que sentia a presen\u00e7a do tio com ele, que era imposs\u00edvel n\u00e3o  se transportar no tempo para aquelas manh\u00e3s de domingo\u2026<\/p>\n<p style=\"text-align: justify;\">Mas Bruno, que \u00e9 piloto de corridas, e n\u00e3o um babaca profissional,  falou apenas que para ele, na verdade, \u201ca corrida estava chata, sem  disputa\u201d. Falou tamb\u00e9m que a equipe tem de aprender, que os problemas  s\u00e3o comuns, que n\u00e3o teve \u201cnada de emocionante\u201d, n\u00e3o citou o tio, n\u00e3o  caiu na tenta\u00e7\u00e3o de vender emo\u00e7\u00f5es baratas, quebrou as pernas globais.<\/p>\n<p style=\"text-align: justify;\">Ponto para o primeiro-sobrinho.<\/p>\n<\/blockquote>\n<p style=\"text-align: justify;\">E a\u00ed \u00e9 a velha hist\u00f3ria da TV Pacheco, j\u00e1 citada acima: Ayrton Senna \u00e9 Ayrton Senna, Bruno Senna \u00e9 Bruno Senna&#8230; Se for bom como o tio, \u00f3timo!! Mas que n\u00e3o se cobre dele pelo fato de ele ser um Senna, da mesma forma que se cobrou do Nelsinho Piquet pelo fato de ele ser filho do Nels\u00e3o&#8230;<\/p>\n<p style=\"text-align: justify;\"><img loading=\"lazy\" decoding=\"async\" class=\"alignnone\" style=\"border: 0px none; margin: 0px 4px;\" src=\"https:\/\/akaikki.com.br\/layout\/icon25.png\" alt=\"\" width=\"45\" height=\"45\" align=\"absMiddle\" \/>&#8211; A ownada do Senna foi semi-hist\u00f3rica.<\/p>\n<p style=\"text-align: justify;\">Porra, RGT!! V\u00e1 tomar no olho!! J\u00e1 n\u00e3o me basta chamar a Virgin de VRT (e esse T nem existe, o nome da equipe \u00e9 <strong>Virgin Racing<\/strong>, n\u00e3o <strong>Virgin Racing Team<\/strong>&#8230;), ainda vem achar que o Bruno Senna \u00e9 o novo Ayrton Senna, <a href=\"http:\/\/globoesporte.globo.com\/Esportes\/Noticias\/Formula_1\/0,,MUL1525604-15011,00.html\" target=\"_blank\">a ponto de criarem at\u00e9 um tema da vit\u00f3ria especial pra ele<\/a>, que eu sinceramente DUVIDO que ser\u00e1 usado t\u00e3o cedo&#8230;<\/p>\n<p style=\"text-align: justify;\">Nem vou questionar o Galv\u00e3o narrando a vit\u00f3ria do Alonso quando ele tava abrindo a \u00faltima volta, porque isso a\u00ed j\u00e1 faz parte&#8230; Como tamb\u00e9m faz parte o Pachequismo exarcebado que h\u00e1 por conta da RGT&#8230; Como se s\u00f3 os brasileiros prestassem e os estrangeiros devessem morrer&#8230; Eles n\u00e3o toleram o fato de que o Massa seja o segundo piloto da Ferrari (porque o Alonso \u00e9 o primeiro piloto&#8230;) e n\u00e3o toleraram quando o Rubinho foi segundo do Schumacher por anos a fio na Ferrari&#8230;<\/p>\n<p style=\"text-align: center;\">Ah, mas quando \u00e9 o Senna fazendo isso com o Berger pode, n\u00e9&#8230; Ent\u00e3o t\u00e1 ent\u00e3o&#8230;<\/p>\n<p style=\"text-align: justify;\">Gente, vamos encarar os fatos: Alonso na Ferrari implica que seu companheiro de equipe ser\u00e1 o segundo dele, seja ele quem for&#8230; Se houver quem quebre essa &#8220;regra&#8221;, Alonso vai simplesmente dar chilique e mudar de equipe&#8230; Como o Massa j\u00e1 se declarou ser um bund\u00e3o&#8230;<\/p>\n<p style=\"text-align: justify;\">Mas pelo menos posso dizer uma coisa que j\u00e1 n\u00e1o dizia h\u00e1 sei l\u00e1 quanto tempo: muito boa foi essa corrida&#8230;\u00a0 S\u00e9rio&#8230; Pelo menos d\u00e1 pra prever que vem coisa boa nesse ano&#8230; A FIA<span style=\"text-decoration: line-through;\">daputa<\/span> t\u00e1 QUASE acertando a m\u00e3o&#8230; Mas eu acho que j\u00e1 est\u00e3o no caminho certo&#8230;<\/p>\n<p style=\"text-align: center;\">Ah, sim&#8230; O resultado da corrida&#8230;<\/p>\n<p style=\"text-align: justify;\"><a href=\"https:\/\/akaikki.com.br\/wp-content\/uploads\/2010\/03\/resultado_r01.png\"><img loading=\"lazy\" decoding=\"async\" class=\"aligncenter size-full wp-image-3468\" src=\"https:\/\/akaikki.com.br\/wp-content\/uploads\/2010\/03\/resultado_r01.png\" alt=\"\" width=\"500\" height=\"585\" srcset=\"https:\/\/akaikki.com.br\/wp-content\/uploads\/2010\/03\/resultado_r01.png 500w, https:\/\/akaikki.com.br\/wp-content\/uploads\/2010\/03\/resultado_r01-256x300.png 256w, https:\/\/akaikki.com.br\/wp-content\/uploads\/2010\/03\/resultado_r01-427x500.png 427w\" sizes=\"auto, (max-width: 500px) 100vw, 500px\" \/><\/a>Se esta edi\u00e7\u00e3o deu certo, voc\u00ea ver\u00e1 um repeteco desta edi\u00e7\u00e3o no pr\u00f3ximo dia 28, dessa vez falando do Grande Pr\u00eamio da Austr\u00e1lia, em Melbourne&#8230;<\/p>\n<figure id=\"attachment_3448\" class=\"thumbnail wp-caption aligncenter\" style=\"width: 510px\"><a href=\"https:\/\/akaikki.com.br\/wp-content\/uploads\/2010\/03\/d10brn1185.jpg\"><img loading=\"lazy\" decoding=\"async\" class=\"size-full wp-image-3448\" title=\"Adrian Sutil visita o a.k.a.\u4e00\u8f1d!!\" src=\"https:\/\/akaikki.com.br\/wp-content\/uploads\/2010\/03\/d10brn1185.jpg\" alt=\"\" width=\"500\" height=\"333\" srcset=\"https:\/\/akaikki.com.br\/wp-content\/uploads\/2010\/03\/d10brn1185.jpg 500w, https:\/\/akaikki.com.br\/wp-content\/uploads\/2010\/03\/d10brn1185-300x199.jpg 300w\" sizes=\"auto, (max-width: 500px) 100vw, 500px\" \/><\/a><figcaption class=\"caption wp-caption-text\">Adrian Sutil visita o a.k.a.\u4e00\u8f1d!!<\/figcaption><\/figure>\n<p style=\"text-align: center;\">Enquanto isso, fa\u00e7am como o Adrian Sutil: continuem visitando o <span style=\"color: #c00000;\">a.k.a.\u4e00\u8f1d!!<\/span><\/p>\n<p><img loading=\"lazy\" decoding=\"async\" title=\"Erick Von Draxeler corre pra fechar essa edi\u00e7\u00e3o porque tem que correr pra Ricardo de Albuquerque...\" src=\"..\/layout\/assinaturas\/sig01.png\" alt=\"\" width=\"500\" height=\"43\" \/><br \/>\n<img loading=\"lazy\" decoding=\"async\" title=\"Vin\u00edcius Sacramento n\u00e3o viu os treinos, apenas ouviu a corrida e, mesmo assim, ODEIA o Choronso...\" src=\"..\/layout\/assinaturas\/sig02.png\" alt=\"\" width=\"500\" height=\"43\" \/><br \/>\n<img loading=\"lazy\" decoding=\"async\" title=\"Bianca Moura est\u00e1 pensando seriamente em matar alguns pirralhos que invadiram a casa dela...\" src=\"..\/layout\/assinaturas\/sig25.png\" alt=\"\" width=\"500\" height=\"43\" \/><\/p>\n","protected":false},"excerpt":{"rendered":"<p>auda\u00e7\u00f5es, pessoal do a.k.a.\u4e00\u8f1d!! que adora perder tempo vendo corrida&#8230; Essa edi\u00e7\u00e3o \u00e9 um apanhado de tudo que eu, Vin\u00edcius e Bianca andamos garimpando a respeito do final de semana que marcou o in\u00edcio da Temporada 2010 da F\u00f3rmula 1&#8230; Tal como eu havia tentado fazer v\u00e1rias vezes e n\u00e3o pude levar adiante porque o<\/p>\n","protected":false},"author":2,"featured_media":0,"comment_status":"open","ping_status":"open","sticky":false,"template":"","format":"standard","meta":{"footnotes":""},"categories":[195,79,1],"tags":[],"class_list":["post-3289","post","type-post","status-publish","format-standard","hentry","category-a-k-a--na-formula-1","category-automobilismo","category-besteirol"],"_links":{"self":[{"href":"https:\/\/akaikki.com.br\/index.php?rest_route=\/wp\/v2\/posts\/3289","targetHints":{"allow":["GET"]}}],"collection":[{"href":"https:\/\/akaikki.com.br\/index.php?rest_route=\/wp\/v2\/posts"}],"about":[{"href":"https:\/\/akaikki.com.br\/index.php?rest_route=\/wp\/v2\/types\/post"}],"author":[{"embeddable":true,"href":"https:\/\/akaikki.com.br\/index.php?rest_route=\/wp\/v2\/users\/2"}],"replies":[{"embeddable":true,"href":"https:\/\/akaikki.com.br\/index.php?rest_route=%2Fwp%2Fv2%2Fcomments&post=3289"}],"version-history":[{"count":159,"href":"https:\/\/akaikki.com.br\/index.php?rest_route=\/wp\/v2\/posts\/3289\/revisions"}],"predecessor-version":[{"id":3481,"href":"https:\/\/akaikki.com.br\/index.php?rest_route=\/wp\/v2\/posts\/3289\/revisions\/3481"}],"wp:attachment":[{"href":"https:\/\/akaikki.com.br\/index.php?rest_route=%2Fwp%2Fv2%2Fmedia&parent=3289"}],"wp:term":[{"taxonomy":"category","embeddable":true,"href":"https:\/\/akaikki.com.br\/index.php?rest_route=%2Fwp%2Fv2%2Fcategories&post=3289"},{"taxonomy":"post_tag","embeddable":true,"href":"https:\/\/akaikki.com.br\/index.php?rest_route=%2Fwp%2Fv2%2Ftags&post=3289"}],"curies":[{"name":"wp","href":"https:\/\/api.w.org\/{rel}","templated":true}]}}