{"id":3253,"date":"2010-03-11T18:22:23","date_gmt":"2010-03-11T21:22:23","guid":{"rendered":"http:\/\/akaikki.com.br\/?p=3253"},"modified":"2010-03-11T20:35:57","modified_gmt":"2010-03-11T23:35:57","slug":"a-k-a-%e4%b8%80%e8%bc%9d-%e2%80%93-edicao-1548","status":"publish","type":"post","link":"https:\/\/akaikki.com.br\/?p=3253","title":{"rendered":"a.k.a.\u4e00\u8f1d!! \u2013 Edi\u00e7\u00e3o 1548"},"content":{"rendered":"<p style=\"text-align: justify;\"><img loading=\"lazy\" decoding=\"async\" class=\"alignleft\" style=\"border: 0px none; margin: 1px 4px;\" src=\"https:\/\/akaikki.com.br\/layout\/caps\/cap_p.gif\" alt=\"\" width=\"39\" height=\"39\" \/>assada a euforia pelo anivers\u00e1rio, \u00e9 hora de limpar os confetes e toda a sujeira que o povo sempre deixa&#8230; Porque o brasileiro \u00e9 bicho porco, n\u00e3o sabe fazer festa sem sujar nada, sem quebrar cadeira, sem fazer merda&#8230; Porra!! Ser\u00e1 que voc\u00eas n\u00e3o sabem fazer uma festa sem depredar a porra do ambiente?!<\/p>\n<p style=\"text-align: justify;\"><img loading=\"lazy\" decoding=\"async\" class=\"alignnone\" style=\"border: 0px none; margin: 0px 4px;\" src=\"https:\/\/akaikki.com.br\/layout\/icon21.png\" alt=\"\" width=\"45\" height=\"45\" align=\"absMiddle\" \/>&#8211; Gual voi, Gabez\u00e3o&#8230; A vexxxta voi boa bra caraaaca&#8230; Muida bibiiiza&#8230;<br \/>\n<img loading=\"lazy\" decoding=\"async\" class=\"alignnone\" style=\"border: 0px none; margin: 0px 4px;\" src=\"https:\/\/akaikki.com.br\/layout\/icon01.png\" alt=\"\" width=\"45\" height=\"45\" align=\"absMiddle\" \/>&#8211; Bebida?! T\u00e1 dod\u00f3i da cabe\u00e7a, t\u00e1? Aqui s\u00f3 teve uma rodada de suco pra galera&#8230;<br \/>\n<img loading=\"lazy\" decoding=\"async\" class=\"alignnone\" style=\"border: 0px none; margin: 0px 4px;\" src=\"https:\/\/akaikki.com.br\/layout\/icon21.png\" alt=\"\" width=\"45\" height=\"45\" align=\"absMiddle\" \/>&#8211; Pera\u00ed&#8230; Rodada de <strong>SUCO?!<\/strong><br \/>\n<img loading=\"lazy\" decoding=\"async\" class=\"alignnone\" style=\"border: 0px none; margin: 0px 4px;\" src=\"https:\/\/akaikki.com.br\/layout\/icon01.png\" alt=\"\" width=\"45\" height=\"45\" align=\"absMiddle\" \/>&#8211; \u00c9, de suco&#8230;<br \/>\n<img loading=\"lazy\" decoding=\"async\" class=\"alignnone\" style=\"border: 0px none; margin: 0px 4px;\" src=\"https:\/\/akaikki.com.br\/layout\/icon21.png\" alt=\"\" width=\"45\" height=\"45\" align=\"absMiddle\" \/>&#8211; Tem certeza que n\u00e3o tinha nada misturado nesse suco? Uma vodka, sei l\u00e1&#8230;<br \/>\n<img loading=\"lazy\" decoding=\"async\" class=\"alignnone\" style=\"border: 0px none; margin: 0px 4px;\" src=\"https:\/\/akaikki.com.br\/layout\/icon01.png\" alt=\"\" width=\"45\" height=\"45\" align=\"absMiddle\" \/>&#8211; Nada disso&#8230;<br \/>\n<img loading=\"lazy\" decoding=\"async\" class=\"alignnone\" style=\"border: 0px none; margin: 0px 4px;\" src=\"https:\/\/akaikki.com.br\/layout\/icon21.png\" alt=\"\" width=\"45\" height=\"45\" align=\"absMiddle\" \/>&#8211; Porra, que festinha mais fraquinha essa, n\u00e3os?<br \/>\n<img loading=\"lazy\" decoding=\"async\" class=\"alignnone\" style=\"border: 0px none; margin: 0px 4px;\" src=\"https:\/\/akaikki.com.br\/layout\/icon01.png\" alt=\"\" width=\"45\" height=\"45\" align=\"absMiddle\" \/>&#8211; Pelo menos voc\u00ea n\u00e3o vai morrer de cirosse&#8230;<br \/>\n<img loading=\"lazy\" decoding=\"async\" class=\"alignnone\" style=\"border: 0px none; margin: 0px 4px;\" src=\"https:\/\/akaikki.com.br\/layout\/icon21.png\" alt=\"\" width=\"45\" height=\"45\" align=\"absMiddle\" \/>&#8211; Como assim?<br \/>\n<img loading=\"lazy\" decoding=\"async\" class=\"alignnone\" style=\"border: 0px none; margin: 0px 4px;\" src=\"https:\/\/akaikki.com.br\/layout\/icon01.png\" alt=\"\" width=\"45\" height=\"45\" align=\"absMiddle\" \/>&#8211; D\u00e1 uma olhada a\u00ed atr\u00e1s de voc\u00ea&#8230;<br \/>\n<img loading=\"lazy\" decoding=\"async\" class=\"alignnone\" style=\"border: 0px none; margin: 0px 4px;\" src=\"https:\/\/akaikki.com.br\/layout\/icon08.png\" alt=\"\" width=\"45\" height=\"45\" align=\"absMiddle\" \/>&#8211; &#8230;<br \/>\n<img loading=\"lazy\" decoding=\"async\" class=\"alignnone\" style=\"border: 0px none; margin: 0px 4px;\" src=\"https:\/\/akaikki.com.br\/layout\/icon21.png\" alt=\"\" width=\"45\" height=\"45\" align=\"absMiddle\" \/>&#8211; N\u00e3\u00e3\u00e3\u00e3ooo!! Por qu\u00ea\u00ea\u00ea\u00ea\u00ea\u00ea\u00ea\u00ea!!<br \/>\n<img loading=\"lazy\" decoding=\"async\" class=\"alignnone\" style=\"border: 0px none; margin: 0px 4px;\" src=\"https:\/\/akaikki.com.br\/layout\/icon01.png\" alt=\"\" width=\"45\" height=\"45\" align=\"absMiddle\" \/>&#8211; Deu vontade&#8230;<\/p>\n<p style=\"text-align: center;\"><img loading=\"lazy\" decoding=\"async\" src=\"https:\/\/akaikki.com.br\/wp-content\/uploads\/2010\/03\/himura_kill.gif\" alt=\"\" width=\"386\" height=\"166\" \/><br \/>\nJan\u00e1i Himura fatia Nina e suas v\u00edsceras em ordem alfab\u00e9tica&#8230;<\/p>\n<p style=\"text-align: center;\">(o f\u00edgado ela pulou porque n\u00e3o existe mais&#8230;)<\/p>\n<p style=\"text-align: justify;\">Algmas coisas que eu acho que eu e Vin\u00edcius ficamos devendo das edi\u00e7\u00f5es de anivers\u00e1rio, mas n\u00e3o o fizemos porque combinamos, s\u00f3 dessa vez, que um n\u00e3o metesse o bedelho na edi\u00e7\u00e3o do outro&#8230;<\/p>\n<ul>\n<li style=\"text-align: justify;\">Vin\u00edcius mencionou v\u00e1rias ocorr\u00eancias do n\u00famero 7 na nossa cultura&#8230; Mas ele poderia ter pescado muito mais se tivesse visto <a href=\"http:\/\/pt.wikipedia.org\/wiki\/Ocorr%C3%AAncias_do_N%C3%BAmero_Sete\" target=\"_blank\">esta p\u00e1gina<\/a>&#8230;<\/li>\n<\/ul>\n<p style=\"text-align: justify;\"><img loading=\"lazy\" decoding=\"async\" class=\"alignnone\" style=\"border: 0px none; margin: 0px 4px;\" src=\"https:\/\/akaikki.com.br\/layout\/icon02.png\" alt=\"\" width=\"45\" height=\"45\" align=\"absMiddle\" \/>&#8211; Eu tava doid\u00e3o de sono j\u00e1&#8230; Nem vem&#8230;<br \/>\n<img loading=\"lazy\" decoding=\"async\" class=\"alignnone\" style=\"border: 0px none; margin: 0px 4px;\" src=\"https:\/\/akaikki.com.br\/layout\/icon01.png\" alt=\"\" width=\"45\" height=\"45\" align=\"absMiddle\" \/>&#8211; Doidona estava a Nina, que ficou b\u00eabada de suco&#8230;<br \/>\n<img loading=\"lazy\" decoding=\"async\" class=\"alignnone\" style=\"border: 0px none; margin: 0px 4px;\" src=\"https:\/\/akaikki.com.br\/layout\/icon21.png\" alt=\"\" width=\"45\" height=\"45\" align=\"absMiddle\" \/>&#8211; R\u00e1!!<\/p>\n<ul>\n<li style=\"text-align: justify;\">Eu dei uma pequena alterada na <a href=\"https:\/\/akaikki.com.br\/?p=3126\" target=\"_blank\">Edi\u00e7\u00e3o 1543<\/a>, com uma fala do Robert Kubica, que &#8220;sempre achou que havia sido salvo pelo Papa Jo\u00e3o Paulo II&#8221;, refer\u00eancia ao fato de que o piloto <span style=\"text-decoration: line-through;\">narigudo<\/span> polon\u00eas \u00e9 devoto (e compatriota) do &#8220;Jo\u00e3o de Deus&#8221;&#8230;\u00a0 Segundo a nossa mitologia, &#8220;isso de fato aconteceu, mas s\u00f3 depois de Jan\u00e1i Himura autoriz\u00e1-lo a fazer isso&#8230;&#8221; Vejam&#8230;<\/li>\n<\/ul>\n<figure id=\"attachment_3261\" class=\"thumbnail wp-caption aligncenter\" style=\"width: 535px\"><a href=\"https:\/\/akaikki.com.br\/wp-content\/uploads\/2010\/03\/kubica_janai.png\"><img loading=\"lazy\" decoding=\"async\" class=\"size-full wp-image-3261 \" title=\"Jan\u00e1i Himura prestando contas a Robert Kubica...\" src=\"https:\/\/akaikki.com.br\/wp-content\/uploads\/2010\/03\/kubica_janai.png\" alt=\"Jan\u00e1i Himura prestando contas a Robert Kubica...\" width=\"525\" height=\"702\" srcset=\"https:\/\/akaikki.com.br\/wp-content\/uploads\/2010\/03\/kubica_janai.png 583w, https:\/\/akaikki.com.br\/wp-content\/uploads\/2010\/03\/kubica_janai-224x300.png 224w, https:\/\/akaikki.com.br\/wp-content\/uploads\/2010\/03\/kubica_janai-373x500.png 373w\" sizes=\"auto, (max-width: 525px) 100vw, 525px\" \/><\/a><figcaption class=\"caption wp-caption-text\">Jan\u00e1i Himura prestando contas a Robert Kubica...<\/figcaption><\/figure>\n<p style=\"text-align: justify;\">Ou seja: eu dou prefer\u00eancia aos &#8220;personagens&#8221; mencionados no site (sejam do elenco do mesmo ou n\u00e3o) para que eles falem em seus idiomas natais, como o Kubica aparece falando em polon\u00eas, a Jan\u00e1i em japon\u00eas (a personagem Jan\u00e1i Himura \u00e9 japonesa, a pessoa real \u00e9 de Mangaratiba&#8230;) e o Francisco em espanhol&#8230; Ou melhor, num portunhol filho da puta t\u00edpico de argentino tentando interagir com 23 brasileiros doidos&#8230;<\/p>\n<p style=\"text-align: justify;\">No entanto, o Decade apareceu na minha edi\u00e7\u00e3o de anivers\u00e1rio falando portugu\u00eas&#8230; Eu tinha que fazer ele falar japon\u00eas&#8230; Ato falho meu&#8230; N\u00e3o corrigi isso e resolvi deixar l\u00e1&#8230;<\/p>\n<ul>\n<li style=\"text-align: justify;\">E o mais importante&#8230; Vin\u00edcius fez a Lori falar coisas inteligentes&#8230; Tal como a Bianca fez na <a href=\"https:\/\/akaikki.com.br\/?p=3160\" target=\"_blank\">Edi\u00e7\u00e3o 1544<\/a>, ele simplesmente distorceu a nossa &#8220;realidade&#8221;&#8230; E, assim como a Bianca, o Vin\u00edcius dever\u00e1 ser punido por cometer tal gafe&#8230;<\/li>\n<\/ul>\n<p style=\"text-align: center;\"><img loading=\"lazy\" decoding=\"async\" src=\"https:\/\/akaikki.com.br\/wp-content\/uploads\/2010\/03\/himura_kill.gif\" alt=\"\" width=\"386\" height=\"166\" \/><br \/>\nJan\u00e1i Himura destr\u00f3i Vin\u00edcius e o nariz dele&#8230;<\/p>\n<p style=\"text-align: center;\">E quem fala dif\u00edcil desse jeito \u00e9 o Ron Dennis&#8230; Perguntem pro M\u00e1rio&#8230;<\/p>\n<p style=\"text-align: justify;\"><img loading=\"lazy\" decoding=\"async\" class=\"alignnone\" style=\"border: 0px none; margin: 0px 4px;\" src=\"https:\/\/akaikki.com.br\/layout\/icon21.png\" alt=\"\" width=\"45\" height=\"45\" align=\"absMiddle\" \/>&#8211; R\u00e1&#8230; Eu n\u00e3o vou cair nessa&#8230;<br \/>\n<img loading=\"lazy\" decoding=\"async\" class=\"alignnone\" style=\"border: 0px none; margin: 0px 4px;\" src=\"https:\/\/akaikki.com.br\/layout\/icon11.png\" alt=\"\" width=\"45\" height=\"45\" align=\"absMiddle\" \/>&#8211; \u00c9 duro se chamar M\u00e1rio, viu&#8230;<\/p>\n<p style=\"text-align: center;\">E agora, os coment\u00e1rios&#8230;<\/p>\n<blockquote>\n<p style=\"text-align: justify;\">Parab\u00e9ns! Faz pouco tempo que descobri o blog e j\u00e1 fiquei super f\u00e3!  Parab\u00e9ns pela persist\u00eancia, pela for\u00e7a de vontade, porque em 7 anos eu  j\u00e1 comecei e \u2018matei\u2019 uns 7 blogs hahaha<\/p>\n<p style=\"text-align: justify;\">Beijos e tudo de bom pra vcs!<\/p>\n<p style=\"text-align: justify;\"><strong>KaStutz<\/strong><\/p>\n<\/blockquote>\n<p style=\"text-align: justify;\">Karol, valeu MESMO pela audi\u00eancia&#8230; Mas, como eu sempre digo, parab\u00e9ns pra todos os envolvidos com o site, isso inclui voc\u00ea tamb\u00e9m, porque se ele existe, a culpa tamb\u00e9m \u00e9 sua&#8230;<\/p>\n<blockquote>\n<p style=\"text-align: justify;\">Olha, 7 anos n\u00e3o \u00e9 pra qualquer blog, ainda mais sendo do nosso tamanho e  com nossa falta de or\u00e7amento. Duas trocas de servidor buscando o melhor  e mais barato, muitas pol\u00eamicas, pouco conte\u00fado relevante \u2013 mas ainda \u00e9  melhor que o BBB\u2026 \u2013 e muito humor \u00e1cido. Esses somos n\u00f3s, e esse \u00e9 o  nosso p\u00fablico, que s\u00f3 faz aumentar a cada dia desses 70% de uma d\u00e9cada.  Nos tempos de Cristo, 7 era um n\u00famero que era considerado muito \u2013 da\u00ed  vem a passagem b\u00edblica \u201cdevemos perdoar 70 x 7 vezes\u201d, dando uma certa  no\u00e7\u00e3o de \u201cinfinidade\u201d. E se 7 anos \u00e9 muito, que comemoremos mais ainda!<\/p>\n<p>RODADA DE SUCO PRA GALERA\u2026 <strong>A\u00ca\u00ca\u00ca\u00ca\u00ca\u00ca\u00ca!!<\/strong><\/p>\n<p><img loading=\"lazy\" decoding=\"async\" src=\"..\/layout\/assinaturas\/sig02c.png\" alt=\"\" width=\"400\" height=\"43\" \/><\/p><\/blockquote>\n<p style=\"text-align: justify;\">A quest\u00e3o n\u00e3o \u00e9 s\u00f3 apenas essa, jovem morador de Queimados&#8230; A quest\u00e3o \u00e9 que, tal como citou a Karol, quando voc\u00ea v\u00ea que o site n\u00e3o rende o que voc\u00ea esperava, voc\u00ea chuta o balde&#8230; E voc\u00ea sabe que realmente n\u00e3o valeu a pena quando voc\u00ea chuta o balde e n\u00e3o sente a menor falta do blog&#8230;<\/p>\n<p style=\"text-align: justify;\">O que N\u00c3O foi o caso do <span style=\"color: #c00000;\">a.k.a.\u4e00\u8f1d!!<\/span>, porque quando o site ficou parado entre abril e agosto, eu estava querendo MUITO voltar a fazer esse site&#8230; \u00c9 isso que faz a diferen\u00e7a&#8230;<\/p>\n<blockquote><p>Aeeee!!!  Parab\u00e9ns pra n\u00f3s todos que fazemos esse site\u2026 7 anos j\u00e1!! Em  idade de cachorro, j\u00e1 somos idosos\u2026<\/p>\n<p>Parab\u00e9ns pra tu cara por conseguir manter esse blog assim com tanto  empenho mesmo com outros afazeres\u2026 Eu n\u00e3o consigo fazer isso com o meu,  estando na faculdade e trabalhando\u2026 N\u00e3o h\u00e1 tempo h\u00e1bil\u2026<\/p>\n<p>Vini, paga uma rodade de whisky vai, suco \u00e9 sacanagem\u2026 uhauhauha<\/p>\n<p>Jan\u00e1i himura detonando o decade, seria o final perfeito praquela  lastim\u00e1vel s\u00e9rie\u2026<\/p>\n<p>7 anos\u2026 Vc quebrou um espelho na epoca n\u00e9, assume\u2026 uhauhauha<\/p>\n<p><img loading=\"lazy\" decoding=\"async\" src=\"..\/layout\/assinaturas\/sig04c.png\" alt=\"\" width=\"400\" height=\"43\" \/><\/p><\/blockquote>\n<p style=\"text-align: justify;\">7 anos em idade canina \u00e9 o equivalente a uns 50 anos&#8230; Um c\u00e3o j\u00e1 \u00e9 idoso, geralmente, a partir dos 10 anos&#8230;<\/p>\n<p style=\"text-align: justify;\">E quem foi que te disse que fazer um blog requer tempo h\u00e1bil? Quando voc\u00ea GOSTA de fazer um blog, voc\u00ea sempre d\u00e1 um jeito de ter tempo pra isso&#8230; Madruga na net, escreve do trabalho, lan-house, etc&#8230; Quantas vezes eu j\u00e1 n\u00e3o atualizei o site direto dos Laborat\u00f3rios de Inform\u00e1tica da Grana Filho? Pergunte pro Vin\u00edcius, que est\u00e1 nos espiando pela janela agora&#8230;<\/p>\n<p style=\"text-align: justify;\"><img loading=\"lazy\" decoding=\"async\" class=\"alignnone\" style=\"border: 0px none; margin: 0px 4px;\" src=\"https:\/\/akaikki.com.br\/layout\/icon02.png\" alt=\"\" width=\"45\" height=\"45\" align=\"absMiddle\" \/>&#8211; Oi?<br \/>\n<img loading=\"lazy\" decoding=\"async\" class=\"alignnone\" style=\"border: 0px none; margin: 0px 4px;\" src=\"https:\/\/akaikki.com.br\/layout\/icon07.png\" alt=\"\" width=\"45\" height=\"45\" align=\"absMiddle\" \/>&#8211; Ei, essa fala \u00e9 minha!!<\/p>\n<p>Sobre a rodada de whisky, eu adianto o coment\u00e1rio da Pina&#8230;<\/p>\n<blockquote>\n<p style=\"text-align: justify;\">Parab\u00e9ns para o a.k.a. ikki!!<\/p>\n<p style=\"text-align: justify;\">Que esse blog resista muitos anos mais!<\/p>\n<p style=\"text-align: justify;\">P.S.: \u00d4, Cristiano! O Vin\u00edcius paga o servidor do \u201ca.k.a. ikki!!\u201d e  voc\u00ea ainda pede pro cara pagar rodada de whisky? Vai acabar bebendo s\u00f3  \u00e1gua pra deixar de ser folgado! <img decoding=\"async\" src=\"..\/wp-includes\/images\/smilies\/icon_razz.gif\" alt=\":-P\" \/><\/p>\n<p><img loading=\"lazy\" decoding=\"async\" src=\"..\/layout\/assinaturas\/sig12c.png\" alt=\"\" width=\"400\" height=\"43\" \/><\/p><\/blockquote>\n<p style=\"text-align: center;\">Podia dormir sem essa&#8230;<\/p>\n<p style=\"text-align: justify;\">Sobre o nosso final pro Decade, e pelo que eu li a respeito do filme do \u00faltimo epis\u00f3dio (que misturou com que podemos chamar de Ep. Zero do Double&#8230;), eu s\u00f3 posso dizer que achei uma sacanagem o fato da s\u00e9rie &#8220;acabar sem acabar&#8221;&#8230; Talvez pelo fato de que aqui, s\u00f3 ser\u00e1 poss\u00edvel ver o filme que mostra o final de Decade (e o in\u00edcio do Double) quando sair em DVD no Jap\u00e3o&#8230;<\/p>\n<p style=\"text-align: justify;\">(l\u00e1 no Jap\u00e3o n\u00e3o \u00e9 que nem \u00e9 aqui no Brasil, onde voc\u00ea j\u00e1 pode comprar\u00a0 HOJE os DVDs dos filmes &#8220;Eu e Meu Guarda-Chuva&#8221;, &#8220;Medidas Extraordin\u00e1rias&#8221;, &#8220;Ilha do Medo&#8221; e &#8220;Lembran\u00e7as&#8221;, que estreiam AMANH\u00c3 nos cinemas&#8230; )<\/p>\n<p style=\"text-align: justify;\">\u00c9 jogo pros japoneses e \u00e9 jogo pros produtores da s\u00e9rie, porque os especiais do cinema t\u00eam mais audi\u00eancia que a s\u00e9rie original&#8230; \u00c9 isso que \u00e9 levado em conta, infelizmente&#8230; Ningu\u00e9m pensa que as pessoas gravam os epis\u00f3dios dos seriados japoneses, legendam e jogam na net&#8230; O pessoal que produz as s\u00e9ries poderia pensar mais nisso&#8230; Afinal, a Internet j\u00e1 domina isso tamb\u00e9m&#8230;<\/p>\n<p style=\"text-align: justify;\">Prova disso \u00e9 que eu, nas poucas vezes em que eu vejo Chaves na TV, eu me pego querendo voltar pra uma parte que eu gostei de ver&#8230;<\/p>\n<p style=\"text-align: justify;\">Mas eu gostei do Decade&#8230; Acho tamb\u00e9m que eu s\u00f3 gostei do Decade porque eu n\u00e3o curto Super Sentai&#8230; Tanto, Cristiano, que voc\u00ea s\u00f3 foi acompanhar o Double direito depois que acabou o <strong>Shinkenger&#8230; que N\u00c3O VAI VIRAR POWER RANGERS!!<\/strong><\/p>\n<h1 style=\"text-align: center;\"><strong>CHUPA, SABAN!!<\/strong><\/h1>\n<h1 style=\"text-align: center;\"><strong>CHUPA, DISNEY!!<\/strong><\/h1>\n<p style=\"text-align: justify;\"><img loading=\"lazy\" decoding=\"async\" class=\"alignnone\" style=\"border: 0px none; margin: 0px 4px;\" src=\"https:\/\/akaikki.com.br\/layout\/icon12.png\" alt=\"\" width=\"45\" height=\"45\" align=\"absMiddle\" \/>&#8211; \u00c9 isso a\u00ed!! O Saban \u00e9 um grande filho da puta!!<br \/>\n<img loading=\"lazy\" decoding=\"async\" class=\"alignnone\" style=\"border: 0px none; margin: 0px 4px;\" src=\"https:\/\/akaikki.com.br\/layout\/icon01.png\" alt=\"\" width=\"45\" height=\"45\" align=\"absMiddle\" \/>&#8211; Ningu\u00e9m pediu a sua opini\u00e3o, Pina&#8230;<br \/>\n<img loading=\"lazy\" decoding=\"async\" class=\"alignnone\" style=\"border: 0px none; margin: 0px 4px;\" src=\"https:\/\/akaikki.com.br\/layout\/icon12.png\" alt=\"\" width=\"45\" height=\"45\" align=\"absMiddle\" \/>&#8211; Ora, v\u00e1 tomar no centro!!<\/p>\n<blockquote>\n<p style=\"text-align: justify;\">E quem fez o post foi o VINNY! O VINNY! Esse ciume de mim t\u00e1 virando  coisa doentia! HAHAHAHA.<\/p>\n<p><img loading=\"lazy\" decoding=\"async\" src=\"..\/layout\/assinaturas\/sig25c.png\" alt=\"\" width=\"400\" height=\"43\" \/><\/p><\/blockquote>\n<p style=\"text-align: justify;\">\u00c9, parece que temos uma nova Saga se iniciando&#8230; A hist\u00f3ria da pobre garotinha indefesa do Nordeste que \u00e9 v\u00edtima das crises de ci\u00fame do vice-presidente da empresa onde ela trabalha&#8230; Assistam aos pr\u00f3ximos cap\u00edtulos desta novela&#8230;<\/p>\n<p style=\"text-align: justify;\"><img loading=\"lazy\" decoding=\"async\" class=\"alignnone\" style=\"border: 0px none; margin: 0px 4px;\" src=\"https:\/\/akaikki.com.br\/wp-content\/uploads\/2010\/03\/kabuto.png\" alt=\"\" width=\"45\" height=\"45\" align=\"absMiddle\" \/><a title=\"Minha v\u00f3 j\u00e1 dizia...\">&#8211; \u304a\u6bcd\u3061\u3083\u3093\u304c\u8a00\u3063\u3066\u3044\u305f&#8230;<\/a><br \/>\n<img loading=\"lazy\" decoding=\"async\" class=\"alignnone\" style=\"border: 0px none; margin: 0px 4px;\" src=\"https:\/\/akaikki.com.br\/wp-content\/uploads\/2010\/03\/kuuga.png\" alt=\"\" width=\"45\" height=\"45\" align=\"absMiddle\" \/><a title=\"Cala a boca, Kabuto!!\">&#8211; \u9ed9\u308c\u3001\u30ab\u30d6\u30c8!!<\/a><br \/>\n<img loading=\"lazy\" decoding=\"async\" class=\"alignnone\" style=\"border: 0px none; margin: 0px 4px;\" src=\"https:\/\/akaikki.com.br\/wp-content\/uploads\/2010\/03\/den_o.png\" alt=\"\" width=\"45\" height=\"45\" align=\"absMiddle\" \/><a title=\"Pelo menos eu n\u00e3o me transformei pra levar uma espadada na bunda...\" href=\"http:\/\/www.youtube.com\/watch?v=CGE_6JZStWg\"><span style=\"color: #ff0000;\">&#8211; \u4ffa\u306f\u5263\u3092\u4ffa\u306e\u304a\u5c3b\u306b\u4ed8\u7740\u3057\u3066\u3044\u308b\u306b\u5909\u63db\u3057\u3066\u3044\u306a\u3044&#8230;<\/span><\/a><br \/>\n<img loading=\"lazy\" decoding=\"async\" class=\"alignnone\" style=\"border: 0px none; margin: 0px 4px;\" src=\"https:\/\/akaikki.com.br\/wp-content\/uploads\/2010\/03\/den_o.png\" alt=\"\" width=\"45\" height=\"45\" align=\"absMiddle\" \/><a title=\"Momotaros, do que voc\u00ea t\u00e1 falando?\">&#8211; \u30e2\u30e2\u30bf\u30ed\u30b9\u3001\u4f55\u8a00\u3063\u3066\u308b\u3093\u3067\u3059\u304b?<\/a><br \/>\n<img loading=\"lazy\" decoding=\"async\" class=\"alignnone\" style=\"border: 0px none; margin: 0px 4px;\" src=\"https:\/\/akaikki.com.br\/wp-content\/uploads\/2010\/03\/kuuga.png\" alt=\"\" width=\"45\" height=\"45\" align=\"absMiddle\" \/><a title=\"Maldito Decade...\">&#8211; \u546a\u308f\u308c\u305f\u30c7\u30a3\u30b1\u30a4\u30c9&#8230;<\/a><br \/>\n<img loading=\"lazy\" decoding=\"async\" class=\"alignnone\" style=\"border: 0px none; margin: 0px 4px;\" src=\"https:\/\/akaikki.com.br\/wp-content\/uploads\/2010\/03\/narutaki.png\" alt=\"\" width=\"45\" height=\"45\" align=\"absMiddle\" \/><a title=\"Voc\u00ea n\u00e3o \u00e9 o \u00fanico que odeia ele... Decade... Eu vou destruir voc\u00ea!!\">&#8211; \u304a\u524d\u306f\u30c7\u30a3\u30b1\u30a4\u30c9\u5acc\u3044\u306f\u4e00\u3064\u3060\u3051\u3053\u3053\u306b\u306f\u3042\u308a\u307e\u305b\u3093&#8230; \u30c7\u30a3\u30b1\u30a4\u30c9&#8230; \u79c1\u306f\u304a\u524d\u304c\u7834\u58ca\u3055\u308c\u307e\u3059!!<\/a><br \/>\n<img loading=\"lazy\" decoding=\"async\" class=\"alignnone\" style=\"border: 0px none; margin: 0px 4px;\" src=\"https:\/\/akaikki.com.br\/wp-content\/uploads\/2010\/03\/decade.png\" alt=\"\" width=\"45\" height=\"45\" align=\"absMiddle\" \/><a title=\"Esse Narutaki \u00e9 muito chato...\">&#8211; \u3053\u306e\u9cf4\u6edd\u306f\u8ff7\u60d1\u3067\u3059&#8230;<\/a><br \/>\n<img loading=\"lazy\" decoding=\"async\" class=\"alignnone\" style=\"border: 0px none; margin: 0px 4px;\" src=\"https:\/\/akaikki.com.br\/layout\/icon08.png\" alt=\"\" width=\"45\" height=\"45\" align=\"absMiddle\" \/><a title=\"Tamb\u00e9m acho...\">&#8211; \u6211\u306f\u540c\u3058\u3068\u601d\u3046&#8230;<\/a><\/p>\n<p style=\"text-align: center;\"><img loading=\"lazy\" decoding=\"async\" src=\"https:\/\/akaikki.com.br\/wp-content\/uploads\/2010\/03\/himura_kill.gif\" alt=\"\" width=\"386\" height=\"166\" \/><br \/>\nJan\u00e1i Himura destr\u00f3i Narutaki e o mundo dele&#8230;<\/p>\n<p style=\"text-align: justify;\">Pra fechar, j\u00e1 que eu citei a Pina, ela postou duas fotos no Orkut que, sinceramente, me faz pensar que algumas pessoas PEDEM pra ser zoadas&#8230; S\u00e9rio&#8230;<\/p>\n<figure id=\"attachment_3282\" class=\"thumbnail wp-caption aligncenter\" style=\"width: 510px\"><a href=\"https:\/\/akaikki.com.br\/wp-content\/uploads\/2010\/03\/logo_pina1.jpg\"><img loading=\"lazy\" decoding=\"async\" class=\"size-full wp-image-3282 \" title=\"Quem sabe, n\u00e9...\" src=\"https:\/\/akaikki.com.br\/wp-content\/uploads\/2010\/03\/logo_pina1.jpg\" alt=\"\" width=\"500\" height=\"434\" srcset=\"https:\/\/akaikki.com.br\/wp-content\/uploads\/2010\/03\/logo_pina1.jpg 500w, https:\/\/akaikki.com.br\/wp-content\/uploads\/2010\/03\/logo_pina1-300x260.jpg 300w\" sizes=\"auto, (max-width: 500px) 100vw, 500px\" \/><\/a><figcaption class=\"caption wp-caption-text\">Quem sabe, n\u00e9...<\/figcaption><\/figure>\n<figure id=\"attachment_3281\" class=\"thumbnail wp-caption aligncenter\" style=\"width: 510px\"><a href=\"https:\/\/akaikki.com.br\/wp-content\/uploads\/2010\/03\/logo_pina2.jpg\"><img loading=\"lazy\" decoding=\"async\" class=\"size-full wp-image-3281\" title=\"Voc\u00ea acha, Pina?\" src=\"https:\/\/akaikki.com.br\/wp-content\/uploads\/2010\/03\/logo_pina2.jpg\" alt=\"\" width=\"500\" height=\"434\" srcset=\"https:\/\/akaikki.com.br\/wp-content\/uploads\/2010\/03\/logo_pina2.jpg 500w, https:\/\/akaikki.com.br\/wp-content\/uploads\/2010\/03\/logo_pina2-300x260.jpg 300w\" sizes=\"auto, (max-width: 500px) 100vw, 500px\" \/><\/a><figcaption class=\"caption wp-caption-text\">Voc\u00ea acha, Pina?<\/figcaption><\/figure>\n<p style=\"text-align: center;\">A\u00ed depois reclamam quando s\u00e3o zoados aqui&#8230;<\/p>\n<p><img loading=\"lazy\" decoding=\"async\" title=\"Erick Von Draxeler n\u00e3o pescou ainda qual \u00e9 a do Narutaki...\" src=\"..\/layout\/assinaturas\/sig01.png\" alt=\"\" width=\"500\" height=\"43\" \/><\/p>\n","protected":false},"excerpt":{"rendered":"<p>assada a euforia pelo anivers\u00e1rio, \u00e9 hora de limpar os confetes e toda a sujeira que o povo sempre deixa&#8230; Porque o brasileiro \u00e9 bicho porco, n\u00e3o sabe fazer festa sem sujar nada, sem quebrar cadeira, sem fazer merda&#8230; Porra!! Ser\u00e1 que voc\u00eas n\u00e3o sabem fazer uma festa sem depredar a porra do ambiente?! &#8211;<\/p>\n","protected":false},"author":2,"featured_media":0,"comment_status":"open","ping_status":"open","sticky":false,"template":"","format":"standard","meta":{"footnotes":""},"categories":[1,8,10],"tags":[],"class_list":["post-3253","post","type-post","status-publish","format-standard","hentry","category-besteirol","category-tribunal-de-inuteis-causas","category-voce-e-o-logo-do-akaikki"],"_links":{"self":[{"href":"https:\/\/akaikki.com.br\/index.php?rest_route=\/wp\/v2\/posts\/3253","targetHints":{"allow":["GET"]}}],"collection":[{"href":"https:\/\/akaikki.com.br\/index.php?rest_route=\/wp\/v2\/posts"}],"about":[{"href":"https:\/\/akaikki.com.br\/index.php?rest_route=\/wp\/v2\/types\/post"}],"author":[{"embeddable":true,"href":"https:\/\/akaikki.com.br\/index.php?rest_route=\/wp\/v2\/users\/2"}],"replies":[{"embeddable":true,"href":"https:\/\/akaikki.com.br\/index.php?rest_route=%2Fwp%2Fv2%2Fcomments&post=3253"}],"version-history":[{"count":27,"href":"https:\/\/akaikki.com.br\/index.php?rest_route=\/wp\/v2\/posts\/3253\/revisions"}],"predecessor-version":[{"id":3283,"href":"https:\/\/akaikki.com.br\/index.php?rest_route=\/wp\/v2\/posts\/3253\/revisions\/3283"}],"wp:attachment":[{"href":"https:\/\/akaikki.com.br\/index.php?rest_route=%2Fwp%2Fv2%2Fmedia&parent=3253"}],"wp:term":[{"taxonomy":"category","embeddable":true,"href":"https:\/\/akaikki.com.br\/index.php?rest_route=%2Fwp%2Fv2%2Fcategories&post=3253"},{"taxonomy":"post_tag","embeddable":true,"href":"https:\/\/akaikki.com.br\/index.php?rest_route=%2Fwp%2Fv2%2Ftags&post=3253"}],"curies":[{"name":"wp","href":"https:\/\/api.w.org\/{rel}","templated":true}]}}