{"id":3202,"date":"2010-03-10T02:20:45","date_gmt":"2010-03-10T05:20:45","guid":{"rendered":"http:\/\/akaikki.com.br\/?p=3202"},"modified":"2010-03-10T02:25:19","modified_gmt":"2010-03-10T05:25:19","slug":"a-k-a-%e4%b8%80%e8%bc%9d-%e2%80%93-edicao-1545","status":"publish","type":"post","link":"https:\/\/akaikki.com.br\/?p=3202","title":{"rendered":"a.k.a.\u4e00\u8f1d!! \u2013 Edi\u00e7\u00e3o 1545"},"content":{"rendered":"<p style=\"text-align: justify;\"><img loading=\"lazy\" decoding=\"async\" class=\"alignleft\" style=\"border: 0px none; margin: 1px 4px;\" src=\"https:\/\/akaikki.com.br\/layout\/caps\/cap_e.gif\" alt=\"\" width=\"39\" height=\"39\" \/>stou diante de uma das compara\u00e7\u00f5es mais infelizes da minha vida&#8230; O anivers\u00e1rio de um blog \u00e9 parecido com o anivers\u00e1rio de algu\u00e9m que tem uma doen\u00e7a muito grave: a cada ano que passa, \u00e9 aquela sensa\u00e7\u00e3o de que aquele ano custou a passar e a incerteza sobre se haver\u00e1 o pr\u00f3ximo anivers\u00e1rio&#8230; E esse sentimento s\u00f3 faz aumentar a cada novo anivers\u00e1rio&#8230; Tal como meu pai depois do primeiro AVC: pelos 14 anivers\u00e1rios seguintes ele sempre achava que aquele seria o \u00faltimo&#8230; At\u00e9 que, um dia, ele acertou&#8230;<\/p>\n<p style=\"text-align: justify;\">Com um blog, \u00e9 a mesma coisa&#8230; Ainda mais se o blog est\u00e1 na ativa h\u00e1 quase uma d\u00e9cada, como \u00e9 o caso do <span style=\"color: #c00000;\">a.k.a.\u4e00\u8f1d!!<\/span>&#8230; Pra voc\u00eas terem uma ideia, sabem como ia a expectativa do site nos outros anivers\u00e1rios?<\/p>\n<ul>\n<li style=\"text-align: justify;\">Quando eu completei um ano de blog, eu estava come\u00e7ando a faculdade e achava que aquilo ia minar meu tempo livre&#8230;<\/li>\n<li style=\"text-align: justify;\">Quando eu completei dois anos, a faculdade come\u00e7ava a apertar e aquilo ia acabar com meu tempo livre&#8230;<\/li>\n<li style=\"text-align: justify;\">Com tr\u00eas anos de site, eu tinha poucos meses com a Jan\u00e1i e tamb\u00e9m achei que eu ia preferir ficar mais tempo com ela do que fazendo o site&#8230;<\/li>\n<li style=\"text-align: justify;\">O site fez quatro anos e eu estava me adaptando \u00e0 outra faculdade, querendo me dedicar mais, etc&#8230;<\/li>\n<li style=\"text-align: justify;\">Quando fiz cinco anos de site, eu estava totalmente desmotivado por estar sem estudar e sem trabalhar&#8230;<\/li>\n<li style=\"text-align: justify;\">O sexto anivers\u00e1rio quase n\u00e3o aconteceu, porque eu estava sem computador, o meu emprego estava me consumindo e est\u00e1vamos em processo de reforma&#8230;<\/li>\n<\/ul>\n<p style=\"text-align: justify;\">Inclua nessa brincadeira um Google AdSense que nos rende <strong>dois d\u00f3lares por m\u00eas<\/strong>, fora os an\u00fancios que, muito mal e porcamente, rendem o suficiente pra pagar hospedagem e dom\u00ednio&#8230; Isso quando o Vin\u00edcius n\u00e3o tem que tirar do pr\u00f3prio bolso a diferen\u00e7a&#8230; N\u00e3o d\u00e1 vontade de chutar o balde? Sim, d\u00e1&#8230; E foi exatamente o que muito blogueiro fez nos \u00faltimos sete anos&#8230; Os poucos sobreviventes da grande era dos blogs se tornaram &#8220;probloggers&#8221;, ou melhor, blogueiros profissionais&#8230;<\/p>\n<p style=\"text-align: justify;\">Esses caras t\u00eam uma agenda pra fazer blog&#8230; A grande maioria dos blogs posta um especial na sexta de v\u00e1rios links de outras mat\u00e9rias interessantes vistas em outros blogs&#8230; Estes blogs t\u00eam outras programa\u00e7\u00f5es espec\u00edficas, como os &#8220;Posts Imensos de Domingo&#8221; do <a href=\"http:\/\/www.tolicesdoorkut.com\/\" target=\"_blank\">GTO<\/a>, as &#8220;Tiras de Quarta&#8221; e os &#8220;Flagras de MSN&#8221; (de quinta) do <a href=\"http:\/\/www.jacarebanguela.com.br\" target=\"_blank\">Jacar\u00e9 Banguela<\/a>, etc, etc&#8230; S\u00e3o &#8220;compromissados&#8221; a postarem conte\u00fado pro site todo dia&#8230;<\/p>\n<p style=\"text-align: justify;\">E esse pessoal tem, definitivamente, uma visita\u00e7\u00e3o muito maior que a minha&#8230; O n\u00famero de visitas que o <span style=\"color: #c00000;\">a.k.a.\u4e00\u8f1d!!<\/span> tirou em sete ANOS de atividade, esses grandes blogs tiram em, no m\u00e1ximo, sete DIAS!! Esse pessoal j\u00e1 pegou uma manha pra fazer blog e render com isso um bom n\u00famero de visitas e, obviamente, uma boa graninha&#8230; Parece que eles t\u00eam a f\u00f3rmula certa pra fazer isso, certo?<\/p>\n<h1 style=\"text-align: center;\">ERRADO!!<\/h1>\n<p style=\"text-align: justify;\">N\u00e3o existe uma f\u00f3rmula certa pra fazer um blog&#8230; Existem <strong>MOTIVA\u00c7\u00d5ES DIFERENTES<\/strong> para fazer isso&#8230; O\u00a0 pr\u00f3prio <a href=\"http:\/\/bobagento.com\/\" target=\"_blank\">Bobagento<\/a> j\u00e1 declara abertamente que faz o blog com o objetivo primordial de ganhar dinheiro&#8230; A grande maioria dos blogueiros tamb\u00e9m s\u00e3o assim, ainda que n\u00e3o assumam isso&#8230; \u00c9 isso que a minha m\u00e3e joga na minha cara direto: que eu poderia ganhar muito dinheiro com o blog, etc, etc&#8230; Ou seja: a tend\u00eancia \u00e9 que, cedo ou tarde, eu acabe seguindo essa &#8220;modinha&#8221; de blogar por dinheiro&#8230;<\/p>\n<p style=\"text-align: justify;\">J\u00e1 postei aqui antes que se eu tiver que postar conte\u00fado aqui por dinheiro, eu prefiro acabar com o site&#8230; Sabem por qu\u00ea? Retomo aqui uma hist\u00f3ria ocorrida meses antes da exist\u00eancia do <span style=\"color: #c00000;\">a.k.a.\u4e00\u8f1d!!<\/span>&#8230; Mais especificamente na noite de 27 de dezembro de 2002&#8230; Eu fui escolhido pra ser um dos oradores da minha turma na minha formatura do Ensino M\u00e9dio&#8230; Na \u00e9poca, meu estilo de escrita era t\u00e3o ou mais joselito do que voc\u00eas veem (sem acento) por aqui hoje em dia&#8230; E eu n\u00e3o queria passar uma m\u00e1 impress\u00e3o nesse dia&#8230; E, honestamente, a dire\u00e7\u00e3o do col\u00e9gio tamb\u00e9m n\u00e3o queria&#8230;<\/p>\n<p style=\"text-align: justify;\">Ent\u00e3o eu tive uma ideia fabulosa, da qual eu me arrependo amargamente hoje em dia: eu pedi pra minha professora de Literatura, <strong>T\u00e2nia Maria Paternosto<\/strong>, criar o meu discurso&#8230; N\u00e3o esque\u00e7o dos meus colegas me aplaudindo <strong>DE P\u00c9<\/strong> quando eu terminei o meu discurso&#8230; (menos ainda da cara da minha irm\u00e3 Renata Coelho, em primeiro plano, com os olhos <strong>DESTE TAMANHO<\/strong> e encharcados&#8230;) No entanto, depois eu fui me dar conta: aquilo ali n\u00e3o era eu!! O discurso n\u00e3o era meu!! Puta que pariu, eu estava totalmente <strong>ARTIFICIAL<\/strong> naquele dia!!<\/p>\n<p style=\"text-align: justify;\">N\u00e3o estou questionando o texto que a minha professora escreveu pra mim, que ali\u00e1s, ficou uma maravilha&#8230; Estou questionando o fato de que EU deveria ter escrito o meu discurso&#8230; E da\u00ed que ia ficar algo ruim e babaca? Foda-se!! Aquilo seria EU, <strong>ME<\/strong> EXPRESSANDO, <strong>NATURALMENTE<\/strong>&#8230; Aquilo seria EU, SENDO <strong>EU MESMO!!<\/strong><\/p>\n<p style=\"text-align: justify;\">Apesar disso, querida professora T\u00e2nia, te agrade\u00e7o, de cora\u00e7\u00e3o, pelo carinho com o qual voc\u00ea criou aquele texto pra mim&#8230; S\u00e9rio!!<\/p>\n<p style=\"text-align: justify;\">\u00c9 exatamente a mesma coisa com este pequeno antro virtual de perdi\u00e7\u00e3o&#8230; Cada vez que as pessoas que fazem parte do nosso elenco interagem por aqui POR ELES MESMOS (ou seja, n\u00e3o considere as &#8220;conversas&#8221; que entram nos textos, quase sempre de autoria minha ou do Vin\u00edcius&#8230;), eles s\u00e3o eles mesmos&#8230; Tem vezes que o site fica dias sem atualizar, justamente porque me falta inspira\u00e7\u00e3o pra postar conte\u00fado&#8230; E isso n\u00e3o \u00e9 ruim, pelo menos na minha opini\u00e3o&#8230; PORRA!! O SITE \u00c9 <strong>MEU!!<\/strong> EU POSTO QUANDO <strong>EU<\/strong> QUISER, CARALHO!! N\u00c3O T\u00c1 SATISFEITO?! <strong>SAI DESTA MERDA!!<\/strong><\/p>\n<p style=\"text-align: justify;\">Tal como eu j\u00e1 disse por aqui trocentas milh\u00f5es de vezes, o <span style=\"color: #c00000;\">a.k.a.\u4e00\u8f1d!!<\/span> \u00e9 o retrato das personalidades de cada um que \u00e9 mencionado aqui, sobretudo a minha&#8230; Ainda que a grande maioria do elenco do site sejam apenas seus personagens, estes ainda s\u00e3o um retrato fiel do que eles s\u00e3o na vida real&#8230; Tirando a Lori, que n\u00e3o \u00e9 extremamente burra, a Lahys, que n\u00e3o tem dupla personalidade, a Jan\u00e1i, que, al\u00e9m de n\u00e3o saber falar japon\u00eas, n\u00e3o sai matando pessoas por a\u00ed apenas pra se divertir, etc, etc&#8230;<\/p>\n<p style=\"text-align: justify;\">Talvez seja por isso que o <span style=\"color: #c00000;\">a.k.a.\u4e00\u8f1d!!<\/span> esteja completando hoje sete anos de vida&#8230; Porque em cada um dos 2558 dias em que este site existiu, eu <strong>NUNCA<\/strong> me prestei a mudar o site pra agradar ningu\u00e9m que n\u00e3o fosse eu mesmo&#8230; At\u00e9 o Vin\u00edcius, que \u00e9 co-propriet\u00e1rio do site (afinal, \u00e9 ele quem patrocina esta merda e, por isso, tem o nome dele ao lado do meu no copyright que aparece no rodap\u00e9 deste site&#8230;), ainda faz quest\u00e3o de saber a minha opini\u00e3o a respeito de alguma coisa nova que ele queira adotar no site&#8230;<\/p>\n<p style=\"text-align: justify;\">Mas eu s\u00f3 tenho a agradecer a cada um que deixou sua marca por aqui ao longo destes sete anos&#8230; Cada um de voc\u00eas, ociosos ou n\u00e3o, que marcam presen\u00e7a aqui todo dia ou os que est\u00e3o aqui s\u00f3 de passagem&#8230;<\/p>\n<p style=\"text-align: justify;\"><img loading=\"lazy\" decoding=\"async\" class=\"alignnone\" style=\"border: 0px none; margin: 0px 4px;\" src=\"https:\/\/akaikki.com.br\/wp-content\/uploads\/2010\/03\/decade.png\" alt=\"\" width=\"45\" height=\"45\" align=\"absMiddle\" \/>&#8211; Eu s\u00f3 vim aqui destruir este mundo&#8230;<br \/>\n<img loading=\"lazy\" decoding=\"async\" class=\"alignnone\" style=\"border: 0px none; margin: 0px 4px;\" src=\"https:\/\/akaikki.com.br\/layout\/icon08.png\" alt=\"\" width=\"45\" height=\"45\" align=\"absMiddle\" \/><a title=\"Eu acho que n\u00e3o... DEM\u00d4NIO!!\">&#8211; \u6211\u306f\u305d\u3046\u306f\u601d\u308f\u306a\u3044&#8230; \u60aa\u9b54!!<\/a><\/p>\n<p style=\"text-align: center;\"><img loading=\"lazy\" decoding=\"async\" src=\"https:\/\/akaikki.com.br\/wp-content\/uploads\/2010\/03\/himura_kill.gif\" alt=\"\" width=\"386\" height=\"166\" \/><br \/>\nJan\u00e1i Himura destr\u00f3i Kamen Rider Decade e o mundo dele&#8230;<\/p>\n<p style=\"text-align: justify;\">\n<figure id=\"attachment_3206\" class=\"thumbnail wp-caption aligncenter\" style=\"width: 509px\"><a href=\"https:\/\/akaikki.com.br\/wp-content\/uploads\/2010\/03\/akaikki_7anos.png\"><img loading=\"lazy\" decoding=\"async\" class=\"size-large wp-image-3206\" title=\"Parab\u00e9ns pra todos n\u00f3s!!\" src=\"https:\/\/akaikki.com.br\/wp-content\/uploads\/2010\/03\/akaikki_7anos-499x249.png\" alt=\"Parab\u00e9ns pra todos n\u00f3s!!\" width=\"499\" height=\"249\" srcset=\"https:\/\/akaikki.com.br\/wp-content\/uploads\/2010\/03\/akaikki_7anos-499x249.png 499w, https:\/\/akaikki.com.br\/wp-content\/uploads\/2010\/03\/akaikki_7anos-300x149.png 300w, https:\/\/akaikki.com.br\/wp-content\/uploads\/2010\/03\/akaikki_7anos.png 873w\" sizes=\"auto, (max-width: 499px) 100vw, 499px\" \/><\/a><figcaption class=\"caption wp-caption-text\">Parab\u00e9ns pra todos n\u00f3s!!<\/figcaption><\/figure>\n<p style=\"text-align: justify;\">E \u00e9 isso&#8230; Parab\u00e9ns pra todos n\u00f3s, integrantes do elenco do <span style=\"color: #c00000;\">a.k.a.\u4e00\u8f1d!!<\/span> e seus visitantes&#8230; E nossos agradecimentos por fazer cada um destes sete anos valerem a pena!!<\/p>\n<p><img loading=\"lazy\" decoding=\"async\" title=\"Erick Von Draxeler parece motivado pra levar essa jo\u00e7a por mais um ano...\" src=\"..\/layout\/assinaturas\/sig01.png\" alt=\"\" width=\"500\" height=\"43\" \/><\/p>\n","protected":false},"excerpt":{"rendered":"<p>stou diante de uma das compara\u00e7\u00f5es mais infelizes da minha vida&#8230; O anivers\u00e1rio de um blog \u00e9 parecido com o anivers\u00e1rio de algu\u00e9m que tem uma doen\u00e7a muito grave: a cada ano que passa, \u00e9 aquela sensa\u00e7\u00e3o de que aquele ano custou a passar e a incerteza sobre se haver\u00e1 o pr\u00f3ximo anivers\u00e1rio&#8230; E esse<\/p>\n","protected":false},"author":2,"featured_media":0,"comment_status":"open","ping_status":"open","sticky":false,"template":"","format":"standard","meta":{"footnotes":""},"categories":[1],"tags":[],"class_list":["post-3202","post","type-post","status-publish","format-standard","hentry","category-besteirol"],"_links":{"self":[{"href":"https:\/\/akaikki.com.br\/index.php?rest_route=\/wp\/v2\/posts\/3202","targetHints":{"allow":["GET"]}}],"collection":[{"href":"https:\/\/akaikki.com.br\/index.php?rest_route=\/wp\/v2\/posts"}],"about":[{"href":"https:\/\/akaikki.com.br\/index.php?rest_route=\/wp\/v2\/types\/post"}],"author":[{"embeddable":true,"href":"https:\/\/akaikki.com.br\/index.php?rest_route=\/wp\/v2\/users\/2"}],"replies":[{"embeddable":true,"href":"https:\/\/akaikki.com.br\/index.php?rest_route=%2Fwp%2Fv2%2Fcomments&post=3202"}],"version-history":[{"count":11,"href":"https:\/\/akaikki.com.br\/index.php?rest_route=\/wp\/v2\/posts\/3202\/revisions"}],"predecessor-version":[{"id":3241,"href":"https:\/\/akaikki.com.br\/index.php?rest_route=\/wp\/v2\/posts\/3202\/revisions\/3241"}],"wp:attachment":[{"href":"https:\/\/akaikki.com.br\/index.php?rest_route=%2Fwp%2Fv2%2Fmedia&parent=3202"}],"wp:term":[{"taxonomy":"category","embeddable":true,"href":"https:\/\/akaikki.com.br\/index.php?rest_route=%2Fwp%2Fv2%2Fcategories&post=3202"},{"taxonomy":"post_tag","embeddable":true,"href":"https:\/\/akaikki.com.br\/index.php?rest_route=%2Fwp%2Fv2%2Ftags&post=3202"}],"curies":[{"name":"wp","href":"https:\/\/api.w.org\/{rel}","templated":true}]}}