{"id":3126,"date":"2010-03-08T21:35:17","date_gmt":"2010-03-09T00:35:17","guid":{"rendered":"http:\/\/akaikki.com.br\/?p=3126"},"modified":"2010-03-09T18:15:29","modified_gmt":"2010-03-09T21:15:29","slug":"a-k-a-%e4%b8%80%e8%bc%9d-%e2%80%93-edicao-1543","status":"publish","type":"post","link":"https:\/\/akaikki.com.br\/?p=3126","title":{"rendered":"a.k.a.\u4e00\u8f1d!! \u2013 Edi\u00e7\u00e3o 1543"},"content":{"rendered":"<p style=\"text-align: justify;\"><img loading=\"lazy\" decoding=\"async\" class=\"alignleft\" style=\"border: 0px none; margin: 1px 4px;\" src=\"https:\/\/akaikki.com.br\/layout\/caps\/cap_p.gif\" alt=\"\" width=\"39\" height=\"39\" \/>ouco mais de 24 horas para o anivers\u00e1rio do site&#8230; O p\u00f4ster eu j\u00e1 fiz&#8230; Falta bolar o texto&#8230; Mas isso \u00e9 o de menos&#8230; At\u00e9 l\u00e1, com certeza, as mentes perversas e pensantes deste antro virtual haver\u00e3o de bolar alguma coisa legal&#8230; Enquanto isso, eu vou responder alguns coment\u00e1rios que pingaram por aqui&#8230;<\/p>\n<blockquote><p>Ola,<\/p>\n<p>Vamos colocar toda esta irrever\u00eancia beirando a genialidade para milhares de pessoas.<\/p>\n<p>Em breve vamos colocar no AR o projeto com o maior conte\u00fado fecal do Brasil.<\/p>\n<p><strong>Mauricio Vargas<\/strong><\/p><\/blockquote>\n<p style=\"text-align: justify;\">Sobre isso, s\u00f3 posso dizer uma coisa: &#8220;aguardemmmmmmmmm&#8230;&#8221;<\/p>\n<blockquote>\n<p style=\"text-align: justify;\">eeeeeeeeeeeeeeeeee parab\u00e9ns pra mim e para todas <img loading=\"lazy\" decoding=\"async\" style=\"border: 0pt none; margin: 0px;\" src=\"..\/wp-includes\/images\/smilies\/icon_biggrin.gif\" alt=\":D\" width=\"15\" height=\"15\" \/><br \/>\nobs: Se n\u00e3o fosse por voc\u00eas eu n\u00e3o lembraria que dia \u00e9 hoje T_T<\/p>\n<p style=\"text-align: justify;\"><strong>Lu\u00edsa Barbosa<\/strong><\/p>\n<\/blockquote>\n<p style=\"text-align: justify;\">Come\u00e7o a desconfiar de que a Lori n\u00e3o t\u00e1 sozinha nesse mundo&#8230; S\u00e9rio&#8230;<\/p>\n<p style=\"text-align: justify;\"><img loading=\"lazy\" decoding=\"async\" class=\"alignleft\" style=\"border: 0px none; margin: 0px 4px;\" src=\"https:\/\/akaikki.com.br\/layout\/icon07.png\" alt=\"\" width=\"45\" height=\"45\" align=\"absMiddle\" \/>&#8211; Claro que n\u00e3o estou sozinha&#8230; Eu moro com meu pai, com a minha m\u00e3e e com o meu irm\u00e3ozinho&#8230; Ah, sim&#8230; Como eu pude esquecer&#8230; Tenho meu namorado e meus amiguinhos&#8230; Viu como eu n\u00e3o estou sozinha neste mundo?<\/p>\n<blockquote>\n<p style=\"text-align: justify;\">A Lah achou lindo e agradece! E Ys disse que preferia ter nascido  homem,pq as coisas seriam bem mais f\u00e1ceis\u2026<\/p>\n<p><img loading=\"lazy\" decoding=\"async\" src=\"..\/layout\/assinaturas\/sig10c.png\" alt=\"\" width=\"400\" height=\"43\" \/><\/p><\/blockquote>\n<p style=\"text-align: justify;\">Olha, s\u00f3 sei de uma coisa: se a Ys tivesse nascido homem, ela seria uma baita duma bichona&#8230; S\u00e9rio&#8230;<\/p>\n<p style=\"text-align: justify;\">E sobre o epis\u00f3dio do jogador de futsal que morreu na quadra dando um carrinho porque um dos tacos se soltou do ch\u00e3o, entrou pela perna do infeliz at\u00e9 lhe rasgar o intestino&#8230; Eu s\u00f3 posso dizer uma coisa: agora que esse cara pereceu de uma maneira t\u00e3o besta por culpa do mau estado de conserva\u00e7\u00e3o da quadra, algu\u00e9m da FIFA vai ter que tomar alguma provid\u00eancia para garantir a seguran\u00e7a dos atletas em quadra&#8230;<\/p>\n<p style=\"text-align: justify;\">E n\u00e3o apenas a FIFA, mas todas as federa\u00e7\u00f5es internacionais de esportes que usam esse tipo de quadra, como v\u00f4lei, basquete e outros&#8230; Porque o que me fode o ju\u00edzo \u00e9 ver que s\u00f3 se toma alguma provid\u00eancia MESMO pra melhorar alguma coisa quando uma grande merda tenha ocorrido&#8230; Que o digam Ayrton Senna, o muro da Tamburello e a suspens\u00e3o que furou a testa dele&#8230;<\/p>\n<p style=\"text-align: justify;\">\n<figure id=\"attachment_3136\" class=\"thumbnail wp-caption aligncenter\" style=\"width: 525px\"><a href=\"https:\/\/akaikki.com.br\/wp-content\/uploads\/2010\/03\/kubica07_massa09.jpg\"><img loading=\"lazy\" decoding=\"async\" class=\"size-full wp-image-3136 \" title=\"\u00c0 esquerda, Robert Kubica capota no GP do Canad\u00e1 em 2007; \u00e0 direita, Felipe Massa ap\u00f3s ser atingido por uma mola durante a classifica\u00e7\u00e3o pro GP da Hungria de 2009\" src=\"https:\/\/akaikki.com.br\/wp-content\/uploads\/2010\/03\/kubica07_massa09.jpg\" alt=\"Robert Kubica capota no GP do Canad\u00e1 em 2007; Felipe Massa ap\u00f3s ser atingido por uma mola durante a classifica\u00e7\u00e3o pro GP da Hungria de 2009\" width=\"515\" height=\"180\" srcset=\"https:\/\/akaikki.com.br\/wp-content\/uploads\/2010\/03\/kubica07_massa09.jpg 515w, https:\/\/akaikki.com.br\/wp-content\/uploads\/2010\/03\/kubica07_massa09-300x104.jpg 300w, https:\/\/akaikki.com.br\/wp-content\/uploads\/2010\/03\/kubica07_massa09-500x174.jpg 500w\" sizes=\"auto, (max-width: 515px) 100vw, 515px\" \/><\/a><figcaption class=\"caption wp-caption-text\">\u00c0 esquerda, Robert Kubica capota no GP do Canad\u00e1 em 2007; \u00e0 direita, Felipe Massa ap\u00f3s ser atingido por uma mola durante a classifica\u00e7\u00e3o pro GP da Hungria de 2009<\/figcaption><\/figure>\n<p>&#8230;ou voc\u00ea acha que esses dois ainda estariam vivos se tivessem sofrido estes acidentes antes de 1994? S\u00e9rio mesmo?<\/p>\n<p><img loading=\"lazy\" decoding=\"async\" class=\"alignleft\" style=\"border: 0px none; margin: 0px 4px;\" src=\"https:\/\/akaikki.com.br\/wp-content\/uploads\/2010\/03\/cleber.png\" alt=\"\" width=\"45\" height=\"45\" align=\"absMiddle\" \/>&#8211; Claro que estariam vivos&#8230; O Massa tinha 13 anos nessa \u00e9poca e o Kubica s\u00f3 tinha 10&#8230; E ningu\u00e9m nessa idade poderia competir na F\u00f3rmula 1&#8230; Ou talvez at\u00e9 poderia&#8230;<br \/>\n<span style=\"color: #ffffff;\">.<br \/>\n.<\/span><br \/>\n<img loading=\"lazy\" decoding=\"async\" class=\"alignnone\" style=\"border: 0px none; margin: 0px 4px;\" src=\"https:\/\/akaikki.com.br\/layout\/icon08.png\" alt=\"\" width=\"45\" height=\"45\" align=\"absMiddle\" \/><a title=\"Eles s\u00f3 sobreviveram a estes acidentes porque EU permiti!! E \u00e9 isso!!\">&#8211; \u3053\u308c\u3089\u306e\u7406\u7531\u3060\u3051\u3067<strong>\u6211\u306f<\/strong>\u3067\u304d\u308b\u3088\u3046\u306b\u3001\u3053\u308c\u3089\u306e\u4e8b\u6545\u3092\u751f\u304d\u6b8b\u3063\u305f!! \u3053\u308c\u3067\u6c7a\u307e\u308a\u3060!!<\/a><\/p>\n<p style=\"text-align: center;\"><img loading=\"lazy\" decoding=\"async\" src=\"https:\/\/akaikki.com.br\/wp-content\/uploads\/2010\/03\/himura_kill.gif\" alt=\"\" width=\"386\" height=\"166\" \/><br \/>\nJan\u00e1i Himura aniquila Cl\u00e9ber Machado&#8230; ou n\u00e3o&#8230;<\/p>\n<p><img loading=\"lazy\" decoding=\"async\" class=\"alignnone\" style=\"border: 0px none; margin: 0px 4px;\" src=\"https:\/\/akaikki.com.br\/wp-content\/uploads\/2010\/03\/kubica.png\" alt=\"\" width=\"45\" height=\"45\" align=\"absMiddle\" \/><a title=\"Eu sempre achei que havia sido salvo pelo Papa Jo\u00e3o Paulo II...\">&#8211; Zawsze my\u015bla\u0142em, \u017ce zosta\u0142em uratowany przez papie\u017c Jan Pawe\u0142 II&#8230;<\/a><br \/>\n<img loading=\"lazy\" decoding=\"async\" class=\"alignnone\" style=\"border: 0px none; margin: 0px 4px;\" src=\"https:\/\/akaikki.com.br\/layout\/icon08.png\" alt=\"\" width=\"45\" height=\"45\" align=\"absMiddle\" \/><a title=\"De fato... Mas ele teve que pedir pra mim antes...\">&#8211; \u78ba\u304b\u306b&#8230; \u3057\u304b\u3057\u3001\u5f7c\u306e\u524d\u306b\u6211\u306b\u805e\u3044\u3066\u3044\u305f&#8230;<\/a><\/p>\n<p style=\"text-align: justify;\">E come\u00e7a nesta semana a Temporada 2010 da F\u00f3rmula 1&#8230; Com tanta coisa acontecendo, eu espero que a F\u00f3rmula 1 deste mundo fique num n\u00edvel mais pr\u00f3ximo do que a do Mundo Celestial&#8230; Porque IGUALAR nem tem como&#8230; A F\u00f3rmula 1 do C\u00e9u tem Senna, Clark, Fangio e eles correm todos <a href=\"https:\/\/akaikki.com.br\/wp-content\/uploads\/2010\/03\/nordschleife-old.jpg\" target=\"_blank\">na lend\u00e1ria Nordschleife<\/a>&#8230; Coisa pra macho!!<\/p>\n<p style=\"text-align: justify;\">\n<figure id=\"attachment_3149\" class=\"thumbnail wp-caption aligncenter\" style=\"width: 510px\"><a href=\"https:\/\/akaikki.com.br\/wp-content\/uploads\/2010\/03\/foto-oficial-2010.jpg\"><img loading=\"lazy\" decoding=\"async\" class=\"size-large wp-image-3149      \" title=\"A turma de 2010: Bruno Senna, S\u00e9bastien Buemi, Karun Chandhok, Heikki Kovalainen, Nico H\u00fclkenberg, Timo Glock, Lucas di Grassi e Jaime Alguersuari; Lewis Hamilton, Nico Rosberg , Jenson Button, Jarno Trulli, Adrian Sutil, Robert Kubica, Vitaly Petrov e Vitantonio Liuzzi; Michael Schumacher, Rubens Barrichello, Sebastian Vettel, Mark Webber, Kamui Kobayashi, Pedro de la Rosa, Fernando Alonso e Felipe Massa - Desenho de Marcel Marchesi (clique para ampliar)\" src=\"https:\/\/akaikki.com.br\/wp-content\/uploads\/2010\/03\/foto-oficial-2010-500x301.jpg\" alt=\"Classe de 2010 - Marcel Marchesi\" width=\"500\" height=\"301\" srcset=\"https:\/\/akaikki.com.br\/wp-content\/uploads\/2010\/03\/foto-oficial-2010-500x301.jpg 500w, https:\/\/akaikki.com.br\/wp-content\/uploads\/2010\/03\/foto-oficial-2010-300x181.jpg 300w, https:\/\/akaikki.com.br\/wp-content\/uploads\/2010\/03\/foto-oficial-2010.jpg 1323w\" sizes=\"auto, (max-width: 500px) 100vw, 500px\" \/><\/a><figcaption class=\"caption wp-caption-text\">A turma de 2010: Bruno Senna, S\u00e9bastien Buemi, Karun Chandhok, Heikki Kovalainen, Nico H\u00fclkenberg, Timo Glock, Lucas di Grassi e Jaime Alguersuari; Lewis Hamilton, Nico Rosberg , Jenson Button, Jarno Trulli, Adrian Sutil, Robert Kubica, Vitaly Petrov e Vitantonio Liuzzi; Michael Schumacher, Rubens Barrichello, Sebastian Vettel, Mark Webber, Kamui Kobayashi, Pedro de la Rosa, Fernando Alonso e Felipe Massa - Desenho de Marcel Marchesi (clique para ampliar)<\/figcaption><\/figure>\n<p style=\"text-align: justify;\">Enfim&#8230; Tomara que esse ano valha a pena assistir a F\u00f3rmula 1&#8230; Sen\u00e3o, vou fazer quest\u00e3o de zoar o n\u00famero de pilotos neste ano&#8230; (24)<\/p>\n<p><img loading=\"lazy\" decoding=\"async\" title=\"Erick Von Draxeler est\u00e1 ansioso pelo in\u00edcio da Temporada 2010 da F\u00f3rmula 1!!\" src=\"..\/layout\/assinaturas\/sig01.png\" alt=\"\" width=\"500\" height=\"43\" \/><\/p>\n<p style=\"text-align: justify;\">\n","protected":false},"excerpt":{"rendered":"<p>ouco mais de 24 horas para o anivers\u00e1rio do site&#8230; O p\u00f4ster eu j\u00e1 fiz&#8230; Falta bolar o texto&#8230; Mas isso \u00e9 o de menos&#8230; At\u00e9 l\u00e1, com certeza, as mentes perversas e pensantes deste antro virtual haver\u00e3o de bolar alguma coisa legal&#8230; Enquanto isso, eu vou responder alguns coment\u00e1rios que pingaram por aqui&#8230; Ola,<\/p>\n","protected":false},"author":2,"featured_media":0,"comment_status":"open","ping_status":"open","sticky":false,"template":"","format":"standard","meta":{"footnotes":""},"categories":[79,1,8],"tags":[],"class_list":["post-3126","post","type-post","status-publish","format-standard","hentry","category-automobilismo","category-besteirol","category-tribunal-de-inuteis-causas"],"_links":{"self":[{"href":"https:\/\/akaikki.com.br\/index.php?rest_route=\/wp\/v2\/posts\/3126","targetHints":{"allow":["GET"]}}],"collection":[{"href":"https:\/\/akaikki.com.br\/index.php?rest_route=\/wp\/v2\/posts"}],"about":[{"href":"https:\/\/akaikki.com.br\/index.php?rest_route=\/wp\/v2\/types\/post"}],"author":[{"embeddable":true,"href":"https:\/\/akaikki.com.br\/index.php?rest_route=\/wp\/v2\/users\/2"}],"replies":[{"embeddable":true,"href":"https:\/\/akaikki.com.br\/index.php?rest_route=%2Fwp%2Fv2%2Fcomments&post=3126"}],"version-history":[{"count":31,"href":"https:\/\/akaikki.com.br\/index.php?rest_route=\/wp\/v2\/posts\/3126\/revisions"}],"predecessor-version":[{"id":3218,"href":"https:\/\/akaikki.com.br\/index.php?rest_route=\/wp\/v2\/posts\/3126\/revisions\/3218"}],"wp:attachment":[{"href":"https:\/\/akaikki.com.br\/index.php?rest_route=%2Fwp%2Fv2%2Fmedia&parent=3126"}],"wp:term":[{"taxonomy":"category","embeddable":true,"href":"https:\/\/akaikki.com.br\/index.php?rest_route=%2Fwp%2Fv2%2Fcategories&post=3126"},{"taxonomy":"post_tag","embeddable":true,"href":"https:\/\/akaikki.com.br\/index.php?rest_route=%2Fwp%2Fv2%2Ftags&post=3126"}],"curies":[{"name":"wp","href":"https:\/\/api.w.org\/{rel}","templated":true}]}}