{"id":2989,"date":"2010-03-04T03:38:19","date_gmt":"2010-03-04T06:38:19","guid":{"rendered":"http:\/\/akaikki.com.br\/?p=2989"},"modified":"2010-03-08T02:04:36","modified_gmt":"2010-03-08T05:04:36","slug":"a-k-a-%e4%b8%80%e8%bc%9d-edicao-1536","status":"publish","type":"post","link":"https:\/\/akaikki.com.br\/?p=2989","title":{"rendered":"a.k.a.\u4e00\u8f1d!! &#8211; Edi\u00e7\u00e3o 1536"},"content":{"rendered":"<p style=\"text-align: justify;\"><img loading=\"lazy\" decoding=\"async\" class=\"alignleft\" style=\"border: 0px none; margin: 1px 4px;\" src=\"https:\/\/akaikki.com.br\/layout\/caps\/cap_t.gif\" alt=\"\" width=\"39\" height=\"39\" \/>erminou a Saga da USF1, <span style=\"text-decoration: line-through;\">Campos<\/span> <span style=\"text-decoration: line-through;\">Hispania<\/span> <span style=\"text-decoration: line-through;\">HRT<\/span> <strong>HISPANIA<\/strong> e Stefan GP&#8230; <a href=\"http:\/\/esporte.ig.com.br\/grandepremio\/formula1\/2010\/03\/03\/fia+divulga+lista+oficial+sem+usf1+e+confirma+que+stefan+nao+corre+em+2010+9415863.html\" target=\"_blank\">A FIA<span style=\"text-decoration: line-through;\">daputa<\/span> publicou ontem (dia 3) a lista de inscri\u00e7\u00e3o pra temporada de 2010&#8230;<\/a> A USF1 est\u00e1 fora da lista, a Campos est\u00e1 dentro, agora chamada de Hispania Racing Team, nome este que a <span style=\"text-decoration: line-through;\">Globo<\/span> RGT vai chamar de HRT (<a href=\"http:\/\/fia.com\/en-GB\/mediacentre\/pressreleases\/f1releases\/2010\/Pages\/f1_2010_entry.aspx\" target=\"_blank\">a FIA<span style=\"text-decoration: line-through;\">daputa<\/span> j\u00e1 deu essa brecha \u00e0 eles&#8230;<\/a>) e a Stefan s\u00f3 vai poder se inscrever pra 2011, mesmo j\u00e1 tendo levado equipamento pro Bahrein&#8230;<\/p>\n<blockquote>\n<p style=\"text-align: justify;\"><strong>&#8220;A Equipe USF1 anunciou que eles n\u00e3o estar\u00e3o em condi\u00e7\u00f5es  de participar do Campeonato Mundial de F\u00f3rmula 1 de 2010. Tendo  considerado as v\u00e1rias op\u00e7\u00f5es, a FIA confirma que n\u00e3o \u00e9 poss\u00edvel para  uma equipe de substitui\u00e7\u00e3o seja inscrita para o campeonato de \u00faltima hora. Nos pr\u00f3ximos dias, a FIA vai anunciar  detalhes de um novo processo de sele\u00e7\u00e3o para identificar candidatos  para preencher as vagas existentes no in\u00edcio da temporada 2011.&#8221;<br \/>\n<\/strong><em>Comunicado da FIA<span style=\"text-decoration: line-through;\">daputa<\/span> publicado em 3 de mar\u00e7o<\/em><\/p>\n<\/blockquote>\n<p style=\"text-align: justify;\">Ah, o crit\u00e9rio de escolha dos times novos&#8230; Porra, FIA<span style=\"text-decoration: line-through;\">daputa<\/span>!! Vai tomar no cu!! Vai querer falar de crit\u00e9rio pra colocar um time agora?! Pensassem nisso quando deixaram a Prodrive e a Epsilon Euskadi de fora pra colocar a tal da USF1, que s\u00f3 tinha uma porra de um bico pronto!! E deixar a Stefan fora quando os caras PROVARAM que t\u00eam condi\u00e7\u00f5es de disputar o campeonato&#8230;<\/p>\n<p style=\"text-align: justify;\">E l\u00e1 vou eu repetir um velho jarg\u00e3o que eu venho usando cada vez que eu vou comparar a F\u00f3rmula 1 antiga com a atual: &#8220;ainda bem que meu pai n\u00e3o viveu pra ver isso!!&#8221; Pra voc\u00eas terem uma ideia, a temporada de 1989 recebeu a inscri\u00e7\u00e3o de vinte times&#8230; 39 carros (porque uma dessas equipes se inscreveu com apenas um carro&#8230;) disputavam as corridas&#8230; Destes 39, nove eram limados numa pr\u00e9-classifica\u00e7\u00e3o&#8230; Os 30 restantes disputavam as mesmas 26 vagas do grid de hoje (<a href=\"https:\/\/akaikki.com.br\/?p=2239\" target=\"_blank\">e sem necessidade de aumentar a extens\u00e3o das pistas&#8230;<\/a>)<\/p>\n<p style=\"text-align: justify;\">\u00c9 claro que dos times que disputavam a pr\u00e9-classifica\u00e7\u00e3o mal se ouvia falar&#8230; Esse pessoal da pr\u00e9-classifica\u00e7\u00e3o tomava quase 10 segundos do tempo da pole, mas a FIA<span style=\"text-decoration: line-through;\">daputa<\/span> n\u00e3o tava nem a\u00ed sobre a condi\u00e7\u00e3o dos times&#8230; Quem ainda duvida e entende ingl\u00eas, vejam a prova <a title=\"Diga-se, dos 20 times que correram em 1989, quatro est\u00e3o listados aqui!!\" href=\"http:\/\/f1rejects.com\/teams\/index.html\" target=\"_blank\">aqui<\/a>&#8230; Como eu acabei de falar pra <a href=\"http:\/\/twitter.com\/KaStutz\" target=\"_blank\">Karol Stutz<\/a>: &#8220;Paguem a inscri\u00e7\u00e3o e sejam felizes&#8230;&#8221;<\/p>\n<blockquote>\n<p style=\"text-align: justify;\"><strong>IPC:<\/strong> Em 1992, a Andrea Moda foi exclu\u00edda da primeira corrida porque n\u00e3o pagou a taxa de inscri\u00e7\u00e3o para as equipes novas, na \u00e9poca, 100 mil d\u00f3lares, contra as 48 milh\u00f5es de lascas que Aguri Suzuki teve que pagar pra inscrever seu time em 2006&#8230;<\/p>\n<\/blockquote>\n<p style=\"text-align: justify;\">N\u00e3o sei porque estou reclamando tanto&#8230; Afinal, a \u00faltima corrida com 24 carros foi o GP da Austr\u00e1lia de 1995!! L\u00e1 se v\u00e3o quase 15 anos&#8230; Aposto que se pegassem qualquer um dos times &#8220;pequenos&#8221; da \u00e9poca pra competir com Lotus, Hispania e <span style=\"text-decoration: line-through;\">Virgin<\/span> <span style=\"text-decoration: line-through;\">Manor<\/span> <strong>VIRGIN<\/strong>, os pequenos dos anos 90 iam dar uma surra nos pequenos de hoje&#8230; Apesar do or\u00e7amento reduzido, eles estavam l\u00e1 por amor \u00e0 camisa&#8230;<\/p>\n<p style=\"text-align: justify;\">Quanto \u00e0 USF1, eles pediram pra estender a inscri\u00e7\u00e3o pra 2011&#8230; V\u00e3o se ferrar, a Prodrive tentou o mesmo em 2007\/08 e toma no cu at\u00e9 hoje por isso&#8230;<\/p>\n<p style=\"text-align: justify;\"><img loading=\"lazy\" decoding=\"async\" class=\"alignnone\" style=\"border: 0px none; margin: 0px 4px;\" src=\"https:\/\/akaikki.com.br\/layout\/icon05.png\" alt=\"\" width=\"45\" height=\"45\" align=\"absMiddle\" \/>&#8211; \u00a1\u00a1Esos hijos de puta arder\u00e1n en las llamas de Hades!! \u00a1\u00a1Que Llanai Jimura NO les perdone!!<br \/>\n<img loading=\"lazy\" decoding=\"async\" class=\"alignnone\" style=\"border: 0px none; margin: 0px 4px;\" src=\"https:\/\/akaikki.com.br\/layout\/icon08.png\" alt=\"\" width=\"45\" height=\"45\" align=\"absMiddle\" \/><a title=\"Me desculpe... Eu vou negar seu pedido...\">&#8211; \u3054\u3081\u3093\u306d&#8230; \u6211\u306f\u304a\u524d\u306e\u8981\u6c42\u304c\u62d2\u5426\u3055\u308c\u307e\u3059&#8230;<\/a><br \/>\n<img loading=\"lazy\" decoding=\"async\" class=\"alignnone\" style=\"border: 0px none; margin: 0px 4px;\" src=\"https:\/\/akaikki.com.br\/layout\/icon05.png\" alt=\"\" width=\"45\" height=\"45\" align=\"absMiddle\" \/>&#8211; \u00a1\u00bfQU\u00c9?!<br \/>\n<img loading=\"lazy\" decoding=\"async\" class=\"alignleft\" style=\"border: 0px none; margin: 0px 4px;\" src=\"https:\/\/akaikki.com.br\/layout\/icon08.png\" alt=\"\" width=\"45\" height=\"45\" align=\"absMiddle\" \/><a title=\"Eu s\u00f3 assisti a F\u00f3rmula 1 porque meu pai tamb\u00e9m assistia... Al\u00e9m disso, n\u00f3s gost\u00e1vamos de ver Ayrton Senna correr... Como meu pai e Senna morreram, n\u00e3o tenho porque perder meu tempo vendo a F\u00f3rmula 1... \u00c9 por isso, Fran, que seu pedido foi negado... Agora MORRA!!\">&#8211; \u6211\u306f\u30d5\u30a9\u30fc\u30df\u30e5\u30e91\u306e\u30ec\u30fc\u30b9\u306e\u305f\u3081\u7236\u3055\u3093\u304c\u305d\u308c\u3089\u3092\u898b\u308b\u305f\u3081\u306b\u4f7f\u7528\u3057\u307e\u3057\u305f&#8230; \u307e\u305f\u3001\u6211\u3005\u306f\u30a2\u30a4\u30eb\u30c8 \u30f3\u30bb\u30ca\u306e\u30ec\u30fc\u30b9\u3092\u3059\u308b\u306e\u304c\u597d\u304d&#8230; \u3057\u304b\u3057\u3001\u7236\u3055\u3093\u3068\u30bb\u30ca\u306f\u6b7b\u3093\u3060&#8230; \u3060\u304b\u3089\u3001\u6211\u306f\u3082\u3046\u30d5\u30a9\u30fc\u30df\u30e5\u30e91\u30ec\u30fc\u30b9\u3067\u81ea\u5206\u306e\u6642\u9593\u3092\u7121\u99c4\u306b\u3057\u306a\u3044\u3067\u304f\u3060\u3055\u3044&#8230; \u3060\u304b\u3089\u3053\u305d\u3001\u30d5\u30e9\u30f3\u3001\u6211\u306f\u304a\u524d\u306e\u8981\u6c42\u3092\u62d2\u5426\u3057\u3066\u3044\u308b&#8230; \u3055\u3042&#8230;\u4eca\u3053\u305d<strong>\u6b7b\u306d!!<\/strong><\/a><\/p>\n<p style=\"text-align: center;\"><img loading=\"lazy\" decoding=\"async\" src=\"https:\/\/akaikki.com.br\/wp-content\/uploads\/2010\/03\/himura_kill.gif\" alt=\"\" width=\"386\" height=\"166\" \/><br \/>\nJan\u00e1i Himura acaba com a exist\u00eancia de Francisco&#8230;<\/p>\n<p style=\"text-align: center;\">(pelo menos ela argumentou claramente&#8230;)<\/p>\n<p style=\"text-align: justify;\">Pra fechar, voc\u00eas devem ter notado que eu &#8220;desrisquei&#8221; alguns nomes de algumas equipes que a <span style=\"text-decoration: line-through;\">Globo<\/span> RGT vai mudar nas suas transmiss\u00f5es&#8230; Eu n\u00e3o vou me estender no assunto porque a pregui\u00e7a domina&#8230; Como consolo, eu deixo <a href=\"http:\/\/impedimento.wordpress.com\/2009\/02\/28\/o-dia-em-que-o-quilmes-virou-o-time-do-pato-donald\/\" target=\"_blank\">este texto<\/a> que ironiza essa pol\u00edtica da RGT de abolir merchandising de empresas que n\u00e3o a patrocinam&#8230;<\/p>\n<p style=\"text-align: center;\">\n<figure id=\"attachment_2994\" class=\"thumbnail wp-caption aligncenter\" style=\"width: 520px\"><a href=\"https:\/\/akaikki.com.br\/wp-content\/uploads\/2010\/03\/andrade_corte_rgt.jpg\"><img loading=\"lazy\" decoding=\"async\" class=\"size-full wp-image-2994\" title=\"Simula\u00e7\u00e3o de imagem de entrevista na TV normal e na RGT...\" src=\"https:\/\/akaikki.com.br\/wp-content\/uploads\/2010\/03\/andrade_corte_rgt.jpg\" alt=\"Simula\u00e7\u00e3o de imagem de entrevista na TV normal e na RGT...\" width=\"510\" height=\"765\" srcset=\"https:\/\/akaikki.com.br\/wp-content\/uploads\/2010\/03\/andrade_corte_rgt.jpg 510w, https:\/\/akaikki.com.br\/wp-content\/uploads\/2010\/03\/andrade_corte_rgt-200x300.jpg 200w, https:\/\/akaikki.com.br\/wp-content\/uploads\/2010\/03\/andrade_corte_rgt-333x500.jpg 333w\" sizes=\"auto, (max-width: 510px) 100vw, 510px\" \/><\/a><figcaption class=\"caption wp-caption-text\">Simula\u00e7\u00e3o de imagem de entrevista na TV normal e na RGT...<\/figcaption><\/figure>\n<p style=\"text-align: center;\">&#8230;ou eu sou o \u00fanico que acha isso rid\u00edculo?<\/p>\n<p><img loading=\"lazy\" decoding=\"async\" title=\"EVD ORGT AOPM TNC!! (Erick Von Draxeler Odeia a Rede Globo de Televis\u00e3o e Aproveita a Oportunidade Para Mand\u00e1-los Tomar No Cu!!)\" src=\"..\/layout\/assinaturas\/sig01.png\" alt=\"\" width=\"500\" height=\"43\" \/><\/p>\n","protected":false},"excerpt":{"rendered":"<p>erminou a Saga da USF1, Campos Hispania HRT HISPANIA e Stefan GP&#8230; A FIAdaputa publicou ontem (dia 3) a lista de inscri\u00e7\u00e3o pra temporada de 2010&#8230; A USF1 est\u00e1 fora da lista, a Campos est\u00e1 dentro, agora chamada de Hispania Racing Team, nome este que a Globo RGT vai chamar de HRT (a FIAdaputa j\u00e1<\/p>\n","protected":false},"author":2,"featured_media":0,"comment_status":"open","ping_status":"open","sticky":false,"template":"","format":"standard","meta":{"footnotes":""},"categories":[79,1],"tags":[],"class_list":["post-2989","post","type-post","status-publish","format-standard","hentry","category-automobilismo","category-besteirol"],"_links":{"self":[{"href":"https:\/\/akaikki.com.br\/index.php?rest_route=\/wp\/v2\/posts\/2989","targetHints":{"allow":["GET"]}}],"collection":[{"href":"https:\/\/akaikki.com.br\/index.php?rest_route=\/wp\/v2\/posts"}],"about":[{"href":"https:\/\/akaikki.com.br\/index.php?rest_route=\/wp\/v2\/types\/post"}],"author":[{"embeddable":true,"href":"https:\/\/akaikki.com.br\/index.php?rest_route=\/wp\/v2\/users\/2"}],"replies":[{"embeddable":true,"href":"https:\/\/akaikki.com.br\/index.php?rest_route=%2Fwp%2Fv2%2Fcomments&post=2989"}],"version-history":[{"count":13,"href":"https:\/\/akaikki.com.br\/index.php?rest_route=\/wp\/v2\/posts\/2989\/revisions"}],"predecessor-version":[{"id":3117,"href":"https:\/\/akaikki.com.br\/index.php?rest_route=\/wp\/v2\/posts\/2989\/revisions\/3117"}],"wp:attachment":[{"href":"https:\/\/akaikki.com.br\/index.php?rest_route=%2Fwp%2Fv2%2Fmedia&parent=2989"}],"wp:term":[{"taxonomy":"category","embeddable":true,"href":"https:\/\/akaikki.com.br\/index.php?rest_route=%2Fwp%2Fv2%2Fcategories&post=2989"},{"taxonomy":"post_tag","embeddable":true,"href":"https:\/\/akaikki.com.br\/index.php?rest_route=%2Fwp%2Fv2%2Ftags&post=2989"}],"curies":[{"name":"wp","href":"https:\/\/api.w.org\/{rel}","templated":true}]}}