{"id":2914,"date":"2010-03-01T04:59:40","date_gmt":"2010-03-01T07:59:40","guid":{"rendered":"http:\/\/akaikki.com.br\/?p=2914"},"modified":"2013-02-19T02:54:50","modified_gmt":"2013-02-19T05:54:50","slug":"a-k-a-%e4%b8%80%e8%bc%9d-edicao-1534","status":"publish","type":"post","link":"https:\/\/akaikki.com.br\/?p=2914","title":{"rendered":"a.k.a.\u4e00\u8f1d!! &#8211; Edi\u00e7\u00e3o 1534"},"content":{"rendered":"<p style=\"text-align: justify;\"><span style=\"color: #dc0000;\"><img loading=\"lazy\" decoding=\"async\" class=\"alignleft\" style=\"border: 0px none; margin: 1px 4px;\" title=\"C\" src=\"https:\/\/akaikki.com.br\/layout\/caps\/cap_c.gif\" alt=\"\" width=\"39\" height=\"39\" \/>abe\u00e7udos e cabe\u00e7udas do meu BRASIU, hoje \u00e9 um dia muito, mas MUITO especial. Apesar de TUDO, acredito que ainda valha a pena comemorar o acontecimento hist\u00f3rico ocorrido num primeiro de mar\u00e7o&#8230;<\/span><\/p>\n<p><img loading=\"lazy\" decoding=\"async\" class=\"alignnone\" style=\"border: 0px none; margin: 0px 4px;\" src=\"https:\/\/akaikki.com.br\/layout\/icon04.png\" alt=\"\" width=\"45\" height=\"45\" align=\"absMiddle\" \/>&#8211; \u00c9 dia de pagamento?<br \/>\n<img loading=\"lazy\" decoding=\"async\" class=\"alignnone\" style=\"border: 0px none; margin: 0px 4px;\" src=\"https:\/\/akaikki.com.br\/layout\/icon15.png\" alt=\"\" width=\"45\" height=\"45\" align=\"absMiddle\" \/>&#8211; \u00c9 dia em que vamos comer algu\u00e9m?<br \/>\n<img loading=\"lazy\" decoding=\"async\" class=\"alignnone\" style=\"border: 0px none; margin: 0px 4px;\" src=\"https:\/\/akaikki.com.br\/layout\/icon21.png\" alt=\"\" width=\"45\" height=\"45\" align=\"absMiddle\" \/>&#8211; \u00c9 dia de beber?<br \/>\n<img loading=\"lazy\" decoding=\"async\" class=\"alignnone\" style=\"border: 0px none; margin: 0px 4px;\" src=\"https:\/\/akaikki.com.br\/layout\/icon12.png\" alt=\"\" width=\"45\" height=\"45\" align=\"absMiddle\" \/>&#8211; \u00c9 dia de eu dublar mais alguma princesa maluca?<br \/>\n<img loading=\"lazy\" decoding=\"async\" class=\"alignnone\" style=\"border: 0px none; margin: 0px 4px;\" src=\"https:\/\/akaikki.com.br\/layout\/icon08.png\" alt=\"\" width=\"45\" height=\"45\" align=\"absMiddle\" \/><a title=\"Hoje \u00e9 dia de matar estes quatro imbecis!!\">&#8211; \u4eca\u65e5\u3001\u3053\u306e\uff14\u4eba\u306e\u99ac\u9e7f\u3092\u6bba\u3059\u306e\u65e5!!<\/a><\/p>\n<p style=\"text-align: center;\"><a href=\"https:\/\/akaikki.com.br\/wp-content\/uploads\/2010\/03\/himura_kill.gif\"><img loading=\"lazy\" decoding=\"async\" src=\"https:\/\/akaikki.com.br\/wp-content\/uploads\/2010\/03\/himura_kill.gif\" width=\"386\" height=\"166\" \/><\/a><br \/>\nJan\u00e1i Himura fatia os quatro na mesma espadada&#8230;<\/p>\n<p style=\"text-align: justify;\"><span style=\"color: #dc0000;\">N\u00e3o, car\u00edssimas lontras e entidade divina&#8230; Hoje \u00e9 anivers\u00e1rio da cidade onde voc\u00eas vivem, ora bolas! Eu e Erick nos dispomos a escrever uma edi\u00e7\u00e3o a quatro m\u00e3os: uma parte por ele, outra por mim. O resultado dessa cagada em dobro voc\u00ea confere agora!!<\/span><\/p>\n<p style=\"text-align: justify;\"><span style=\"color: #dc0000;\"><span style=\"color: #004a8e;\">E por mais que esta edi\u00e7\u00e3o v\u00e1 parecer uma crise de identidade da Lahys, dessa vez se far\u00e1 necess\u00e1rio que os textos venham em cores diferentes&#8230; Eu, Ikki, estou escrevendo em azul e o texto do Vin\u00edcius aparece em vermelho&#8230;<\/span><br \/>\n<\/span><\/p>\n<p style=\"text-align: justify;\"><span style=\"color: #dc0000;\">Em 1\u00b0 de mar\u00e7o de 1565, <span style=\"text-decoration: line-through;\">a faculdade<\/span> Est\u00e1cio de S\u00e1 fundou a cidade de S\u00e3o Sebasti\u00e3o do Rio de Janeiro, \u00e0s margens da Ba\u00eda de Guanabara. Ali\u00e1s, a\u00ed est\u00e1 a explica\u00e7\u00e3o do nome da cidade e uma piadinha que confirma a &#8220;lorice&#8221; dos portugas: eles acharam que a Ba\u00eda era um rio, e esse &#8220;erro&#8221; ficou. Desde a independ\u00eancia de Portugal, em 1822, o Rio foi capital do imp\u00e9rio, e depois da Rep\u00fablica, at\u00e9 a primeira metade do s\u00e9culo 20. A\u00ed, S\u00e3o Paulo e outras cidades queriam tirar daqui a capital e o governo decidiu por construir uma nova: <span style=\"text-decoration: line-through;\">a terra do Arruda<\/span> <span style=\"text-decoration: line-through;\">a capital do <a href=\"http:\/\/www.youtube.com\/watch?v=kptpDrX7C_k\" target=\"_blank\">Roubolation<\/a><\/span> Bras\u00edlia <span style=\"text-decoration: line-through;\">amarela<\/span>!!!<\/span><\/p>\n<p style=\"text-align: justify;\"><span style=\"color: #dc0000;\"><img loading=\"lazy\" decoding=\"async\" class=\"alignright\" src=\"https:\/\/akaikki.com.br\/wp-content\/uploads\/2009\/10\/chupa_madrid1.png\" alt=\"\" width=\"205\" height=\"286\" \/>Mesmo n\u00e3o sendo mais a capital do pa\u00eds h\u00e1 50 anos, o Rio mant\u00e9m seu charme. Agora, a Cidade Maravilhosa e <strong><span style=\"text-decoration: underline;\">OL\u00cdMPICA<\/span><\/strong> de S\u00e3o Sebasti\u00e3o do <strong>Rio de Janeiro<\/strong> come\u00e7a a ficar ainda melhor. Vem a\u00ed a Copa de 2014 &#8211; o Maracan\u00e3 vai certamente receber a final &#8211; as Olimp\u00edadas de 2016, no ano que vem tem os Jogos Militares&#8230; Enfim, nossa cidade s\u00f3 melhora, mas a nossa cara-de-pau continua a mesma, e ainda pior!<\/span><\/p>\n<p style=\"text-align: justify;\"><span style=\"color: #004a8e;\">E que me perdoem os dign\u00edssimos senhores 07, 11, 13 e 25, mas eu at\u00e9 me arrisco a dizer que o carioca \u00e9 o povo que mais se identifica com o brasileiro em geral&#8230; \u00c9 s\u00f3 voc\u00eas verem que o time de maior torcida do Brasil \u00e9 do Rio de Janeiro&#8230; Ali\u00e1s, para os amantes do futebol brasileiro de um modo geral: qual \u00e9 a primeira imagem que bate na cabe\u00e7a de voc\u00eas quando eu falo de joga\u00e7o de futebol? O Maracan\u00e3 lotado e em festa&#8230; Podem apostar&#8230;<\/span><\/p>\n<p style=\"text-align: justify;\"><span style=\"color: #004a8e;\">E o Carnaval? Os paulistas que me desculpem, mas o Rio ainda \u00e9 refer\u00eancia mundial neste evento&#8230; E o Cristo, de bra\u00e7os abertos sobre a Guanabara? Quase sempre quando se fala no Brasil, se tem o Rio na cabe\u00e7a&#8230; N\u00e3o desmerecendo, \u00e9 claro, as outras regi\u00f5es do pa\u00eds e seus pontos tur\u00edsticos&#8230; Mas quando o gringo vem pro Brasil, qual \u00e9 o lugar que ele quer conhecer? A praia de Copacabana&#8230; Perguntem ao Pato Donald, que visitou o Rio guiado pelo Jos\u00e9, que, por acaso, \u00e9 o Z\u00e9&#8230; Carioca!!<\/span><\/p>\n<p style=\"text-align: center;\"><object classid=\"clsid:d27cdb6e-ae6d-11cf-96b8-444553540000\" width=\"500\" height=\"405\" codebase=\"http:\/\/download.macromedia.com\/pub\/shockwave\/cabs\/flash\/swflash.cab#version=6,0,40,0\"><param name=\"allowFullScreen\" value=\"true\" \/><param name=\"allowscriptaccess\" value=\"always\" \/><param name=\"src\" value=\"http:\/\/www.youtube.com\/v\/Py1XwF6k_rY&amp;hl=pt_BR&amp;fs=1&amp;color1=0x006699&amp;color2=0x54abd6&amp;border=1\" \/><param name=\"allowfullscreen\" value=\"true\" \/><embed type=\"application\/x-shockwave-flash\" width=\"500\" height=\"405\" src=\"http:\/\/www.youtube.com\/v\/Py1XwF6k_rY&amp;hl=pt_BR&amp;fs=1&amp;color1=0x006699&amp;color2=0x54abd6&amp;border=1\" allowscriptaccess=\"always\" allowfullscreen=\"true\"><\/embed><\/object><\/p>\n<p style=\"text-align: justify;\"><span style=\"color: #004a8e;\">Temos problemas sociais, temos criminalidade, temos tanta merda? Sim, temos&#8230; Qual \u00e9 a cidade que n\u00e3o tem? O fato de que os bandidos s\u00e3o melhor equipados do que a pol\u00edcia, a ponto de derrubarem um helic\u00f3ptero aqui perto de casa n\u00e3o nos traz alegria nenhuma, mas pelo menos aqui n\u00e3o tem terrorista mu\u00e7ulmano jogando avi\u00e3o na torre do Rio Sul, por exemplo&#8230; Mesmo assim, com tanto problema, o Rio se tornou a primeira cidade sul-americana e a segunda da Am\u00e9rica Latina a sediar os Jogos Ol\u00edmpicos&#8230; Quanta honra e quanta responsabilidade&#8230;<\/span><\/p>\n<blockquote>\n<p style=\"text-align: justify;\"><strong>IPC:<\/strong> A primeira cidade da Am\u00e9rica Latina a sediar as Olimp\u00edadas foi a Cidade do M\u00e9xico, em 1968&#8230;<\/p>\n<\/blockquote>\n<p style=\"text-align: justify;\"><span style=\"color: #004a8e;\">Isso \u00e9 o Rio&#8230; O Rio de Janeiro, Fevereiro e Mar\u00e7o, terra do Maracan\u00e3, do Chacrinha, do Flamengo, do Samba, da Bossa Nova, do Cristo Redentor&#8230; E, principalmente, deste antro virtual de perdi\u00e7\u00e3o denominado <span style=\"color: #c00000;\">a.k.a.\u4e00\u8f1d!!<\/span>&#8230;<\/span><\/p>\n<p style=\"text-align: center;\"><span style=\"color: #dc0000;\">\u00c9 isso&#8230; <a href=\"http:\/\/twitter.com\/#search?q=%23Rio445\" target=\"_blank\">#Rio445<\/a>, n\u00f3s gostamos muito de voc\u00ea! Continue sendo maravilhosamente linda e apaixonante&#8230;<\/span><\/p>\n<p style=\"text-align: justify;\"><img loading=\"lazy\" decoding=\"async\" title=\"Erick Von Draxeler passou horas montando a GIF animada que ilustra Jan\u00e1i matando pessoas...\" src=\"https:\/\/akaikki.com.br\/layout\/assinaturas\/sig01.png\" alt=\"\" width=\"500\" height=\"43\" \/><br \/>\n<img loading=\"lazy\" decoding=\"async\" title=\"Vin\u00edcius Sacramento \u00e9 carioca da gema, desde antes de sair do ovo...\" src=\"https:\/\/akaikki.com.br\/layout\/assinaturas\/sig02.png\" alt=\"\" width=\"500\" height=\"43\" \/><\/p>\n","protected":false},"excerpt":{"rendered":"<p>abe\u00e7udos e cabe\u00e7udas do meu BRASIU, hoje \u00e9 um dia muito, mas MUITO especial. Apesar de TUDO, acredito que ainda valha a pena comemorar o acontecimento hist\u00f3rico ocorrido num primeiro de mar\u00e7o&#8230; &#8211; \u00c9 dia de pagamento? &#8211; \u00c9 dia em que vamos comer algu\u00e9m? &#8211; \u00c9 dia de beber? &#8211; \u00c9 dia de eu<\/p>\n","protected":false},"author":18,"featured_media":0,"comment_status":"open","ping_status":"open","sticky":false,"template":"","format":"standard","meta":{"footnotes":""},"categories":[1,60],"tags":[],"class_list":["post-2914","post","type-post","status-publish","format-standard","hentry","category-besteirol","category-pequenos-autores-grandes-texticulos"],"_links":{"self":[{"href":"https:\/\/akaikki.com.br\/index.php?rest_route=\/wp\/v2\/posts\/2914","targetHints":{"allow":["GET"]}}],"collection":[{"href":"https:\/\/akaikki.com.br\/index.php?rest_route=\/wp\/v2\/posts"}],"about":[{"href":"https:\/\/akaikki.com.br\/index.php?rest_route=\/wp\/v2\/types\/post"}],"author":[{"embeddable":true,"href":"https:\/\/akaikki.com.br\/index.php?rest_route=\/wp\/v2\/users\/18"}],"replies":[{"embeddable":true,"href":"https:\/\/akaikki.com.br\/index.php?rest_route=%2Fwp%2Fv2%2Fcomments&post=2914"}],"version-history":[{"count":20,"href":"https:\/\/akaikki.com.br\/index.php?rest_route=\/wp\/v2\/posts\/2914\/revisions"}],"predecessor-version":[{"id":15593,"href":"https:\/\/akaikki.com.br\/index.php?rest_route=\/wp\/v2\/posts\/2914\/revisions\/15593"}],"wp:attachment":[{"href":"https:\/\/akaikki.com.br\/index.php?rest_route=%2Fwp%2Fv2%2Fmedia&parent=2914"}],"wp:term":[{"taxonomy":"category","embeddable":true,"href":"https:\/\/akaikki.com.br\/index.php?rest_route=%2Fwp%2Fv2%2Fcategories&post=2914"},{"taxonomy":"post_tag","embeddable":true,"href":"https:\/\/akaikki.com.br\/index.php?rest_route=%2Fwp%2Fv2%2Ftags&post=2914"}],"curies":[{"name":"wp","href":"https:\/\/api.w.org\/{rel}","templated":true}]}}