{"id":2897,"date":"2010-03-01T01:10:33","date_gmt":"2010-03-01T04:10:33","guid":{"rendered":"http:\/\/akaikki.com.br\/?p=2897"},"modified":"2013-02-19T02:54:50","modified_gmt":"2013-02-19T05:54:50","slug":"a-k-a-%e4%b8%80%e8%bc%9d-edicao-1533","status":"publish","type":"post","link":"https:\/\/akaikki.com.br\/?p=2897","title":{"rendered":"a.k.a.\u4e00\u8f1d!! &#8211; Edi\u00e7\u00e3o 1533"},"content":{"rendered":"<p style=\"text-align: justify;\"><img loading=\"lazy\" decoding=\"async\" class=\"alignleft\" style=\"border: 0px none; margin: 1px 4px;\" title=\"C\" src=\"https:\/\/akaikki.com.br\/layout\/caps\/cap_c.gif\" alt=\"\" width=\"39\" height=\"39\" \/>rian\u00e7as, hoje eu vou contar umas historinhas pra voc\u00eas&#8230; Certos fatos e not\u00edcias n\u00e3o podem passar sem pelo menos uma reflex\u00e3o. Ainda mais quando a gente tem o dom de ser abelhudo&#8230; Senta que l\u00e1 vem merda!<\/p>\n<p style=\"text-align: justify;\"><img loading=\"lazy\" decoding=\"async\" class=\"alignnone\" style=\"border: 0px none; margin: 0px 4px;\" src=\"https:\/\/akaikki.com.br\/layout\/icon01.png\" alt=\"\" width=\"45\" height=\"45\" align=\"absMiddle\" \/>&#8211; Pera\u00ed, se \u00e9 pra sentar porque l\u00e1 vem merda, \u00e9 melhor eu ir pro banheiro&#8230;<br \/>\n<img loading=\"lazy\" decoding=\"async\" class=\"alignnone\" style=\"border: 0px none; margin: 0px 4px;\" src=\"https:\/\/akaikki.com.br\/layout\/icon02.png\" alt=\"\" width=\"45\" height=\"45\" align=\"absMiddle\" \/>&#8211; Voc\u00ea entendeu&#8230;<br \/>\n<img loading=\"lazy\" decoding=\"async\" class=\"alignnone\" style=\"border: 0px none; margin: 0px 4px;\" src=\"https:\/\/akaikki.com.br\/layout\/icon01.png\" alt=\"\" width=\"45\" height=\"45\" align=\"absMiddle\" \/>&#8211; Eu entendi, mas a Lori provavelmente n\u00e3o entendeu&#8230;<br \/>\n<img loading=\"lazy\" decoding=\"async\" class=\"alignnone\" style=\"border: 0px none; margin: 0px 4px;\" src=\"https:\/\/akaikki.com.br\/layout\/icon07.png\" alt=\"\" width=\"45\" height=\"45\" align=\"absMiddle\" \/>&#8211; Oi?<\/p>\n<h1 style=\"text-align: center;\"><strong>A canetada da blasf\u00eamia<\/strong><\/h1>\n<p style=\"text-align: center;\">Que credibilidade ter\u00e1 uma imprensa sem qualifica\u00e7\u00e3o?<\/p>\n<p style=\"text-align: justify;\">Era uma vez um menino nascido no Rio de Janeiro. Vindo de uma fam\u00edlia pobre, filho de um bombeiro e uma professora, o moleque cresceu babando pela <a href=\"http:\/\/pt.wikipedia.org\/wiki\/Val%C3%A9ria_Monteiro\" target=\"_blank\">Val\u00e9ria Monteiro<\/a> &#8211; a Patr\u00edcia Poeta dos anos 90 &#8211; apresentando o Jornal Nacional. Com dois radialistas na fam\u00edlia, e mais a m\u00e3e &#8211; que viria a fazer Jornalismo enquanto ele estava no Ensino M\u00e9dio &#8211; o garoto n\u00e3o teve d\u00favidas: escolheu ser jornalista. Ou ser\u00e1 que foi a profiss\u00e3o que o escolheu?<\/p>\n<p style=\"text-align: justify;\">Em 1\u00b0 de mar\u00e7o de 2004 &#8211; h\u00e1 exatos 6 anos &#8211; o moleque, com 16 anos \u00e0 \u00e9poca, entra na faculdade de Comunica\u00e7\u00e3o Social. O sonho ficara cada vez mais perto, e em 30 de julho de 2008, protesta contra os abusos da sua univer<strong>$<\/strong>idade em plena formatura e faz o juramento: pronto, agora ele era jornalista. Desde o come\u00e7o da carreira, procurou fazer cursos, trabalhar e fazer bons trabalhos.<\/p>\n<p style=\"text-align: justify;\">Pra quem n\u00e3o conhece, esse moleque da hist\u00f3ria sou eu. Sem um pingo de medo ou vaidade, de ficha e cara limpas. Agora, eu vou contar uma outra hist\u00f3ria, tamb\u00e9m rapidinha&#8230;<\/p>\n<p style=\"text-align: justify;\">Edir nasceu tamb\u00e9m no Rio, mas na cidade de Rio da Flores. Nascido em uma fam\u00edlia cat\u00f3lica, chega a frequentar a umbanda e depois se converte crist\u00e3o evang\u00e9lico. Torna-se pastor e faz disso sua &#8220;profiss\u00e3o&#8221;, seu ganha-p\u00e3o (sem trocadilho), melhor dizendo. O &#8220;neg\u00f3cio&#8221; torna-se t\u00e3o rent\u00e1vel que Edir compra emissoras de TV e tem o seu pr\u00f3prio canal de televis\u00e3o. Em 1992, \u00e9 preso acusado de, entre outros crimes ainda mais graves, curandeirismo e charlatanismo.<\/p>\n<p style=\"text-align: justify;\">A partir da\u00ed, Edir Macedo Bezerra sofre uma s\u00e9rie de acusa\u00e7\u00f5es. Os programas da sua Igreja Universal do Reino de Deus incentivam o \u00f3dio \u00e0s religi\u00f5es afro-brasileiras e o espiritismo, atribuindo a estes cultos toda e qualquer manifesta\u00e7\u00e3o diab\u00f3lica. Supostos &#8220;exorcismos&#8221;, curas milagrosas e manifesta\u00e7\u00f5es de dem\u00f4nios s\u00e3o mostradas em rede nacional, muitas vezes realizadas com atores contratados. Os bispos da IURD <a href=\"http:\/\/pt.wikipedia.org\/wiki\/Chute_na_santa\" target=\"_blank\">chutam uma imagem<\/a> de Nossa Senhora Aparecida, padroeira do Brasil, em pleno dia da santa, e g\u00eaneros como o funk passam a ser pejorativamente retratados em programas como o &#8220;Fala Que Eu Te Escuto&#8221;.<\/p>\n<p style=\"text-align: justify;\">Em 2009, o Minist\u00e9rio P\u00fablico de S\u00e3o Paulo abre a\u00e7\u00e3o criminal contra Edir e mais 9 pessoas da Igreja Universal, acusando-as de crimes como forma\u00e7\u00e3o de quadrilha e lavagem de dinheiro &#8211; leia-se: dinheiro vindo das ofertas e d\u00edzimos dos fi\u00e9is. Torna-se de conhecimento nacional que pastores da IURD &#8220;vendem&#8221; terrenos no c\u00e9u, como se isso fosse poss\u00edvel. Meses antes de ser acusado de lavar dinheiro, pede no seu blog &#8220;ajuda dos fi\u00e9is&#8221; para mant\u00ea-lo no ar, supostamente a um custo de mais de R$ 107 mil <strong>por m\u00eas<\/strong>. No mesmo endere\u00e7o, no auge das den\u00fancias, sempre que a enquete sobre qual lado estaria certo (Globo ou Record\/IURD) aponta &#8220;vit\u00f3ria da Globo&#8221;, retira o questionamento do ar, retornando apenas quando a Record estivesse milhares de votos \u00e0 frente.<\/p>\n<p style=\"text-align: justify;\">A\u00ed eu pergunto a voc\u00eas: o que eu e o Bispo Macedo temos em comum? Quem me conhece n\u00e3o hesitaria em responder que nada. \u00c9, mas voc\u00eas erraram. Por for\u00e7a de uma decis\u00e3o judicial, agora somos colegas de profiss\u00e3o. Isso mesmo: Edir Macedo agora \u00e9 jornalista.<\/p>\n<p style=\"text-align: justify;\">A decis\u00e3o que d\u00e1 este direito ao bispo foi proferida pelo excelent\u00edssimo Sr. desembargador Fernando Marques, do Tribunal Regional Federal do Rio de Janeiro. A a\u00e7\u00e3o pedindo o benef\u00edcio, em face do Sindicato dos Jornalistas <strong><span style=\"text-decoration: underline;\">Profissionais<\/span><\/strong> do Munic\u00edpio do Rio de Janeiro, foi movida pelo mandat\u00e1rio da Igreja Universal em 2001. Mesmo sem nunca ter feito qualquer curso sobre Comunica\u00e7\u00e3o, Edir Macedo conseguiu uma qualifica\u00e7\u00e3o, ajudado por Gilmar Mendes, Ministro do Supremo Tribunal Federal &#8211; que em 17 de junho de 2009 deu parecer favor\u00e1vel a um processo que pedia a extin\u00e7\u00e3o da obrigatoriedade do diploma de jornalista para exercer a profiss\u00e3o, e foi acompanhado por quase todos os ministros da Suprema Corte brasileira. Vale ressaltar que os cursos em teologia feitos por Edir Macedo na FATEBOM s\u00e3o &#8220;cursos livres&#8221;, ou seja: <strong>N\u00c3O<\/strong> s\u00e3o reconhecidos pelo Minist\u00e9rio da Educa\u00e7\u00e3o como sendo v\u00e1lidos para fins profissionais.<\/p>\n<p style=\"text-align: justify;\">Moral da hist\u00f3ria: eu, que estudei quatro anos e meio, enfrentando chuva, sol, frio, calor, trens superlotados, mensalidades car\u00edssimas, faculdade longe de casa e tudo mais, terei a mesma profiss\u00e3o de algu\u00e9m que n\u00e3o tem legalidade nem pra exercer a profiss\u00e3o que lhe tornou milion\u00e1rio, que dir\u00e1 para a &#8220;nova&#8221;. Sim, senhoras e senhores, o mesmo homem que protagonizou cenas como estas, divulgadas em 1995:<\/p>\n<p style=\"text-align: center;\"><object classid=\"clsid:d27cdb6e-ae6d-11cf-96b8-444553540000\" width=\"500\" height=\"405\" codebase=\"http:\/\/download.macromedia.com\/pub\/shockwave\/cabs\/flash\/swflash.cab#version=6,0,40,0\"><param name=\"allowFullScreen\" value=\"true\" \/><param name=\"allowscriptaccess\" value=\"always\" \/><param name=\"src\" value=\"http:\/\/www.youtube.com\/v\/aNkmGAx5rqI&amp;hl=pt_BR&amp;fs=1&amp;color1=0x006699&amp;color2=0x54abd6&amp;border=1\" \/><param name=\"allowfullscreen\" value=\"true\" \/><embed type=\"application\/x-shockwave-flash\" width=\"500\" height=\"405\" src=\"http:\/\/www.youtube.com\/v\/aNkmGAx5rqI&amp;hl=pt_BR&amp;fs=1&amp;color1=0x006699&amp;color2=0x54abd6&amp;border=1\" allowscriptaccess=\"always\" allowfullscreen=\"true\"><\/embed><\/object><\/p>\n<blockquote>\n<p style=\"text-align: justify;\"><em>Se quiser <\/em>[dar dinheiro]<em>, bem, se n\u00e3o quiser, am\u00e9m! <strong>Ou d\u00e1 ou desce!!<\/strong><\/em><br \/>\nEdir Macedo, instruindo pastores a extorquir dinheiro dos fi\u00e9is da IURD.<\/p>\n<\/blockquote>\n<p style=\"text-align: justify;\">Este homem ganhou o direito de se declarar jornalista, aben\u00e7oado (com trocadilho) pela Justi\u00e7a. E voc\u00eas ainda se perguntam porque classificam o Brasil como &#8220;pa\u00eds de terceiro mundo&#8221;, &#8220;terra da corrup\u00e7\u00e3o&#8221;&#8230; As imagens de 15 anos atr\u00e1s falam por si. Extremamente <strong>REVOLTADO<\/strong>, deixo aqui meu protesto.<\/p>\n<p><img loading=\"lazy\" decoding=\"async\" title=\"Vin\u00edcius Sacramento est\u00e1 revoltado no n\u00edvel 100...\" src=\"https:\/\/akaikki.com.br\/layout\/assinaturas\/sig02.png\" alt=\"\" width=\"500\" height=\"43\" \/><\/p>\n","protected":false},"excerpt":{"rendered":"<p>rian\u00e7as, hoje eu vou contar umas historinhas pra voc\u00eas&#8230; Certos fatos e not\u00edcias n\u00e3o podem passar sem pelo menos uma reflex\u00e3o. Ainda mais quando a gente tem o dom de ser abelhudo&#8230; Senta que l\u00e1 vem merda! &#8211; Pera\u00ed, se \u00e9 pra sentar porque l\u00e1 vem merda, \u00e9 melhor eu ir pro banheiro&#8230; &#8211; Voc\u00ea<\/p>\n","protected":false},"author":18,"featured_media":0,"comment_status":"open","ping_status":"open","sticky":false,"template":"","format":"standard","meta":{"footnotes":""},"categories":[60],"tags":[],"class_list":["post-2897","post","type-post","status-publish","format-standard","hentry","category-pequenos-autores-grandes-texticulos"],"_links":{"self":[{"href":"https:\/\/akaikki.com.br\/index.php?rest_route=\/wp\/v2\/posts\/2897","targetHints":{"allow":["GET"]}}],"collection":[{"href":"https:\/\/akaikki.com.br\/index.php?rest_route=\/wp\/v2\/posts"}],"about":[{"href":"https:\/\/akaikki.com.br\/index.php?rest_route=\/wp\/v2\/types\/post"}],"author":[{"embeddable":true,"href":"https:\/\/akaikki.com.br\/index.php?rest_route=\/wp\/v2\/users\/18"}],"replies":[{"embeddable":true,"href":"https:\/\/akaikki.com.br\/index.php?rest_route=%2Fwp%2Fv2%2Fcomments&post=2897"}],"version-history":[{"count":26,"href":"https:\/\/akaikki.com.br\/index.php?rest_route=\/wp\/v2\/posts\/2897\/revisions"}],"predecessor-version":[{"id":15594,"href":"https:\/\/akaikki.com.br\/index.php?rest_route=\/wp\/v2\/posts\/2897\/revisions\/15594"}],"wp:attachment":[{"href":"https:\/\/akaikki.com.br\/index.php?rest_route=%2Fwp%2Fv2%2Fmedia&parent=2897"}],"wp:term":[{"taxonomy":"category","embeddable":true,"href":"https:\/\/akaikki.com.br\/index.php?rest_route=%2Fwp%2Fv2%2Fcategories&post=2897"},{"taxonomy":"post_tag","embeddable":true,"href":"https:\/\/akaikki.com.br\/index.php?rest_route=%2Fwp%2Fv2%2Ftags&post=2897"}],"curies":[{"name":"wp","href":"https:\/\/api.w.org\/{rel}","templated":true}]}}