{"id":2771,"date":"2010-02-20T01:43:22","date_gmt":"2010-02-20T03:43:22","guid":{"rendered":"http:\/\/akaikki.com.br\/?p=2771"},"modified":"2010-02-20T01:50:44","modified_gmt":"2010-02-20T03:50:44","slug":"a-k-a-%e4%b8%80%e8%bc%9d-edicao-1525","status":"publish","type":"post","link":"https:\/\/akaikki.com.br\/?p=2771","title":{"rendered":"a.k.a.\u4e00\u8f1d!! &#8211; Edi\u00e7\u00e3o 1525"},"content":{"rendered":"<p style=\"text-align: justify;\">\n<figure id=\"attachment_2772\" class=\"thumbnail wp-caption aligncenter\" style=\"width: 510px\"><a href=\"https:\/\/akaikki.com.br\/wp-content\/uploads\/2010\/02\/fifa2.png\"><img loading=\"lazy\" decoding=\"async\" class=\"size-full wp-image-2772\" title=\"Voc\u00ea era feliz e n\u00e3o sabia...\" src=\"https:\/\/akaikki.com.br\/wp-content\/uploads\/2010\/02\/fifa2.png\" alt=\"Voc\u00ea era feliz e n\u00e3o sabia...\" width=\"500\" height=\"312\" srcset=\"https:\/\/akaikki.com.br\/wp-content\/uploads\/2010\/02\/fifa2.png 500w, https:\/\/akaikki.com.br\/wp-content\/uploads\/2010\/02\/fifa2-300x187.png 300w\" sizes=\"auto, (max-width: 500px) 100vw, 500px\" \/><\/a><figcaption class=\"caption wp-caption-text\">Voc\u00ea era feliz e n\u00e3o sabia...<\/figcaption><\/figure>\n<p style=\"text-align: justify;\"><img loading=\"lazy\" decoding=\"async\" class=\"alignleft\" style=\"border: 0px none; margin: 1px 4px;\" src=\"https:\/\/akaikki.com.br\/layout\/caps\/cap_e.gif\" alt=\"\" width=\"39\" height=\"39\" \/>ssa vem do fundo da Olhota do Tempo&#8230; Quem n\u00e3o se lembra do primeiro Fifa Soccer? O velho e indefect\u00edvel macete de ficar na frente do goleiro quando ele vai chutar a bola e fazer gol&#8230; Quem nunca considerou a dupla formada por <strong>Rico Salamar<\/strong> e <strong>Janco Tianno<\/strong> como a melhor dupla de ataque do mundo?<\/p>\n<p style=\"text-align: justify;\"><a href=\"https:\/\/akaikki.com.br\/wp-content\/uploads\/2010\/02\/iss_brasil.gif\"><img loading=\"lazy\" decoding=\"async\" class=\"alignright size-full wp-image-2774\" title=\"A melhor Sele\u00e7\u00e3o Brasileira de todos os tempos...!!\" src=\"https:\/\/akaikki.com.br\/wp-content\/uploads\/2010\/02\/iss_brasil.gif\" alt=\"\" width=\"192\" height=\"144\" \/><\/a>Mas a melhor Sele\u00e7\u00e3o Brasileira de todos os tempos era a seguinte: <strong>da Silva<\/strong> no gol, <strong>C\u00edcero<\/strong>, <strong>Paco<\/strong>, <strong>Vincento<\/strong> e <strong>Ferreira<\/strong> na zaga; <strong>Roca<\/strong>, <strong>Santos<\/strong>, <strong>Pardilla<\/strong> e <strong>Beranco<\/strong> no meio-campo; <strong>Gomes<\/strong> e <strong>Allejo<\/strong> no ataque&#8230; (fora os reservas: o goleiro <strong>Sousa<\/strong>, o zagueiro <strong>Marengez<\/strong>, o lateral <strong>Negros<\/strong>, os meias <strong>Rivero<\/strong>, <strong>Le\u00e3o<\/strong>, <strong>Canell<\/strong> e <strong>Fontana<\/strong>, e os atacantes <strong>Senior<\/strong> e <strong>Seneca<\/strong>&#8230;)<\/p>\n<p style=\"text-align: justify;\">(aguardo ansiosamente o dia em que Tianno e Allejo duelar\u00e3o para ver quem \u00e9 o melhor atacante de toda a hist\u00f3ria&#8230;)<\/p>\n<p style=\"text-align: justify;\">Mas h\u00e1 um dado bastante curioso na Sele\u00e7\u00e3o Mexicana do primeiro FIFA Soccer&#8230; Eu fui observar a escala\u00e7\u00e3o do time e achei algu\u00e9m muito familiar&#8230;<\/p>\n<p style=\"text-align: justify;\">\n<figure id=\"attachment_2782\" class=\"thumbnail wp-caption aligncenter\" style=\"width: 510px\"><a href=\"https:\/\/akaikki.com.br\/wp-content\/uploads\/2010\/02\/madruga_fifa1.jpg\"><img loading=\"lazy\" decoding=\"async\" class=\"size-large wp-image-2782   \" title=\"Viva Mexico!! Que pas\u00f3, que pas\u00f3, vamos ahy...\" src=\"https:\/\/akaikki.com.br\/wp-content\/uploads\/2010\/02\/madruga_fifa1-500x433.jpg\" alt=\"O ataque da Sele\u00e7\u00e3o Mexicana...\" width=\"500\" height=\"433\" srcset=\"https:\/\/akaikki.com.br\/wp-content\/uploads\/2010\/02\/madruga_fifa1-500x433.jpg 500w, https:\/\/akaikki.com.br\/wp-content\/uploads\/2010\/02\/madruga_fifa1-300x260.jpg 300w, https:\/\/akaikki.com.br\/wp-content\/uploads\/2010\/02\/madruga_fifa1.jpg 512w\" sizes=\"auto, (max-width: 500px) 100vw, 500px\" \/><\/a><figcaption class=\"caption wp-caption-text\">Viva Mexico!! Que pas\u00f3, que pas\u00f3, vamos ahy...<\/figcaption><\/figure>\n<p style=\"text-align: justify;\">Com um atacante desses, a Sele\u00e7\u00e3o Mexicana vai longe&#8230; Ali\u00e1s, coincidentemente, o n\u00famero dele tamb\u00e9m \u00e9 bem aben\u00e7oado&#8230; S\u00f3 resta saber se o nome era coincid\u00eancia ou era MESMO uma homenagem p\u00f3stuma ao grande Don Ramon&#8230; (Ramon Valdez morreu em 1988, FIFA Soccer foi lan\u00e7ado em 1993&#8230;)<\/p>\n<p style=\"text-align: justify;\">\n<figure id=\"attachment_2783\" class=\"thumbnail wp-caption aligncenter\" style=\"width: 343px\"><a href=\"https:\/\/akaikki.com.br\/wp-content\/uploads\/2010\/02\/fionas.jpg\"><img loading=\"lazy\" decoding=\"async\" class=\"size-full wp-image-2783\" title=\"Lahys Thedin, a Mulher Abacate...\" src=\"https:\/\/akaikki.com.br\/wp-content\/uploads\/2010\/02\/fionas.jpg\" alt=\"Lahys Thedin, a Mulher Abacate...\" width=\"333\" height=\"307\" srcset=\"https:\/\/akaikki.com.br\/wp-content\/uploads\/2010\/02\/fionas.jpg 333w, https:\/\/akaikki.com.br\/wp-content\/uploads\/2010\/02\/fionas-300x276.jpg 300w\" sizes=\"auto, (max-width: 333px) 100vw, 333px\" \/><\/a><figcaption class=\"caption wp-caption-text\">Lahys Thedin, a Mulher Abacate...<\/figcaption><\/figure>\n<p style=\"text-align: justify;\">&#8230;porque eu ainda acho que a Lahys poderia aparecer no site em melhor estilo, n\u00e3o com a cara toda pintada de verde&#8230;<\/p>\n<p style=\"text-align: justify;\"><img loading=\"lazy\" decoding=\"async\" class=\"alignnone\" style=\"border: 0px none; margin: 0px 4px;\" src=\"https:\/\/akaikki.com.br\/layout\/icon10.png\" alt=\"\" width=\"45\" height=\"45\" align=\"absMiddle\" \/><span style=\"color: #ff0000;\">&#8211; Tamb\u00e9m acho&#8230; Mas pelo menos apareci de verdade&#8230;<\/span><br \/>\n<img loading=\"lazy\" decoding=\"async\" class=\"alignnone\" style=\"border: 0px none; margin: 0px 4px;\" src=\"https:\/\/akaikki.com.br\/layout\/icon10.png\" alt=\"\" width=\"45\" height=\"45\" align=\"absMiddle\" \/><span style=\"color: #0000ff;\">&#8211; Ah, cala essa porra dessa boca!!<br \/>\n<\/span><\/p>\n<p><img loading=\"lazy\" decoding=\"async\" title=\"Erick Von Draxeler \u00e9 f\u00e3 de International Superstar Soccer e de Ramon Valdez... E tamb\u00e9m acha que Allejo \u00e9 melhor que Eto'o...\" src=\"https:\/\/akaikki.com.br\/layout\/assinaturas\/sig01.png\" alt=\"\" width=\"500\" height=\"43\" \/><\/p>\n","protected":false},"excerpt":{"rendered":"<p>ssa vem do fundo da Olhota do Tempo&#8230; Quem n\u00e3o se lembra do primeiro Fifa Soccer? O velho e indefect\u00edvel macete de ficar na frente do goleiro quando ele vai chutar a bola e fazer gol&#8230; Quem nunca considerou a dupla formada por Rico Salamar e Janco Tianno como a melhor dupla de ataque do<\/p>\n","protected":false},"author":2,"featured_media":0,"comment_status":"open","ping_status":"open","sticky":false,"template":"","format":"standard","meta":{"footnotes":""},"categories":[1,22],"tags":[],"class_list":["post-2771","post","type-post","status-publish","format-standard","hentry","category-besteirol","category-olhota-do-tempo"],"_links":{"self":[{"href":"https:\/\/akaikki.com.br\/index.php?rest_route=\/wp\/v2\/posts\/2771","targetHints":{"allow":["GET"]}}],"collection":[{"href":"https:\/\/akaikki.com.br\/index.php?rest_route=\/wp\/v2\/posts"}],"about":[{"href":"https:\/\/akaikki.com.br\/index.php?rest_route=\/wp\/v2\/types\/post"}],"author":[{"embeddable":true,"href":"https:\/\/akaikki.com.br\/index.php?rest_route=\/wp\/v2\/users\/2"}],"replies":[{"embeddable":true,"href":"https:\/\/akaikki.com.br\/index.php?rest_route=%2Fwp%2Fv2%2Fcomments&post=2771"}],"version-history":[{"count":12,"href":"https:\/\/akaikki.com.br\/index.php?rest_route=\/wp\/v2\/posts\/2771\/revisions"}],"predecessor-version":[{"id":2789,"href":"https:\/\/akaikki.com.br\/index.php?rest_route=\/wp\/v2\/posts\/2771\/revisions\/2789"}],"wp:attachment":[{"href":"https:\/\/akaikki.com.br\/index.php?rest_route=%2Fwp%2Fv2%2Fmedia&parent=2771"}],"wp:term":[{"taxonomy":"category","embeddable":true,"href":"https:\/\/akaikki.com.br\/index.php?rest_route=%2Fwp%2Fv2%2Fcategories&post=2771"},{"taxonomy":"post_tag","embeddable":true,"href":"https:\/\/akaikki.com.br\/index.php?rest_route=%2Fwp%2Fv2%2Ftags&post=2771"}],"curies":[{"name":"wp","href":"https:\/\/api.w.org\/{rel}","templated":true}]}}