{"id":2710,"date":"2010-02-19T11:55:05","date_gmt":"2010-02-19T13:55:05","guid":{"rendered":"http:\/\/akaikki.com.br\/?p=2710"},"modified":"2010-02-19T11:55:05","modified_gmt":"2010-02-19T13:55:05","slug":"a-k-a-%e4%b8%80%e8%bc%9d-%e2%80%93-edicao-1521","status":"publish","type":"post","link":"https:\/\/akaikki.com.br\/?p=2710","title":{"rendered":"a.k.a.\u4e00\u8f1d!! \u2013 Edi\u00e7\u00e3o 1521"},"content":{"rendered":"<p style=\"text-align: justify;\"><img loading=\"lazy\" decoding=\"async\" class=\"alignleft\" style=\"border: 0px none; margin: 1px 4px;\" src=\"https:\/\/akaikki.com.br\/layout\/caps\/cap_n.gif\" alt=\"\" width=\"39\" height=\"39\" \/>ot\u00edcia da vez: &#8220;<a href=\"http:\/\/g1.globo.com\/Noticias\/Rio\/0,,MUL1495523-5606,00.html\" target=\"_blank\">Jovem envolvido na morte de Jo\u00e3o H\u00e9lio ganha a liberdade<\/a>&#8220;&#8230; E, de quebra, ele vai pra Su\u00ed\u00e7a com a fam\u00edlia, porque todos estavam sofrendo amea\u00e7as de morte, precisam reconstruir a vida, era menor de idade, etc, etc&#8230; T\u00e1&#8230; Tudo muito bonito&#8230; E o menino Jo\u00e3o H\u00e9lio? E a fam\u00edlia dele? Quem vai dar a eles a chance de reconstru\u00edrem suas vidas?<\/p>\n<p style=\"text-align: center;\"><object classid=\"clsid:d27cdb6e-ae6d-11cf-96b8-444553540000\" width=\"500\" height=\"405\" codebase=\"http:\/\/download.macromedia.com\/pub\/shockwave\/cabs\/flash\/swflash.cab#version=6,0,40,0\"><param name=\"allowFullScreen\" value=\"true\" \/><param name=\"allowscriptaccess\" value=\"always\" \/><param name=\"src\" value=\"http:\/\/www.youtube.com\/v\/ZILJzdOCk7E&amp;hl=pt_BR&amp;fs=1&amp;color1=0x006699&amp;color2=0x54abd6&amp;border=1\" \/><param name=\"allowfullscreen\" value=\"true\" \/><embed type=\"application\/x-shockwave-flash\" width=\"500\" height=\"405\" src=\"http:\/\/www.youtube.com\/v\/ZILJzdOCk7E&amp;hl=pt_BR&amp;fs=1&amp;color1=0x006699&amp;color2=0x54abd6&amp;border=1\" allowscriptaccess=\"always\" allowfullscreen=\"true\"><\/embed><\/object><br \/>\nFa\u00e7o minhas as palavras deste sujeito&#8230; Esse \u00e9 o cara&#8230;<\/p>\n<p><img loading=\"lazy\" decoding=\"async\" title=\"Erick Von Draxeler acha que bandido bom \u00e9 bandido morto...\" src=\"https:\/\/akaikki.com.br\/layout\/assinaturas\/sig01.png\" alt=\"\" width=\"500\" height=\"43\" \/><\/p>\n","protected":false},"excerpt":{"rendered":"<p>ot\u00edcia da vez: &#8220;Jovem envolvido na morte de Jo\u00e3o H\u00e9lio ganha a liberdade&#8220;&#8230; E, de quebra, ele vai pra Su\u00ed\u00e7a com a fam\u00edlia, porque todos estavam sofrendo amea\u00e7as de morte, precisam reconstruir a vida, era menor de idade, etc, etc&#8230; T\u00e1&#8230; Tudo muito bonito&#8230; E o menino Jo\u00e3o H\u00e9lio? E a fam\u00edlia dele? Quem vai<\/p>\n","protected":false},"author":2,"featured_media":0,"comment_status":"open","ping_status":"open","sticky":false,"template":"","format":"standard","meta":{"footnotes":""},"categories":[60],"tags":[],"class_list":["post-2710","post","type-post","status-publish","format-standard","hentry","category-pequenos-autores-grandes-texticulos"],"_links":{"self":[{"href":"https:\/\/akaikki.com.br\/index.php?rest_route=\/wp\/v2\/posts\/2710","targetHints":{"allow":["GET"]}}],"collection":[{"href":"https:\/\/akaikki.com.br\/index.php?rest_route=\/wp\/v2\/posts"}],"about":[{"href":"https:\/\/akaikki.com.br\/index.php?rest_route=\/wp\/v2\/types\/post"}],"author":[{"embeddable":true,"href":"https:\/\/akaikki.com.br\/index.php?rest_route=\/wp\/v2\/users\/2"}],"replies":[{"embeddable":true,"href":"https:\/\/akaikki.com.br\/index.php?rest_route=%2Fwp%2Fv2%2Fcomments&post=2710"}],"version-history":[{"count":5,"href":"https:\/\/akaikki.com.br\/index.php?rest_route=\/wp\/v2\/posts\/2710\/revisions"}],"predecessor-version":[{"id":2722,"href":"https:\/\/akaikki.com.br\/index.php?rest_route=\/wp\/v2\/posts\/2710\/revisions\/2722"}],"wp:attachment":[{"href":"https:\/\/akaikki.com.br\/index.php?rest_route=%2Fwp%2Fv2%2Fmedia&parent=2710"}],"wp:term":[{"taxonomy":"category","embeddable":true,"href":"https:\/\/akaikki.com.br\/index.php?rest_route=%2Fwp%2Fv2%2Fcategories&post=2710"},{"taxonomy":"post_tag","embeddable":true,"href":"https:\/\/akaikki.com.br\/index.php?rest_route=%2Fwp%2Fv2%2Ftags&post=2710"}],"curies":[{"name":"wp","href":"https:\/\/api.w.org\/{rel}","templated":true}]}}