{"id":2617,"date":"2010-02-18T16:27:30","date_gmt":"2010-02-18T18:27:30","guid":{"rendered":"http:\/\/akaikki.com.br\/?p=2617"},"modified":"2010-02-18T18:08:26","modified_gmt":"2010-02-18T20:08:26","slug":"a-k-a-%e4%b8%80%e8%bc%9d-%e2%80%93-edicao-1518","status":"publish","type":"post","link":"https:\/\/akaikki.com.br\/?p=2617","title":{"rendered":"a.k.a.\u4e00\u8f1d!! \u2013 Edi\u00e7\u00e3o 1518"},"content":{"rendered":"<p style=\"text-align: justify;\"><img loading=\"lazy\" decoding=\"async\" class=\"alignleft\" style=\"border: 0px none; margin: 1px 4px;\" src=\"https:\/\/akaikki.com.br\/layout\/caps\/cap_o.gif\" alt=\"\" width=\"39\" height=\"39\" \/>l\u00e1, crian\u00e7ada&#8230; Hoje vou contar uma hist\u00f3ria pra voc\u00eas&#8230; Em 2005, um certo rapaz argentino me procurou no MSN por conta de uns trabalhinhos que eu fiz no GP3&#8230; Na \u00e9poca, o Cristiano estava bolando uma cobertura pra Copa de 2006 e eu tive a fabulosa ideia (que tinha acento na \u00e9poca&#8230;) de convocar alguns amigos meus estrangeiros pra comentar sobre as outras sele\u00e7\u00f5es que iam participar daquela Copa&#8230; Era uma chance de mostrar como outros povos veem este evento&#8230;<\/p>\n<p style=\"text-align: justify;\">Me lembro que tinha contato com um alem\u00e3o, Fridtjof Knirsch, e o tal argentino que mencionei no primeiro par\u00e1grafo&#8230; At\u00e9 a Copa, perdi contato com o alem\u00e3o, mas o argentino apareceu por aqui e, at\u00e9 hoje, \u00e9 mencionado neste site&#8230; <a href=\"https:\/\/akaikki.com.br\/?page_id=197\" target=\"_blank\">Creio que voc\u00eas saibam de quem eu estou falando&#8230;<\/a><\/p>\n<p style=\"text-align: justify;\">A presen\u00e7a do Aure neste site (nas vezes em que ele aparece) mostra como dois povos t\u00e3o rivais podem se entender bem&#8230; (e eu n\u00e3o me entendo com a Jan\u00e1i tricolor, a Nina botafoguense e o Cristiano vasca\u00edno?) E ela tem sido bastante \u00fatil em determinadas not\u00edcias envolvendo os nossos hermanos&#8230; Mais especificamente ainda a novela envolvendo a <a href=\"http:\/\/pt.wikipedia.org\/wiki\/Campos_Grand_Prix\" target=\"_blank\">Campos GP<\/a>, a <a href=\"http:\/\/pt.wikipedia.org\/wiki\/US_F1\" target=\"_blank\">US F1<\/a>, a <a href=\"http:\/\/pt.wikipedia.org\/wiki\/Stefan_Grand_Prix\" target=\"_blank\">Stefan GP<\/a> e o piloto argentino <a href=\"http:\/\/pt.wikipedia.org\/wiki\/Jos%C3%A9_Mar%C3%ADa_L%C3%B3pez\" target=\"_blank\">Jos\u00e9 Mar\u00eda Lopez<\/a>&#8230;<\/p>\n<figure id=\"attachment_2618\" class=\"thumbnail wp-caption aligncenter\" style=\"width: 510px\"><a href=\"https:\/\/akaikki.com.br\/wp-content\/uploads\/2010\/02\/fran-pech.jpg\"><img loading=\"lazy\" decoding=\"async\" class=\"size-full wp-image-2618   \" title=\"Francisco Aure e Jos\u00e9 Mar\u00eda L\u00f3pez em evento de kart realizado na cidade de Z\u00e1rate, que fica 100km ao norte de Buenos Aires...\" src=\"https:\/\/akaikki.com.br\/wp-content\/uploads\/2010\/02\/fran-pech.jpg\" alt=\"Francisco Aure e Jos\u00e9 Mar\u00eda L\u00f3pez em evento de kart realizado em Buenos Aires...\" width=\"500\" height=\"375\" srcset=\"https:\/\/akaikki.com.br\/wp-content\/uploads\/2010\/02\/fran-pech.jpg 500w, https:\/\/akaikki.com.br\/wp-content\/uploads\/2010\/02\/fran-pech-300x225.jpg 300w\" sizes=\"auto, (max-width: 500px) 100vw, 500px\" \/><\/a><figcaption class=\"caption wp-caption-text\">Francisco Aure e Jos\u00e9 Mar\u00eda L\u00f3pez em evento de kart realizado na cidade de Z\u00e1rate, que fica 100km ao norte de Buenos Aires...<\/figcaption><\/figure>\n<p style=\"text-align: justify;\">Francisco conhece Jos\u00e9 Mar\u00eda de alguns eventos ocorridos na terra de Maradona&#8230; E \u00e9 um dos que mais quer que Pechito (como L\u00f3pez \u00e9 conhecido na Argentina) chegue \u00e0 F\u00f3rmula 1&#8230; Nem preciso dizer que Francisco quase teve um orgasmo quando soube que L\u00f3pez havia sido confirmado na US F1&#8230;<\/p>\n<p style=\"text-align: justify;\">O que se seguiu depois disso foram especula\u00e7\u00f5es envolvendo o futuro da equipe americana e da Campos&#8230; Eu me lembro que at\u00e9 havia &#8220;apostado&#8221; com Francisco sobre qual dos dois, Bruno Senna ou Jos\u00e9 Mar\u00eda L\u00f3pez, n\u00e3o conseguiria estrear na F\u00f3rmula 1 por causa da fal\u00eancia do seu time&#8230;<\/p>\n<p style=\"text-align: justify;\">Desde o an\u00fancio de Pechito na equipe americana, Francisco mantinha a mensagem no sub-nick do MSN: &#8220;US F1 #22&#8221;, refer\u00eancia ao n\u00famero com o qual ele foi inscrito pela FIA<span style=\"text-decoration: line-through;\">daputa<\/span> pra Temporada 2010&#8230; E foi assim at\u00e9 ontem, quando no mesmo espa\u00e7o, aparecia escrito &#8220;Campos Meta #20&#8243;&#8230;<\/p>\n<p style=\"text-align: justify;\">L\u00e1 fui eu tentar entender o que se passava&#8230; Segue o papo que rolou com Francisco Aure sobre o assunto, traduzido&#8230;<\/p>\n<hr \/>\n<p style=\"text-align: justify;\"><img loading=\"lazy\" decoding=\"async\" class=\"alignnone\" style=\"border: 0px none; margin: 0px 4px;\" src=\"https:\/\/akaikki.com.br\/layout\/icon01.png\" alt=\"\" width=\"45\" height=\"45\" align=\"absMiddle\" \/>&#8211; Campos Meta #20?<br \/>\n<img loading=\"lazy\" decoding=\"async\" class=\"alignleft\" style=\"border: 0px none; margin: 0px 4px;\" src=\"https:\/\/akaikki.com.br\/layout\/icon05.png\" alt=\"\" width=\"45\" height=\"45\" align=\"absMiddle\" \/>&#8211; \u00c9 a \u00fanica chance que Jos\u00e9 Mar\u00eda L\u00f3pez tem&#8230; E as negocia\u00e7\u00f5es j\u00e1 est\u00e3o em andamento&#8230; Chad Hurley (dono do YouTube) deixou a USF1, mas como ele quer ficar na F\u00f3rmula 1, agora ele est\u00e1 em conversa\u00e7\u00f5es com Campos e contrato de L\u00f3pez poderia estar ligado a isso&#8230;<br \/>\n<img loading=\"lazy\" decoding=\"async\" class=\"alignnone\" style=\"border: 0px none; margin: 0px 4px;\" title=\"Ikki\" src=\"https:\/\/akaikki.com.br\/layout\/icon01.png\" alt=\"\" width=\"45\" height=\"45\" align=\"absMiddle\" \/>&#8211; Ent\u00e3o a USFai1 j\u00e1 era?<strong> <\/strong><\/p>\n<blockquote>\n<p style=\"text-align: justify;\"><strong>IPC:<\/strong> USFai1 = USF1 + Fail<\/p>\n<\/blockquote>\n<p style=\"text-align: justify;\"><img loading=\"lazy\" decoding=\"async\" class=\"alignnone\" style=\"border: 0px none; margin: 0px 4px;\" src=\"https:\/\/akaikki.com.br\/layout\/icon05.png\" alt=\"\" width=\"45\" height=\"45\" align=\"absMiddle\" \/>&#8211; 95%&#8230; Eu te contei sobre o encontro de Windsor com o pai de L\u00f3pez?<br \/>\n<img loading=\"lazy\" decoding=\"async\" class=\"alignnone\" style=\"border: 0px none; margin: 0px 4px;\" src=\"https:\/\/akaikki.com.br\/layout\/icon01.png\" alt=\"\" width=\"45\" height=\"45\" align=\"absMiddle\" \/>&#8211; Prossiga&#8230;<br \/>\n<img loading=\"lazy\" decoding=\"async\" class=\"alignleft\" style=\"border: 0px none; margin: 0px 4px;\" src=\"https:\/\/akaikki.com.br\/layout\/icon05.png\" alt=\"\" width=\"45\" height=\"45\" align=\"absMiddle\" \/>&#8211; Windsor se reuniu ontem Jos\u00e9 Mar\u00eda L\u00f3pez Sr. e Felipe McGough&#8230; McGough foi um jornalista da F\u00f3rmula 1 e \u00e9 o homem que conseguiu todos os contatos para colocar Pechito na categoria&#8230; Windsor lhes disse com l\u00e1grimas nos olhos (sim, com l\u00e1grimas nos olhos&#8230;) que n\u00e3o estariam a tempo para GP do Bahrein, por isso, todos n\u00f3s temos que pedir desculpas a Ecclestone: ele estava certo&#8230; E voc\u00ea estava certo tamb\u00e9m&#8230; Perdi a aposta \ud83d\ude1b<br \/>\n<img loading=\"lazy\" decoding=\"async\" class=\"alignnone\" style=\"border: 0px none; margin: 0px 4px;\" src=\"https:\/\/akaikki.com.br\/layout\/icon01.png\" alt=\"\" width=\"45\" height=\"45\" align=\"absMiddle\" \/>&#8211; OK, isso significa que USFai1 j\u00e1 era&#8230;<br \/>\n<img loading=\"lazy\" decoding=\"async\" class=\"alignleft\" style=\"border: 0px none; margin: 0px 4px;\" src=\"https:\/\/akaikki.com.br\/layout\/icon05.png\" alt=\"\" width=\"45\" height=\"45\" align=\"absMiddle\" \/>&#8211; Sim&#8230; Windsor falou \u00e0 revista Corsa hoje e disse &#8220;N\u00e3o estamos mortos&#8230; Teremos uma importante reuni\u00e3o no s\u00e1bado&#8230;&#8221;<br \/>\n<span style=\"color: #ffffff;\">.<br \/>\n.<\/span><br \/>\n<img loading=\"lazy\" decoding=\"async\" class=\"alignnone\" style=\"border: 0px none; margin: 0px 4px;\" src=\"https:\/\/akaikki.com.br\/layout\/icon01.png\" alt=\"\" width=\"45\" height=\"45\" align=\"absMiddle\" \/>&#8211; OK&#8230; E como a Campos entra nessa festa?<br \/>\n<img loading=\"lazy\" decoding=\"async\" class=\"alignleft\" style=\"border: 0px none; margin: 0px 4px;\" src=\"https:\/\/akaikki.com.br\/layout\/icon05.png\" alt=\"\" width=\"45\" height=\"45\" align=\"absMiddle\" \/>&#8211; Chad Hurley saiu da USF1, mas ele n\u00e3o quer deixar a F-1&#8230; E como a Campos tem seus carros prontos, mas est\u00e3o procurando patrocinadores para pagar pelos chassis da Dallara, Hurley e Campos est\u00e3o negociando agora&#8230; E como a USF1 tinha um contrato com L\u00f3pez, h\u00e1 uma chance de ver uma esp\u00e9cie de &#8220;YouTube Campos F1 Team&#8221;, formado por Bruno e Pechito&#8230;<br \/>\n<img loading=\"lazy\" decoding=\"async\" class=\"alignnone\" style=\"border: 0px none; margin: 0px 4px;\" src=\"https:\/\/akaikki.com.br\/layout\/icon01.png\" alt=\"\" width=\"45\" height=\"45\" align=\"absMiddle\" \/>&#8211; !!<br \/>\n<img loading=\"lazy\" decoding=\"async\" class=\"alignleft\" style=\"border: 0px none; margin: 0px 4px;\" src=\"https:\/\/akaikki.com.br\/layout\/icon05.png\" alt=\"\" width=\"45\" height=\"45\" align=\"absMiddle\" \/>&#8211; Nada certo ainda, mas a possibilidade existe&#8230; Al\u00e9m disso, h\u00e1 uma chance de 2% de L\u00f3pez pilotar pra Stefan GP&#8230; Acontece que McGough e L\u00f3pez Sr se reuniram com Ecclestone hoje (ontem, 17 de fevereiro) para pedir ajuda, s\u00f3 para manter Pechito na F\u00f3rmula 1 &#8230; Caso contr\u00e1rio, v\u00ea-lo de volta na Argentina seria simplesmente devastador&#8230; Stefan GP est\u00e1 pronta para entrar, eles v\u00e3o testar no Algarve na pr\u00f3xima semana e ent\u00e3o eles v\u00e3o para o Bahrein&#8230; Kazuki Nakajima ser\u00e1 um dos pilotos e o outro pode ser Karun Chandhok ou Ralf Schumacher (\u00e9&#8230; o Ralf&#8230;), mas, talvez Ecclestone pode recomendar L\u00f3pez na Stefan, seria a melhor op\u00e7\u00e3o para Pechito, mas neste momento, menos de um m\u00eas antes do GP em primeiro lugar, \u00e9 preciso fazer tudo o que for poss\u00edvel&#8230;<br \/>\n<img loading=\"lazy\" decoding=\"async\" class=\"alignnone\" style=\"border: 0px none; margin: 0px 4px;\" src=\"https:\/\/akaikki.com.br\/layout\/icon01.png\" alt=\"\" width=\"45\" height=\"45\" align=\"absMiddle\" \/>&#8211; Entendi&#8230;<br \/>\n<img loading=\"lazy\" decoding=\"async\" class=\"alignleft\" style=\"border: 0px none; margin: 0px 4px;\" src=\"https:\/\/akaikki.com.br\/layout\/icon05.png\" alt=\"\" width=\"45\" height=\"45\" align=\"absMiddle\" \/>&#8211; L\u00f3pez precisa pilotar em alguma equipe, n\u00e3o importa se na Campos ou na Stefan&#8230; <strong>MAS, POR FAVOR!! PERMITAM QUE ELE PILOTE NA F\u00d3RMULA 1, PELO AMOR DE DEUS!!<\/strong> Stefan poderia ser uma escolha melhor do que a Campos, porque eles compraram toda a estrutura da Toyota em 2009 e mais o projeto do carro de 2010 e, tamb\u00e9m, Kazuki n\u00e3o \u00e9 t\u00e3o bom como o Bruno&#8230; Seria uma boa op\u00e7\u00e3o para Pecho para mostrar suas habilidades e vencer o primeiro piloto&#8230; (Kazuki) Al\u00e9m disso, o carro poderia ser facilmente no meio do grid, a Campos vai ficar da 20\u00aa posi\u00e7\u00e3o pra tr\u00e1s e Senna \u00e9 muito mais competitivo, mas eu repito: se for pra ser na Campos, que seja&#8230;<\/p>\n<hr \/>\n<p style=\"text-align: justify;\">Pachequismos \u00e0 parte, o que mais me faz cagar tijolos \u00e9 que as informa\u00e7\u00f5es est\u00e3o procedendo!! Se for o caso, a Campos entra junto com a Stefan, que cobriria a 13\u00aa vaga deixada pelos americanos&#8230; Os Z\u00e9ua se lascaram de novo&#8230; Mas me impressiona como o Francisco esteja sabendo de tanta coisa&#8230;<\/p>\n<p><img loading=\"lazy\" decoding=\"async\" class=\"alignnone\" style=\"border: 0px none; margin: 0px 4px;\" src=\"https:\/\/akaikki.com.br\/layout\/icon08.png\" alt=\"\" width=\"45\" height=\"45\" align=\"absMiddle\" \/><a title=\"Voc\u00ea est\u00e1 sabendo demais... Agora MORRA!!\">&#8211; \u304a\u524d\u306f\u3057\u3059\u304e\u308b\u3068\u305d\u308c\u306b\u3064\u3044\u3066\u77e5\u3063\u3066\u3044\u308b&#8230; \u306a\u3089\u3070<strong>\u6b7b\u306d!!<\/strong><\/a><\/p>\n<p style=\"text-align: center;\">Jan\u00e1i Himura extermina Francisco&#8230; E aguardem os pr\u00f3ximos cap\u00edtulos desta novela&#8230;<\/p>\n<p><img decoding=\"async\" title=\"Erick Von Draxeler vai ter que rir da cara do Francisco se Jos\u00e9 Mar\u00eda L\u00f3pez n\u00e3o conseguir correr na F\u00f3rmula 1 em 2010...\" src=\"https:\/\/akaikki.com.br\/layout\/assinaturas\/sig01.png\" alt=\"\" \/><\/p>\n","protected":false},"excerpt":{"rendered":"<p>l\u00e1, crian\u00e7ada&#8230; Hoje vou contar uma hist\u00f3ria pra voc\u00eas&#8230; Em 2005, um certo rapaz argentino me procurou no MSN por conta de uns trabalhinhos que eu fiz no GP3&#8230; Na \u00e9poca, o Cristiano estava bolando uma cobertura pra Copa de 2006 e eu tive a fabulosa ideia (que tinha acento na \u00e9poca&#8230;) de convocar alguns<\/p>\n","protected":false},"author":2,"featured_media":0,"comment_status":"open","ping_status":"open","sticky":false,"template":"","format":"standard","meta":{"footnotes":""},"categories":[79,1],"tags":[],"class_list":["post-2617","post","type-post","status-publish","format-standard","hentry","category-automobilismo","category-besteirol"],"_links":{"self":[{"href":"https:\/\/akaikki.com.br\/index.php?rest_route=\/wp\/v2\/posts\/2617","targetHints":{"allow":["GET"]}}],"collection":[{"href":"https:\/\/akaikki.com.br\/index.php?rest_route=\/wp\/v2\/posts"}],"about":[{"href":"https:\/\/akaikki.com.br\/index.php?rest_route=\/wp\/v2\/types\/post"}],"author":[{"embeddable":true,"href":"https:\/\/akaikki.com.br\/index.php?rest_route=\/wp\/v2\/users\/2"}],"replies":[{"embeddable":true,"href":"https:\/\/akaikki.com.br\/index.php?rest_route=%2Fwp%2Fv2%2Fcomments&post=2617"}],"version-history":[{"count":12,"href":"https:\/\/akaikki.com.br\/index.php?rest_route=\/wp\/v2\/posts\/2617\/revisions"}],"predecessor-version":[{"id":2669,"href":"https:\/\/akaikki.com.br\/index.php?rest_route=\/wp\/v2\/posts\/2617\/revisions\/2669"}],"wp:attachment":[{"href":"https:\/\/akaikki.com.br\/index.php?rest_route=%2Fwp%2Fv2%2Fmedia&parent=2617"}],"wp:term":[{"taxonomy":"category","embeddable":true,"href":"https:\/\/akaikki.com.br\/index.php?rest_route=%2Fwp%2Fv2%2Fcategories&post=2617"},{"taxonomy":"post_tag","embeddable":true,"href":"https:\/\/akaikki.com.br\/index.php?rest_route=%2Fwp%2Fv2%2Ftags&post=2617"}],"curies":[{"name":"wp","href":"https:\/\/api.w.org\/{rel}","templated":true}]}}