{"id":2402,"date":"2010-02-04T16:33:18","date_gmt":"2010-02-04T18:33:18","guid":{"rendered":"http:\/\/akaikki.com.br\/?p=2402"},"modified":"2010-02-23T12:20:38","modified_gmt":"2010-02-23T15:20:38","slug":"a-k-a-%e4%b8%80%e8%bc%9d-%e2%80%93-edicao-1510","status":"publish","type":"post","link":"https:\/\/akaikki.com.br\/?p=2402","title":{"rendered":"a.k.a.\u4e00\u8f1d!! \u2013 Edi\u00e7\u00e3o 1510"},"content":{"rendered":"<p style=\"text-align: justify;\"><img loading=\"lazy\" decoding=\"async\" class=\"alignleft\" style=\"border: 0px none; margin: 1px 4px;\" src=\"https:\/\/akaikki.com.br\/layout\/caps\/cap_a.gif\" alt=\"\" width=\"39\" height=\"39\" \/>ssumir os erros&#8230; Sim, o pessoal do <span style=\"color: #c00000;\">a.k.a.\u4e00\u8f1d!!<\/span> \u00e9 humano e, por isso, erra de vez em quando&#8230; H\u00e1 sete anos eu cometi um erro grav\u00edssimo e ainda insisto neste mesmo erro&#8230; Aconteceu na edi\u00e7\u00e3o anterior, quando eu falei da &#8220;capa do Extra&#8221;&#8230;<\/p>\n<blockquote>\n<p style=\"text-align: justify;\">Ah ta\u2026 Foi de um dia pra outro, achei que tinha sido todo esse tempo de bbb. \u00c9 um bom numero que ela conquistou, mas pode ter certeza que eu n\u00e3o sou um desses 85 mil\u2026<\/p>\n<p style=\"text-align: justify;\">Sobre Shinkenger, tudo que \u00e9 \u00e9pico, hist\u00f3rico, sensacional\u2026 Um dia acaba. Tudo mesmo\u2026<\/p>\n<p style=\"text-align: justify;\">Eu estou esperando um grande final, ao n\u00edvel dos flashman, ainda n\u00e3o vi o pen\u00faltimo mas o antepen\u00faltimo (47) foi sensacional.<\/p>\n<p style=\"text-align: justify;\">Vc falou capa do extra, e o link leva pra capa do meia hora\u2026 #fail<\/p>\n<p style=\"text-align: justify;\">Agora: \u201cChupa tess\u00e1lia\u201d, \u201cCartola pipoca\u201d, foto do et com o filme do spielberg atr\u00e1s, \u201cgata era cracuda\u201d, caramba\u2026 Essa capa foi insuper\u00e1vel!! #ironic<\/p>\n<p style=\"text-align: justify;\"><img loading=\"lazy\" decoding=\"async\" src=\"https:\/\/akaikki.com.br\/layout\/assinaturas\/sig04c.png\" alt=\"\" width=\"400\" height=\"43\" \/><\/p>\n<\/blockquote>\n<p style=\"text-align: justify;\">Pois \u00e9&#8230; Foi #fail meu mesmo&#8230; Como os jornais s\u00e3o parecidos, n\u00e3o \u00e9 dif\u00edcil de se confundir&#8230; N\u00e3o apenas pelas cores, mas pelas fontes usadas&#8230; Ali\u00e1s, pela semelhan\u00e7a dos formatos, eu achava que o Meia Hora tamb\u00e9m fazia parte do Globo (assim como \u00e9 o Extra), mas n\u00e3o \u00e9 o caso&#8230; Meia Hora \u00e9 do O Dia&#8230; A Globo tem esse tipo de jornal, \u00e9 o Expresso&#8230;<\/p>\n<blockquote>\n<p style=\"text-align: justify;\"><strong>IPC:<\/strong> Algu\u00e9m a\u00ed notou que as propagandas do jornal O Globo na TV quase sumiram? Aparecem mais as do Extra&#8230; Por que ser\u00e1?<\/p>\n<\/blockquote>\n<p style=\"text-align: justify;\">E, Cristiano, se voc\u00ea achou esta capa insuper\u00e1vel, \u00e9 porque tem duas que voc\u00ea n\u00e3o deve ter visto, mas tamb\u00e9m capricharam no mau gosto&#8230;<\/p>\n<p style=\"text-align: justify;\">\n<figure id=\"attachment_2405\" class=\"thumbnail wp-caption aligncenter\" style=\"width: 510px\"><a href=\"https:\/\/akaikki.com.br\/wp-content\/uploads\/2010\/02\/clodovil2.jpg\"><img loading=\"lazy\" decoding=\"async\" class=\"size-large wp-image-2405 \" title=\"Clodovil - Virou purpurina...\" src=\"https:\/\/akaikki.com.br\/wp-content\/uploads\/2010\/02\/clodovil2-500x288.jpg\" alt=\"Clodovil - Virou purpurina\" width=\"500\" height=\"288\" srcset=\"https:\/\/akaikki.com.br\/wp-content\/uploads\/2010\/02\/clodovil2-500x288.jpg 500w, https:\/\/akaikki.com.br\/wp-content\/uploads\/2010\/02\/clodovil2-300x172.jpg 300w, https:\/\/akaikki.com.br\/wp-content\/uploads\/2010\/02\/clodovil2.jpg 607w\" sizes=\"auto, (max-width: 500px) 100vw, 500px\" \/><\/a><figcaption class=\"caption wp-caption-text\">Clodovil - Virou purpurina...<\/figcaption><\/figure>\n<figure id=\"attachment_2404\" class=\"thumbnail wp-caption aligncenter\" style=\"width: 510px\"><a href=\"https:\/\/akaikki.com.br\/wp-content\/uploads\/2010\/02\/meia_hora_michael_260609.jpg\"><img loading=\"lazy\" decoding=\"async\" class=\"size-large wp-image-2404\" title=\"Michael Jackson - Nasceu negro, ficou branco e vai virar cinza...\" src=\"https:\/\/akaikki.com.br\/wp-content\/uploads\/2010\/02\/meia_hora_michael_260609-500x371.jpg\" alt=\"Michael Jackson - Nasceu negro, ficou branco e vai virar cinza...\" width=\"500\" height=\"371\" srcset=\"https:\/\/akaikki.com.br\/wp-content\/uploads\/2010\/02\/meia_hora_michael_260609-500x371.jpg 500w, https:\/\/akaikki.com.br\/wp-content\/uploads\/2010\/02\/meia_hora_michael_260609-300x222.jpg 300w, https:\/\/akaikki.com.br\/wp-content\/uploads\/2010\/02\/meia_hora_michael_260609.jpg 609w\" sizes=\"auto, (max-width: 500px) 100vw, 500px\" \/><\/a><figcaption class=\"caption wp-caption-text\">Michael Jackson - Nasceu negro, ficou branco e vai virar cinza...<\/figcaption><\/figure>\n<p style=\"text-align: center;\">Pra que obrigar jornalista a tirar diploma, n\u00e9&#8230;<\/p>\n<p><img loading=\"lazy\" decoding=\"async\" title=\"Erick Von Draxeler quer ser um jornalista COM DIPLOMA...\" src=\"https:\/\/akaikki.com.br\/layout\/assinaturas\/sig01.png\" alt=\"\" width=\"500\" height=\"43\" \/><\/p>\n","protected":false},"excerpt":{"rendered":"<p>ssumir os erros&#8230; Sim, o pessoal do a.k.a.\u4e00\u8f1d!! \u00e9 humano e, por isso, erra de vez em quando&#8230; H\u00e1 sete anos eu cometi um erro grav\u00edssimo e ainda insisto neste mesmo erro&#8230; Aconteceu na edi\u00e7\u00e3o anterior, quando eu falei da &#8220;capa do Extra&#8221;&#8230; Ah ta\u2026 Foi de um dia pra outro, achei que tinha sido<\/p>\n","protected":false},"author":2,"featured_media":0,"comment_status":"open","ping_status":"open","sticky":false,"template":"","format":"standard","meta":{"footnotes":""},"categories":[1,8],"tags":[],"class_list":["post-2402","post","type-post","status-publish","format-standard","hentry","category-besteirol","category-tribunal-de-inuteis-causas"],"_links":{"self":[{"href":"https:\/\/akaikki.com.br\/index.php?rest_route=\/wp\/v2\/posts\/2402","targetHints":{"allow":["GET"]}}],"collection":[{"href":"https:\/\/akaikki.com.br\/index.php?rest_route=\/wp\/v2\/posts"}],"about":[{"href":"https:\/\/akaikki.com.br\/index.php?rest_route=\/wp\/v2\/types\/post"}],"author":[{"embeddable":true,"href":"https:\/\/akaikki.com.br\/index.php?rest_route=\/wp\/v2\/users\/2"}],"replies":[{"embeddable":true,"href":"https:\/\/akaikki.com.br\/index.php?rest_route=%2Fwp%2Fv2%2Fcomments&post=2402"}],"version-history":[{"count":5,"href":"https:\/\/akaikki.com.br\/index.php?rest_route=\/wp\/v2\/posts\/2402\/revisions"}],"predecessor-version":[{"id":2408,"href":"https:\/\/akaikki.com.br\/index.php?rest_route=\/wp\/v2\/posts\/2402\/revisions\/2408"}],"wp:attachment":[{"href":"https:\/\/akaikki.com.br\/index.php?rest_route=%2Fwp%2Fv2%2Fmedia&parent=2402"}],"wp:term":[{"taxonomy":"category","embeddable":true,"href":"https:\/\/akaikki.com.br\/index.php?rest_route=%2Fwp%2Fv2%2Fcategories&post=2402"},{"taxonomy":"post_tag","embeddable":true,"href":"https:\/\/akaikki.com.br\/index.php?rest_route=%2Fwp%2Fv2%2Ftags&post=2402"}],"curies":[{"name":"wp","href":"https:\/\/api.w.org\/{rel}","templated":true}]}}