{"id":2239,"date":"2010-01-29T22:04:05","date_gmt":"2010-01-30T00:04:05","guid":{"rendered":"http:\/\/akaikki.com.br\/?p=2239"},"modified":"2010-01-30T03:26:40","modified_gmt":"2010-01-30T05:26:40","slug":"a-k-a-%e4%b8%80%e8%bc%9d-%e2%80%93-edicao-1503","status":"publish","type":"post","link":"https:\/\/akaikki.com.br\/?p=2239","title":{"rendered":"a.k.a.\u4e00\u8f1d!! \u2013 Edi\u00e7\u00e3o 1503"},"content":{"rendered":"<figure id=\"attachment_2242\" class=\"thumbnail wp-caption aligncenter\" style=\"width: 510px\"><a href=\"https:\/\/akaikki.com.br\/wp-content\/uploads\/2010\/01\/DSC00198.jpg\"><img loading=\"lazy\" decoding=\"async\" class=\"size-full wp-image-2242\" title=\"T\u00edpico ver\u00e3o carioca...\" src=\"https:\/\/akaikki.com.br\/wp-content\/uploads\/2010\/01\/DSC00198.jpg\" alt=\"T\u00edpico ver\u00e3o carioca...\" width=\"500\" height=\"375\" srcset=\"https:\/\/akaikki.com.br\/wp-content\/uploads\/2010\/01\/DSC00198.jpg 500w, https:\/\/akaikki.com.br\/wp-content\/uploads\/2010\/01\/DSC00198-300x225.jpg 300w\" sizes=\"auto, (max-width: 500px) 100vw, 500px\" \/><\/a><figcaption class=\"caption wp-caption-text\">T\u00edpico ver\u00e3o carioca...<\/figcaption><\/figure>\n<figure id=\"attachment_2244\" class=\"thumbnail wp-caption aligncenter\" style=\"width: 510px\"><a href=\"https:\/\/akaikki.com.br\/wp-content\/uploads\/2010\/01\/claudinha_sorvete.jpg\"><img loading=\"lazy\" decoding=\"async\" class=\"size-full wp-image-2244\" title=\"...\u00e0s vezes, isso s\u00f3 n\u00e3o basta...\" src=\"https:\/\/akaikki.com.br\/wp-content\/uploads\/2010\/01\/claudinha_sorvete.jpg\" alt=\"...\u00e0s vezes, isso s\u00f3 n\u00e3o basta...\" width=\"500\" height=\"375\" srcset=\"https:\/\/akaikki.com.br\/wp-content\/uploads\/2010\/01\/claudinha_sorvete.jpg 500w, https:\/\/akaikki.com.br\/wp-content\/uploads\/2010\/01\/claudinha_sorvete-300x225.jpg 300w\" sizes=\"auto, (max-width: 500px) 100vw, 500px\" \/><\/a><figcaption class=\"caption wp-caption-text\">...\u00e0s vezes, isso s\u00f3 n\u00e3o basta...<\/figcaption><\/figure>\n<h1 style=\"text-align: center;\">Aviso aos visitantes<\/h1>\n<p style=\"text-align: justify;\">Esta edi\u00e7\u00e3o ser\u00e1 sobre F\u00f3rmula 1 a n\u00edvel nerd extremo&#8230; Se voc\u00ea n\u00e3o se enquadra neste n\u00edvel, espere as pr\u00f3ximas edi\u00e7\u00f5es&#8230; Dito isso, que n\u00e3o me venha nenhum filho da puta pra reclamar que eu n\u00e3o avisei&#8230;<\/p>\n<hr \/>\n<p style=\"text-align: justify;\"><img loading=\"lazy\" decoding=\"async\" class=\"alignleft\" style=\"border: 0px none; margin: 1px 4px;\" src=\"https:\/\/akaikki.com.br\/layout\/caps\/cap_c.gif\" alt=\"\" width=\"39\" height=\"39\" \/>ada vez que eu vejo uma mudan\u00e7a tosca na F\u00f3rmula 1, seja no regulamento ou na modifica\u00e7\u00e3o\/inclus\u00e3o de uma <a href=\"http:\/\/www.youtube.com\/watch?v=Lk6rdx3TD2A\" target=\"_blank\">nova pista altamente fedorenta<\/a>, a primeira coisa que eu penso: &#8220;ainda bem que meu pai n\u00e3o viveu pra ver isso&#8221;&#8230; A F\u00f3rmula 1 de hoje est\u00e1 cada vez mais cheia de viadagens a n\u00edvel extremo&#8230;<\/p>\n<p style=\"text-align: justify;\"><img loading=\"lazy\" decoding=\"async\" class=\"alignnone\" style=\"border: 0px none; margin: 0px 4px;\" src=\"https:\/\/akaikki.com.br\/layout\/icon02.png\" alt=\"\" width=\"45\" height=\"45\" align=\"absMiddle\" \/>&#8211; Imagina se o Ralf estivesse correndo&#8230;<br \/>\n<img loading=\"lazy\" decoding=\"async\" class=\"alignnone\" style=\"border: 0px none; margin: 0px 4px;\" src=\"https:\/\/akaikki.com.br\/layout\/icon01.png\" alt=\"\" width=\"45\" height=\"45\" align=\"absMiddle\" \/>&#8211; Fa\u00e7a melhor: junte na mesma equipe Ralf Schumacher, Nico Rosberg e Jacques Villeneuve&#8230;<br \/>\n<img loading=\"lazy\" decoding=\"async\" class=\"alignnone\" style=\"border: 0px none; margin: 0px 4px;\" src=\"https:\/\/akaikki.com.br\/layout\/icon02.png\" alt=\"\" width=\"45\" height=\"45\" align=\"absMiddle\" \/>&#8211; F\u00e1cil&#8230; Junta os tr\u00eas e cria a <a href=\"http:\/\/www.blogdocapelli.com.br\/2010\/01\/pergunte-ao-capelli-04012010\/\" target=\"_blank\">Toro Rosa<\/a>&#8230;<br \/>\n<img loading=\"lazy\" decoding=\"async\" class=\"alignnone\" style=\"border: 0px none; margin: 0px 4px;\" src=\"https:\/\/akaikki.com.br\/layout\/icon01.png\" alt=\"\" width=\"45\" height=\"45\" align=\"absMiddle\" \/>&#8211; &#8220;A-DOOOOO-ROOOOOOO!!&#8221;&#8230;<\/p>\n<figure id=\"attachment_2252\" class=\"thumbnail wp-caption alignright\" style=\"width: 190px\"><a href=\"https:\/\/akaikki.com.br\/wp-content\/uploads\/2010\/01\/comp_sakhir.gif\"><img loading=\"lazy\" decoding=\"async\" class=\"size-medium wp-image-2252 \" title=\"Sakhir - Bahrein\" src=\"https:\/\/akaikki.com.br\/wp-content\/uploads\/2010\/01\/comp_sakhir-300x214.gif\" alt=\"Sakhir - Bahrein\" width=\"180\" height=\"128\" srcset=\"https:\/\/akaikki.com.br\/wp-content\/uploads\/2010\/01\/comp_sakhir-300x214.gif 300w, https:\/\/akaikki.com.br\/wp-content\/uploads\/2010\/01\/comp_sakhir.gif 449w\" sizes=\"auto, (max-width: 180px) 100vw, 180px\" \/><\/a><figcaption class=\"caption wp-caption-text\">Sakhir - Bahrein<\/figcaption><\/figure>\n<p style=\"text-align: justify;\">E n\u00e3o \u00e9 s\u00f3 por causa da tal regrinha que criaram de que quem participar da Q3 tem que largar com o mesmo pneu que usar na classifica\u00e7\u00e3o&#8230; Foi a not\u00edcia de que os organizadores do GP do Bahrein anunciaram que a corrida deste ano ser\u00e1 realizada com um novo tra\u00e7ado, usando uma parte do anel externo da pista e voltando um pouco depois deste mesmo ponto, aumentando a extens\u00e3o de 5,4km para 6,3km&#8230; T\u00e1 boiando? N\u00e3o tem problema, a gente desenha&#8230;<\/p>\n<p style=\"text-align: justify;\">O argumento usado pra isso: grid maior do que no ano passado&#8230; O mesmo argumento IMBECIL que fez com que a FIA<span style=\"text-decoration: line-through;\">daputa<\/span> mudasse o sistema de pontos&#8230;<\/p>\n<p style=\"text-align: justify;\">Ent\u00e3o, usando da l\u00f3gica imbecil deles, por que nos anos 80 e 90, quando eram cerca de 35 carros disputando 26 posi\u00e7\u00f5es no grid, apenas os seis primeiros pontuavam?<\/p>\n<figure id=\"attachment_2257\" class=\"thumbnail wp-caption alignleft\" style=\"width: 190px\"><a href=\"https:\/\/akaikki.com.br\/wp-content\/uploads\/2010\/01\/comp_hockenheim.gif\"><img loading=\"lazy\" decoding=\"async\" class=\"size-medium wp-image-2257 \" title=\"Hockenheim - Alemanha\" src=\"https:\/\/akaikki.com.br\/wp-content\/uploads\/2010\/01\/comp_hockenheim-300x259.gif\" alt=\"Hockenheim - Alemanha\" width=\"180\" height=\"155\" srcset=\"https:\/\/akaikki.com.br\/wp-content\/uploads\/2010\/01\/comp_hockenheim-300x259.gif 300w, https:\/\/akaikki.com.br\/wp-content\/uploads\/2010\/01\/comp_hockenheim.gif 362w\" sizes=\"auto, (max-width: 180px) 100vw, 180px\" \/><\/a><figcaption class=\"caption wp-caption-text\">Hockenheim - Alemanha<\/figcaption><\/figure>\n<p style=\"text-align: justify;\">E outra: pra isso, pode aumentar a pista&#8230; Mas o mesmo n\u00e3o se aplicou, por exemplo, a Hockenheim&#8230; Os mais velhos devem se lembrar daquela pista na Alemanha que passava pelo meio de uma floresta&#8230; Pois \u00e9, hoje a pista de l\u00e1 \u00e9 fedorenta, tem 4,6km como a grande maioria das pistas projetadas pelo Hermann Tilke&#8230; Hoje em dia n\u00e3o h\u00e1 nem sombra do que era a pista antiga de 6,8km..<\/p>\n<p style=\"text-align: justify;\">Motivo argumentado: a parte da floresta reduzia a efici\u00eancia da telemetria e os longos trechos de acelera\u00e7\u00e3o for\u00e7avam os carros&#8230; Tudo em nome da modernidade&#8230; Gra\u00e7as \u00e0 ela, vemos corridas em suntuosos aut\u00f3dromos cheios de parafern\u00e1lias tecnol\u00f3gicas, amplas \u00e1reas de escape, boxes ultra modernos&#8230; Mas as corridas realizadas l\u00e1 s\u00e3o um p\u00e9 no saco&#8230;<\/p>\n<p style=\"text-align: justify;\">Lembram da \u00faltima corrida do ano passado em Abu Dhabi? Pois \u00e9&#8230; A pista luxuosa, a corrida acontece com o p\u00f4r do sol, de noite o hotel acende as luzes coloridas e elas mudam de cor, que m\u00e1ximo&#8230; E A PORRA DA CORRIDA?! Um purgante!! Tal como eu j\u00e1 havia adiantado na <a href=\"https:\/\/akaikki.com.br\/?p=1402\" target=\"_blank\">Edi\u00e7\u00e3o 1433<\/a>, publicada duas semanas antes da corrida em quest\u00e3o&#8230;<\/p>\n<p style=\"text-align: justify;\">Pois bem&#8230; No auge da nerdice, eu resolvi fazer um apanhado de v\u00e1rias pistas da hist\u00f3ria mais ou menos recente da F\u00f3rmula 1 que tiveram mudan\u00e7as no percurso&#8230; Senta que l\u00e1 vem hist\u00f3ria&#8230;<\/p>\n<figure id=\"attachment_2259\" class=\"thumbnail wp-caption alignright\" style=\"width: 118px\"><a href=\"https:\/\/akaikki.com.br\/wp-content\/uploads\/2010\/01\/comp_dijon.gif\"><img loading=\"lazy\" decoding=\"async\" class=\"size-medium wp-image-2259   \" title=\"Dijon-Prenois\" src=\"https:\/\/akaikki.com.br\/wp-content\/uploads\/2010\/01\/comp_dijon-300x142.gif\" alt=\"Dijon-Prenois - Fran\u00e7a\" width=\"108\" height=\"51\" srcset=\"https:\/\/akaikki.com.br\/wp-content\/uploads\/2010\/01\/comp_dijon-300x142.gif 300w, https:\/\/akaikki.com.br\/wp-content\/uploads\/2010\/01\/comp_dijon.gif 406w\" sizes=\"auto, (max-width: 108px) 100vw, 108px\" \/><\/a><figcaption class=\"caption wp-caption-text\">Dijon-Prenois<\/figcaption><\/figure>\n<p style=\"text-align: justify;\">Come\u00e7amos bem&#8230; Dijon-Prenois sediou o GP da Fran\u00e7a por cinco vezes entre 1974 e 1984 (em 82, foi sede do GP da Su\u00ed\u00e7a&#8230;) e era &#8220;curta demais&#8221; pra F\u00f3rmula 1 da \u00e9poca, crescendo bastante&#8230; em 74, as voltas chegavam a girar abaixo de um minuto e havia um problema de tr\u00e1fego&#8230; A solu\u00e7\u00e3o foi estender a pista, de 3289m para 3801m (+512m)&#8230; Se funcionou, eu n\u00e3o sei&#8230; Mesmo porque quando a F\u00f3rmula 1 esteve em Dijon-Prenois pela \u00faltima vez, eu tinha pouco mais de um ano de idade&#8230;<\/p>\n<figure id=\"attachment_2262\" class=\"thumbnail wp-caption alignleft\" style=\"width: 118px\"><a href=\"https:\/\/akaikki.com.br\/wp-content\/uploads\/2010\/01\/comp_nurburgring1.gif\"><img loading=\"lazy\" decoding=\"async\" class=\"size-medium wp-image-2262  \" title=\"N\u00fcrburgring\" src=\"https:\/\/akaikki.com.br\/wp-content\/uploads\/2010\/01\/comp_nurburgring1-300x278.gif\" alt=\"N\u00fcrburgring\" width=\"108\" height=\"100\" srcset=\"https:\/\/akaikki.com.br\/wp-content\/uploads\/2010\/01\/comp_nurburgring1-300x278.gif 300w, https:\/\/akaikki.com.br\/wp-content\/uploads\/2010\/01\/comp_nurburgring1-500x464.gif 500w, https:\/\/akaikki.com.br\/wp-content\/uploads\/2010\/01\/comp_nurburgring1.gif 524w\" sizes=\"auto, (max-width: 108px) 100vw, 108px\" \/><\/a><figcaption class=\"caption wp-caption-text\">N\u00fcrburgring<\/figcaption><\/figure>\n<p style=\"text-align: justify;\">Hockenheim n\u00e3o foi o \u00fanico circuito &#8220;assassinado em nome da modernidade&#8221;, v\u00e1rios aut\u00f3dromos cl\u00e1ssicos tiveram o mesmo &#8220;fim&#8221;&#8230; Tr\u00eas exemplos cl\u00e1ssicos: N\u00fcrburgring, Spa-Francorchamps e Interlagos&#8230; N\u00fcrburgring, conhecido como &#8220;inferno verde&#8221;, tinha t\u00e3o somente 22,8km de extens\u00e3o e 160 curvas&#8230; Manter uma belezura dessas dentro dos padr\u00f5es da FIA nos anos 80 j\u00e1 era invi\u00e1vel&#8230; Reza a lenda que eles estabeleceram um &#8220;padr\u00e3o m\u00e1ximo&#8221; de 7km pras pistas novas&#8230; Com isso, o Inferno Verde estava extinto&#8230; Pelo menos pra F\u00f3rmula 1, porque a pista de 22km ainda \u00e9 usada para corridas de longa dura\u00e7\u00e3o, como as 24 horas de N\u00fcrburgring&#8230;<\/p>\n<figure id=\"attachment_2264\" class=\"thumbnail wp-caption alignright\" style=\"width: 118px\"><a href=\"https:\/\/akaikki.com.br\/wp-content\/uploads\/2010\/01\/comp_nurburgring2.gif\"><img loading=\"lazy\" decoding=\"async\" class=\"size-medium wp-image-2264  \" title=\"N\u00fcrburgring\" src=\"https:\/\/akaikki.com.br\/wp-content\/uploads\/2010\/01\/comp_nurburgring2-300x259.gif\" alt=\"N\u00fcrburgring\" width=\"108\" height=\"93\" srcset=\"https:\/\/akaikki.com.br\/wp-content\/uploads\/2010\/01\/comp_nurburgring2-300x259.gif 300w, https:\/\/akaikki.com.br\/wp-content\/uploads\/2010\/01\/comp_nurburgring2.gif 363w\" sizes=\"auto, (max-width: 108px) 100vw, 108px\" \/><\/a><figcaption class=\"caption wp-caption-text\">N\u00fcrburgring<\/figcaption><\/figure>\n<p>A pista nova tinha 4,5km de extens\u00e3o&#8230; TINHA, porque o Sr. Tilke resolveu dar uma canetada nessa tamb\u00e9m&#8230; A primeira curva acabou virando uma volta em torno dela&#8230; A pista passou de 4,5km para 5,1km&#8230; Pra que fizeram essa voltinha a mais? Pois \u00e9, ainda estou tentando descobrir&#8230;<\/p>\n<figure id=\"attachment_2263\" class=\"thumbnail wp-caption alignleft\" style=\"width: 118px\"><a href=\"https:\/\/akaikki.com.br\/wp-content\/uploads\/2010\/01\/comp_spa1.gif\"><img loading=\"lazy\" decoding=\"async\" class=\"size-medium wp-image-2263 \" title=\"Spa-Francorchamps\" src=\"https:\/\/akaikki.com.br\/wp-content\/uploads\/2010\/01\/comp_spa1-300x295.gif\" alt=\"Spa-Francorchamps\" width=\"108\" height=\"106\" srcset=\"https:\/\/akaikki.com.br\/wp-content\/uploads\/2010\/01\/comp_spa1-300x295.gif 300w, https:\/\/akaikki.com.br\/wp-content\/uploads\/2010\/01\/comp_spa1.gif 353w\" sizes=\"auto, (max-width: 108px) 100vw, 108px\" \/><\/a><figcaption class=\"caption wp-caption-text\">Spa-Francorchamps<\/figcaption><\/figure>\n<p style=\"text-align: justify;\">Seguindo a mesma linha de N\u00fcrburgring, temos Spa-Francorchamps, n\u00e3o t\u00e3o grande quanto a pista alem\u00e3, mas t\u00e3o majestosa quanto&#8230; A pista original tinha 14,1km de extens\u00e3o e foi dilapidada por raz\u00f5es similares \u00e0s de N\u00fcrburgring&#8230; A diferen\u00e7a \u00e9 que uma boa parte da pista original foi mantida, preservando parte da ess\u00eancia desta&#8230;<\/p>\n<figure id=\"attachment_2265\" class=\"thumbnail wp-caption alignright\" style=\"width: 118px\"><a href=\"https:\/\/akaikki.com.br\/wp-content\/uploads\/2010\/01\/comp_spa2.gif\"><img loading=\"lazy\" decoding=\"async\" class=\"size-medium wp-image-2265  \" title=\"Spa-Francorchamps\" src=\"https:\/\/akaikki.com.br\/wp-content\/uploads\/2010\/01\/comp_spa2-207x300.gif\" alt=\"Spa-Francorchamps\" width=\"108\" height=\"160\" \/><\/a><figcaption class=\"caption wp-caption-text\">Spa-Francorchamps<\/figcaption><\/figure>\n<p style=\"text-align: justify;\">A pista nova, medindo 6,9km, teve algumas pequenas altera\u00e7\u00f5es desde ent\u00e3o&#8230; A mais recente delas foi a recria\u00e7\u00e3o da \u00faltima curva, a Bus Stop, o que permitiu estender a reta dos boxes e anular um velho problema: quem largasse a partir da quinta fila, largava no meio da curva&#8230; A s\u00e9tima fila j\u00e1 n\u00e3o via o sinal da largada&#8230;<\/p>\n<figure id=\"attachment_2266\" class=\"thumbnail wp-caption alignleft\" style=\"width: 118px\"><a href=\"https:\/\/akaikki.com.br\/wp-content\/uploads\/2010\/01\/comp_interlagos.gif\"><img loading=\"lazy\" decoding=\"async\" class=\"size-medium wp-image-2266  \" title=\"Interlagos\" src=\"https:\/\/akaikki.com.br\/wp-content\/uploads\/2010\/01\/comp_interlagos-300x219.gif\" alt=\"Interlagos\" width=\"108\" height=\"79\" srcset=\"https:\/\/akaikki.com.br\/wp-content\/uploads\/2010\/01\/comp_interlagos-300x219.gif 300w, https:\/\/akaikki.com.br\/wp-content\/uploads\/2010\/01\/comp_interlagos.gif 468w\" sizes=\"auto, (max-width: 108px) 100vw, 108px\" \/><\/a><figcaption class=\"caption wp-caption-text\">Interlagos<\/figcaption><\/figure>\n<p>E voc\u00eas sabiam que Interlagos j\u00e1 teve uma pista de 8km? Pois foi para se adequar aos tais padr\u00f5es da FIA citados anteriormente que, em 1989, foi feita a reforma que a tornou como ela \u00e9 hoje, com 4,3km&#8230; Uma curiosidade que talvez voc\u00eas saibam: o S do Senna tem esse nome porque foi ideia do pr\u00f3prio Ayrton Senna, quando ele esteve numa das vistorias da FIA para bolar o novo tra\u00e7ado&#8230; Isso muito antes dele bolar a marca Senna, cujo logo \u00e9 inspirado no S do Senna&#8230;<\/p>\n<figure id=\"attachment_2268\" class=\"thumbnail wp-caption alignright\" style=\"width: 118px\"><a href=\"https:\/\/akaikki.com.br\/wp-content\/uploads\/2010\/01\/comp_kyalami.gif\"><img loading=\"lazy\" decoding=\"async\" class=\"size-medium wp-image-2268 \" title=\"Kyalami\" src=\"https:\/\/akaikki.com.br\/wp-content\/uploads\/2010\/01\/comp_kyalami-300x173.gif\" alt=\"Kyalami\" width=\"108\" height=\"62\" srcset=\"https:\/\/akaikki.com.br\/wp-content\/uploads\/2010\/01\/comp_kyalami-300x173.gif 300w, https:\/\/akaikki.com.br\/wp-content\/uploads\/2010\/01\/comp_kyalami-500x288.gif 500w, https:\/\/akaikki.com.br\/wp-content\/uploads\/2010\/01\/comp_kyalami.gif 545w\" sizes=\"auto, (max-width: 108px) 100vw, 108px\" \/><\/a><figcaption class=\"caption wp-caption-text\">Kyalami<\/figcaption><\/figure>\n<p style=\"text-align: justify;\">Falando em revivais, temos Kyalami, que sediou o GP da \u00c1frica do Sul entre 1967 e 1985, e em 1992 e 93&#8230; Na primeira fase do circuito, a pista tinha 4,1km&#8230; Quando voltou a sediar a F\u00f3rmula 1, a pista foi modificada, usando apenas a parte sul da pista antiga&#8230; A empresa que geria o aut\u00f3dromo faliu e a F\u00f3rmula 1 nunca mais esteve l\u00e1, apesar de que a pista ainda existe, sendo usada para categorias locais e para a A1GP&#8230;<\/p>\n<figure id=\"attachment_2280\" class=\"thumbnail wp-caption alignleft\" style=\"width: 118px\"><a href=\"https:\/\/akaikki.com.br\/wp-content\/uploads\/2010\/01\/comp_mexico.gif\"><img loading=\"lazy\" decoding=\"async\" class=\"size-medium wp-image-2280 \" title=\"Cidade do M\u00e9xico\" src=\"https:\/\/akaikki.com.br\/wp-content\/uploads\/2010\/01\/comp_mexico-300x216.gif\" alt=\"Cidade do M\u00e9xico\" width=\"108\" height=\"78\" srcset=\"https:\/\/akaikki.com.br\/wp-content\/uploads\/2010\/01\/comp_mexico-300x216.gif 300w, https:\/\/akaikki.com.br\/wp-content\/uploads\/2010\/01\/comp_mexico.gif 444w\" sizes=\"auto, (max-width: 108px) 100vw, 108px\" \/><\/a><figcaption class=\"caption wp-caption-text\">Cidade do M\u00e9xico<\/figcaption><\/figure>\n<p style=\"text-align: justify;\">Diretamente da terra do Chapolin Colorado, o Aut\u00f3dromo Hermanos Rodr\u00edguez, palgo do GP do M\u00e9xico entre 1963 e 1970 e tamb\u00e9m entre 1986 e 1992&#8230; Foi um dos raros casos em que as vers\u00f5es antiga e nova n\u00e3o fazem diferen\u00e7a, porque ambas mantiveram <a href=\"http:\/\/www.youtube.com\/watch?v=87lREFgOpw0\" target=\"_blank\">a poderosa Curva Peraltada<\/a>&#8230;<\/p>\n<figure id=\"attachment_2269\" class=\"thumbnail wp-caption alignright\" style=\"width: 118px\"><a href=\"https:\/\/akaikki.com.br\/wp-content\/uploads\/2010\/01\/comp_fuji.gif\"><img loading=\"lazy\" decoding=\"async\" class=\"size-medium wp-image-2269 \" title=\"Fuji Speedway\" src=\"https:\/\/akaikki.com.br\/wp-content\/uploads\/2010\/01\/comp_fuji-300x116.gif\" alt=\"Fuji Speedway\" width=\"108\" height=\"42\" srcset=\"https:\/\/akaikki.com.br\/wp-content\/uploads\/2010\/01\/comp_fuji-300x116.gif 300w, https:\/\/akaikki.com.br\/wp-content\/uploads\/2010\/01\/comp_fuji-500x193.gif 500w, https:\/\/akaikki.com.br\/wp-content\/uploads\/2010\/01\/comp_fuji.gif 568w\" sizes=\"auto, (max-width: 108px) 100vw, 108px\" \/><\/a><figcaption class=\"caption wp-caption-text\">Fuji Speedway<\/figcaption><\/figure>\n<p style=\"text-align: justify;\">Outro revival bem recente foi o circuito do Monte Fuji, no Jap\u00e3o&#8230; A primeira curva da pista original, usada nos anos 60, tinha uma inclina\u00e7\u00e3o de 30\u00b0&#8230; A pista foi redesenhada por Hermann Tilke (sempre ele&#8230;) e ganhou um tra\u00e7ado mais &#8220;moderninho&#8221;, cheio de viadagem&#8230; (como toda obra dele&#8230;)<\/p>\n<figure id=\"attachment_2271\" class=\"thumbnail wp-caption alignleft\" style=\"width: 118px\"><a href=\"https:\/\/akaikki.com.br\/wp-content\/uploads\/2010\/01\/comp_osterreichring.gif\"><img loading=\"lazy\" decoding=\"async\" class=\"size-medium wp-image-2271 \" title=\"\u00d6sterreichring\" src=\"https:\/\/akaikki.com.br\/wp-content\/uploads\/2010\/01\/comp_osterreichring-300x203.gif\" alt=\"\u00d6sterreichring\" width=\"108\" height=\"73\" srcset=\"https:\/\/akaikki.com.br\/wp-content\/uploads\/2010\/01\/comp_osterreichring-300x203.gif 300w, https:\/\/akaikki.com.br\/wp-content\/uploads\/2010\/01\/comp_osterreichring.gif 404w\" sizes=\"auto, (max-width: 108px) 100vw, 108px\" \/><\/a><figcaption class=\"caption wp-caption-text\">\u00d6sterreichring<\/figcaption><\/figure>\n<p style=\"text-align: justify;\">\u00d6sterreichring sediou o GP da \u00c1ustria entre 1970 e 1987 e media 5,9km de extens\u00e3o&#8230; Mesmo com a adi\u00e7\u00e3o de uma chicane na primeira curva por quest\u00f5es de seguran\u00e7a, a pista foi abandonada para a F\u00f3rmula 1 e s\u00f3 retornou porque, mais uma vez, Hermann Tilke meteu o bedelho onde n\u00e3o era chamado&#8230; A pista nova tinha 4,3km de extens\u00e3o e ficou mundialmente conhecida pela corrida na qual o Rubinho teve que dar a vit\u00f3ria pro Schumacher na cara de pau&#8230;<\/p>\n<p style=\"text-align: justify;\">Como eu mencionei a seguran\u00e7a agora, vem as pistas que tiveram mudan\u00e7as por causa disso&#8230; <a href=\"https:\/\/akaikki.com.br\/wp-content\/uploads\/2010\/01\/comp_hockenheim.gif\" target=\"_blank\">Hockenheim<\/a> \u00e9 o primeiro exemplo&#8230; As chicanes foram instaladas ao longo da pista em decorr\u00eancia dos acidentes que mataram Jim Clark (1968) e Patrick Depailler (1980)&#8230; Estas chicanes ainda foram modificadas com o tempo, principalmente ap\u00f3s a morte de Ayrton Senna&#8230; Ali\u00e1s, a morte de Senna n\u00e3o influenciou apenas estas mudan\u00e7as&#8230;<\/p>\n<figure id=\"attachment_2273\" class=\"thumbnail wp-caption alignright\" style=\"width: 118px\"><a href=\"https:\/\/akaikki.com.br\/wp-content\/uploads\/2010\/01\/comp_imola.gif\"><img loading=\"lazy\" decoding=\"async\" class=\"size-medium wp-image-2273 \" title=\"\u00cdmola\" src=\"https:\/\/akaikki.com.br\/wp-content\/uploads\/2010\/01\/comp_imola-300x192.gif\" alt=\"\u00cdmola\" width=\"108\" height=\"69\" srcset=\"https:\/\/akaikki.com.br\/wp-content\/uploads\/2010\/01\/comp_imola-300x192.gif 300w, https:\/\/akaikki.com.br\/wp-content\/uploads\/2010\/01\/comp_imola.gif 458w\" sizes=\"auto, (max-width: 108px) 100vw, 108px\" \/><\/a><figcaption class=\"caption wp-caption-text\">\u00cdmola<\/figcaption><\/figure>\n<p style=\"text-align: justify;\">A mais not\u00f3ria destas \u00e9 justamente o circuito onde ele pereceu&#8230; A not\u00f3ria curva Tamburello, onde haviam se acidentado gravemente antes N\u00e9lson Piquet (1987) e Gerhard Berger (1989) virou um S&#8230; A curva onde morreu Roland Ratzenberger (a Villeneuve, que vem depois da Tamburello) tamb\u00e9m foi alterada&#8230; E naquele ano virou moda alterar circuito pra torn\u00e1-lo mais lento, por\u00e9m mais seguro&#8230; <a href=\"https:\/\/akaikki.com.br\/wp-content\/uploads\/2010\/01\/comp_spa2.gif\" target=\"_blank\">Spa-Francorchamps<\/a> teve uma leve altera\u00e7\u00e3o na Eau Rouge, para diminuir a velocidade desta&#8230;<\/p>\n<figure id=\"attachment_2275\" class=\"thumbnail wp-caption alignleft\" style=\"width: 118px\"><a href=\"https:\/\/akaikki.com.br\/wp-content\/uploads\/2010\/01\/comp_estoril.gif\"><img loading=\"lazy\" decoding=\"async\" class=\"size-medium wp-image-2275 \" title=\"Estoril\" src=\"https:\/\/akaikki.com.br\/wp-content\/uploads\/2010\/01\/comp_estoril-300x136.gif\" alt=\"Estoril\" width=\"108\" height=\"49\" srcset=\"https:\/\/akaikki.com.br\/wp-content\/uploads\/2010\/01\/comp_estoril-300x136.gif 300w, https:\/\/akaikki.com.br\/wp-content\/uploads\/2010\/01\/comp_estoril-500x227.gif 500w, https:\/\/akaikki.com.br\/wp-content\/uploads\/2010\/01\/comp_estoril.gif 505w\" sizes=\"auto, (max-width: 108px) 100vw, 108px\" \/><\/a><figcaption class=\"caption wp-caption-text\">Estoril<\/figcaption><\/figure>\n<p style=\"text-align: justify;\">Estoril tamb\u00e9m foi modificada para aquele ano&#8230; Uma das curvas ganhou um hairpin e uma subida&#8230; Mais adiante, depois que a F\u00f3rmula 1 deixou Portugal, a pista foi reformada novamente, com altera\u00e7\u00f5es em duas curvas, provavelmente tamb\u00e9m por quest\u00f5es de seguran\u00e7a&#8230;<\/p>\n<figure id=\"attachment_2276\" class=\"thumbnail wp-caption alignright\" style=\"width: 118px\"><a href=\"https:\/\/akaikki.com.br\/wp-content\/uploads\/2010\/01\/comp_jerez.gif\"><img loading=\"lazy\" decoding=\"async\" class=\"size-medium wp-image-2276 \" title=\"Jerez de la Frontera\" src=\"https:\/\/akaikki.com.br\/wp-content\/uploads\/2010\/01\/comp_jerez-300x271.gif\" alt=\"Jerez de la Frontera\" width=\"108\" height=\"98\" srcset=\"https:\/\/akaikki.com.br\/wp-content\/uploads\/2010\/01\/comp_jerez-300x271.gif 300w, https:\/\/akaikki.com.br\/wp-content\/uploads\/2010\/01\/comp_jerez.gif 364w\" sizes=\"auto, (max-width: 108px) 100vw, 108px\" \/><\/a><figcaption class=\"caption wp-caption-text\">Jerez de la Frontera<\/figcaption><\/figure>\n<p style=\"text-align: justify;\">Ainda na Pen\u00ednsula Ib\u00e9rica, o circuito de Jerez de la Frontera, sede do GP da Espanha entre 1986 e 1990&#8230; Quando a pista voltou a sediar a F\u00f3rmula 1, nova altera\u00e7\u00e3o de tra\u00e7ado e uma chicane adicionada, n\u00e3o apenas por consequ\u00eancia da morte de Senna, mas por conta de um terr\u00edvel acidente com o norte-irland\u00eas Martin Donnelly, que ficou parapl\u00e9gico neste acidente&#8230;<\/p>\n<figure id=\"attachment_2278\" class=\"thumbnail wp-caption alignleft\" style=\"width: 118px\"><a href=\"https:\/\/akaikki.com.br\/wp-content\/uploads\/2010\/01\/comp_paulricard.gif\"><img loading=\"lazy\" decoding=\"async\" class=\"size-medium wp-image-2278 \" title=\"Paul Ricard\" src=\"https:\/\/akaikki.com.br\/wp-content\/uploads\/2010\/01\/comp_paulricard-300x93.gif\" alt=\"Paul Ricard\" width=\"108\" height=\"34\" srcset=\"https:\/\/akaikki.com.br\/wp-content\/uploads\/2010\/01\/comp_paulricard-300x93.gif 300w, https:\/\/akaikki.com.br\/wp-content\/uploads\/2010\/01\/comp_paulricard-500x155.gif 500w, https:\/\/akaikki.com.br\/wp-content\/uploads\/2010\/01\/comp_paulricard.gif 598w\" sizes=\"auto, (max-width: 108px) 100vw, 108px\" \/><\/a><figcaption class=\"caption wp-caption-text\">Paul Ricard<\/figcaption><\/figure>\n<p>Paul Ricard \u00e9 outro cl\u00e1ssico, tinha 5,8km de extens\u00e3o, sendo 2km na mesma reta, a Mistral, seguida pela Signes, uma curva r\u00e1pida \u00e0 direita&#8230; Com o acidente que matou o italiano Elio de Angelis, a pista usada pra corrida foi cortada no meio&#8230; Sediou o GP da Fran\u00e7a pela \u00faltima vez em 1990, mas ainda \u00e9 usada para testes&#8230; E o melhor: no melhor de sua forma, com a Mistral e seus 2km!!<\/p>\n<p style=\"text-align: justify;\">\n<figure id=\"attachment_2281\" class=\"thumbnail wp-caption alignright\" style=\"width: 118px\"><a href=\"https:\/\/akaikki.com.br\/wp-content\/uploads\/2010\/01\/comp_monza.gif\"><img loading=\"lazy\" decoding=\"async\" class=\"size-medium wp-image-2281  \" title=\"Monza\" src=\"https:\/\/akaikki.com.br\/wp-content\/uploads\/2010\/01\/comp_monza-300x155.gif\" alt=\"Monza\" width=\"108\" height=\"56\" srcset=\"https:\/\/akaikki.com.br\/wp-content\/uploads\/2010\/01\/comp_monza-300x155.gif 300w, https:\/\/akaikki.com.br\/wp-content\/uploads\/2010\/01\/comp_monza.gif 489w\" sizes=\"auto, (max-width: 108px) 100vw, 108px\" \/><\/a><figcaption class=\"caption wp-caption-text\">Monza<\/figcaption><\/figure>\n<p>Monza era t\u00e3o violenta como Hockenheim&#8230; Para dar uma aliviada nela, curvas r\u00e1pidas viraram chicanes&#8230; E uma coisa que voc\u00eas provavelmente n\u00e3o sabem: em 1955, 56, 60 e 61 foi usada uma vers\u00e3o da pista que dava uma volta no misto e uma no oval&#8230; Sim, Monza tinha um oval&#8230; E o oval dela botava esses ovais da Nascar no chinelo&#8230; Pra conhecer mais sobre o oval de Monza, recomendo <strong><a href=\"http:\/\/f1database.blogspot.com\/2009\/04\/caminhos-da-historia-monza-segunda-fase.html\" target=\"_blank\">este link<\/a><\/strong>&#8230;<\/p>\n<p style=\"text-align: justify;\">\n<figure id=\"attachment_2282\" class=\"thumbnail wp-caption alignleft\" style=\"width: 118px\"><a href=\"https:\/\/akaikki.com.br\/wp-content\/uploads\/2010\/01\/comp_monaco.gif\"><img loading=\"lazy\" decoding=\"async\" class=\"size-medium wp-image-2282  \" title=\"M\u00f4naco\" src=\"https:\/\/akaikki.com.br\/wp-content\/uploads\/2010\/01\/comp_monaco-300x133.gif\" alt=\"M\u00f4naco\" width=\"108\" height=\"48\" srcset=\"https:\/\/akaikki.com.br\/wp-content\/uploads\/2010\/01\/comp_monaco-300x133.gif 300w, https:\/\/akaikki.com.br\/wp-content\/uploads\/2010\/01\/comp_monaco-500x222.gif 500w, https:\/\/akaikki.com.br\/wp-content\/uploads\/2010\/01\/comp_monaco.gif 516w\" sizes=\"auto, (max-width: 108px) 100vw, 108px\" \/><\/a><figcaption class=\"caption wp-caption-text\">M\u00f4naco<\/figcaption><\/figure>\n<p>M\u00f4naco \u00e9 um caso \u00e0 parte&#8230; Por ser montada nas ruas do principado, quase todo ano s\u00e3o feitas revis\u00f5es no tra\u00e7ado visando aumentar a seguran\u00e7a&#8230; Vale lembrar que espa\u00e7o l\u00e1 \u00e9 o que menos tem&#8230; A mais not\u00f3ria delas foi o aterramento na parte da Piscina, alargando um pouco a pista e criando espa\u00e7o para a constru\u00e7\u00e3o dos boxes&#8230;<\/p>\n<p style=\"text-align: justify;\">\n<figure id=\"attachment_2285\" class=\"thumbnail wp-caption alignright\" style=\"width: 118px\"><a href=\"https:\/\/akaikki.com.br\/wp-content\/uploads\/2010\/01\/comp_montreal.gif\"><img loading=\"lazy\" decoding=\"async\" class=\"size-medium wp-image-2285  \" title=\"Montreal\" src=\"https:\/\/akaikki.com.br\/wp-content\/uploads\/2010\/01\/comp_montreal-300x119.gif\" alt=\"Montreal\" width=\"108\" height=\"43\" srcset=\"https:\/\/akaikki.com.br\/wp-content\/uploads\/2010\/01\/comp_montreal-300x119.gif 300w, https:\/\/akaikki.com.br\/wp-content\/uploads\/2010\/01\/comp_montreal.gif 413w\" sizes=\"auto, (max-width: 108px) 100vw, 108px\" \/><\/a><figcaption class=\"caption wp-caption-text\">Montreal<\/figcaption><\/figure>\n<p style=\"text-align: justify;\">No entanto, algumas mudan\u00e7as n\u00e3o deram em nada&#8230; Os motivos s\u00e3o os mais curiosos&#8230; Tentativa de melhoria, mais seguran\u00e7a, etc&#8230; S\u00e3o rar\u00edssimos os casos em que a pista muda, muda e continua boa&#8230; J\u00e1 citei M\u00e9xico&#8230; Cito Montreal&#8230; A pista canadense mudou um bocado ao longo dos anos, mas continua a mesma coisa: uma pista boa de andar&#8230; Diga-se, \u00e9 a pista preferida do Victor&#8230;<\/p>\n<p style=\"text-align: justify;\">\n<figure id=\"attachment_2286\" class=\"thumbnail wp-caption alignleft\" style=\"width: 118px\"><a href=\"https:\/\/akaikki.com.br\/wp-content\/uploads\/2010\/01\/comp_suzuka.gif\"><img loading=\"lazy\" decoding=\"async\" class=\"size-medium wp-image-2286  \" title=\"Suzuka\" src=\"https:\/\/akaikki.com.br\/wp-content\/uploads\/2010\/01\/comp_suzuka-300x101.gif\" alt=\"Suzuka\" width=\"108\" height=\"37\" srcset=\"https:\/\/akaikki.com.br\/wp-content\/uploads\/2010\/01\/comp_suzuka-300x101.gif 300w, https:\/\/akaikki.com.br\/wp-content\/uploads\/2010\/01\/comp_suzuka-499x168.gif 499w, https:\/\/akaikki.com.br\/wp-content\/uploads\/2010\/01\/comp_suzuka.gif 588w\" sizes=\"auto, (max-width: 108px) 100vw, 108px\" \/><\/a><figcaption class=\"caption wp-caption-text\">Suzuka<\/figcaption><\/figure>\n<p style=\"text-align: justify;\">Outra que mudou sem mudar e continuou boa: Suzuka&#8230; Enquanto sede do GP do Jap\u00e3o, apenas uma grande altera\u00e7\u00e3o no tra\u00e7ado: a \u00faltima chicane, recuada um bocado, mas sem alterar no resto do conjunto&#8230; \u00c9 outra pista que muda, continua a mesma coisa e ainda continua sendo boa&#8230; Agora o resto&#8230;<\/p>\n<figure id=\"attachment_2287\" class=\"thumbnail wp-caption alignright\" style=\"width: 118px\"><a href=\"https:\/\/akaikki.com.br\/wp-content\/uploads\/2010\/01\/comp_phoenix.gif\"><img loading=\"lazy\" decoding=\"async\" class=\"size-medium wp-image-2287  \" title=\"Phoenix\" src=\"https:\/\/akaikki.com.br\/wp-content\/uploads\/2010\/01\/comp_phoenix-300x144.gif\" alt=\"Phoenix\" width=\"108\" height=\"52\" srcset=\"https:\/\/akaikki.com.br\/wp-content\/uploads\/2010\/01\/comp_phoenix-300x144.gif 300w, https:\/\/akaikki.com.br\/wp-content\/uploads\/2010\/01\/comp_phoenix.gif 394w\" sizes=\"auto, (max-width: 108px) 100vw, 108px\" \/><\/a><figcaption class=\"caption wp-caption-text\">Phoenix<\/figcaption><\/figure>\n<p style=\"text-align: justify;\">A pen\u00faltima vers\u00e3o do GP dos Z\u00e9ua aconteceu nas ruas do centro de Phoenix&#8230; Algo parecido com o que a F\u00f3rmula Indy vai fazer em S\u00e3o Paulo&#8230; Essa pista \u00e9 velha conhecida do pessoal que jogou Grand Prix 1&#8230; (por acaso, era a minha favorita&#8230;) As duas vers\u00f5es da pista eram parecidas: apertadas, sem muita \u00e1rea de escape e cheias de curvas de 90\u00b0&#8230; Reza a lenda que a corrida de 91 teve menos p\u00fablico que um evento de avestruzes na cidade&#8230;<\/p>\n<p style=\"text-align: justify;\">\n<figure id=\"attachment_2289\" class=\"thumbnail wp-caption alignleft\" style=\"width: 118px\"><a href=\"https:\/\/akaikki.com.br\/wp-content\/uploads\/2010\/01\/comp_magny.gif\"><img loading=\"lazy\" decoding=\"async\" class=\"size-medium wp-image-2289  \" title=\"Magny-Cours\" src=\"https:\/\/akaikki.com.br\/wp-content\/uploads\/2010\/01\/comp_magny-300x211.gif\" alt=\"Magny-Cours\" width=\"108\" height=\"76\" srcset=\"https:\/\/akaikki.com.br\/wp-content\/uploads\/2010\/01\/comp_magny-300x211.gif 300w, https:\/\/akaikki.com.br\/wp-content\/uploads\/2010\/01\/comp_magny.gif 378w\" sizes=\"auto, (max-width: 108px) 100vw, 108px\" \/><\/a><figcaption class=\"caption wp-caption-text\">Magny-Cours<\/figcaption><\/figure>\n<p style=\"text-align: justify;\">Depois de ser sediada por anos em Paul Ricard, o GP da Fran\u00e7a foi para Magny Cours&#8230; Esta a\u00ed era um petardo&#8230; Localizado no meio do nada, sem pontos de ultrapassagem&#8230; Em 2003, houve uma tentativa de melhorar a pista, alterando algumas curvas&#8230; A emenda saiu pior que o soneto, na minha opini\u00e3o&#8230;<\/p>\n<p style=\"text-align: justify;\">\n<figure id=\"attachment_2288\" class=\"thumbnail wp-caption alignright\" style=\"width: 118px\"><a href=\"https:\/\/akaikki.com.br\/wp-content\/uploads\/2010\/01\/comp_barcelona.gif\"><img loading=\"lazy\" decoding=\"async\" class=\"size-medium wp-image-2288  \" title=\"Barcelona\" src=\"https:\/\/akaikki.com.br\/wp-content\/uploads\/2010\/01\/comp_barcelona-300x107.gif\" alt=\"Barcelona\" width=\"108\" height=\"38\" srcset=\"https:\/\/akaikki.com.br\/wp-content\/uploads\/2010\/01\/comp_barcelona-300x107.gif 300w, https:\/\/akaikki.com.br\/wp-content\/uploads\/2010\/01\/comp_barcelona-500x179.gif 500w, https:\/\/akaikki.com.br\/wp-content\/uploads\/2010\/01\/comp_barcelona.gif 592w\" sizes=\"auto, (max-width: 108px) 100vw, 108px\" \/><\/a><figcaption class=\"caption wp-caption-text\">Barcelona<\/figcaption><\/figure>\n<p style=\"text-align: justify;\">Essa \u00e9 cl\u00e1ssica&#8230; O Circuito da Catalunha sedia o GP da Espanha desde 1991&#8230; \u00c9 conhecida por sediar corridas chatas e desprovidas de ultrapassagem, bem ao gosto da Sant\u00edssima Trindade da F\u00f3rmula 1&#8230; (Max, Bernie e Tilke&#8230;) As duas mudan\u00e7as feitas em 2003 e 2007 se mostraram um tiro no p\u00e9, pois se a inten\u00e7\u00e3o era facilitar as ultrapassagens, eles falharam miseravelmente&#8230;<\/p>\n<p style=\"text-align: justify;\">\n<figure id=\"attachment_2291\" class=\"thumbnail wp-caption alignleft\" style=\"width: 310px\"><a href=\"https:\/\/akaikki.com.br\/wp-content\/uploads\/2010\/01\/comp_silverstone.gif\"><img loading=\"lazy\" decoding=\"async\" class=\"size-medium wp-image-2291 \" title=\"Silverstone - Inglaterra\" src=\"https:\/\/akaikki.com.br\/wp-content\/uploads\/2010\/01\/comp_silverstone-300x210.gif\" alt=\"Silverstone\" width=\"300\" height=\"210\" srcset=\"https:\/\/akaikki.com.br\/wp-content\/uploads\/2010\/01\/comp_silverstone-300x210.gif 300w, https:\/\/akaikki.com.br\/wp-content\/uploads\/2010\/01\/comp_silverstone-500x351.gif 500w, https:\/\/akaikki.com.br\/wp-content\/uploads\/2010\/01\/comp_silverstone.gif 645w\" sizes=\"auto, (max-width: 300px) 100vw, 300px\" \/><\/a><figcaption class=\"caption wp-caption-text\">Silverstone - Inglaterra<\/figcaption><\/figure>\n<p style=\"text-align: justify;\">O melhor eu deixei pro final&#8230; Silverstone, palco da primeira corrida da hist\u00f3ria da F\u00f3rmula 1&#8230; Localizada num antigo hangar usado na Segunda Guerra (as pistas de pouso e decolagem ainda est\u00e3o l\u00e1&#8230;), Silverstone \u00e9, provavelmente a pista que teve o maior n\u00famero de altera\u00e7\u00f5es no tra\u00e7ado&#8230;<\/p>\n<p style=\"text-align: justify;\">Os motivos foram todos poss\u00edveis&#8230; Moderniza\u00e7\u00e3o, seguran\u00e7a e outros mais&#8230; Tamb\u00e9m foi v\u00edtima da neura de 94, quando pistas eram alteradas temporariamente para reduzir a velocidade dos carros&#8230; Mudou drasticamente nos anos 90 e, quando eu penso que j\u00e1 estou me acostumando com o layout novo, os organizadores inventam um poss\u00edvel novo tra\u00e7ado para 2010&#8230; (assinalado em vermelho no mapa ao lado&#8230;)<\/p>\n<p style=\"text-align: justify;\">Sinceramente, eu sou muito conservador em determinados aspectos&#8230; Sou totalmente contra a descaracteriza\u00e7\u00e3o das pistas antigas e, principalmente, tenho um \u00f3dio mortal da pistas novas surgidas nos locais mais in\u00f3spitos poss\u00edveis, mais principalmente ainda as que s\u00e3o ass<span style=\"text-decoration: line-through;\">ass<\/span>inadas por Hermann Tilke&#8230; De todas as cria\u00e7\u00f5es dele, a \u00fanica que se salvou (e ainda assim, depois de ter ficado de recupera\u00e7\u00e3o) foi Istanbul&#8230; O resto \u00e9 isso a\u00ed que temos visto&#8230;<\/p>\n<p style=\"text-align: justify;\">Ah, sim&#8230; Quase que ia me esquecendo de Donington&#8230; A tentativa de levar o GP da Inglaterra pra l\u00e1 seria numa pista bem similar \u00e0 N\u00fcrburgring atual: uma volta em torno de uma das curvas&#8230; Essa \u00e9 <span style=\"color: #004a8e;\"><strong>#EPICFAIL<\/strong><\/span>, porque al\u00e9m do fato de que a pista seria uma bosta sem limites, o grupo respons\u00e1vel por esta empreitada n\u00e3o conseguiu levantar fundos pra essa empreitada e o projeto foi abortado&#8230;<\/p>\n<p style=\"text-align: justify;\">Definitivamente, a F\u00f3rmula 1 deste mundo s\u00f3 faz piorar&#8230; Que inveja tenho do meu pai numa hora dessas&#8230;<\/p>\n<p><img loading=\"lazy\" decoding=\"async\" title=\"Erick Von Draxeler \u00e9 filho de algu\u00e9m que testemunhou a F\u00f3rmula 1 nos tempos que isso era coisa de macho...\" src=\"https:\/\/akaikki.com.br\/layout\/assinaturas\/sig01.png\" alt=\"\" width=\"500\" height=\"43\" \/><\/p>\n","protected":false},"excerpt":{"rendered":"<p>Aviso aos visitantes Esta edi\u00e7\u00e3o ser\u00e1 sobre F\u00f3rmula 1 a n\u00edvel nerd extremo&#8230; Se voc\u00ea n\u00e3o se enquadra neste n\u00edvel, espere as pr\u00f3ximas edi\u00e7\u00f5es&#8230; Dito isso, que n\u00e3o me venha nenhum filho da puta pra reclamar que eu n\u00e3o avisei&#8230; ada vez que eu vejo uma mudan\u00e7a tosca na F\u00f3rmula 1, seja no regulamento ou<\/p>\n","protected":false},"author":2,"featured_media":0,"comment_status":"open","ping_status":"open","sticky":false,"template":"","format":"standard","meta":{"footnotes":""},"categories":[79,60],"tags":[],"class_list":["post-2239","post","type-post","status-publish","format-standard","hentry","category-automobilismo","category-pequenos-autores-grandes-texticulos"],"_links":{"self":[{"href":"https:\/\/akaikki.com.br\/index.php?rest_route=\/wp\/v2\/posts\/2239","targetHints":{"allow":["GET"]}}],"collection":[{"href":"https:\/\/akaikki.com.br\/index.php?rest_route=\/wp\/v2\/posts"}],"about":[{"href":"https:\/\/akaikki.com.br\/index.php?rest_route=\/wp\/v2\/types\/post"}],"author":[{"embeddable":true,"href":"https:\/\/akaikki.com.br\/index.php?rest_route=\/wp\/v2\/users\/2"}],"replies":[{"embeddable":true,"href":"https:\/\/akaikki.com.br\/index.php?rest_route=%2Fwp%2Fv2%2Fcomments&post=2239"}],"version-history":[{"count":34,"href":"https:\/\/akaikki.com.br\/index.php?rest_route=\/wp\/v2\/posts\/2239\/revisions"}],"predecessor-version":[{"id":2315,"href":"https:\/\/akaikki.com.br\/index.php?rest_route=\/wp\/v2\/posts\/2239\/revisions\/2315"}],"wp:attachment":[{"href":"https:\/\/akaikki.com.br\/index.php?rest_route=%2Fwp%2Fv2%2Fmedia&parent=2239"}],"wp:term":[{"taxonomy":"category","embeddable":true,"href":"https:\/\/akaikki.com.br\/index.php?rest_route=%2Fwp%2Fv2%2Fcategories&post=2239"},{"taxonomy":"post_tag","embeddable":true,"href":"https:\/\/akaikki.com.br\/index.php?rest_route=%2Fwp%2Fv2%2Ftags&post=2239"}],"curies":[{"name":"wp","href":"https:\/\/api.w.org\/{rel}","templated":true}]}}