{"id":1742,"date":"2009-12-08T23:06:51","date_gmt":"2009-12-09T01:06:51","guid":{"rendered":"http:\/\/akaikki.com.br\/?p=1742"},"modified":"2010-01-16T18:34:53","modified_gmt":"2010-01-16T20:34:53","slug":"a-k-a-%e4%b8%80%e8%bc%9d-%e2%80%93-edicao-1467","status":"publish","type":"post","link":"https:\/\/akaikki.com.br\/?p=1742","title":{"rendered":"a.k.a.\u4e00\u8f1d!! \u2013 Edi\u00e7\u00e3o 1467"},"content":{"rendered":"<p style=\"text-align: justify;\"><img loading=\"lazy\" decoding=\"async\" class=\"alignleft\" style=\"margin: 1px 4px; border: 0px;\" src=\"https:\/\/akaikki.com.br\/layout\/caps\/cap_q.gif\" alt=\"\" width=\"39\" height=\"39\" \/>ue semana foi essa!! V\u00e1rios eventos acontecendo e eu n\u00e3o consegui dar conta de manter o <span style=\"color: #c00000;\">a.k.a.\u4e00\u8f1d!!<\/span> em dia&#8230; Ent\u00e3o, n\u00e3o estranhem se esta edi\u00e7\u00e3o ficar gigante e desestimulante para ler&#8230; Afinal, n\u00e3o \u00e9 culpa minha se eu gosto MUITO de escrever e o brasileiro N\u00c3O goste muito de ler&#8230;<\/p>\n<p style=\"text-align: justify;\">Pois bem&#8230; Primeiro, quero parabenizar minha &#8220;amigunha&#8221; Patr\u00edcia, pelo seu casamento, ocorrido na quinta passada&#8230; (3 de dezembro)\u00a0Pra quem n\u00e3o sabe, ela j\u00e1 foi exaustivamente zoada aqui no site, por conta de <a href=\"https:\/\/akaikki.com.br\/wp-content\/uploads\/2009\/12\/CarroPatty2.gif\" target=\"_blank\">suas perip\u00e9cias ao volante de um fusquinha<\/a> e de <a href=\"http:\/\/www.youtube.com\/watch?v=JCzthk2woZk\" target=\"_blank\">suas habilidades matem\u00e1ticas<\/a>, bem como a sua <a href=\"http:\/\/www.youtube.com\/watch?v=qEf0xlaE-hI\" target=\"_blank\">destreza em manter um peda\u00e7o de pizza preso no garfo<\/a>, al\u00e9m de ter aparecido em algumas montagens do Ceguinho, como <a href=\"https:\/\/akaikki.com.br\/wp-content\/uploads\/2009\/12\/patriciafatal.jpg\" target=\"_blank\">esta<\/a> e <a href=\"https:\/\/akaikki.com.br\/wp-content\/uploads\/2009\/12\/aaahhh.jpg\" target=\"_blank\">esta<\/a>&#8230;<\/p>\n<figure id=\"attachment_1743\" class=\"thumbnail wp-caption aligncenter\" style=\"width: 385px\"><a href=\"https:\/\/akaikki.com.br\/wp-content\/uploads\/2009\/12\/patricia_alex_casados.jpg\"><img loading=\"lazy\" decoding=\"async\" class=\"size-full wp-image-1743\" title=\"L\u00e1 vem a noiva... E l\u00e1 vai o noivo...\" src=\"https:\/\/akaikki.com.br\/wp-content\/uploads\/2009\/12\/patricia_alex_casados.jpg\" alt=\"L\u00e1 vem a noiva... E l\u00e1 vai o noivo...\" width=\"375\" height=\"500\" srcset=\"https:\/\/akaikki.com.br\/wp-content\/uploads\/2009\/12\/patricia_alex_casados.jpg 375w, https:\/\/akaikki.com.br\/wp-content\/uploads\/2009\/12\/patricia_alex_casados-225x300.jpg 225w\" sizes=\"auto, (max-width: 375px) 100vw, 375px\" \/><\/a><figcaption class=\"caption wp-caption-text\">L\u00e1 vem a noiva... E l\u00e1 vai o noivo...<\/figcaption><\/figure>\n<p style=\"text-align: justify;\">Felicidades ao casal e muita boa sorte para o Alex, que vai ter que aturar essa baixinha pro resto da vida!!<\/p>\n<p style=\"text-align: justify;\">No mesmo dia 3, rolou o lan\u00e7amento do primeiro EP do Riverdies, que j\u00e1 se chamou Down Yard (e, coincidentemente, \u00e9 o nome do \u00e1lbum em quest\u00e3o&#8230;) Eu comprei o \u00e1lbum e j\u00e1 ouvi&#8230; 40 vezes nos \u00faltimos cinco minutos&#8230;<\/p>\n<p style=\"text-align: justify;\">Pr\u00f3ximo t\u00f3pico: os grupos da Copa&#8230;<\/p>\n<p style=\"text-align: center;\"><a href=\"https:\/\/akaikki.com.br\/wp-content\/uploads\/2009\/12\/copa_grupos.png\"><img loading=\"lazy\" decoding=\"async\" class=\"size-full wp-image-1744 aligncenter\" title=\"Os grupos da Copa do Mundo\" src=\"https:\/\/akaikki.com.br\/wp-content\/uploads\/2009\/12\/copa_grupos.png\" alt=\"Os grupos da Copa do Mundo\" width=\"266\" height=\"460\" srcset=\"https:\/\/akaikki.com.br\/wp-content\/uploads\/2009\/12\/copa_grupos.png 266w, https:\/\/akaikki.com.br\/wp-content\/uploads\/2009\/12\/copa_grupos-173x300.png 173w\" sizes=\"auto, (max-width: 266px) 100vw, 266px\" \/><\/a><\/p>\n<p>Ent\u00e3o seguem meus palpites para cada grupo, quem passa pra Segunda Fase&#8230;<\/p>\n<ul>\n<li>Grupo A: Fran\u00e7a passa em primeiro, M\u00e9xico e Uruguai disputam a segunda vaga<\/li>\n<li>Grupo B: Argentina passa em primeiro, Gr\u00e9cia passa em segundo<\/li>\n<li>Grupo C: Inglaterra passa em primeiro, os Z\u00e9ua passam em segundo<\/li>\n<li>Grupo D: Alemanha passa em primeiro, S\u00e9rvia e Austr\u00e1lia disputam a segunda vaga<\/li>\n<li>Grupo E: Holanda passa em primeiro, Camar\u00f5es passa em segundo<\/li>\n<li>Grupo F: It\u00e1lia passa em primeiro, Paraguai e Eslov\u00e1quia disputam a segunda vaga<\/li>\n<li>Grupo G: Brasil passa em primeiro, Portugal passa em segundo<\/li>\n<li>Grupo H: Espanha passa em primeiro, Chile e Su\u00ed\u00e7a disputam a segunda vaga<\/li>\n<\/ul>\n<p style=\"text-align: justify;\">Mas n\u00e3o pensem voc\u00eas que os grupos est\u00e3o f\u00e1ceis&#8230; Os jogos ser\u00e3o dif\u00edceis&#8230; O Brasil vai pegar um time que n\u00e3o tem nada a perder, vai pegar um time africano (times africanos costumam ter jogadores muito \u00e1geis e que surpreendem) e v\u00e3o pegar Cristiano Ronaldo e cia&#8230;<\/p>\n<p style=\"text-align: center;\">Ou seja: FUDEU!!<\/p>\n<p style=\"text-align: center;\">[pausa para tombar de sono por motivos desconhecidos]<\/p>\n<p style=\"text-align: justify;\">Deixa eu pular para os coment\u00e1rios, antes que eu os esque\u00e7a&#8230;<\/p>\n<blockquote>\n<p style=\"text-align: justify;\">P\u00f4, an\u00e9is na Terra..<br \/>\nSeria m\u00f3 viagem a\u00ca<\/p>\n<p style=\"text-align: justify;\"><img loading=\"lazy\" decoding=\"async\" src=\"https:\/\/akaikki.com.br\/layout\/assinaturas\/sig15c.png\" alt=\"\" width=\"400\" height=\"43\" \/><\/p>\n<p style=\"text-align: justify;\">Piada \u201cinfame\u201d nerd do dia: Na verdade esse rastro n\u00e3o s\u00e3o an\u00e9is como os de saturno, e sim a v\u00f3 do Kabuto usando o clock up nos tempos prim\u00f3rdios.<\/p>\n<p style=\"text-align: justify;\"><img loading=\"lazy\" decoding=\"async\" src=\"https:\/\/akaikki.com.br\/layout\/assinaturas\/sig04c.png\" alt=\"\" width=\"400\" height=\"43\" \/><\/p>\n<\/blockquote>\n<p style=\"text-align: justify;\">L\u00e9o andou fumando maconha, n\u00e9&#8230; S\u00f3 pode&#8230; E o Cristiano me deve uma explica\u00e7\u00e3o: voc\u00ea quer insinuar\u00a0o qu\u00ea? Que a v\u00f3 do Kabuto era um Worm, um Native ou um Kamen Rider?<\/p>\n<p style=\"text-align: justify;\">Eu diria que a v\u00f3 do Kabuto \u00e9 a Jan\u00e1i Himura&#8230; \u00c9 a \u00fanica pessoa &#8220;fodona&#8221; que eu conhe\u00e7o e que deixaria o Kabuto no chinelo&#8230;<\/p>\n<p style=\"text-align: justify;\">&#8230;a PERSONAGEM Jan\u00e1i Himura, diga-se&#8230; A pessoa, quando muito, poderia ser a m\u00e3e do Kabuto e, provavelmente, a filha da v\u00f3 do Kabuto&#8230;<\/p>\n<p style=\"text-align: justify;\">&#8230;o que provaria que ser FODA \u00e9 mal de fam\u00edlia&#8230;!!<\/p>\n<blockquote>\n<p style=\"text-align: justify;\">Eu quero ser um dos namorados da Ana!!!!!!!!!!!!!!<\/p>\n<p style=\"text-align: justify;\"><img loading=\"lazy\" decoding=\"async\" src=\"https:\/\/akaikki.com.br\/layout\/assinaturas\/sig15c.png\" alt=\"\" width=\"400\" height=\"43\" \/><\/p>\n<p style=\"text-align: justify;\">Leo, vc ta mais pra um dos riders kicks dela\u2026<\/p>\n<p style=\"text-align: justify;\"><img loading=\"lazy\" decoding=\"async\" src=\"https:\/\/akaikki.com.br\/layout\/assinaturas\/sig04c.png\" alt=\"\" width=\"400\" height=\"43\" \/><\/p>\n<\/blockquote>\n<p style=\"text-align: justify;\">\u00c9 duro destruir as ilus\u00f5es de um jovem rapaz, mas essa \u00e9 a triste e dura realidade&#8230;<\/p>\n<p style=\"text-align: justify;\"><img decoding=\"async\" class=\"alignleft\" style=\"margin: 0px 4px; border: 0px;\" src=\"https:\/\/akaikki.com.br\/layout\/icon21.png\" alt=\"\" align=\"absMiddle\" \/>&#8211; Al\u00e9m disso, <a href=\"http:\/\/www.orkut.com.br\/Main#AlbumZoom?gwt=1&amp;uid=14866453383768511308&amp;aid=1&amp;pid=1258397692738$pid=1258397692738\" target=\"_blank\">porque eu namoraria um moleque que \u00e9 um borracha fraca, que amarelou de ir nos eventos do site?<\/a><br \/>\n<span style=\"color: #ffffff;\">.<\/span><\/p>\n<p style=\"text-align: justify;\"><img decoding=\"async\" class=\"alignleft\" style=\"margin: 0px 4px; border: 0px;\" src=\"https:\/\/akaikki.com.br\/layout\/icon01.png\" alt=\"\" align=\"absMiddle\" \/>&#8211; Voc\u00ea nem t\u00e1 sabendo da hist\u00f3ria toda, Nina&#8230; No seu anivers\u00e1rio, ele n\u00e3o conseguiu acordar o pai dele pra pedir uns trocados pra ir no Cachambeer com a galera&#8230;<br \/>\n<span style=\"color: #ffffff;\">.<\/span><\/p>\n<p style=\"text-align: justify;\"><span style=\"color: #ffffff;\"> <\/span><img decoding=\"async\" style=\"margin: 0px 4px; border: 0px;\" src=\"https:\/\/akaikki.com.br\/layout\/icon21.png\" alt=\"\" align=\"absMiddle\" \/>&#8211; T\u00f4 dizendo&#8230; \u00c9 um vacil\u00e3o&#8230;<br \/>\n<img decoding=\"async\" style=\"margin: 0px 4px; border: 0px;\" src=\"https:\/\/akaikki.com.br\/layout\/icon04.png\" alt=\"\" align=\"absMiddle\" \/>&#8211; Ent\u00e3o, ele vai ter que se contentar com a ********&#8230;<br \/>\n<img decoding=\"async\" style=\"margin: 0px 4px; border: 0px;\" src=\"https:\/\/akaikki.com.br\/layout\/icon01.png\" alt=\"\" align=\"absMiddle\" \/>&#8211; Nem com ela&#8230; Ela t\u00e1 namorando com outro cara&#8230;<br \/>\n<img decoding=\"async\" style=\"margin: 0px 4px; border: 0px;\" src=\"https:\/\/akaikki.com.br\/layout\/icon21.png\" alt=\"\" align=\"absMiddle\" \/>&#8211; R\u00e1!!<br \/>\n<img decoding=\"async\" style=\"margin: 0px 4px; border: 0px;\" src=\"https:\/\/akaikki.com.br\/layout\/icon08.png\" alt=\"\" align=\"absMiddle\" \/><a title=\"Concordo contigo, Nina...\">&#8211; \u6211\u306f\u304a\u524d\u306b\u540c\u610f\u3059\u308b\u3001\u30cb\u30ca\u3061\u3083\u3093&#8230;<\/a><\/p>\n<p style=\"text-align: center;\">E Jan\u00e1i Himura retalha L\u00e9o com a Espada Ol\u00edmpica&#8230;<\/p>\n<p style=\"text-align: justify;\">Pr\u00f3ximo ponto: O Hexacampeonato Basileiro do Flamengo&#8230; Ali\u00e1s, segue uma sugest\u00e3o, Sr. Leonardo Fernandes, webmaster do <a href=\"http:\/\/futf-1.blogspot.com\/\" target=\"_blank\">Fut F-1<\/a>: por mais vasca\u00edno que voc\u00ea seja e por mais que voc\u00ea ODEIE o Flamengo, NUNCA, mas nunca MESMO, caia na besteira de comentar isso num blog de not\u00edcias esportivas:<\/p>\n<figure id=\"attachment_1747\" class=\"thumbnail wp-caption aligncenter\" style=\"width: 444px\"><a href=\"http:\/\/futf-1.blogspot.com\/2009\/12\/flamengo-e-campeao-brasileiro.html\"><img loading=\"lazy\" decoding=\"async\" class=\"size-full wp-image-1747\" title=\"L\u00e9o demonstra implicitamente seu \u00f3dio pelo Flamengo...\" src=\"https:\/\/akaikki.com.br\/wp-content\/uploads\/2009\/12\/fla_futf1.png\" alt=\"L\u00e9o demonstra implicitamente seu \u00f3dio pelo Flamengo...\" width=\"434\" height=\"452\" srcset=\"https:\/\/akaikki.com.br\/wp-content\/uploads\/2009\/12\/fla_futf1.png 434w, https:\/\/akaikki.com.br\/wp-content\/uploads\/2009\/12\/fla_futf1-288x300.png 288w\" sizes=\"auto, (max-width: 434px) 100vw, 434px\" \/><\/a><figcaption class=\"caption wp-caption-text\">L\u00e9o demonstra implicitamente seu \u00f3dio pelo Flamengo...<\/figcaption><\/figure>\n<p style=\"text-align: justify;\">Isso, nobre colega, deixa bem clara a sua posi\u00e7\u00e3o e o seu fanatismo, coisa que um jornalista n\u00e3o deve deixar\u00a0transparecer desse jeito&#8230; Lembre-se que o jornalista \u00e9 um formador de opini\u00f5es e que vivemos num pa\u00eds de gente ignorante e que acredita piamente na primeira merda que ouve&#8230; Se ainda fosse no <span style=\"color: #c00000;\">a.k.a.\u4e00\u8f1d!!<\/span>, que fala qualquer merda sobre qualquer merda, at\u00e9 vai&#8230;<\/p>\n<p style=\"text-align: justify;\">Quer dizer, nem tanto&#8230; Se voc\u00ea escreve uma merda dessas no meu site, eu ia te matar de porrada!!<\/p>\n<p style=\"text-align: justify;\">Mas num blog declaradamente de not\u00edcias esportivas, esse fanatismo DEVE ser evitado, ainda mais quando se trata de um assunto t\u00e3o pol\u00eamico quanto esse: a discuss\u00e3o sobre o Brasileir\u00e3o de 1987&#8230;<\/p>\n<p style=\"text-align: justify;\">Para isso, eu desenterro um texto que eu postei na <a href=\"http:\/\/akaikki.blogspot.com\/2005\/12\/aka-ikki-issue-742.html\" target=\"_blank\">Edi\u00e7\u00e3o 742<\/a>, em dezembro de 2005&#8230; (e vai ficar como era na \u00e9poca, antes da Reforma Ortogr\u00e1fica&#8230;)<\/p>\n<blockquote>\n<p style=\"text-align: justify;\">Em tempos de desmoraliza\u00e7\u00e3o do futebol brasileiro e de sua entidade principal no pa\u00eds, a CBF, uma reflex\u00e3o me vem \u00e0 tona: como ser\u00e1 que ficam aqueles torcedores anti-flamenguistas que dizem que o t\u00edtulo brasileiro de 1987 n\u00e3o foi ganho pelo Flamengo, pelo simples motivo que a CBF n\u00e3o o reconhece? Para esses, o campe\u00e3o \u00e9 o Sport Recife. Por inveja ou ignor\u00e2ncia, insistem na tese de que a conquista do referido ano \u00e9 pernambucana. Pois bem, de uma vez por todas, e por uma quest\u00e3o de justi\u00e7a, j\u00e1 que o brasileiro notadamente n\u00e3o possui mem\u00f3ria, vamos relembrar o contexto do futebol brasileiro da \u00e9poca.<\/p>\n<p style=\"text-align: justify;\">Em 1987, a Confedera\u00e7\u00e3o Brasileira de Futebol, tal como hoje, estava falida financeira e moralmente falando, gra\u00e7as ao descr\u00e9dito em que havia mergulhado. O p\u00fablico estava exausto da baderna que sempre imperou na entidade, estava cansado dos campeonatos com duzentos, trezentos times. Ningu\u00e9m mais se dispunha a investir em um campeonato realizado sob esses moldes amadores. Havia o risco, bastante real, de n\u00e3o ser realizado o campeonato nacional daquele ano por inexist\u00eancia de recursos.<\/p>\n<p style=\"text-align: justify;\">Diante de tal amea\u00e7a, os treze maiores clubes do Brasil, liderados por Carlos Miguel Aidar, ent\u00e3o presidente do S\u00e3o Paulo, correram atr\u00e1s de patroc\u00ednio e organizaram o seu pr\u00f3prio campeonato, a Copa Uni\u00e3o. Chegaram ao consenso de que o n\u00famero ideal de participantes seria de dezesseis equipes, de modo que convidaram mais tr\u00eas para se juntar a eles. A CBF, cujas m\u00e1s administra\u00e7\u00f5es era a \u00fanica respons\u00e1vel pela situa\u00e7\u00e3o, n\u00e3o se op\u00f4s a que o campeonato dos dezesseis substitu\u00edsse a antiga f\u00f3rmula do Campeonato Brasileiro. Come\u00e7ava ali a maior revolu\u00e7\u00e3o da hist\u00f3ria de nosso futebol. Come\u00e7ava ali um campeonato muito mais racional, em que todos jogavam contra todos, e n\u00e3o eram divididos em infinitos grupos, como vinha se fazendo at\u00e9 ent\u00e3o. Tudo muito limpo, tudo muito organizado&#8230; at\u00e9 a CBF resolver deturpar a id\u00e9ia.<\/p>\n<p style=\"text-align: justify;\">Ocorre que a entidade regente de nosso futebol era comandada pela dupla Ot\u00e1vio Pinto Guimar\u00e3es e Nabi Abi Chedid, de longe os mais impopulares dirigentes da CBF em todos os tempos. Perto deles Ricardo Teixeira \u00e9 fichinha. Ambos se mantinham no poder gra\u00e7as \u00e0 estrat\u00e9gia de se apoiar nos clubes pequenos. Alguma semelhan\u00e7a com as Federa\u00e7\u00f5es estaduais de hoje? N\u00e3o \u00e9 mera coincid\u00eancia, podem crer.<\/p>\n<p style=\"text-align: justify;\">Eram os clubes de pouca express\u00e3o os que os sustentavam no comando, e a esses mesmos clubes parecia acintosa a id\u00e9ia de se realizar um campeonato s\u00f3 com as grandes for\u00e7as. Ot\u00e1vio e Nabi, por sua vez, tremiam de medo diante da possibilidade de os clubes constatarem que n\u00e3o precisavam da CBF para nada. Bastaria uma explora\u00e7\u00e3o racional de sua popularidade para que eles pr\u00f3prios pudessem gerir o campeonato nacional, organizando uma liga, como ocorre nos principais pa\u00edses europeus, como Inglaterra, a It\u00e1lia e a Alemanha. Para a CBF, urgia &#8220;cortar as asas&#8221; dos grandes clubes. Logo surgiu a lament\u00e1vel id\u00e9ia de fazer com que o t\u00edtulo fosse decidido entre os campe\u00f5es do torneio dos times grandes, o M\u00f3dulo Verde e o dos pequenos, o Amarelo, popular Segundona.<\/p>\n<p style=\"text-align: justify;\">Uma id\u00e9ia que repugna \u00e0 l\u00f3gica, no melhor estilo das cria\u00e7\u00f5es geniais de nossa cartolagem. A primeira quest\u00e3o que devemos enfrentar \u00e9: a CBF tinha a legitimidade de se meter na regulamenta\u00e7\u00e3o de um campeonato em cuja organiza\u00e7\u00e3o ela n\u00e3o ajudou em nada? A CBF, respons\u00e1vel pelo estado quase falimentar de nosso futebol, poderia inventar regras para um campeonato concebido justamente para que a bagun\u00e7a e a politicagem da entidade fossem enterradas de uma vez por todas?<\/p>\n<p style=\"text-align: justify;\">\u00c9 claro, \u00e9 evidente que n\u00e3o! Pois bem: a CBF fez das suas e inventou a tal regra que previa a disputa do t\u00edtulo nacional pelos campe\u00f5es dos dois torneios, ou melhor, dos dois m\u00f3dulos. Diga-se de passagem, com o campeonato j\u00e1 em andamento.<\/p>\n<p style=\"text-align: justify;\">Timidamente, inconscientes de sua pr\u00f3pria for\u00e7a, os grandes clubes, por meio de coa\u00e7\u00e3o, acabaram aceitando a id\u00e9ia, mas, posteriormente, quando perceberam o sucesso de sua concep\u00e7\u00e3o de um campeonato racional, resolveram peitar a CBF e n\u00e3o se submeter aos seus caprichos.<\/p>\n<p style=\"text-align: justify;\">Para os grandes clubes &#8211; e, portanto, para a maioria esmagadora da torcida brasileira &#8211; campe\u00e3o brasileiro seria o campe\u00e3o do M\u00f3dulo Verde e fim de papo. Como todos sabemos, o Flamengo, com um time inesquec\u00edvel &#8211; o \u00faltimo tima\u00e7o da hist\u00f3ria de nosso futebol &#8211; ap\u00f3s algumas partidas memor\u00e1veis, ap\u00f3s espet\u00e1culos de Zico, Bebeto, Leandro e, sobretudo, Renato Ga\u00facho, ap\u00f3s um show rubro-negro, o clube da G\u00e1vea se sagrou campe\u00e3o do M\u00f3dulo Verde. Foi o melhor do torneio entre os melhores. Em qualquer pa\u00eds s\u00e9rio deste mundo, isso bastaria para que fosse considerado o campe\u00e3o nacional. Mas n\u00e3o no Brasil. Ou, pelo menos, n\u00e3o naquele Brasil de Sarney e de Ot\u00e1vio e Nabi. Para estes dois, era indispens\u00e1vel que o Flamengo disputasse o t\u00edtulo com o vencedor do M\u00f3dulo Amarelo.<\/p>\n<p style=\"text-align: justify;\">E enquanto o Flamengo conquistava com brilho o M\u00f3dulo Verde, o que acontecia no tal M\u00f3dulo Amarelo? Na primeira partida da decis\u00e3o da Segundona, perd\u00e3o, do M\u00f3dulo Amarelo, o Guarani venceu o Sport em Campinas por 2 x 0. Na partida de volta, longe, muito longe dos olhos e do cora\u00e7\u00e3o do torcedor brasileiro, o Sport venceu por 3 x 0, o que n\u00e3o bastava para levantar a ta\u00e7a. O regulamento previa desempate por p\u00eanaltis, e l\u00e1 se foram os dois times, sem que a torcida brasileira tomasse conhecimento disso, decidir nos p\u00eanaltis. Cada um bateu onze, e o placar continuava empatado. Diante da suprema falta de import\u00e2ncia do resultado &#8211; afinal de contas, ambos os times j\u00e1 tinham garantido o acesso \u00e0 primeira divis\u00e3o do ano seguinte, Sport e Guarani resolveram dividir o t\u00edtulo, como se tratasse de um torneio de v\u00e1rzea.<\/p>\n<p style=\"text-align: justify;\">N\u00c3O houve campe\u00e3o do M\u00f3dulo Amarelo de 1987. Chegamos a um ponto crucial. Segundo a CBF, o t\u00edtulo nacional haveria de ser disputado pelos campe\u00f5es dos m\u00f3dulos Verde e Amarelo. Campe\u00e3o do M\u00f3dulo Verde quem era? O Flamengo. E o campe\u00e3o do Amarelo? N\u00e3o houve. Como, n\u00e3o houve? N\u00e3o houve. O Sport e o Guarani dividiram o t\u00edtulo. Qual seria a solu\u00e7\u00e3o para o impasse? Fazer o Flamengo disputar uma partida contra um combinado de Sport e Guarani? Claro que n\u00e3o.<\/p>\n<p style=\"text-align: justify;\">\u00c9 \u00f3bvio, \u00e9 claro que o t\u00edtulo deveria ser conferido, de uma vez por todas, ao Flamengo. E com muita justi\u00e7a, afinal, o Flamengo fora o melhor entre os melhores. Acontece que as coisas n\u00e3o funcionam assim para a CBF. Consciente de sua for\u00e7a, o Flamengo, representando todos os clubes de grande torcida do Brasil, se recusou a decidir o que quer que fosse contra Sport ou Guarani. N\u00e3o havia campe\u00e3o do M\u00f3dulo Amarelo, o Flamengo n\u00e3o tinha mesmo porque botar em jogo o seu t\u00edtulo. E mais: disputar essa pat\u00e9tica final seria se curvar \u00e0 CBF de Ot\u00e1vio e Nabi. Seria um retrocesso para o futebol nacional. E o Flamengo, como um cruzado da mais nobre das causas, enfrentou a CBF.<\/p>\n<p style=\"text-align: justify;\">No final das contas, no ano seguinte, a CBF tratou de dar um jeitinho de Sport e Guarani terminarem aquela disputa de p\u00eanaltis interrompida pela indiferen\u00e7a de ambos. No ano seguinte, o Sport venceu o Guarani nos p\u00eanaltis. No ano seguinte, quando o Flamengo nem se lembrava da celeuma, quando o Flamengo n\u00e3o tinha mais o mesmo time, quando o Flamengo n\u00e3o vivia mais a mesma boa fase. \u00c9 \u00f3bvio que o Flamengo se recusou, de novo, a jogar com quem quer que fosse.<\/p>\n<p style=\"text-align: justify;\">Foi a deixa para que a CBF entregasse o t\u00edtulo de m\u00e3os beijadas ao vencedor da Segundona. Ali\u00e1s, a um vencedor que conquistou o t\u00edtulo da segundona de um modo n\u00e3o muito transparente. Eis a\u00ed a base hist\u00f3rica para qualquer argumenta\u00e7\u00e3o. \u00c9 absurdo, ou simplesmente idiota, que algu\u00e9m negue o t\u00edtulo do Flamengo em 1987 sem conhecer tais fatos, baseando-se apenas no pronunciamento da CBF sobre o assunto.<\/p>\n<p style=\"text-align: justify;\">Baseando-se apenas no fato de que, em algum lugar nos empoeirados arquivos da CBF, h\u00e1 um livrinho em que consta que o Sport foi campe\u00e3o daquele ano, ap\u00f3s essa vergonhosa hist\u00f3ria que ele &#8211; o que nega o t\u00edtulo do Flamengo &#8211; desconhece.<\/p>\n<p style=\"text-align: justify;\">Creio que isso \u00e9 o bastante para que qualquer indiv\u00edduo com um m\u00ednimo de ju\u00edzo d\u00ea raz\u00e3o \u00e0 torcida do Flamengo quando grita, convicta de seus m\u00e9ritos, &#8220;Pentacampe\u00e3o&#8221;. Pois o Flamengo conquistou aquele t\u00edtulo na base da ra\u00e7a, do suor, do amor \u00e0 camisa. E s\u00f3 n\u00e3o o botou \u00e0 prova contra quem quer que fosse por uma quest\u00e3o pol\u00edtica: naquele momento, o Flamengo representava os anseios dele, do Corinthians, do S\u00e3o Paulo, do Vasco, do Inter, do Atl\u00e9tico Mineiro&#8230; de 95% da torcida brasileira, contra a cartolagem que reinava na CBF.<\/p>\n<p style=\"text-align: justify;\">Podem acreditar, se o Flamengo tivesse ignorado a quest\u00e3o pol\u00edtica, e tivesse jogado contra o Sport, teria massacrado o timinho pernambucano. Do elenco carioca, dez jogadores passaram pela Sele\u00e7\u00e3o Brasileira. Dos pernambucanos, nem um \u00fanico e escasso jogador teve esse privil\u00e9gio. Mas, pesando as suas prioridades, o Flamengo entendeu por bem se contentar com o reconhecimento do povo, e ignorar solenemente a opini\u00e3o de Ot\u00e1vio e Nabi sobre o assunto. E, convenhamos, o Flamengo estava coberto de raz\u00e3o. Pois ser campe\u00e3o n\u00e3o significa &#8211; nunca significou &#8211; ter o seu nome inscrito num empoeirado livrinho, ro\u00eddo por tra\u00e7as e coberto por teias de aranha. Ser campe\u00e3o \u00e9 ter alma de campe\u00e3o, \u00e9 sentir-se como tal. \u00c9 saber que venceu a tudo e a todos quando foi necess\u00e1rio. Em suma, \u00e9 campe\u00e3o quem comemorou o t\u00edtulo. E a torcida do Flamengo comemorou como ningu\u00e9m.<\/p>\n<p style=\"text-align: justify;\">O pa\u00eds parou para ver a final entre Flamengo e Internacional, para ver 95 mil pessoas comparecerem ao Maracan\u00e3 a despeito do dil\u00favio que inundara o Rio de Janeiro naquele 13 de dezembro de 1987. O pa\u00eds parou e a torcida do Flamengo deixou o Maracan\u00e3 com a \u00edntima convic\u00e7\u00e3o de que era a campe\u00e3 brasileira. Por outro lado, eu me pergunto quem viu o jogo entre Sport e Guarani.<\/p>\n<p style=\"text-align: justify;\">Algu\u00e9m viu? Algu\u00e9m largou o que estava fazendo para ver pela televis\u00e3o os dois times dividirem o t\u00edtulo da segundona? Ali\u00e1s, nem passou na TV&#8230; O pa\u00eds parou para ver o Sport campe\u00e3o do M\u00f3dulo Amarelo? N\u00e3o. Mas, se a CBF teima em considerar campe\u00e3o um time que conquistou seu d\u00fabio t\u00edtulo longe dos olhos de todos, azar o dela. Sinal de que ela n\u00e3o entende nada de futebol. E a torcida do Flamengo, a maior da Terra, pode continuar enchendo a boca para gritar &#8220;Pentacampe\u00e3o&#8221;!!<\/p>\n<\/blockquote>\n<p style=\"text-align: justify;\">E outra, L\u00e9o&#8230; E se o Vasco tivesse sido campe\u00e3o do M\u00f3dulo Verde em 1987? Voc\u00eas iam chegar e considerar isso tamb\u00e9m, a imprensa ia considerar, ia ter Flamenguista dizendo que n\u00e3o, etc, etc&#8230; E outra: o presidente do Clube dos 13 na \u00e9poca era tamb\u00e9m presidente do S\u00e3o Paulo&#8230; O S\u00e3o Paulo reconheceu o ent\u00e3o &#8220;penta&#8221; do Flamengo at\u00e9 2007, quando ELES se tornaram penta tamb\u00e9m e foram exigir da CBF a ta\u00e7a das bolinhas&#8230;<\/p>\n<p style=\"text-align: justify;\">Ou seja: tudo \u00e9 uma quest\u00e3o de conveni\u00eancia&#8230;<\/p>\n<p style=\"text-align: justify;\">A chamada &#8220;torcida arco-\u00edris&#8221; n\u00e3o reconhece o Flamengo campe\u00e3o em 87 porque n\u00e3o gostam do Flamengo e isso lhes conv\u00e9m&#8230; O S\u00e3o Paulo n\u00e3o reconhece mais o Flamengo campe\u00e3o em 87 porque isso faz deles os maiores campe\u00f5es deste pa\u00eds e isso lhes conv\u00e9m&#8230; O Sport n\u00e3o reconhece o Flamengo campe\u00e3o em 87 porque isso faz deles campe\u00f5es brasileiros daquele ano e isso lhes conv\u00e9m&#8230;<\/p>\n<p style=\"text-align: justify;\">Conv\u00e9m tanto que eles est\u00e3o pra entrar na justica contra quem vier falar que o Flamengo \u00e9 hexa&#8230; Sendo assim&#8230;<\/p>\n<h1 style=\"text-align: center;\"><span style=\"color: #000000;\">F<span style=\"color: #ff0000;\">L<\/span>A<span style=\"color: #ff0000;\">M<\/span>E<span style=\"color: #ff0000;\">N<\/span>G<span style=\"color: #ff0000;\">O <\/span>H<span style=\"color: #ff0000;\">E<\/span>X<span style=\"color: #ff0000;\">A<\/span>C<span style=\"color: #ff0000;\">A<\/span>M<span style=\"color: #ff0000;\">P<\/span>E<span style=\"color: #ff0000;\">\u00c3<\/span>O <span style=\"color: #ff0000;\">B<\/span>R<span style=\"color: #ff0000;\">A<\/span>S<span style=\"color: #ff0000;\">I<\/span>L<span style=\"color: #ff0000;\">E<\/span>I<span style=\"color: #ff0000;\">R<\/span>O<span style=\"color: #ff0000;\">!<\/span>!<\/span><\/h1>\n<p style=\"text-align: center;\"><span style=\"color: #000000;\">Pronto, pessoal do Sport&#8230; Podem me processar agora&#8230;<\/span><\/p>\n<p style=\"text-align: justify;\"><span style=\"color: #000000;\">De volta ao assunto&#8230; Coment\u00e1rio da Claudinha&#8230;<\/span><\/p>\n<blockquote>\n<p style=\"text-align: justify;\">Em primeiro lugar, parab\u00e9ns! \\o\/<\/p>\n<p style=\"text-align: justify;\">Em segundo lugar, estou aqui para exigir uns 30% desse trof\u00e9u para o Botafogo, afinal de contas, n\u00e3o fosse a ^*~*gloriosa~*~* vit\u00f3ria sobre o S\u00e3o Paulo, voc\u00eas estariam se consolando com uma vaga nas Libertadores.<\/p>\n<p style=\"text-align: justify;\">\u00c9 isso. \ud83d\ude1b 30% t\u00e1 de bom tamanho!<\/p>\n<p style=\"text-align: justify;\"><img loading=\"lazy\" decoding=\"async\" src=\"https:\/\/akaikki.com.br\/layout\/assinaturas\/sig24c.png\" alt=\"\" width=\"400\" height=\"43\" \/><\/p>\n<\/blockquote>\n<p style=\"text-align: justify;\">Ali\u00e1s, parab\u00e9ns para o Botafogo e para o Fluminense, que conseguiram, AMBOS, se livrar da Segundona no ano que vem&#8230; E pensar que eu achava que OS DOIS iam cair, depois UM DOS DOIS&#8230; Mas nunca me passou pela cabe\u00e7a que AMBOS escapariam dessa&#8230;<\/p>\n<p style=\"text-align: justify;\">Parab\u00e9ns tamb\u00e9m\u00a0pro S\u00e3o Paulo, que tava com o hepta garantido a duas rodadas do fim do campeonato e quase n\u00e3o se classifica pra Libertadores&#8230; A camisa do 7-3-3, pelo visto, vai virar pano de ch\u00e3o&#8230; <span style=\"color: #004a8e;\">#sephodeol<\/span><\/p>\n<p style=\"text-align: justify;\">E, principalmente, parab\u00e9ns pro Flamengo, que s\u00f3 fez comprovar minha teoria de que quando\u00a0o time que joga com amor \u00e0 camisa faz a diferen\u00e7a&#8230; E isso \u00e9 v\u00e1lido at\u00e9 mesmo com o Sub-20 da Xurupita&#8230; Ali\u00e1s, eu fui acreditando no time aos poucos&#8230; Custei a achar que o time ia pra Libertadores, quanto mais ser campe\u00e3o&#8230;<\/p>\n<p style=\"text-align: justify;\">E antes de fechar, queria lan\u00e7ar uma campanha pra localizar dois integrantes &#8220;perdidos&#8221; do <span style=\"color: #c00000;\">a.k.a.\u4e00\u8f1d!!<\/span>: o Ceguinho e a Lahys&#8230; A \u00faltima participa\u00e7\u00e3o efetiva do Ceguinho no site se deu j\u00e1 h\u00e1 mais de um ano e ele nunca mais se manifestou no MSN, bem como seu Orkut, que ele decidiu fechar&#8230; A Lahys n\u00e3o aparece no MSN desde agosto deste ano&#8230; E ela tamb\u00e9m deletou\u00a0seu Orkut&#8230;<\/p>\n<p style=\"text-align: justify;\">Ceguinho, Lahys&#8230; Mainfestem-se&#8230; Apesar de n\u00e3o parecer, suas aus\u00eancias s\u00e3o notadas por aqui&#8230;<\/p>\n<blockquote>\n<p style=\"text-align: justify;\"><strong>&#8220;Jan\u00e1i, voc\u00ea n\u00e3o toma vergonha, n\u00e9&#8230; Sai de uma praga flamenguista e vai pra outra&#8230;&#8221;<\/strong><br \/>\n<em>S\u00e9rgio Varela, cunhado da Jan\u00e1i e torcedor de time de terceira divis\u00e3o&#8230;<\/em><\/p>\n<\/blockquote>\n<p style=\"text-align: justify;\"><img loading=\"lazy\" decoding=\"async\" title=\"Erick Von Draxeler ama Jan\u00e1i Himura, apesar de ela torcer pro Fluminense...\" src=\"https:\/\/akaikki.com.br\/layout\/assinaturas\/sig01.png\" alt=\"\" width=\"500\" height=\"43\" \/><\/p>\n","protected":false},"excerpt":{"rendered":"<p>ue semana foi essa!! V\u00e1rios eventos acontecendo e eu n\u00e3o consegui dar conta de manter o a.k.a.\u4e00\u8f1d!! em dia&#8230; Ent\u00e3o, n\u00e3o estranhem se esta edi\u00e7\u00e3o ficar gigante e desestimulante para ler&#8230; Afinal, n\u00e3o \u00e9 culpa minha se eu gosto MUITO de escrever e o brasileiro N\u00c3O goste muito de ler&#8230; Pois bem&#8230; Primeiro, quero parabenizar<\/p>\n","protected":false},"author":2,"featured_media":0,"comment_status":"open","ping_status":"open","sticky":false,"template":"","format":"standard","meta":{"footnotes":""},"categories":[1,8],"tags":[],"class_list":["post-1742","post","type-post","status-publish","format-standard","hentry","category-besteirol","category-tribunal-de-inuteis-causas"],"_links":{"self":[{"href":"https:\/\/akaikki.com.br\/index.php?rest_route=\/wp\/v2\/posts\/1742","targetHints":{"allow":["GET"]}}],"collection":[{"href":"https:\/\/akaikki.com.br\/index.php?rest_route=\/wp\/v2\/posts"}],"about":[{"href":"https:\/\/akaikki.com.br\/index.php?rest_route=\/wp\/v2\/types\/post"}],"author":[{"embeddable":true,"href":"https:\/\/akaikki.com.br\/index.php?rest_route=\/wp\/v2\/users\/2"}],"replies":[{"embeddable":true,"href":"https:\/\/akaikki.com.br\/index.php?rest_route=%2Fwp%2Fv2%2Fcomments&post=1742"}],"version-history":[{"count":15,"href":"https:\/\/akaikki.com.br\/index.php?rest_route=\/wp\/v2\/posts\/1742\/revisions"}],"predecessor-version":[{"id":2057,"href":"https:\/\/akaikki.com.br\/index.php?rest_route=\/wp\/v2\/posts\/1742\/revisions\/2057"}],"wp:attachment":[{"href":"https:\/\/akaikki.com.br\/index.php?rest_route=%2Fwp%2Fv2%2Fmedia&parent=1742"}],"wp:term":[{"taxonomy":"category","embeddable":true,"href":"https:\/\/akaikki.com.br\/index.php?rest_route=%2Fwp%2Fv2%2Fcategories&post=1742"},{"taxonomy":"post_tag","embeddable":true,"href":"https:\/\/akaikki.com.br\/index.php?rest_route=%2Fwp%2Fv2%2Ftags&post=1742"}],"curies":[{"name":"wp","href":"https:\/\/api.w.org\/{rel}","templated":true}]}}