{"id":1710,"date":"2009-12-02T19:05:57","date_gmt":"2009-12-02T21:05:57","guid":{"rendered":"http:\/\/akaikki.com.br\/?p=1710"},"modified":"2010-02-15T20:38:53","modified_gmt":"2010-02-15T22:38:53","slug":"a-k-a-%e4%b8%80%e8%bc%9d-%e2%80%93-edicao-1463","status":"publish","type":"post","link":"https:\/\/akaikki.com.br\/?p=1710","title":{"rendered":"a.k.a.\u4e00\u8f1d!! \u2013 Edi\u00e7\u00e3o 1463"},"content":{"rendered":"<p style=\"text-align: justify;\"><img loading=\"lazy\" decoding=\"async\" class=\"alignleft\" style=\"margin: 1px 4px; border: 0px;\" src=\"https:\/\/akaikki.com.br\/layout\/caps\/cap_c.gif\" alt=\"\" width=\"39\" height=\"39\" \/>ertas coisas acontecem no mundo que me deixam absurdamente encucado&#8230;\u00a0Coisas que n\u00e3o podem ser explicadas de forma plaus\u00edvel pela ci\u00eancia&#8230; Aconteceu&#8230; Simplesmente&#8230; Por que acontecem, nunca saberemos&#8230; N\u00e3o nesta forma de vida atual&#8230;<\/p>\n<p style=\"text-align: justify;\">Eu me lembro que eu tinha o h\u00e1bito de pegar um jornal de domingo em dia de corrida, que mostrava o grid de largada, colorir os carrinhos e recortar eles, pra ficar brincando com eles numa pista que eu rabiscava no verso de uma mesa de bot\u00e3o&#8230; E assim foi at\u00e9 1996, com o grid da Rio 400, a primeira corrida de F\u00f3rmula Indy no Brasil&#8230; Eu fazia hist\u00f3rias mirabolantes com as &#8220;corridas&#8221; que eu fazia&#8230;<\/p>\n<p style=\"text-align: justify;\">Num dado momento, houve um &#8220;acidente&#8221; envolvendo muitos carros&#8230; Dois pilotos haviam &#8220;morrido&#8221; no acidente: Eddie Lawson e Jeff Krosnoff&#8230; E durante um tempo, eu simulei as &#8220;mortes&#8221; deles nas minhas corridinhas de carrinhos de jornal arrastando pelo verso da mesa de bot\u00e3o&#8230; Iria descobrir meses mais adiante, da pior maneira, que n\u00e3o se deve brincar desta forma com a vida das pessoas&#8230;<\/p>\n<p style=\"text-align: center;\"><object classid=\"clsid:d27cdb6e-ae6d-11cf-96b8-444553540000\" width=\"500\" height=\"405\" codebase=\"http:\/\/download.macromedia.com\/pub\/shockwave\/cabs\/flash\/swflash.cab#version=6,0,40,0\"><param name=\"allowFullScreen\" value=\"true\" \/><param name=\"allowscriptaccess\" value=\"always\" \/><param name=\"src\" value=\"http:\/\/www.youtube.com\/v\/kODJoZwik_E&amp;hl=pt_BR&amp;fs=1&amp;color1=0x006699&amp;color2=0x54abd6&amp;border=1\" \/><param name=\"allowfullscreen\" value=\"true\" \/><embed type=\"application\/x-shockwave-flash\" width=\"500\" height=\"405\" src=\"http:\/\/www.youtube.com\/v\/kODJoZwik_E&amp;hl=pt_BR&amp;fs=1&amp;color1=0x006699&amp;color2=0x54abd6&amp;border=1\" allowscriptaccess=\"always\" allowfullscreen=\"true\"><\/embed><\/object><\/p>\n<p style=\"text-align: justify;\">O que mais me chamaria a aten\u00e7\u00e3o na \u00e9poca \u00e9 a gigantesca coincid\u00eancia entre o fato de eu ter &#8220;matado&#8221; Jeff Krosnoff e ele ter de fato morrido nesse acidente a\u00ed do v\u00eddeo&#8230; Se fosse qualquer outro, eu nem ia me esquentar, mas n\u00e3o&#8230; Morreu justamente aquele que eu havia &#8220;matado&#8221; nas minhas inocentes corridinhas de carrinhos de jornal passeando pelo verso da mesa de bot\u00e3o&#8230;<\/p>\n<p style=\"text-align: justify;\">E por que diabos eu desenterrei esta experi\u00eancia? Porque eu sou meio dod\u00f3i da cabe\u00e7a&#8230; Isso \u00e9 fato&#8230; Mas esta coincid\u00eancia voltou a se repetir hoje&#8230; N\u00e3o t\u00e3o exatamente como aconteceu em 1996, mas pelas coincid\u00eancias em si&#8230; Para isso, eu vou repetir o que eu disse ontem, em resposta ao coment\u00e1rio do Luis Clashman sobre o dia em que Silvio Santos morreria&#8230;<\/p>\n<blockquote>\n<p style=\"text-align: justify;\">Ali\u00e1s, do jeito que o cara t\u00e1 com a sa\u00fade em ordem, ele vai morrer bem rapidamente\u2026 Bem repentinamente\u2026 Talvez ele v\u00e1 dormir um dia desses e decida n\u00e3o acordar mais\u2026 N\u00e3o vai dar tempo de aparecer f\u00e3s fazendo vig\u00edlia no hospital onde ele se encontra agonizando\u2026 Nada disso\u2026 Ele se vai\u2026 *puf*<\/p>\n<\/blockquote>\n<figure id=\"attachment_1712\" class=\"thumbnail wp-caption alignright\" style=\"width: 221px\"><a href=\"https:\/\/akaikki.com.br\/wp-content\/uploads\/2009\/12\/Lombardi1.jpg\"><img loading=\"lazy\" decoding=\"async\" class=\"size-full wp-image-1712\" title=\"OK, patr\u00e3o!!\" src=\"https:\/\/akaikki.com.br\/wp-content\/uploads\/2009\/12\/Lombardi1.jpg\" alt=\"OK, patr\u00e3o!!\" width=\"211\" height=\"250\" \/><\/a><figcaption class=\"caption wp-caption-text\">OK, patr\u00e3o!!<\/figcaption><\/figure>\n<p style=\"text-align: justify;\">Hoje eu recebo a not\u00edcia da morte de <strong>Luiz Lombardi Neto<\/strong>, o t\u00e3o famoso locutor do SBT&#8230; E tal como eu mencionei: ele foi dormir e n\u00e3o acordou mais&#8230; Foi-se&#8230; *puf*<\/p>\n<p style=\"text-align: justify;\">Assim&#8230; Do nada&#8230;<\/p>\n<p style=\"text-align: justify;\">Estamos falando da &#8220;voz misteriosa&#8221; que \u00e9 parte das vidas de todos os brasileiros&#8230; Quem n\u00e3o se lembra do Lombardi anunciando o resultado da Tele Sena de hora em hora no SBT? Esta voz faz parte da cultura popular brasileira de tal forma que nunca conseguir\u00edamos imaginar\u00a0um programa de TV do SBT sem o Lombardi anunciando a pr\u00f3xima atra\u00e7\u00e3o&#8230;<\/p>\n<p style=\"text-align: justify;\">Pois \u00e9&#8230; Eu, que apenas admirei o trabalho dele, at\u00e9 sei fazer a voz dele, n\u00e3o estou conseguindo achar palavras para descrever este momento&#8230; O que dir\u00e1 o pessoal do SBT, que conviveu com ele&#8230; Tiro pelo Moacyr Franco, que n\u00e3o conseguiu falar coisa com coisa agora h\u00e1 pouco no Ratinho&#8230;<\/p>\n<p style=\"text-align: justify;\">Pois \u00e9&#8230; E agora?<\/p>\n<p style=\"text-align: justify;\">Sem o Lombardi para anunciar os Cosm\u00e9ticos Je-Qui-Tiiii, quem vai fazer isso agora?<\/p>\n<p style=\"text-align: justify;\">Isso \u00e9 o que menos importa agora&#8230; Lombardi n\u00e3o era apenas a voz do SBT&#8230; Lombardi era um personagem muito querido pelo p\u00fablico&#8230; N\u00e3o apenas o locutor, mas a pessoa&#8230; E hoje foi poss\u00edvel ver no Programa do Ratinho o quanto ele era querido pelos colegas de emissora&#8230; Os depoimentos do Moacyr Franco, do Roque, do Sombra, do pessoal da parte t\u00e9cnica&#8230; Lombardi era uma figura muito querida no SBT&#8230; (depois, \u00e9 claro, do patr\u00e3o&#8230;)<\/p>\n<p style=\"text-align: justify;\">Lombardi vai fazer muita falta pra nossa cultura&#8230; De verdade&#8230;<\/p>\n<p style=\"text-align: justify;\">E o pessoal do site (e de fora) deixa o recado&#8230;<\/p>\n<blockquote>\n<p style=\"text-align: justify;\"><span>O LOMBARDI MORREU. FICA AQUI MINHA HOMENAGEM : 01, 06, 12, 17, 23, 25, 32, 37, 44, 45 E 52.<\/span><\/p>\n<p style=\"text-align: justify;\"><span><strong>Clashman<\/strong><\/span><\/p>\n<\/blockquote>\n<p style=\"text-align: justify;\"><span>V\u00e1 em paz, Lombardi&#8230; Porque <strong>&#8220;Michael Jackson faz Moonwalker usando T\u00eanis Montreal!!&#8221;<\/strong> (via twitter do Marcius Melhem)<\/span><\/p>\n<p style=\"text-align: justify;\"><span><img loading=\"lazy\" decoding=\"async\" title=\"Erick Von Draxeler est\u00e1 de luto com a morte do Lombardi...\" src=\"https:\/\/akaikki.com.br\/layout\/assinaturas\/sig01.png\" alt=\"\" width=\"500\" height=\"43\" \/><\/span><\/p>\n","protected":false},"excerpt":{"rendered":"<p>ertas coisas acontecem no mundo que me deixam absurdamente encucado&#8230;\u00a0Coisas que n\u00e3o podem ser explicadas de forma plaus\u00edvel pela ci\u00eancia&#8230; Aconteceu&#8230; Simplesmente&#8230; Por que acontecem, nunca saberemos&#8230; N\u00e3o nesta forma de vida atual&#8230; Eu me lembro que eu tinha o h\u00e1bito de pegar um jornal de domingo em dia de corrida, que mostrava o grid<\/p>\n","protected":false},"author":2,"featured_media":0,"comment_status":"open","ping_status":"open","sticky":false,"template":"","format":"standard","meta":{"footnotes":""},"categories":[60],"tags":[],"class_list":["post-1710","post","type-post","status-publish","format-standard","hentry","category-pequenos-autores-grandes-texticulos"],"_links":{"self":[{"href":"https:\/\/akaikki.com.br\/index.php?rest_route=\/wp\/v2\/posts\/1710","targetHints":{"allow":["GET"]}}],"collection":[{"href":"https:\/\/akaikki.com.br\/index.php?rest_route=\/wp\/v2\/posts"}],"about":[{"href":"https:\/\/akaikki.com.br\/index.php?rest_route=\/wp\/v2\/types\/post"}],"author":[{"embeddable":true,"href":"https:\/\/akaikki.com.br\/index.php?rest_route=\/wp\/v2\/users\/2"}],"replies":[{"embeddable":true,"href":"https:\/\/akaikki.com.br\/index.php?rest_route=%2Fwp%2Fv2%2Fcomments&post=1710"}],"version-history":[{"count":5,"href":"https:\/\/akaikki.com.br\/index.php?rest_route=\/wp\/v2\/posts\/1710\/revisions"}],"predecessor-version":[{"id":2547,"href":"https:\/\/akaikki.com.br\/index.php?rest_route=\/wp\/v2\/posts\/1710\/revisions\/2547"}],"wp:attachment":[{"href":"https:\/\/akaikki.com.br\/index.php?rest_route=%2Fwp%2Fv2%2Fmedia&parent=1710"}],"wp:term":[{"taxonomy":"category","embeddable":true,"href":"https:\/\/akaikki.com.br\/index.php?rest_route=%2Fwp%2Fv2%2Fcategories&post=1710"},{"taxonomy":"post_tag","embeddable":true,"href":"https:\/\/akaikki.com.br\/index.php?rest_route=%2Fwp%2Fv2%2Ftags&post=1710"}],"curies":[{"name":"wp","href":"https:\/\/api.w.org\/{rel}","templated":true}]}}