{"id":1698,"date":"2009-12-01T14:50:06","date_gmt":"2009-12-01T16:50:06","guid":{"rendered":"http:\/\/akaikki.com.br\/?p=1698"},"modified":"2010-01-04T13:08:51","modified_gmt":"2010-01-04T15:08:51","slug":"a-k-a-%e4%b8%80%e8%bc%9d-%e2%80%93-edicao-1462","status":"publish","type":"post","link":"https:\/\/akaikki.com.br\/?p=1698","title":{"rendered":"a.k.a.\u4e00\u8f1d!! \u2013 Edi\u00e7\u00e3o 1462"},"content":{"rendered":"<p style=\"text-align: justify;\"><img loading=\"lazy\" decoding=\"async\" class=\"alignleft\" style=\"margin: 1px 4px; border: 0px;\" src=\"https:\/\/akaikki.com.br\/layout\/caps\/cap_1.gif\" alt=\"\" width=\"39\" height=\"39\" \/>de dezembro&#8230; N\u00e3o sei o que tem nesse dia, mas \u00e9 quando a tal da &#8220;depress\u00e3o equinocial&#8221; come\u00e7a a querer passar&#8230; Estranho, as esta\u00e7\u00f5es equinociais sempre me deixam pra baixo&#8230; \u00c9 sempre assim&#8230; Estou animado em janeiro, feveiro, mar\u00e7o&#8230;<\/p>\n<p style=\"text-align: justify;\">Chega abril, come\u00e7o a ficar meio &#8220;sei l\u00e1&#8221; e assim fico em maio, junho&#8230; Julho dou uma animada e assim vai agosto&#8230; Setembro come\u00e7o a ficar &#8220;sei l\u00e1&#8221; de novo e assim vou at\u00e9 a \u00e9poca do Natal, que \u00e9 quando eu zero o ano e repete-se o ciclo&#8230;<\/p>\n<p style=\"text-align: justify;\">Dezembro \u00e9 tamb\u00e9m\u00a0quando eu come\u00e7o a prestar contas com o chefe l\u00e1 do outro lado a respeito deste ano que vai se encerrar nos pr\u00f3ximos trinta dias&#8230; Quando eu chego, vejo o que aconteceu, paro, reflito e chego \u00e0 conclus\u00e3o de que foi um ano bom ou n\u00e3o&#8230;<\/p>\n<p style=\"text-align: justify;\">E pelo terceiro ano seguido, Papai do C\u00e9u foi muito generoso comigo ao me dar um ano de bosta&#8230;<\/p>\n<p style=\"text-align: justify;\">O que me leva a crer que, se ele existe, ele \u00e9 argentino&#8230;<\/p>\n<p style=\"text-align: justify;\">Ou ent\u00e3o existe outra teoria&#8230; N\u00e3o existem aquelas pessoas que aturam tanta coisa por aqui que &#8220;quando morrem, v\u00e3o pro c\u00e9u direto&#8221;? Pois \u00e9&#8230; Considerando o meu caso, quando eu morrer, Deus vai olhar pra mim\u00a0e vai falar:<\/p>\n<p style=\"text-align: justify;\">&#8211; Vai, garoto&#8230; Pode ficar aqui no meu lugar&#8230; Voc\u00ea merece&#8230;<\/p>\n<p style=\"text-align: justify;\">Enfim&#8230; Enquanto isso n\u00e3o acontece (e rezem para que isso demore, pelo bem de suas vidas&#8230;), eu tenho que prestar algumas contas com o site&#8230; Afinal, dezembro \u00e9 tamb\u00e9m o m\u00eas em que eu come\u00e7o a bolar coisas novas para o ano seguinte&#8230; Provavelmente, um slogan novo, como j\u00e1 \u00e9 h\u00e1bito desde 2007:<\/p>\n<ul>\n<li>\n<div style=\"text-align: justify;\">2007 &#8211; 4 anos de brilhantes ideotas<\/div>\n<\/li>\n<li>\n<div style=\"text-align: justify;\">2007 &#8211; As mesmas ideotas de sempre, agora em n\u00edvel nacional *<\/div>\n<\/li>\n<li>\n<div style=\"text-align: justify;\">2008 &#8211; Jubileu de Madeira para combinar com a nossa cara de pau<\/div>\n<\/li>\n<li>\n<div style=\"text-align: justify;\">2009 &#8211; Movidos pela cultura in\u00fatil que atravessa os anos<\/div>\n<\/li>\n<\/ul>\n<p style=\"text-align: justify;\"><strong>IPC:<\/strong> O segundo slogan de 2007 era refer\u00eancia ao ent\u00e3o rec\u00e9m-adquirido dom\u00ednio .com.br<\/p>\n<p>O curioso \u00e9 que esse ano, eu n\u00e3o vou precisar pedir pra Pina gravar o slogan, porque n\u00e3o temos mais a BGM tocando no site&#8230; Mas \u00e9 prov\u00e1vel que eu volte a solictar os servi\u00e7os dela em breve, como a voz do nosso amiguinho <span style=\"color: #c00000;\">Zaken!!<\/span>&#8230;<\/p>\n<p>Em seguida, um coment\u00e1rio do Cristiano na Edi\u00e7\u00e3o 1456&#8230;<\/p>\n<blockquote>\n<p style=\"text-align: justify;\">Realmente a tv n\u00e3o vai morrer, mas\u2026 Eu diria que daqui uns 30 anos (ou menos) a internet vai ter mais audi\u00eancia do que ela.<\/p>\n<p style=\"text-align: justify;\">O Luciano Huck acusando o Gugu de pl\u00e1gio do lata velha \u00e9 uma piada de mal gosto\u2026 J\u00e1 que o quadro dele j\u00e1 \u00e9 um pl\u00e1gio do Pimp My Ride da Mtv norte \u2013 americana, que tamb\u00e9m por ela comprou os direitos de um programa que j\u00e1 existia na europa. Ou seja, o lata velha j\u00e1 \u00e9 plagio do plagio\u2026<\/p>\n<div id=\"HOTWordsTxt\">\n<p style=\"text-align: justify;\">Olha, tudo bem que o Silvio aparenta levar tudo na brincadeira e tal\u2026 Mas outro dia eu vi at\u00e9 no top five do cqc, ele falou brincando no programa dele: \u201cN\u00e3o fale no Gugu, ele \u00e9 inimigo publico numero 1 do sbt\u201d\u2026 Na boa? O Silvio t\u00e1 nessa briga tanto quantos outros, e pensando em grana como os outros\u2026 Ele s\u00f3 n\u00e3o declara publicamente, faz as coisas por debaixo dos panos\u2026<\/p>\n<p><img loading=\"lazy\" decoding=\"async\" src=\"https:\/\/akaikki.com.br\/layout\/assinaturas\/sig04c.png\" alt=\"\" width=\"400\" height=\"43\" \/><\/p>\n<\/div>\n<\/blockquote>\n<p style=\"text-align: justify;\">Cara, como eu disse l\u00e1 na edi\u00e7\u00e3o 1457, eu n\u00e3o estou dizendo que ningu\u00e9m \u00e9 santo, at\u00e9 mesmo porque ningu\u00e9m que \u00e9 cheio da grana \u00e9 santo&#8230; \u00c9 claro que sempre vai ter gente que pense s\u00f3 no lucro&#8230; O lance \u00e9 o quanto cada um consegue esconder&#8230;<\/p>\n<p style=\"text-align: justify;\">Tipo, <strong>se<\/strong> o Silvio Santos ganha dinheiro a mais por fora, \u00e9 algo que ningu\u00e9m vai questionar com tanta seriedade quanto se questiona, por exemplo, o Edir Macedo&#8230; Por que isso? Simples: o Silvio passa um carisma gigantesco para seu p\u00fablico, o que eu n\u00e3o vejo com o Edir Macedo&#8230;<\/p>\n<p style=\"text-align: justify;\">Sobre o Gugu &#8220;ser inimigo p\u00fablico n\u00famero 1 do SBT&#8221;, eu se fosse o Silvio Santos, tamb\u00e9m o acharia como tal, porque o Gugu traiu o SBT e resolveu ir pra Record&#8230; O cara tinha quase 30 anos no SBT, dava conta de completar o domingo do Homem do Ba\u00fa e agora ele vem e cospe no prato que comeu&#8230; V\u00e1 pro diabo!! J\u00e1 n\u00e3o tava indo tanto com a cara do Gugu&#8230; Agora menos ainda&#8230;<\/p>\n<p style=\"text-align: justify;\">Como eu sempre digo&#8230; A Record n\u00e3o tem a manha de manter uma equipe&#8230; Pelo contr\u00e1rio, ela destr\u00f3i equipes&#8230; Perguntem ao pessoal do Plant\u00e3o de Not\u00edcias e do P\u00e2nico&#8230; A Record \u00e9 emissora de traidores&#8230; A \u00fanica coisa que presta l\u00e1 \u00e9 o Wagner Montes&#8230; O Wagner Montes ir pra Record pra ser mais notado at\u00e9 justifica, porque o Show de Calouros n\u00e3o existe mais e ele tava na geladeira h\u00e1 anos, assim como a S\u00f4nia Lima&#8230;<\/p>\n<p style=\"text-align: justify;\">Mas o\u00a0Gugu, que era a segunda figura mais not\u00f3ria do SBT (perdendo, claro, pro patr\u00e3o&#8230;), n\u00e3o tem como justificar&#8230; MESMO!!<\/p>\n<p style=\"text-align: center;\">[pausa para desmaiar de sono&#8230; s\u00e9rio&#8230;]<\/p>\n<p style=\"text-align: justify;\">Pr\u00f3ximo t\u00f3pico: as estat\u00edsticas&#8230; Estas s\u00e3o as minha favoritas&#8230; Gosto de fazer esse tipo de an\u00e1lise com os n\u00fameros&#8230; Os n\u00fameros me fascinam, exceto numa prova de matem\u00e1tica ou nas minhas contas a pagar&#8230;<\/p>\n<p style=\"text-align: justify;\">A partir de agora, estes n\u00fameros ser\u00e3o indicados por gr\u00e1ficos&#8230; Cabe uma legenda sobre as cores das linhas, que t\u00eam cores diferentes para cada ocasi\u00e3o: <span style=\"color: #00b050;\">quando o n\u00famero sobe\u00a0e bate recorde<\/span>, <span style=\"color: #92d050;\">quando o n\u00famero apenas sobe<\/span>, <span style=\"color: #ffc000;\">quando o n\u00famero apenas desce<\/span> e <span style=\"color: #ff0000;\">quando o n\u00famero desce e bate recorde<\/span>&#8230; Estes n\u00fameros ser\u00e3o atualizados todo dia primeiro de cada\u00a0m\u00eas e postados aqui, como sempre&#8230;<\/p>\n<figure id=\"attachment_1699\" class=\"thumbnail wp-caption aligncenter\" style=\"width: 510px\"><a href=\"https:\/\/akaikki.com.br\/wp-content\/uploads\/2009\/12\/stats1_200911.png\"><img loading=\"lazy\" decoding=\"async\" class=\"size-full wp-image-1699\" title=\"Visitantes\" src=\"https:\/\/akaikki.com.br\/wp-content\/uploads\/2009\/12\/stats1_200911.png\" alt=\"Visitantes\" width=\"500\" height=\"300\" srcset=\"https:\/\/akaikki.com.br\/wp-content\/uploads\/2009\/12\/stats1_200911.png 500w, https:\/\/akaikki.com.br\/wp-content\/uploads\/2009\/12\/stats1_200911-300x180.png 300w\" sizes=\"auto, (max-width: 500px) 100vw, 500px\" \/><\/a><figcaption class=\"caption wp-caption-text\">Visitantes<\/figcaption><\/figure>\n<p style=\"text-align: justify;\">Depois da queda absurda do m\u00eas passado, voltamos a subir o n\u00famero de visitas, para 1875&#8230; Aumento de 20% comparando com o m\u00eas passado&#8230; Bem que meu sal\u00e1r\u00edo poderia subir assim, n\u00e9&#8230;<\/p>\n<figure id=\"attachment_1700\" class=\"thumbnail wp-caption aligncenter\" style=\"width: 510px\"><a href=\"https:\/\/akaikki.com.br\/wp-content\/uploads\/2009\/12\/stats2_200911.png\"><img loading=\"lazy\" decoding=\"async\" class=\"size-full wp-image-1700\" title=\"Visitantes \u00fanicos\" src=\"https:\/\/akaikki.com.br\/wp-content\/uploads\/2009\/12\/stats2_200911.png\" alt=\"Visitantes \u00fanicos\" width=\"500\" height=\"300\" srcset=\"https:\/\/akaikki.com.br\/wp-content\/uploads\/2009\/12\/stats2_200911.png 500w, https:\/\/akaikki.com.br\/wp-content\/uploads\/2009\/12\/stats2_200911-300x180.png 300w\" sizes=\"auto, (max-width: 500px) 100vw, 500px\" \/><\/a><figcaption class=\"caption wp-caption-text\">Visitantes \u00fanicos<\/figcaption><\/figure>\n<p style=\"text-align: justify;\">Esse n\u00e3o para de bater recorde!! S\u00e3o 12% a mais de visitantes \u00fanicos no m\u00eas&#8230; 818 visitantes \u00fanicos, o que prova que cada vez mais ociosos desembarcam aqui&#8230;<\/p>\n<figure id=\"attachment_1701\" class=\"thumbnail wp-caption aligncenter\" style=\"width: 510px\"><a href=\"https:\/\/akaikki.com.br\/wp-content\/uploads\/2009\/12\/stats3_200911.png\"><img loading=\"lazy\" decoding=\"async\" class=\"size-full wp-image-1701\" title=\"Percentual visitantes \u00fanicos\" src=\"https:\/\/akaikki.com.br\/wp-content\/uploads\/2009\/12\/stats3_200911.png\" alt=\"Percentual visitantes \u00fanicos\" width=\"500\" height=\"300\" srcset=\"https:\/\/akaikki.com.br\/wp-content\/uploads\/2009\/12\/stats3_200911.png 500w, https:\/\/akaikki.com.br\/wp-content\/uploads\/2009\/12\/stats3_200911-300x180.png 300w\" sizes=\"auto, (max-width: 500px) 100vw, 500px\" \/><\/a><figcaption class=\"caption wp-caption-text\">Percentual visitantes \u00fanicos<\/figcaption><\/figure>\n<p style=\"text-align: justify;\">Depois de quase dobrar no m\u00eas passado, este nosso \u00edndice caiu um bocado, por conta do aumento nas visitas n\u00e3o-\u00fanicas&#8230; Mas ainda estamos bem neste aspecto&#8230;<\/p>\n<p style=\"text-align: justify;\">Vamos ver como fecharemos o ano&#8230;<\/p>\n<p style=\"text-align: justify;\">Pr\u00f3ximo ponto: as pesquisas&#8230; Vamos ver como o povo cai de para-quedas no <span style=\"color: #c00000;\">a.k.a.\u4e00\u8f1d!!<\/span>&#8230;<\/p>\n<p style=\"text-align: justify;\"><a href=\"https:\/\/akaikki.com.br\/wp-content\/uploads\/2009\/12\/paraquedas200911.png\"><img loading=\"lazy\" decoding=\"async\" class=\"alignright size-full wp-image-1702\" title=\"Caindo de para-quedas - novembro 2009\" src=\"https:\/\/akaikki.com.br\/wp-content\/uploads\/2009\/12\/paraquedas200911.png\" alt=\"Caindo de para-quedas - novembro 2009\" width=\"231\" height=\"743\" srcset=\"https:\/\/akaikki.com.br\/wp-content\/uploads\/2009\/12\/paraquedas200911.png 231w, https:\/\/akaikki.com.br\/wp-content\/uploads\/2009\/12\/paraquedas200911-93x300.png 93w, https:\/\/akaikki.com.br\/wp-content\/uploads\/2009\/12\/paraquedas200911-155x499.png 155w\" sizes=\"auto, (max-width: 231px) 100vw, 231px\" \/><\/a>E a procura pelo Exodia e as cartas do Yu-Gi-Oh! continua&#8230; Dessa vez aparece at\u00e9 um tal de &#8220;fus\u00e3o dos deuses eg\u00edpcios&#8221; na posi\u00e7\u00e3o 40&#8230; Isso t\u00e1 virando zona&#8230; Esse papo de fus\u00e3o acontece \u00e9 em Dragon Ball&#8230;<\/p>\n<p style=\"text-align: justify;\">Notei tamb\u00e9m na posi\u00e7\u00e3o 22\u00a0a ocorr\u00eancia de uma &#8220;Bia&#8221;, juntamente com a ocorr\u00eancia da posi\u00e7\u00e3o 33: &#8220;corno da Bia&#8221;&#8230; Eu conhe\u00e7o sete Bias, n\u00e3o creio que alguma delas sejam a que voc\u00eas andaram procurando&#8230;<\/p>\n<p style=\"text-align: justify;\">O Orkut do Yudi (P25) eu n\u00e3o tenho e fa\u00e7o quest\u00e3o de continuar n\u00e3o tendo&#8230;<\/p>\n<p style=\"text-align: justify;\">Vamos logo pro p\u00f3dio, porque em terceiro lugar, vem a\u00ed, a Liga dos Urubus&#8230; Nego veio aqui achando que a gente ia zoar o Fluminense pelo fato de eles terem enfiado um acachapante 1 a 5 na LDU na quarta passada pela final da &#8220;Copa Sula Miranda&#8221;&#8230; (tal como diria o pessoal do Bola nas Costas&#8230;)<\/p>\n<p style=\"text-align: justify;\">E chega de enrola\u00e7\u00e3o&#8230; Novamente o Capit\u00e3o Nascimento levou o t\u00edtulo do m\u00eas&#8230; Nem as Princesas Loucas com os magn\u00edficos brindes da Sininho ajudaram a virar o jogo&#8230; S\u00f3 n\u00e3o entendo o que diabos nego vem tanto procurar pelo Capit\u00e3o Nascimento aqui no site&#8230;<\/p>\n<p style=\"text-align: justify;\">E o Baiano? Cad\u00ea o Baiano?<\/p>\n<p style=\"text-align: justify;\">E eu vinha devendo o resultado da \u00faltima enquete h\u00e1 duas semanas&#8230; Ent\u00e3o l\u00e1 vai o resultado&#8230;<\/p>\n<p style=\"text-align: center;\"><strong>A Nina vai fazer 18 anos numa sexta-feira 13&#8230;<\/strong><\/p>\n<ul>\n<li style=\"text-align: justify;\"> 9,09% &#8211; I am compleeeeeeeeete!!<\/li>\n<li style=\"text-align: justify;\">18,18% &#8211; FUUUUUUUUUUCK!!<\/li>\n<li style=\"text-align: justify;\"> 8,09% &#8211; Yes, you are fucked, shit out of luck!!<\/li>\n<li style=\"text-align: justify;\">27,27% &#8211; Now I&#8217;m complete and my cock you will suck!!<\/li>\n<li style=\"text-align: justify;\">36,36% &#8211; P.Q.P. (fudeomossada!!)<\/li>\n<\/ul>\n<p style=\"text-align: justify;\">E sabem o que \u00e9 mais legal? \u00c9 que a pesquisa n\u00e3o deu 100% de novo!!<\/p>\n<p style=\"text-align: justify;\">Bom, \u00e9 isso&#8230;<\/p>\n<p style=\"text-align: justify;\">N\u00e3o, n\u00e3o \u00e9!!<\/p>\n<p style=\"text-align: justify;\">Enquanto eu estava redigindo esta edi\u00e7\u00e3o, o Clashman (que, na verdade, se chama Luis) deixou um coment\u00e1rio&#8230; Cabe public\u00e1-lo&#8230;<\/p>\n<blockquote>\n<p style=\"text-align: justify;\">\u201c\u2026uma coisa que eu digo: no dia que este senhor morrer, a TV como n\u00f3s conhecemos morre junto com ele\u2026\u201d<\/p>\n<div id=\"HOTWordsTxt\">\n<p>Por um segundo, eu vi a Tv Brasileira parar\u2026 um funeral lotado, e tarjas pretas no canto das telas de quase todas as emisoras.<\/p>\n<\/div>\n<p><strong>Clashman<\/strong><\/p><\/blockquote>\n<p style=\"text-align: justify;\">\u00c9 s\u00f3 isso que voc\u00ea viu? Eu vi um pa\u00eds inteiro parado&#8230; Tentando assimilar o que aconteceu&#8230; Tentando acreditar que o maior apresentador de TV que j\u00e1 existiu no Brasil estava morto&#8230; Ali\u00e1s, do jeito que o cara t\u00e1 com a sa\u00fade em ordem, ele vai morrer bem rapidamente&#8230; Bem repentinamente&#8230; Talvez ele v\u00e1 dormir um dia desses e decida n\u00e3o acordar mais&#8230; N\u00e3o vai dar tempo de aparecer f\u00e3s fazendo vig\u00edlia no hospital onde ele se encontra agonizando&#8230; Nada disso&#8230; Ele se vai&#8230; *puf*<\/p>\n<p style=\"text-align: justify;\">Mas, como eu j\u00e1 disse antes, at\u00e9 que Silvio Santos pere\u00e7a, eu j\u00e1 terei perecido bem antes&#8230;<\/p>\n<p style=\"text-align: justify;\"><img loading=\"lazy\" decoding=\"async\" title=\"Erick Von Draxeler \u00e9 f\u00e3 do Silvio Santos, odeia o Gugu, mas nunca p\u00f4de mandar o Bozo tomar no cu...\" src=\"https:\/\/akaikki.com.br\/layout\/assinaturas\/sig01.png\" alt=\"\" width=\"500\" height=\"43\" \/><\/p>\n","protected":false},"excerpt":{"rendered":"<p>de dezembro&#8230; N\u00e3o sei o que tem nesse dia, mas \u00e9 quando a tal da &#8220;depress\u00e3o equinocial&#8221; come\u00e7a a querer passar&#8230; Estranho, as esta\u00e7\u00f5es equinociais sempre me deixam pra baixo&#8230; \u00c9 sempre assim&#8230; Estou animado em janeiro, feveiro, mar\u00e7o&#8230; Chega abril, come\u00e7o a ficar meio &#8220;sei l\u00e1&#8221; e assim fico em maio, junho&#8230; Julho dou<\/p>\n","protected":false},"author":2,"featured_media":0,"comment_status":"open","ping_status":"open","sticky":false,"template":"","format":"standard","meta":{"footnotes":""},"categories":[1,61,47,121,8],"tags":[],"class_list":["post-1698","post","type-post","status-publish","format-standard","hentry","category-besteirol","category-caindo-de-paraquedas","category-enquete-babaca-da-vez","category-estatisticas","category-tribunal-de-inuteis-causas"],"_links":{"self":[{"href":"https:\/\/akaikki.com.br\/index.php?rest_route=\/wp\/v2\/posts\/1698","targetHints":{"allow":["GET"]}}],"collection":[{"href":"https:\/\/akaikki.com.br\/index.php?rest_route=\/wp\/v2\/posts"}],"about":[{"href":"https:\/\/akaikki.com.br\/index.php?rest_route=\/wp\/v2\/types\/post"}],"author":[{"embeddable":true,"href":"https:\/\/akaikki.com.br\/index.php?rest_route=\/wp\/v2\/users\/2"}],"replies":[{"embeddable":true,"href":"https:\/\/akaikki.com.br\/index.php?rest_route=%2Fwp%2Fv2%2Fcomments&post=1698"}],"version-history":[{"count":5,"href":"https:\/\/akaikki.com.br\/index.php?rest_route=\/wp\/v2\/posts\/1698\/revisions"}],"predecessor-version":[{"id":1711,"href":"https:\/\/akaikki.com.br\/index.php?rest_route=\/wp\/v2\/posts\/1698\/revisions\/1711"}],"wp:attachment":[{"href":"https:\/\/akaikki.com.br\/index.php?rest_route=%2Fwp%2Fv2%2Fmedia&parent=1698"}],"wp:term":[{"taxonomy":"category","embeddable":true,"href":"https:\/\/akaikki.com.br\/index.php?rest_route=%2Fwp%2Fv2%2Fcategories&post=1698"},{"taxonomy":"post_tag","embeddable":true,"href":"https:\/\/akaikki.com.br\/index.php?rest_route=%2Fwp%2Fv2%2Ftags&post=1698"}],"curies":[{"name":"wp","href":"https:\/\/api.w.org\/{rel}","templated":true}]}}