{"id":16947,"date":"2015-09-02T18:56:56","date_gmt":"2015-09-02T21:56:56","guid":{"rendered":"http:\/\/akaikki.com.br\/?p=16947"},"modified":"2015-09-02T19:02:43","modified_gmt":"2015-09-02T22:02:43","slug":"edicao-2107-bandeirada-122","status":"publish","type":"post","link":"https:\/\/akaikki.com.br\/?p=16947","title":{"rendered":"Edi\u00e7\u00e3o 2107 \u2013 Bandeirada 122"},"content":{"rendered":"<p style=\"text-align: justify;\">E acabou a temporada 2015 da F\u00f3rmula Indy!! Depois de uma temporada inteira dominada por Juan Pablo Montoya, eis que o neozeland\u00eas Scott Dixon vence a \u00faltima prova e fecha o campeonato na frente. J\u00e1 diria o lend\u00e1rio Jaca Paladium: &#8220;pode acreditar, isso aconteceu na Nova Zel\u00e2ndia&#8230;&#8221;<\/p>\n<figure id=\"attachment_16951\" class=\"thumbnail wp-caption aligncenter\" style=\"width: 610px\"><img loading=\"lazy\" decoding=\"async\" class=\"size-large wp-image-16951\" src=\"https:\/\/akaikki.com.br\/wp-content\/uploads\/2015\/09\/jacapaladium-600x450.jpg\" alt=\"&quot;Como ousa dizer que n\u00e3o acredita em mim?!&quot;\" width=\"600\" height=\"450\" srcset=\"https:\/\/akaikki.com.br\/wp-content\/uploads\/2015\/09\/jacapaladium-600x450.jpg 600w, https:\/\/akaikki.com.br\/wp-content\/uploads\/2015\/09\/jacapaladium-200x150.jpg 200w, https:\/\/akaikki.com.br\/wp-content\/uploads\/2015\/09\/jacapaladium-400x300.jpg 400w, https:\/\/akaikki.com.br\/wp-content\/uploads\/2015\/09\/jacapaladium.jpg 640w\" sizes=\"auto, (max-width: 600px) 100vw, 600px\" \/><figcaption class=\"caption wp-caption-text\">&#8220;Como ousa dizer que n\u00e3o acredita em mim?!&#8221;<\/figcaption><\/figure>\n<p style=\"text-align: justify;\">E, como eu disse no Bandeirada, o Pablito, que teve uma temporada irretoc\u00e1vel, apesar de estar na hora errada e no lugar errado, jogou tudo isso fora ao dizer que &#8220;Dixon teve uma temporada de merda&#8221;. Parab\u00e9ns, podia ter ficado calado, mas quis falar merda&#8230;<\/p>\n<p style=\"text-align: justify;\">Mas a decis\u00e3o da Indy n\u00e3o foi o \u00fanico assunto do Bandeirada 122. Claro que a gente tinha que falar do Justin Wilson, levantar a discuss\u00e3o sobre a implementa\u00e7\u00e3o dos cockpits fechados, falamos da MotoGP e, aqui, como \u00e9 o a.k.a. Ikki!!<sup>\u00ae<\/sup>, eu posso falar o que eu queria ter falado no Bandeirada, mas o pessoal sempre pede pra eu pegar leve com isso:<\/p>\n<h1 style=\"text-align: center;\"><strong>#ChupaLorenzo!!<\/strong><\/h1>\n<p style=\"text-align: justify;\">Pronto, t\u00e1 a\u00ed&#8230; Sem mais demoras, a Edi\u00e7\u00e3o 122 do Bandeirada est\u00e1 aqui pra voc\u00ea ouvir, <a href=\"http:\/\/mega.nz\/#!H8oXUb5A!RJNB2mdbmeJtp25Ys7QRD3nyWao5Z9EnUPEUXLxc2R8\" target=\"_blank\">ou ent\u00e3o<\/a> <a href=\"http:\/\/www.4shared.com\/mp3\/XY4c47JNba\/Episdio_122-30.html\" target=\"_blank\">pra baixar<\/a>, <a href=\"http:\/\/minhateca.com.br\/rodvs8\/Bandeirada+-+Epis*c3*b3dios\/Epis*c3*b3dio+122-30,722139686.mp3(audio)\" target=\"_blank\">como sempre<\/a>&#8230;<\/p>\n<p style=\"text-align: center;\"><iframe loading=\"lazy\" style=\"overflow: hidden; height: 60px; width: 530px; border: 0; margin: 0;\" src=\"http:\/\/www.4shared.com\/web\/embed\/audio\/file\/XY4c47JNba?type=MINI&amp;widgetWidth=530&amp;playlistHeight=0&amp;widgetRid=878462786262\" width=\"300\" height=\"150\"><\/iframe><\/p>\n<p style=\"text-align: justify;\">Mas n\u00e3o acabou!! Junto com a Edi\u00e7\u00e3o 122, tivemos mais um Bandeirada Entrevista. Sim, o Gilson J\u00fanior, integrante da <a href=\"http:\/\/radioshowdoesporte.com.br\/\" target=\"_blank\"><strong>R\u00e1dio Show do Esporte<\/strong><\/a>, entrevistou o piloto Ricardo Zonta. Ou\u00e7a no player abaixo <a href=\"http:\/\/mega.nz\/#!H8oXUb5A!RJNB2mdbmeJtp25Ys7QRD3nyWao5Z9EnUPEUXLxc2R8\" target=\"_blank\">ou escolha<\/a> <a href=\"http:\/\/www.4shared.com\/mp3\/x0Ob2NdNce\/Entrevista_122__Ricardo_Zonta_.html\" target=\"_blank\">um link<\/a> <a href=\"http:\/\/minhateca.com.br\/rodvs8\/Bandeirada+-+Epis*c3*b3dios\/Entrevista+122+(Ricardo+Zonta),722120191.mp3(audio)\" target=\"_blank\">pra baixar<\/a>&#8230;<\/p>\n<p style=\"text-align: center;\"><iframe loading=\"lazy\" style=\"overflow: hidden; height: 60px; width: 530px; border: 0; margin: 0;\" src=\"http:\/\/www.4shared.com\/web\/embed\/audio\/file\/x0Ob2NdNce?type=MINI&amp;widgetWidth=530&amp;playlistHeight=0&amp;widgetRid=461326680308\" width=\"300\" height=\"150\"><\/iframe><\/p>\n<p style=\"text-align: center;\">Enquanto isso, nos escrit\u00f3rios akaikkianos&#8230;<\/p>\n<figure id=\"attachment_16955\" class=\"thumbnail wp-caption aligncenter\" style=\"width: 610px\"><img loading=\"lazy\" decoding=\"async\" class=\"size-large wp-image-16955\" src=\"https:\/\/akaikki.com.br\/wp-content\/uploads\/2015\/09\/pina_tijolada-600x1228.png\" alt=\"S\u00f3 um tijolinho, nem doeu...\" width=\"600\" height=\"1228\" srcset=\"https:\/\/akaikki.com.br\/wp-content\/uploads\/2015\/09\/pina_tijolada-600x1228.png 600w, https:\/\/akaikki.com.br\/wp-content\/uploads\/2015\/09\/pina_tijolada-200x409.png 200w, https:\/\/akaikki.com.br\/wp-content\/uploads\/2015\/09\/pina_tijolada-400x818.png 400w, https:\/\/akaikki.com.br\/wp-content\/uploads\/2015\/09\/pina_tijolada.png 720w\" sizes=\"auto, (max-width: 600px) 100vw, 600px\" \/><figcaption class=\"caption wp-caption-text\">S\u00f3 um tijolinho, nem doeu&#8230;<\/figcaption><\/figure>\n<p style=\"text-align: justify;\">E n\u00e3o esque\u00e7am da promo\u00e7\u00e3o que t\u00e1 rolando <a href=\"http:\/\/www.facebook.com\/bandeirada\" target=\"_blank\"><strong>na fanpage do Bandeirada<\/strong><\/a>, valendo o livro &#8220;Manual dos Locutores Esportivos&#8221;, de Cac\u00e1 Fernando!!<\/p>\n","protected":false},"excerpt":{"rendered":"<p>E acabou a temporada 2015 da F\u00f3rmula Indy!! Depois de uma temporada inteira dominada por Juan Pablo Montoya, eis que o neozeland\u00eas Scott Dixon vence a \u00faltima prova e fecha o campeonato na frente. J\u00e1 diria o lend\u00e1rio Jaca Paladium: &#8220;pode acreditar, isso aconteceu na Nova Zel\u00e2ndia&#8230;&#8221;<\/p>\n","protected":false},"author":2,"featured_media":16949,"comment_status":"open","ping_status":"open","sticky":false,"template":"","format":"standard","meta":{"footnotes":""},"categories":[392,22,454],"tags":[425,432,451,460],"class_list":["post-16947","post","type-post","status-publish","format-standard","has-post-thumbnail","hentry","category-bandeirada","category-olhota-do-tempo","category-tirinhas","tag-01-ikki","tag-12-aline-pina","tag-26-rodrigo-vilela","tag-tv-colosso"],"_links":{"self":[{"href":"https:\/\/akaikki.com.br\/index.php?rest_route=\/wp\/v2\/posts\/16947","targetHints":{"allow":["GET"]}}],"collection":[{"href":"https:\/\/akaikki.com.br\/index.php?rest_route=\/wp\/v2\/posts"}],"about":[{"href":"https:\/\/akaikki.com.br\/index.php?rest_route=\/wp\/v2\/types\/post"}],"author":[{"embeddable":true,"href":"https:\/\/akaikki.com.br\/index.php?rest_route=\/wp\/v2\/users\/2"}],"replies":[{"embeddable":true,"href":"https:\/\/akaikki.com.br\/index.php?rest_route=%2Fwp%2Fv2%2Fcomments&post=16947"}],"version-history":[{"count":9,"href":"https:\/\/akaikki.com.br\/index.php?rest_route=\/wp\/v2\/posts\/16947\/revisions"}],"predecessor-version":[{"id":16959,"href":"https:\/\/akaikki.com.br\/index.php?rest_route=\/wp\/v2\/posts\/16947\/revisions\/16959"}],"wp:featuredmedia":[{"embeddable":true,"href":"https:\/\/akaikki.com.br\/index.php?rest_route=\/wp\/v2\/media\/16949"}],"wp:attachment":[{"href":"https:\/\/akaikki.com.br\/index.php?rest_route=%2Fwp%2Fv2%2Fmedia&parent=16947"}],"wp:term":[{"taxonomy":"category","embeddable":true,"href":"https:\/\/akaikki.com.br\/index.php?rest_route=%2Fwp%2Fv2%2Fcategories&post=16947"},{"taxonomy":"post_tag","embeddable":true,"href":"https:\/\/akaikki.com.br\/index.php?rest_route=%2Fwp%2Fv2%2Ftags&post=16947"}],"curies":[{"name":"wp","href":"https:\/\/api.w.org\/{rel}","templated":true}]}}