{"id":1628,"date":"2009-11-19T02:57:44","date_gmt":"2009-11-19T04:57:44","guid":{"rendered":"http:\/\/akaikki.com.br\/?p=1628"},"modified":"2009-11-19T03:02:06","modified_gmt":"2009-11-19T05:02:06","slug":"a-k-a-%e4%b8%80%e8%bc%9d-%e2%80%93-edicao-1453","status":"publish","type":"post","link":"https:\/\/akaikki.com.br\/?p=1628","title":{"rendered":"a.k.a.\u4e00\u8f1d!! \u2013 Edi\u00e7\u00e3o 1453"},"content":{"rendered":"<p style=\"text-align: justify;\"><img loading=\"lazy\" decoding=\"async\" class=\"alignleft\" style=\"margin: 1px 4px; border: 0px;\" src=\"https:\/\/akaikki.com.br\/layout\/caps\/cap_l.gif\" alt=\"\" width=\"39\" height=\"39\" \/>embram que eu ia falar uma parada sobre o Orkut que me irrita muito, mas n\u00e3o pude por causa do apag\u00e3o? Pois bem&#8230; Aproveitando uma deixa que eu tive, resolvi botar a merda no ventilador&#8230; Ainda mais agora depois que come\u00e7aram a parasitar spams nos meus recados e em algumas fotos com links de comunidades que, teoricamente, estariam oferecendo convites para o novo Orkut&#8230;<\/p>\n<p style=\"text-align: justify;\">&#8230;sendo que eu j\u00e1 o tenho, gra\u00e7as \u00e0 Nina&#8230; Ou seja, \u00e9 nego desesperado querendo chamar a aten\u00e7\u00e3o s\u00f3 por causa de uma merda de um convite pro novo Orkut&#8230; Bem como h\u00e1 a possibilidade de que estes spams sejam decorrentes de v\u00edrus obtidos por usu\u00e1rios incautos que achavam que estes links dariam um convite pro novo Orkut, mas na verdade, estes spams s\u00e3o &#8220;parentes pr\u00f3ximos&#8221; das &#8220;fotos in\u00e9ditas da Geisy Arruda na Uniban, sendo linchada pelos alunos&#8230;<\/p>\n<p style=\"text-align: center;\">Ali\u00e1s, j\u00e1 vou jogar esse assunto na fogueira, ainda nesta edi\u00e7\u00e3o&#8230;<\/p>\n<p style=\"text-align: justify;\">OK, ao que eu j\u00e1 tava engasgado pra falar&#8230; H\u00e1 algum tempo atr\u00e1s, o Orkut criou algumas possibilidades para que os usu\u00e1rios tivessem privacidade nas coisas que ele exp\u00f5e, como recados, depoimentos, fotos, etc&#8230; A\u00ed inventaram de voc\u00ea poder restringir apenas alguns \u00e1lbuns, em vez de todos eles&#8230; Isso eu at\u00e9 confesso que eu uso&#8230; S\u00f3 quem t\u00e1 no meu Orkut tem acesso ao \u00e1lbum com as fotos e os desenhos que me retratam com a Jan\u00e1i, ainda que ela apare\u00e7a em outras fotos que eu tiro com meus amigos&#8230;<\/p>\n<p style=\"text-align: justify;\">A\u00ed vem outra novidade: voc\u00ea pode liberar as fotos apenas para grupos espec\u00edficos de pessoas&#8230; Por exemplo, eu organizo um evento, tiro fotos e libero pra quem foi l\u00e1 e quer pegar as fotos&#8230; Normal&#8230; O foda \u00e9 quando eu vejo certas pessoas no meu Orkut que t\u00eam 200, 300 fotos, mas eu n\u00e3o posso ver NENHUMA delas!! E eu estou no Orkut dessa criatura!! Porra, como assim?!<\/p>\n<p style=\"text-align: justify;\">Se eu n\u00e3o posso ver as fotos, para as quais eu teoricamente poderia ter acesso por estar no Orkut dele, ent\u00e3o tira meu Orkut da lista de amigos e pronto!! N\u00e3o vejo as fotos e t\u00e1 tudo bem&#8230; Ou mostra pra geral que \u00e9 amigo no Orkut ou n\u00e3o mostra pra ningu\u00e9m!!<\/p>\n<p style=\"text-align: justify;\">Eu n\u00e3o estou dizendo como eu tenho andado intolerante demais com essas coisas? De boa, s\u00f3 n\u00e3o deletei meu Orkut ainda por raz\u00f5es que eu ainda n\u00e3o parei pra tentar entender&#8230;<\/p>\n<p style=\"text-align: justify;\">Pra fechar, eu fui ver minha caixa de correspond\u00eancias e dei de cara com a edi\u00e7\u00e3o mais recente da Isto\u00c9 (pois \u00e9, minha m\u00e3e assina esta merda&#8230;) com a tal da Geisy Arruda na capa, trajando seu famoso vestidinho rosa que rendeu \u00e0 ela todo esse estardalha\u00e7o que a imprensa anda fazendo com o caso&#8230;<\/p>\n<p style=\"text-align: center;\">Eu n\u00e3o posso dirigir\u00a0e agora aparece meu dedo enterrado no meu nariz&#8230;*<\/p>\n<p style=\"text-align: justify;\"><strong>CARALHOS VOADORES!!<\/strong> Nego vem falar que eu sou chato, mas <strong>PUTA QUE PARIU!!<\/strong> Desde que vazou na Internet o v\u00eddeo dos alunos da Uniban xingando ela de puta por causa de uma merda de minissaia menor que a Jan\u00e1i, essa Geisy j\u00e1 virou celebridade!! Vin\u00edcius, onde ela j\u00e1 apareceu?<\/p>\n<p style=\"text-align: justify;\"><img decoding=\"async\" class=\"alignleft\" style=\"margin: 0px 4px; border: 0px;\" src=\"https:\/\/akaikki.com.br\/layout\/icon02.png\" alt=\"\" align=\"absMiddle\" \/>&#8211; Ela j\u00e1 esteve no Superpop, no Altas Horas, no Video Show, no Casseta &amp; Planeta&#8230; E digo mais: n\u00e3o dou dez dias pra ela aparecer no J\u00f4 e\/ou no Mais Voc\u00ea&#8230;<\/p>\n<p style=\"text-align: justify;\">Agora voc\u00ea veja&#8230; A garota virou celebridade da noite pro dia por causa de uma minissaia&#8230; A\u00ed eu pergunto: ser\u00e1 que ela n\u00e3o <strong>procurou<\/strong> isso? Porque n\u00f3s vivemos num pa\u00eds onde voc\u00ea s\u00f3 sobe na vida usando outros como escada&#8230; Se for mulher, ent\u00e3o&#8230; S\u00f3 ver quantas dessas modelos e apresentadoras de programas de TV que s\u00f3 s\u00e3o o que s\u00e3o porque deram umazinha com quem tinha grana&#8230;<\/p>\n<p style=\"text-align: justify;\">Exemplos: Xuxa + Pel\u00e9, Xuxa +\u00a0Ayrton Senna, Luciana Gimenez + Mick Jagger; Adriane Galisteu + Ayrton Senna&#8230; S\u00f3 s\u00e3o o que s\u00e3o porque deram essa sorte (e deram pra eles&#8230;)\u00a0O que era a Galisteu antes do Senna? PORRA NENHUMA!! Da mesma forma&#8230; Quem era Geisy Arruda antes da minissaia? Apenas uma estudante de Turismo na Uniban&#8230; E hoje t\u00e1 a\u00ed&#8230;<\/p>\n<p style=\"text-align: justify;\">N\u00e3o se surpreendam, pois, se esta garota virar apresentadora de um programa de TV ou ent\u00e3o uma atriz porn\u00f4&#8230;\u00a0E por que n\u00e3o? O n\u00edvel das atrizes porn\u00f4 no Brasil vem despencando vertiginosamente&#8230; Ou fazer filmes estrelando Rita Cadillac, Gretchen e similares \u00e9 o qu\u00ea? No cu, patr\u00e3o&#8230; (literalmente)<\/p>\n<p style=\"text-align: justify;\">A\u00ed caio em outra quest\u00e3o que me enfurece: a imprensa saturando o assunto&#8230; De boa, se eu fosse a menina em quest\u00e3o (ou o pai dela), eu daria cabo do vestido e nunca mais tocaria no assunto&#8230; Mas a imprensa, sobretudo a da TV, quer audi\u00eancia&#8230; E convenhamos, a menina do vestido rosa d\u00e1 mais audi\u00eancia do que o Rodoanel,\u00a0o Cesare Batisti, a Lei antifumo no Rio e em Curitiba, o Tribunal de Justi\u00e7a do Rio considerando constitucionais as cotas nas universidades, etc, etc&#8230;<\/p>\n<p style=\"text-align: justify;\">Eu odeio quando a imprensa resolve investir num trauma e\/ou situa\u00e7\u00e3o constrangedora pra gerar audi\u00eancia, ou ainda quando outras pessoas usam isso pra ganhar dinheiro&#8230; Eu martelei isso aqui na vers\u00e3o antiga do <span style=\"color: #c00000;\">a.k.a.\u4e00\u8f1d!!<\/span> na \u00e9poca da Elo\u00e1&#8230; Eu sei que voc\u00ea n\u00e3o se lembra, <a href=\"http:\/\/akaikki.blogspot.com\/2008\/10\/aka-edio-1309.html\" target=\"_blank\">ent\u00e3o eu vou refrescar a sua mem\u00f3ria<\/a>&#8230; Direto da edi\u00e7\u00e3o 1309:<\/p>\n<blockquote>\n<p style=\"text-align: justify;\"><img loading=\"lazy\" decoding=\"async\" class=\"alignleft\" src=\"https:\/\/akaikki.com.br\/fotos\/norimaro_win.gif\" alt=\"\" width=\"190\" height=\"97\" \/>&#8211; Cara, na boa&#8230; Lamento muito pelos pais dessa garota&#8230; N\u00e3o apenas por terem perdido uma filha desse jeito (s\u00f3 quem j\u00e1 teve que enterrar um filho deve saber como \u00e9 ruim isso&#8230;), mas porque a imprensa (com I min\u00fasculo mesmo&#8230;) n\u00e3o vai deixar esse caso em paz&#8230; Foi assim com a Elo\u00e1, foi assim com a Isabela (aquela que o pai jogou da janela&#8230; at\u00e9 rimou&#8230;), o Jo\u00e3o H\u00e9lio (o que arrastaram pela rua&#8230;) e vai ser assim o tempo todo&#8230; Mais um caso de viol\u00eancia que vai virar atra\u00e7\u00e3o para o nosso &#8220;respeit\u00e1vel p\u00fablico&#8221;&#8230; Diz a lenda que cerca de dez mil pessoas estiveram presente no funeral da Elo\u00e1&#8230; A maioria pra filmar e tirar foto, s\u00f3 pra dizer que esteve l\u00e1&#8230; (em tempo: a Capcom tamb\u00e9m tirou as palavras do meu teclado de borracha&#8230;)<\/p>\n<p style=\"text-align: justify;\">&#8211; Que me desculpem os VERDADEIROS amigos e parentes dela, mas j\u00e1 deu no meu saco essa hist\u00f3ria da Elo\u00e1&#8230; Pombas, n\u00e3o podiam pegar o Lindemberg, mandar ele conversar com Hades e encerrar o caso? Mas n\u00e3o, tem que fazer algazarra pra imprensa encher jornal&#8230; N\u00e3o \u00e9 DESSA imprensa que eu quero fazer parte e eu suponho que tamb\u00e9m n\u00e3o seja da qual o Sr. Vin\u00edcius Sacramento queira&#8230;<\/p>\n<p style=\"text-align: justify;\">&#8211; Repito o par\u00e1grafo anterior e negrito: que me desculpem os <strong>VERDADEIROS<\/strong> amigos e parentes dela&#8230; Sim, porque quando uma pessoa morre, geral vira &#8220;mais melhor amigo de inf\u00e2ncia&#8221; do perecido&#8230; Por que n\u00e3o se prestaram a dar a mesma considera\u00e7\u00e3o quando estava viva? Agora \u00e9 TARDE DEMAIS!! Melhor frase pra isso n\u00e3o h\u00e1, sen\u00e3o esta de minha autoria: &#8220;O dia da minha morte ser\u00e1 chorada por muitos&#8230; Mas a maioria n\u00e3o ser\u00e1 de tristeza, por terem perdido um amigo, mas de remorso, por n\u00e3o terem percebido isso a tempo&#8230;&#8221;<\/p>\n<\/blockquote>\n<p style=\"text-align: justify;\">A\u00ed nego vem falar que eu sou um chato, intolerante, radical, etc, etc&#8230; Pombas, eu vejo uma merda dessas e eu ainda tenho que bater palma? V\u00e1 tomar no cu!!<\/p>\n<p style=\"text-align: justify;\">\u00c9 por isso que eu n\u00e3o vejo mais TV&#8230; \u00c9 s\u00e9rio, pra que TV se existe o YouTube?&#8230;<\/p>\n<p style=\"text-align: justify;\">* Refr\u00e3o da m\u00fasica &#8220;Caralho Voador&#8221;, do Faith No More; eu usei estes versos para ilustrar o termo &#8220;Caralhos Voadores&#8221; que aparece logo em seguida&#8230;<\/p>\n<p style=\"text-align: justify;\"><img loading=\"lazy\" decoding=\"async\" title=\"Erick Von Draxeler v\u00ea TV pela Internet...\" src=\"https:\/\/akaikki.com.br\/layout\/assinaturas\/sig01.png\" alt=\"\" width=\"500\" height=\"43\" \/><\/p>\n","protected":false},"excerpt":{"rendered":"<p>embram que eu ia falar uma parada sobre o Orkut que me irrita muito, mas n\u00e3o pude por causa do apag\u00e3o? Pois bem&#8230; Aproveitando uma deixa que eu tive, resolvi botar a merda no ventilador&#8230; Ainda mais agora depois que come\u00e7aram a parasitar spams nos meus recados e em algumas fotos com links de comunidades<\/p>\n","protected":false},"author":2,"featured_media":0,"comment_status":"open","ping_status":"open","sticky":false,"template":"","format":"standard","meta":{"footnotes":""},"categories":[60],"tags":[],"class_list":["post-1628","post","type-post","status-publish","format-standard","hentry","category-pequenos-autores-grandes-texticulos"],"_links":{"self":[{"href":"https:\/\/akaikki.com.br\/index.php?rest_route=\/wp\/v2\/posts\/1628","targetHints":{"allow":["GET"]}}],"collection":[{"href":"https:\/\/akaikki.com.br\/index.php?rest_route=\/wp\/v2\/posts"}],"about":[{"href":"https:\/\/akaikki.com.br\/index.php?rest_route=\/wp\/v2\/types\/post"}],"author":[{"embeddable":true,"href":"https:\/\/akaikki.com.br\/index.php?rest_route=\/wp\/v2\/users\/2"}],"replies":[{"embeddable":true,"href":"https:\/\/akaikki.com.br\/index.php?rest_route=%2Fwp%2Fv2%2Fcomments&post=1628"}],"version-history":[{"count":10,"href":"https:\/\/akaikki.com.br\/index.php?rest_route=\/wp\/v2\/posts\/1628\/revisions"}],"predecessor-version":[{"id":1635,"href":"https:\/\/akaikki.com.br\/index.php?rest_route=\/wp\/v2\/posts\/1628\/revisions\/1635"}],"wp:attachment":[{"href":"https:\/\/akaikki.com.br\/index.php?rest_route=%2Fwp%2Fv2%2Fmedia&parent=1628"}],"wp:term":[{"taxonomy":"category","embeddable":true,"href":"https:\/\/akaikki.com.br\/index.php?rest_route=%2Fwp%2Fv2%2Fcategories&post=1628"},{"taxonomy":"post_tag","embeddable":true,"href":"https:\/\/akaikki.com.br\/index.php?rest_route=%2Fwp%2Fv2%2Ftags&post=1628"}],"curies":[{"name":"wp","href":"https:\/\/api.w.org\/{rel}","templated":true}]}}