{"id":1351,"date":"2009-10-03T03:55:41","date_gmt":"2009-10-03T06:55:41","guid":{"rendered":"http:\/\/akaikki.com.br\/?p=1351"},"modified":"2009-10-03T14:45:55","modified_gmt":"2009-10-03T17:45:55","slug":"a-k-a-%e4%b8%80%e8%bc%9d-%e2%80%93-edicao-1429","status":"publish","type":"post","link":"https:\/\/akaikki.com.br\/?p=1351","title":{"rendered":"a.k.a.\u4e00\u8f1d!! \u2013 Edi\u00e7\u00e3o 1429"},"content":{"rendered":"<p style=\"text-align: justify;\"><a href=\"https:\/\/akaikki.com.br\/wp-content\/uploads\/2009\/10\/Blanka2.jpg\"><img loading=\"lazy\" decoding=\"async\" class=\"alignright size-full wp-image-1352\" title=\"Blanka, um brasileiro...\" src=\"https:\/\/akaikki.com.br\/wp-content\/uploads\/2009\/10\/Blanka2.jpg\" alt=\"Blanka, um brasileiro...\" width=\"128\" height=\"140\" srcset=\"https:\/\/akaikki.com.br\/wp-content\/uploads\/2009\/10\/Blanka2.jpg 356w, https:\/\/akaikki.com.br\/wp-content\/uploads\/2009\/10\/Blanka2-275x300.jpg 275w\" sizes=\"auto, (max-width: 128px) 100vw, 128px\" \/><\/a><img loading=\"lazy\" decoding=\"async\" class=\"alignleft\" style=\"margin: 1px 4px; border: 0px;\" src=\"https:\/\/akaikki.com.br\/layout\/caps\/cap_m.gif\" alt=\"\" width=\"39\" height=\"39\" \/>uito bem, crian\u00e7ada&#8230; Hora de voltar \u00e0 realidade&#8230;\u00a0Ou melhor, hora da ficha cair&#8230; O Rio de Janeiro vai sediar os Jogos Ol\u00edmpicos de 2016&#8230; Trata-se do maior evento esportivo do planeta&#8230; A responsabilidade que um evento desta magnitude traz pra cidade \u00e9 gigantesca&#8230; E, como o Lula disse, para n\u00f3s \u00e9 um sonho&#8230;<\/p>\n<p style=\"text-align: justify;\">Mas pra que este sonho se torne realidade,\u00a0o trabalho a ser realizado \u00e9 muito&#8230; N\u00e3o s\u00e3o apenas as Olimp\u00edadas&#8230; \u00c9 tamb\u00e9m a chance \u00fanica de provar para o mundo que o Brasil n\u00e3o \u00e9 um pa\u00eds repleto de florestas tropicais habitadas por um certo sujeito verde de cabelos laranja que d\u00e1 choque e\u00a0denota como este pa\u00eds \u00e9 visto l\u00e1 fora: como uma selva, onde voc\u00ea pode ser atacado por cobras e macacos, tal como descrito num epis\u00f3dio dos Simpsons que \u00e9 ambientado no Rio de Janeiro&#8230;<\/p>\n<p style=\"text-align: justify;\">Depois do Pan de 2007, o Brasil vai organizar uma Copa do Mundo em 2014 e as Olimp\u00edadas, dois anos depois&#8230; Espera-se que o Pan no Rio sirva de refer\u00eancia para que tudo d\u00ea certo em 2016&#8230; Afinal, o Pan n\u00e3o foi 100% perfeito&#8230; Est\u00e1 a\u00ed a chance de fazermos melhor&#8230; Acertar o que erramos em 2007, melhorar mais o que j\u00e1 tinha sido bom&#8230;<\/p>\n<figure id=\"attachment_1355\" class=\"thumbnail wp-caption aligncenter\" style=\"width: 410px\"><a href=\"https:\/\/akaikki.com.br\/wp-content\/uploads\/2009\/10\/BlankaFinished.png\"><img loading=\"lazy\" decoding=\"async\" class=\"size-full wp-image-1355     \" title=\"Nossos governantes analisam o que precisa ser melhorado no Rio de Janeiro para a realiza\u00e7\u00e3o dos Jogos Ol\u00edmpicos de 2016...\" src=\"https:\/\/akaikki.com.br\/wp-content\/uploads\/2009\/10\/BlankaFinished.png\" alt=\"Blanka analisa atentamente o que precisa ser melhorado no Rio para as Olimp\u00edadas de 2016...\" width=\"400\" height=\"308\" srcset=\"https:\/\/akaikki.com.br\/wp-content\/uploads\/2009\/10\/BlankaFinished.png 400w, https:\/\/akaikki.com.br\/wp-content\/uploads\/2009\/10\/BlankaFinished-300x231.png 300w\" sizes=\"auto, (max-width: 400px) 100vw, 400px\" \/><\/a><figcaption class=\"caption wp-caption-text\">Nossos governantes analisam o que precisa ser melhorado no Rio de Janeiro para a realiza\u00e7\u00e3o dos Jogos Ol\u00edmpicos de 2016...<\/figcaption><\/figure>\n<p style=\"text-align: justify;\">N\u00e3o apenas em quest\u00f5es da qualidade das instala\u00e7\u00f5es, mas quest\u00f5es pol\u00edticas que envolvem\u00a0isso&#8230; Transporte, seguran\u00e7a, etc&#8230; Reformar centros esportivos, construir novos&#8230; A miss\u00e3o n\u00e3o \u00e9 nada f\u00e1cil, mas tamb\u00e9m n\u00e3o \u00e9 dif\u00edcil&#8230; \u00c9 s\u00f3 trabalhar com seriedade&#8230; MUITA SERIEDADE&#8230; Mas, infelizmente, nem sempre se pode obter uma vit\u00f3ria completa, pois a vit\u00f3ria da candidatura carioca para as Olimp\u00edadas representa a morte definitiva do Aut\u00f3dromo de Jacarepagu\u00e1&#8230;<\/p>\n<figure id=\"attachment_1360\" class=\"thumbnail wp-caption aligncenter\" style=\"width: 439px\"><a href=\"https:\/\/akaikki.com.br\/wp-content\/uploads\/2009\/10\/blanka_autodromo.jpg\"><img loading=\"lazy\" decoding=\"async\" class=\"size-full wp-image-1360\" title=\"E n\u00e3o precisavam fazer essa cagada...\" src=\"https:\/\/akaikki.com.br\/wp-content\/uploads\/2009\/10\/blanka_autodromo.jpg\" alt=\"E n\u00e3o precisavam fazer essa cagada...\" width=\"429\" height=\"480\" srcset=\"https:\/\/akaikki.com.br\/wp-content\/uploads\/2009\/10\/blanka_autodromo.jpg 429w, https:\/\/akaikki.com.br\/wp-content\/uploads\/2009\/10\/blanka_autodromo-268x300.jpg 268w\" sizes=\"auto, (max-width: 429px) 100vw, 429px\" \/><\/a><figcaption class=\"caption wp-caption-text\">E n\u00e3o precisavam fazer essa cagada...<\/figcaption><\/figure>\n<p style=\"text-align: justify;\"><a href=\"https:\/\/akaikki.com.br\/wp-content\/uploads\/2009\/10\/jpa.png\"><img loading=\"lazy\" decoding=\"async\" class=\"alignright size-medium wp-image-1361\" title=\"Jacarepagu\u00e1\" src=\"https:\/\/akaikki.com.br\/wp-content\/uploads\/2009\/10\/jpa-300x250.png\" alt=\"Jacarepagu\u00e1\" width=\"180\" height=\"150\" srcset=\"https:\/\/akaikki.com.br\/wp-content\/uploads\/2009\/10\/jpa-300x250.png 300w, https:\/\/akaikki.com.br\/wp-content\/uploads\/2009\/10\/jpa-500x418.png 500w, https:\/\/akaikki.com.br\/wp-content\/uploads\/2009\/10\/jpa.png 1007w\" sizes=\"auto, (max-width: 180px) 100vw, 180px\" \/><\/a>Eu fico pensando&#8230; No M\u00e9xico, que \u00e9 um pa\u00eds mais fudido que o Brasil, conseguiram fazer com que exista um parque ol\u00edmpico nos entornos do aut\u00f3dromo da Cidade do M\u00e9xico sem matar a pista (veja <a href=\"http:\/\/akaikki.blogspot.com\/2008\/06\/aka-edio-1255.html\" target=\"_blank\">aqui<\/a>&#8230;), por que n\u00e3o poderiam fazer isso no Rio? E o pior: se houvesse um pouco de boa vontade, dava pra usar a pista INTEIRA, sem maiores problemas, como mostra o desenho ao lado&#8230;<\/p>\n<p style=\"text-align: justify;\">Mas, infelizmente estamos no Brasil, onde nem tudo se leva t\u00e3o a s\u00e9rio quanto deveria&#8230; Existe muito lugar VAZIO onde poderiam ser constru\u00eddas as arenas esportivas para as Olimp\u00edadas&#8230; Enfim, o Aut\u00f3dromo do Rio n\u00e3o merecia acabar assim&#8230; Ent\u00e3o, j\u00e1 que v\u00e3o construir as arenas esportivas para as Olimp\u00edadas, aproveitem e fa\u00e7am um aut\u00f3dromo novo&#8230;<\/p>\n<p style=\"text-align: justify;\">&#8230;mas n\u00e3o pense, Sr. Eduardo Paes, que voc\u00ea pode tirar a F\u00f3rmula 1 de S\u00e3o Paulo&#8230; Isso s\u00f3 vai acontecer se aparecer um piloto brasileiro campe\u00e3o mundial carioca que tenha moral pra fazer isso&#8230; (coincid\u00eancia o GP do Brasil de F\u00f3rmula 1 ser no Rio enquanto o Nelson tava no auge?)<\/p>\n<p style=\"text-align: justify;\">Apesar disso, me sinto feliz com a vit\u00f3ria carioca&#8230; Nosso povo merece, apesar de tudo&#8230;<\/p>\n<p style=\"text-align: justify;\">Ent\u00e3o, vamos fazer essa Olimp\u00edada dar certo!!<\/p>\n<figure id=\"attachment_1363\" class=\"thumbnail wp-caption aligncenter\" style=\"width: 398px\"><a href=\"https:\/\/akaikki.com.br\/wp-content\/uploads\/2009\/10\/rio2016_creu.jpg\"><img loading=\"lazy\" decoding=\"async\" class=\"size-full wp-image-1363 \" title=\"Obamis... YES WE CR\u00c9U!!\" src=\"https:\/\/akaikki.com.br\/wp-content\/uploads\/2009\/10\/rio2016_creu.jpg\" alt=\"Obamis... YES WE CR\u00c9U!!\" width=\"388\" height=\"612\" srcset=\"https:\/\/akaikki.com.br\/wp-content\/uploads\/2009\/10\/rio2016_creu.jpg 388w, https:\/\/akaikki.com.br\/wp-content\/uploads\/2009\/10\/rio2016_creu-190x300.jpg 190w\" sizes=\"auto, (max-width: 388px) 100vw, 388px\" \/><\/a><figcaption class=\"caption wp-caption-text\">Obamis... YES WE CR\u00c9U!!<\/figcaption><\/figure>\n<p style=\"text-align: justify;\">&#8230;porque ver o Obama ir pra\u00a0Dinamarca e voltar com uma m\u00e3o na\u00a0frente e uma trolha atr\u00e1s <strong>N\u00c3O TEM PRE\u00c7O!!<\/strong> <a href=\"http:\/\/\">#chupa<\/a> <a href=\"http:\/\/twitter.com\/OBAMIS\" target=\"_blank\">@obamis<\/a>\u00a0<\/p>\n<p style=\"text-align: justify;\"><img loading=\"lazy\" decoding=\"async\" title=\"Erick Von Draxeler nunca ficou t\u00e3o tenso quanto hoje...\" src=\"https:\/\/akaikki.com.br\/layout\/assinaturas\/sig01.png\" alt=\"\" width=\"500\" height=\"43\" \/><\/p>\n<div><!-- An\u00fancio Din\u00e2mico LOMADEE - IN\u00cdCIO --><\/div>\n<div style=\"width: 468px; height: 60px; overflow: hidden;\">\n<div style=\"overflow: hidden;\"><script src=\"http:\/\/ivitrine.buscape.com\/bpadsvar.js\"><\/script><script type=\"text\/javascript\"><\/script><script src=\"http:\/\/ivitrine.buscape.com\/bpads.js\"><\/script><\/div>\n<p><a href=\"http:\/\/www.lomadee.com\/\"><span style=\"font-size: xx-small;\">\u00a0<\/span><\/a><\/p>\n<div><a href=\"http:\/\/www.lomadee.com\/\"><span style=\"font-size: xx-small;\">Lomadee, uma nova esp\u00e9cie na web. A maior plataforma de afiliados da Am\u00e9rica Latina<\/span><\/a><\/div>\n<p><a href=\"http:\/\/www.lomadee.com\/\"><\/a><!-- An\u00fancio Din\u00e2mico LOMADEE - FIM --><\/div>\n","protected":false},"excerpt":{"rendered":"<p>uito bem, crian\u00e7ada&#8230; Hora de voltar \u00e0 realidade&#8230;\u00a0Ou melhor, hora da ficha cair&#8230; O Rio de Janeiro vai sediar os Jogos Ol\u00edmpicos de 2016&#8230; Trata-se do maior evento esportivo do planeta&#8230; A responsabilidade que um evento desta magnitude traz pra cidade \u00e9 gigantesca&#8230; E, como o Lula disse, para n\u00f3s \u00e9 um sonho&#8230; Mas pra<\/p>\n","protected":false},"author":2,"featured_media":0,"comment_status":"open","ping_status":"open","sticky":false,"template":"","format":"standard","meta":{"footnotes":""},"categories":[1,60],"tags":[],"class_list":["post-1351","post","type-post","status-publish","format-standard","hentry","category-besteirol","category-pequenos-autores-grandes-texticulos"],"_links":{"self":[{"href":"https:\/\/akaikki.com.br\/index.php?rest_route=\/wp\/v2\/posts\/1351","targetHints":{"allow":["GET"]}}],"collection":[{"href":"https:\/\/akaikki.com.br\/index.php?rest_route=\/wp\/v2\/posts"}],"about":[{"href":"https:\/\/akaikki.com.br\/index.php?rest_route=\/wp\/v2\/types\/post"}],"author":[{"embeddable":true,"href":"https:\/\/akaikki.com.br\/index.php?rest_route=\/wp\/v2\/users\/2"}],"replies":[{"embeddable":true,"href":"https:\/\/akaikki.com.br\/index.php?rest_route=%2Fwp%2Fv2%2Fcomments&post=1351"}],"version-history":[{"count":12,"href":"https:\/\/akaikki.com.br\/index.php?rest_route=\/wp\/v2\/posts\/1351\/revisions"}],"predecessor-version":[{"id":1366,"href":"https:\/\/akaikki.com.br\/index.php?rest_route=\/wp\/v2\/posts\/1351\/revisions\/1366"}],"wp:attachment":[{"href":"https:\/\/akaikki.com.br\/index.php?rest_route=%2Fwp%2Fv2%2Fmedia&parent=1351"}],"wp:term":[{"taxonomy":"category","embeddable":true,"href":"https:\/\/akaikki.com.br\/index.php?rest_route=%2Fwp%2Fv2%2Fcategories&post=1351"},{"taxonomy":"post_tag","embeddable":true,"href":"https:\/\/akaikki.com.br\/index.php?rest_route=%2Fwp%2Fv2%2Ftags&post=1351"}],"curies":[{"name":"wp","href":"https:\/\/api.w.org\/{rel}","templated":true}]}}