{"id":10929,"date":"2011-09-21T23:59:35","date_gmt":"2011-09-22T02:59:35","guid":{"rendered":"http:\/\/akaikki.com.br\/?p=10929"},"modified":"2012-08-02T12:17:03","modified_gmt":"2012-08-02T15:17:03","slug":"edicao-1876-falta-de-falta-de-luz","status":"publish","type":"post","link":"https:\/\/akaikki.com.br\/?p=10929","title":{"rendered":"Edi\u00e7\u00e3o 1876 &#8211; Falta de falta de luz&#8230;"},"content":{"rendered":"<p style=\"text-align: justify;\"><img loading=\"lazy\" decoding=\"async\" class=\"alignleft\" style=\"margin: 0px 4px;\" src=\"\/wp-content\/themes\/akaikki2011\/2011\/caps\/v.png\" alt=\"\" width=\"54\" height=\"54\" \/>oc\u00eas j\u00e1 viram eu comentar sobre a merda que \u00e9 a Light aqui no Rio pelas recorrentes vezes em que eu fui sorteado com uma &#8220;Hora do Planeta&#8221;&#8230; Mas hoje aconteceu algo muito curioso l\u00e1 no Buscamisas, referente \u00e0 uma falta de luz&#8230; que N\u00c3O aconteceu!!<\/p>\n<figure class=\"thumbnail wp-caption aligncenter\" style=\"width: 410px\"><img loading=\"lazy\" decoding=\"async\" class=\" \" title=\"Problema?\" src=\"\/wp-content\/uploads\/2011\/02\/redetrolltv.png\" alt=\"Problema?\" width=\"400\" height=\"300\" \/><figcaption class=\"caption wp-caption-text\">Problema?<\/figcaption><\/figure>\n<p style=\"text-align: justify;\">Explicando: s\u00e1bado ficamos sabendo que a Light faria uma manuten\u00e7\u00e3o na rede el\u00e9trica das adjac\u00eancias de onde eu estou trampando e, com isso, haveria necessidade de desativar a rede durante o reparo, que seria na quarta, durante o dia inteiro&#8230; (ao menos, durante o hor\u00e1rio comercial&#8230;)<\/p>\n<p style=\"text-align: justify;\">O pr\u00e9dio estava de sobreaviso: vai faltar luz o dia todo, \u00e9 pr\u00e9dio comercial, etc, etc&#8230; Algumas lojas da galeria onde fica o Buscamisas resolveram que n\u00e3o iam abrir hoje&#8230; A gente ia aproveitar a luz desligada pra reparar um disjuntor nosso&#8230; At\u00e9 levei <del>o meu sabre de luz<\/del> a minha lanterna pra loja porque sabia que, teoricamente, seria necess\u00e1rio&#8230;<\/p>\n<p style=\"text-align: justify;\">Cheguei l\u00e1 9:15 e ainda tinha luz&#8230; &#8220;Bom, vou adiantar algum servi\u00e7o que precise&#8221;&#8230; E a hora foi passando&#8230; 10, 11, 11:45&#8230; Vou almo\u00e7ar pra n\u00e3o dar o azar de faltar luz na hora que eu for comer e ter que me contentar com o chin\u00eas de queijo&#8230; A essa altura, j\u00e1 come\u00e7ava a descartar a ideia do corte de luz pelo dia de hoje&#8230; E, de fato, a falta de luz que a Light prometeu n\u00e3o aconteceu&#8230;<\/p>\n<p style=\"text-align: justify;\">A quest\u00e3o maior nem \u00e9 se o reparo foi, de fato, executado&#8230; A quest\u00e3o \u00e9 pelos comerciantes que optaram por n\u00e3o abrir suas lojas por causa de um aviso que a Light deixou e n\u00e3o aconteceu&#8230; Uma coisa \u00e9 &#8220;<strong>PODE<\/strong> faltar luz&#8221;, outra coisa \u00e9 &#8220;<strong>VAI<\/strong> faltar luz&#8221;&#8230; A\u00ed teve gente que n\u00e3o abriu suas lojas por causa de uma luz que <strong>IA<\/strong> faltar, mas n\u00e3o faltou: perderam um dia de bobeira, sem necessidade, por causa do alarme falso que a Light plantou l\u00e1 na galeria&#8230;<\/p>\n<p style=\"text-align: justify;\">E ent\u00e3o eu pergunto: quando temos algum preju\u00edzo por causa de uma queda de luz que acontece sem estar programada, a Light tenta, na medida do poss\u00edvel, reparar o dano&#8230; E quando uma queda de luz que estava programada n\u00e3o acontece e acaba dando algum preju\u00edzo, como fica?<\/p>\n<p style=\"text-align: justify;\">Queria ver se a Light tivesse concorr\u00eancia aqui no Rio&#8230; Porque se voc\u00ea n\u00e3o quiser \u00e1gua da CEDAE, voc\u00ea pode encomendar um caminh\u00e3o pipa&#8230; Se voc\u00ea n\u00e3o quiser g\u00e1s da CEG, pode pegar um botij\u00e3o&#8230; Se voc\u00ea n\u00e3o quiser telefone da Oi, pode ter uma linha da GVT, da Embratel&#8230; Mas se voc\u00ea n\u00e3o quiser que a Light forne\u00e7a luz pra sua casa, quem \u00e9 que vai fazer isso? Ou vai ficar \u00e0 luz de vela?<\/p>\n<h1 style=\"text-align: center;\">PORRA, LIGHT!! <a href=\"http:\/\/youtu.be\/vzjJFCvF9uY\" target=\"_blank\">V\u00c1 \u00c0 MERDA, PORRA!!<\/a><\/h1>\n","protected":false},"excerpt":{"rendered":"<p>oc\u00eas j\u00e1 viram eu comentar sobre a merda que \u00e9 a Light aqui no Rio pelas recorrentes vezes em que eu fui sorteado com uma &#8220;Hora do Planeta&#8221;&#8230; Mas hoje aconteceu algo muito curioso l\u00e1 no Buscamisas, referente \u00e0 uma falta de luz&#8230; que N\u00c3O aconteceu!! Explicando: s\u00e1bado ficamos sabendo que a Light faria uma<\/p>\n","protected":false},"author":2,"featured_media":0,"comment_status":"open","ping_status":"open","sticky":false,"template":"","format":"standard","meta":{"footnotes":""},"categories":[244],"tags":[],"class_list":["post-10929","post","type-post","status-publish","format-standard","hentry","category-rede-troll"],"_links":{"self":[{"href":"https:\/\/akaikki.com.br\/index.php?rest_route=\/wp\/v2\/posts\/10929","targetHints":{"allow":["GET"]}}],"collection":[{"href":"https:\/\/akaikki.com.br\/index.php?rest_route=\/wp\/v2\/posts"}],"about":[{"href":"https:\/\/akaikki.com.br\/index.php?rest_route=\/wp\/v2\/types\/post"}],"author":[{"embeddable":true,"href":"https:\/\/akaikki.com.br\/index.php?rest_route=\/wp\/v2\/users\/2"}],"replies":[{"embeddable":true,"href":"https:\/\/akaikki.com.br\/index.php?rest_route=%2Fwp%2Fv2%2Fcomments&post=10929"}],"version-history":[{"count":11,"href":"https:\/\/akaikki.com.br\/index.php?rest_route=\/wp\/v2\/posts\/10929\/revisions"}],"predecessor-version":[{"id":14441,"href":"https:\/\/akaikki.com.br\/index.php?rest_route=\/wp\/v2\/posts\/10929\/revisions\/14441"}],"wp:attachment":[{"href":"https:\/\/akaikki.com.br\/index.php?rest_route=%2Fwp%2Fv2%2Fmedia&parent=10929"}],"wp:term":[{"taxonomy":"category","embeddable":true,"href":"https:\/\/akaikki.com.br\/index.php?rest_route=%2Fwp%2Fv2%2Fcategories&post=10929"},{"taxonomy":"post_tag","embeddable":true,"href":"https:\/\/akaikki.com.br\/index.php?rest_route=%2Fwp%2Fv2%2Ftags&post=10929"}],"curies":[{"name":"wp","href":"https:\/\/api.w.org\/{rel}","templated":true}]}}