{"id":10252,"date":"2011-06-23T12:07:52","date_gmt":"2011-06-23T15:07:52","guid":{"rendered":"http:\/\/akaikki.com.br\/?p=10252"},"modified":"2012-02-14T02:12:26","modified_gmt":"2012-02-14T04:12:26","slug":"edicao-1843-indecisao-no-boteco","status":"publish","type":"post","link":"https:\/\/akaikki.com.br\/?p=10252","title":{"rendered":"Edi\u00e7\u00e3o 1843 &#8211; Indecis\u00e3o no Boteco&#8230;"},"content":{"rendered":"<blockquote>\n<p style=\"text-align: justify;\"><img loading=\"lazy\" decoding=\"async\" style=\"border: 0pt none; margin: 0px 4px;\" src=\"..\/wp-content\/themes\/akaikki2011\/2011\/chars\/02.png\" alt=\"\" width=\"45\" height=\"45\" align=\"absMiddle\" \/>&#8211; &#8220;Indecis\u00e3o no Boteco&#8221;? Como assim, o Cristiano t\u00e1 querendo sair do arm\u00e1rio?<br \/>\n<img loading=\"lazy\" decoding=\"async\" style=\"border: 0pt none; margin: 0px 4px;\" src=\"..\/wp-content\/themes\/akaikki2011\/2011\/chars\/06.png\" alt=\"\" width=\"45\" height=\"45\" align=\"absMiddle\" \/>&#8211; Nem vem, cara&#8230; Essa coisa de sair do arm\u00e1rio \u00e9 coisa de tricolor&#8230;<br \/>\n<img loading=\"lazy\" decoding=\"async\" style=\"border: 0pt none; margin: 0px 4px;\" src=\"..\/wp-content\/themes\/akaikki2011\/2011\/chars\/21.png\" alt=\"\" width=\"45\" height=\"45\" align=\"absMiddle\" \/>&#8211; Se voc\u00eas quiserem, eu chamo a minha irm\u00e3 pra gente resolver isso, que tal?<\/p>\n<\/blockquote>\n<p style=\"text-align: justify;\"><img loading=\"lazy\" decoding=\"async\" class=\"alignleft\" style=\"margin: 0px 4px;\" src=\"https:\/\/akaikki.com.br\/wp-content\/themes\/akaikki2011\/2011\/caps\/s.png\" alt=\"\" width=\"54\" height=\"54\" \/>enhores engenheiros, quero comunicar a voc\u00eas que a vida de quem faz design \u00e9 uma merda&#8230; Aquela coisa de ter que agradar gregos e troianos, fora a sua ideia que voc\u00ea teve um trabalh\u00e3o pra fazer pra depois chegar algu\u00e9m e dizer que tem que mexer isso e aquilo&#8230; Permitam-me explicar melhor&#8230;<\/p>\n<figure id=\"attachment_10254\" class=\"thumbnail wp-caption aligncenter\" style=\"width: 610px\"><a href=\"https:\/\/akaikki.com.br\/wp-content\/uploads\/2011\/06\/mdb_versoes.png\"><img loading=\"lazy\" decoding=\"async\" class=\"size-large wp-image-10254\" title=\"V\u00e1rias possibilidades para o Escudo do Mesa de Boteco...\" src=\"https:\/\/akaikki.com.br\/wp-content\/uploads\/2011\/06\/mdb_versoes-600x310.png\" alt=\"V\u00e1rias possibilidades para o Escudo do Mesa de Boteco...\" width=\"600\" height=\"310\" srcset=\"https:\/\/akaikki.com.br\/wp-content\/uploads\/2011\/06\/mdb_versoes-600x310.png 600w, https:\/\/akaikki.com.br\/wp-content\/uploads\/2011\/06\/mdb_versoes-200x103.png 200w, https:\/\/akaikki.com.br\/wp-content\/uploads\/2011\/06\/mdb_versoes-400x206.png 400w, https:\/\/akaikki.com.br\/wp-content\/uploads\/2011\/06\/mdb_versoes.png 1163w\" sizes=\"auto, (max-width: 600px) 100vw, 600px\" \/><\/a><figcaption class=\"caption wp-caption-text\">V\u00e1rias possibilidades para o Escudo do Mesa de Boteco...<\/figcaption><\/figure>\n<p style=\"text-align: justify;\">A minha primeira vers\u00e3o foi s\u00f3 teste, depois eu plantei essa que aparece \u00e0 esquerda&#8230; A\u00ed o Sr. Lucas Amiune deu a ideia de montar os escudos por ordem alfab\u00e9tica, que \u00e9 a vers\u00e3o que t\u00e1 no meio&#8230; A\u00ed o Cristiano sugeriu a forma que est\u00e1 \u00e0 direita&#8230;<\/p>\n<p style=\"text-align: justify;\">Primeiro, eu n\u00e3o tenho culpa se o Vasco resolveu bolar a porra do emblema com a faixa diagonal, o que me ferrou lindamente&#8230; Se eu posicionar o Vasco abaixo do B (at\u00e9 aparece a\u00ed&#8230;) ou acima do M, fica meio estranho&#8230; A\u00ed teve a quest\u00e3o dos contrastes de cores (os vermelhos de Fla e Flu e o alvinegro de Vasco e Botafogo) e tamb\u00e9m a quest\u00e3o das listras verticais de Fluminense e Botafogo&#8230;<\/p>\n<p style=\"text-align: justify;\">N\u00e3o \u00e9 querendo puxar a sardinha pro meu lado, mas eu acho que a minha vers\u00e3o (a da esquerda) \u00e9 a melhor, porque ela mata a quest\u00e3o dos contrastes de cores, alternando os vermelhos e os alvinegros, mant\u00e9m os listrados de forma harm\u00f4nica e, convenhamos, a grande maioria da torcida carioca \u00e9 flamenguista&#8230; Ficaria estranho n\u00e3o colocar o Flamengo na posi\u00e7\u00e3o que eu indiquei&#8230;<\/p>\n<p style=\"text-align: justify;\"><img loading=\"lazy\" decoding=\"async\" style=\"border: 0pt none; margin: 0px 4px;\" src=\"..\/wp-content\/themes\/akaikki2011\/2011\/chars\/06.png\" alt=\"\" width=\"45\" height=\"45\" align=\"absMiddle\" \/>&#8211; Nada disso&#8230; A maior torcida carioca \u00e9 a anti-flamenguista&#8230;<br \/>\n<img loading=\"lazy\" decoding=\"async\" style=\"border: 0pt none; margin: 0px 4px;\" src=\"..\/wp-content\/themes\/akaikki2011\/2011\/chars\/02.png\" alt=\"\" width=\"45\" height=\"45\" align=\"absMiddle\" \/>&#8211; Ou seja: a torcida arco-\u00edris&#8230;<br \/>\n<img loading=\"lazy\" decoding=\"async\" style=\"border: 0pt none; margin: 0px 4px;\" src=\"..\/wp-content\/themes\/akaikki2011\/2011\/chars\/01.png\" alt=\"\" width=\"45\" height=\"45\" align=\"absMiddle\" \/>&#8211; Pessoas, a grava\u00e7\u00e3o do Boteco \u00e9 s\u00f3 no domingo, sim?<\/p>\n<p style=\"text-align: justify;\">Ali\u00e1s, as estrelas t\u00eam um significado: cada uma menciona um integrante do elenco fixo do Boteco&#8230; Eu estou representado pela estrela amarela&#8230; Diferenciado porque eu sou o \u00fanico deles que n\u00e3o bebe&#8230;<\/p>\n<p style=\"text-align: justify;\"><img loading=\"lazy\" decoding=\"async\" style=\"border: 0pt none; margin: 0px 4px;\" src=\"..\/wp-content\/themes\/akaikki2011\/2011\/chars\/02.png\" alt=\"\" width=\"45\" height=\"45\" align=\"absMiddle\" \/>&#8211; \u00c9 muito viadinho mesmo&#8230;<br \/>\n<img loading=\"lazy\" decoding=\"async\" class=\"alignleft\" style=\"border: 0pt none; margin: 0px 4px;\" src=\"..\/wp-content\/themes\/akaikki2011\/2011\/chars\/01.png\" alt=\"\" width=\"45\" height=\"45\" align=\"absMiddle\" \/>&#8211; Pelo menos, Sr. Vin\u00edcius <strong>S.<\/strong> Gon\u00e7alves, eu n\u00e3o passo vergonha vomitando em <del>Porto Alegre<\/del> Gramado&#8230; E outra: algu\u00e9m tem que ficar s\u00f3brio pra tirar as fotos e botar no <del>Orkut<\/del> Facebook&#8230;<\/p>\n<p style=\"text-align: justify;\"><img loading=\"lazy\" decoding=\"async\" style=\"border: 0pt none; margin: 0px 4px;\" src=\"..\/wp-content\/themes\/akaikki2011\/2011\/chars\/02.png\" alt=\"\" width=\"45\" height=\"45\" align=\"absMiddle\" \/>&#8211; Poderia, <strong>POR FAVOR<\/strong>, evitar de me lembrar disso?<br \/>\n<img loading=\"lazy\" decoding=\"async\" style=\"border: 0pt none; margin: 0px 4px;\" src=\"..\/wp-content\/themes\/akaikki2011\/2011\/chars\/01.png\" alt=\"\" width=\"45\" height=\"45\" align=\"absMiddle\" \/>&#8211; N\u00e3o sei&#8230; Pergunta pra Jan\u00e1i se eu posso&#8230;<br \/>\n<img loading=\"lazy\" decoding=\"async\" style=\"border: 0pt none; margin: 0px 4px;\" src=\"..\/wp-content\/themes\/akaikki2011\/2011\/chars\/00.png\" alt=\"\" width=\"45\" height=\"45\" align=\"absMiddle\" \/>&#8211; &#8230;<\/p>\n<p style=\"text-align: center;\"><img loading=\"lazy\" decoding=\"async\" src=\"..\/wp-content\/uploads\/2010\/03\/himura_kill.gif\" alt=\"\" width=\"386\" height=\"166\" \/><br \/>\nHimura Drunken Kill&#8230;!!<\/p>\n<p style=\"text-align: justify;\"><img loading=\"lazy\" decoding=\"async\" style=\"border: 0pt none; margin: 0px 4px;\" src=\"..\/wp-content\/themes\/akaikki2011\/2011\/chars\/01.png\" alt=\"\" width=\"45\" height=\"45\" align=\"absMiddle\" \/>&#8211; \u00c9, n\u00e3o posso&#8230; MA OEEEEE!!<\/p>\n<p style=\"text-align: justify;\">Enfim&#8230; Qualquer pitaco a mais ser\u00e1 bem-vindo&#8230; E acompanhem o nosso Boteco, por enquanto <a href=\"http:\/\/www.facebook.com\/mesadeboteco\" target=\"_blank\"><strong>pelo Facebook<\/strong><\/a> e <strong><a href=\"http:\/\/twitter.com\/MdBoteco\" target=\"_blank\">pelo Twitter<\/a><\/strong>&#8230; Pelo menos a gente tem Twitter&#8230; E voc\u00ea, Cl\u00e9ber?<\/p>\n<p style=\"text-align: justify;\"><img loading=\"lazy\" decoding=\"async\" style=\"border: 0pt none; margin: 0px 4px;\" src=\"https:\/\/akaikki.com.br\/wp-content\/themes\/akaikki2011\/images\/chars\/clebermachado.png\" alt=\"\" width=\"45\" height=\"45\" align=\"absMiddle\" \/>&#8211; Eu n\u00e3o tenho Twitter&#8230;<\/p>\n<p style=\"text-align: center;\">E n\u00e3o percam <a href=\"https:\/\/akaikki.com.br\/?p=10236\" target=\"_blank\">a homenagem pelos 2000 dias do calv\u00e1rio Himuriano&#8230;<\/a><\/p>\n<p style=\"text-align: center;\"><img decoding=\"async\" src=\"https:\/\/akaikki.com.br\/wp-content\/themes\/akaikki2011\/2011\/line.png\" alt=\"\" \/><\/p>\n<p style=\"text-align: center;\"><strong>UPDATE (23 de junho &#8211; 21:05)<\/strong> &#8211; No auge do meu \u00f3cio, eu resolvi fazer isso:<\/p>\n<figure id=\"attachment_10267\" class=\"thumbnail wp-caption aligncenter\" style=\"width: 583px\"><a href=\"https:\/\/akaikki.com.br\/wp-content\/uploads\/2011\/06\/boteco_24.png\"><img loading=\"lazy\" decoding=\"async\" class=\"size-full wp-image-10267\" title=\"As 24 possibilidades de se montar o logo do Mesa de Boteco...\" src=\"https:\/\/akaikki.com.br\/wp-content\/uploads\/2011\/06\/boteco_24.png\" alt=\"As 24 possibilidades de se montar o logo do Mesa de Boteco...\" width=\"573\" height=\"573\" srcset=\"https:\/\/akaikki.com.br\/wp-content\/uploads\/2011\/06\/boteco_24.png 573w, https:\/\/akaikki.com.br\/wp-content\/uploads\/2011\/06\/boteco_24-200x200.png 200w, https:\/\/akaikki.com.br\/wp-content\/uploads\/2011\/06\/boteco_24-400x400.png 400w\" sizes=\"auto, (max-width: 573px) 100vw, 573px\" \/><\/a><figcaption class=\"caption wp-caption-text\">As 24 possibilidades de se montar o logo do Mesa de Boteco...<\/figcaption><\/figure>\n<p style=\"text-align: center;\">T\u00e1 a\u00ed&#8230; Agora decidam-se&#8230; O meu voto (e o do Vin\u00edcius) \u00e9 o da vers\u00e3o 5&#8230;<\/p>\n","protected":false},"excerpt":{"rendered":"<p>&#8211; &#8220;Indecis\u00e3o no Boteco&#8221;? Como assim, o Cristiano t\u00e1 querendo sair do arm\u00e1rio? &#8211; Nem vem, cara&#8230; Essa coisa de sair do arm\u00e1rio \u00e9 coisa de tricolor&#8230; &#8211; Se voc\u00eas quiserem, eu chamo a minha irm\u00e3 pra gente resolver isso, que tal? enhores engenheiros, quero comunicar a voc\u00eas que a vida de quem faz design<\/p>\n","protected":false},"author":2,"featured_media":0,"comment_status":"open","ping_status":"open","sticky":false,"template":"","format":"standard","meta":{"footnotes":""},"categories":[13],"tags":[],"class_list":["post-10252","post","type-post","status-publish","format-standard","hentry","category-mesa-de-boteco"],"_links":{"self":[{"href":"https:\/\/akaikki.com.br\/index.php?rest_route=\/wp\/v2\/posts\/10252","targetHints":{"allow":["GET"]}}],"collection":[{"href":"https:\/\/akaikki.com.br\/index.php?rest_route=\/wp\/v2\/posts"}],"about":[{"href":"https:\/\/akaikki.com.br\/index.php?rest_route=\/wp\/v2\/types\/post"}],"author":[{"embeddable":true,"href":"https:\/\/akaikki.com.br\/index.php?rest_route=\/wp\/v2\/users\/2"}],"replies":[{"embeddable":true,"href":"https:\/\/akaikki.com.br\/index.php?rest_route=%2Fwp%2Fv2%2Fcomments&post=10252"}],"version-history":[{"count":18,"href":"https:\/\/akaikki.com.br\/index.php?rest_route=\/wp\/v2\/posts\/10252\/revisions"}],"predecessor-version":[{"id":11972,"href":"https:\/\/akaikki.com.br\/index.php?rest_route=\/wp\/v2\/posts\/10252\/revisions\/11972"}],"wp:attachment":[{"href":"https:\/\/akaikki.com.br\/index.php?rest_route=%2Fwp%2Fv2%2Fmedia&parent=10252"}],"wp:term":[{"taxonomy":"category","embeddable":true,"href":"https:\/\/akaikki.com.br\/index.php?rest_route=%2Fwp%2Fv2%2Fcategories&post=10252"},{"taxonomy":"post_tag","embeddable":true,"href":"https:\/\/akaikki.com.br\/index.php?rest_route=%2Fwp%2Fv2%2Ftags&post=10252"}],"curies":[{"name":"wp","href":"https:\/\/api.w.org\/{rel}","templated":true}]}}