{"id":1021,"date":"2009-09-09T14:14:41","date_gmt":"2009-09-09T17:14:41","guid":{"rendered":"http:\/\/akaikki.com.br\/?p=1021"},"modified":"2009-09-16T15:15:50","modified_gmt":"2009-09-16T18:15:50","slug":"akaikki-edicao-1406","status":"publish","type":"post","link":"https:\/\/akaikki.com.br\/?p=1021","title":{"rendered":"a.k.a.\u4e00\u8f1d!! \u2013 Edi\u00e7\u00e3o 1406"},"content":{"rendered":"<p style=\"text-align: justify;\"><img loading=\"lazy\" decoding=\"async\" class=\"alignleft\" style=\"margin: 1px 4px; border: 0px;\" src=\"https:\/\/akaikki.com.br\/layout\/caps\/cap_g.gif\" alt=\"\" width=\"39\" height=\"39\" \/>ostaria de comunicar a voc\u00eas que o <span style=\"color: #c00000;\">a.k.a.\u4e00\u8f1d!!<\/span> atingiu nessa manh\u00e3 a marca de <strong>200 mil visitas<\/strong>, quase dez meses depois de termos batido a marca das 100 mil visitas&#8230; A todos que tornaram isso poss\u00edvel, meus agradecimentos&#8230;<\/p>\n<p style=\"text-align: justify;\">&#8230;porque se eu n\u00e3o tivesse ficado quatro meses parado, essa merda tinha batido 200 mil visitas bem antes&#8230;!!<\/p>\n<figure id=\"attachment_1022\" class=\"thumbnail wp-caption aligncenter\" style=\"width: 457px\"><a href=\"https:\/\/akaikki.com.br\/wp-content\/uploads\/2009\/09\/logo_nina1.jpg\"><img loading=\"lazy\" decoding=\"async\" class=\"size-full wp-image-1022\" title=\"Medo dessa cara da Nina...\" src=\"https:\/\/akaikki.com.br\/wp-content\/uploads\/2009\/09\/logo_nina1.jpg\" alt=\"Medo dessa cara da Nina...\" width=\"447\" height=\"480\" srcset=\"https:\/\/akaikki.com.br\/wp-content\/uploads\/2009\/09\/logo_nina1.jpg 447w, https:\/\/akaikki.com.br\/wp-content\/uploads\/2009\/09\/logo_nina1-279x300.jpg 279w\" sizes=\"auto, (max-width: 447px) 100vw, 447px\" \/><\/a><figcaption class=\"caption wp-caption-text\">Medo dessa cara da Nina...<\/figcaption><\/figure>\n<p style=\"text-align: justify;\">Uma foto zoando a Nina, s\u00f3 pra n\u00e3o perder o costume&#8230; A outra amiguinha, coitada, caiu aqui de trouxa&#8230; Isso \u00e9 o que acontece com quem se mistura com a gentalha&#8230;<\/p>\n<p style=\"text-align: justify;\">R\u00e1pida abertura de par\u00eanteses: assisti agora h\u00e1 pouco o primeiro epis\u00f3dio de <strong>Kamen Rider Double<\/strong> (ou <strong>Kamen Rider W<\/strong>, como queiram&#8230;), achei interessante (apesar da legenda n\u00e3o estar l\u00e1 essas coisas&#8230;) e acho que vou acompanhar isso tamb\u00e9m, como fiz com o Decade&#8230; Ali\u00e1s, falando no Decade, sabem o que Hitler achou do final\u00a0do Decade?<\/p>\n<p style=\"text-align: center;\"><object classid=\"clsid:d27cdb6e-ae6d-11cf-96b8-444553540000\" width=\"500\" height=\"405\" codebase=\"http:\/\/download.macromedia.com\/pub\/shockwave\/cabs\/flash\/swflash.cab#version=6,0,40,0\"><param name=\"allowFullScreen\" value=\"true\" \/><param name=\"allowscriptaccess\" value=\"always\" \/><param name=\"src\" value=\"http:\/\/www.youtube.com\/v\/edMguEejtLk&amp;hl=pt-br&amp;fs=1&amp;color1=0x006699&amp;color2=0x54abd6&amp;border=1\" \/><param name=\"allowfullscreen\" value=\"true\" \/><embed type=\"application\/x-shockwave-flash\" width=\"500\" height=\"405\" src=\"http:\/\/www.youtube.com\/v\/edMguEejtLk&amp;hl=pt-br&amp;fs=1&amp;color1=0x006699&amp;color2=0x54abd6&amp;border=1\" allowfullscreen=\"true\" allowscriptaccess=\"always\"><\/embed><\/object><\/p>\n<p style=\"text-align: center;\">(enviado pelo Cristiano&#8230;)<\/p>\n<p style=\"text-align: justify;\">OK, tenho que concordar com ele&#8230; A gente espera 31 epis\u00f3dios pra ver que o final \u00e9 um <em>cliffhanger<\/em> (nome t\u00e9cnico aos finais\u00a0que &#8220;continuam no pr\u00f3ximo epis\u00f3dio&#8221;&#8230;), ali\u00e1s, a gente espera exatamente isso&#8230; 31 epis\u00f3dios&#8230; E n\u00e3o 50, como est\u00e1vamos acostumados&#8230;<\/p>\n<p style=\"text-align: justify;\">A ideia de iniciar as pr\u00f3ximas s\u00e9ries em setembro \u00e9 tudo uma jogada de marketing, porque em dezembro, quando as vendas de brinquedos sobem bastante por causa do Natal, a s\u00e9rie &#8220;ter\u00e1 come\u00e7ado agora&#8221; e tudo o que \u00e9 &#8220;novo&#8221; \u00e9 mais legal&#8230; Antes, dezembro era \u00e9poca em que o pessoal estava ansioso pelo pr\u00f3ximo Kamen Rider, como eu estive por Decade&#8230;<\/p>\n<p style=\"text-align: justify;\">Apesar desta &#8220;decep\u00e7\u00e3o&#8221;, Kamen Rider Decade nos proporcionou a cena mais \u00e9pica de quase 40 anos de hist\u00f3ria da franquia Kamen Rider: BLACK e BLACK RX lutando juntos&#8230; E o melhor: interpretados por Tetsuo Kurata, o mesmo que, h\u00e1 20 anos atr\u00e1s, imortalizou Kotaro Minami&#8230; (em tempo: outras cenas \u00e9picas de Decade <a href=\"http:\/\/www.youtube.com\/watch?v=taO5yNmga-E\" target=\"_blank\">aqui<\/a>, <a href=\"http:\/\/www.youtube.com\/watch?v=To3vsKbYFp0\" target=\"_blank\">aqui<\/a> e <a href=\"http:\/\/www.youtube.com\/watch?v=HsYB6853edA\" target=\"_blank\">aqui<\/a>&#8230;)<\/p>\n<p style=\"text-align: center;\"><object classid=\"clsid:d27cdb6e-ae6d-11cf-96b8-444553540000\" width=\"500\" height=\"315\" codebase=\"http:\/\/download.macromedia.com\/pub\/shockwave\/cabs\/flash\/swflash.cab#version=6,0,40,0\"><param name=\"allowFullScreen\" value=\"true\" \/><param name=\"allowscriptaccess\" value=\"always\" \/><param name=\"src\" value=\"http:\/\/www.youtube.com\/v\/wnoIVo0OVkk&amp;hl=pt-br&amp;fs=1&amp;color1=0x006699&amp;color2=0x54abd6&amp;border=1\" \/><param name=\"allowfullscreen\" value=\"true\" \/><embed type=\"application\/x-shockwave-flash\" width=\"500\" height=\"315\" src=\"http:\/\/www.youtube.com\/v\/wnoIVo0OVkk&amp;hl=pt-br&amp;fs=1&amp;color1=0x006699&amp;color2=0x54abd6&amp;border=1\" allowfullscreen=\"true\" allowscriptaccess=\"always\"><\/embed><\/object><\/p>\n<p style=\"text-align: justify;\">&#8230;porque quem gosta de Kamen Rider Cavaleiro Drag\u00e3o merece um tiro no cu&#8230; Ali\u00e1s, o neg\u00f3cio \u00e9 t\u00e3o bom que ficou um m\u00eas a TV Globinho e j\u00e1\u00a0saiu do ar&#8230;<\/p>\n<p style=\"text-align: justify;\">O Vin\u00edcius, por sua vez, achou aquilo t\u00e3o ruim que n\u00e3o serve nem pra torturar a sogra&#8230; E j\u00e1 que eu falei nele, vamos aos coment\u00e1rios&#8230;<\/p>\n<blockquote>\n<div id=\"HOTWordsTxt\">Nina, n\u00e3o se assuste com as novas regras de coment\u00e1rios. Pode falar MERDA nesa PORRA \u00e0 vontade, CARALHO!!!<br \/>\nBem, enquanto isso eu vou pensando no meu capacete <a style=\"BORDER-BOTTOM: 1px dotted; COLOR: #ff9900; CURSOR: hand; TEXT-DECORATION: underline\" onclick=\"hwClick1192430(undefined);return false;\" onmouseover=\"hw1192430(event, this, 'undefined'); this.style.cursor='hand'; this.style.textDecoration='underline'; this.style.borderBottom='solid';\" onmouseout=\"hideMaybe('HOTWordsTitle'); this.style.cursor='hand'; this.style.textDecoration='underline'; this.style.borderBottom='dotted 1px'; \" href=\"https:\/\/akaikki.com.br\/?p=994#\">novo<\/a> pro GP3\u2026 Erick vai ficar uma semana pra refazer, podem apostar!<br \/>\nExplicar porque eu uso o #16? Bom, que tal deixar isso para o dia\u2026 16?? #pra\u00e7a<\/div>\n<div><img loading=\"lazy\" decoding=\"async\" src=\"https:\/\/akaikki.com.br\/layout\/assinaturas\/sig02c.png\" alt=\"\" width=\"400\" height=\"43\" \/><\/div>\n<\/blockquote>\n<p style=\"text-align: justify;\">Vin\u00edcius, voc\u00ea disse que eu ia demorar uma semana pra refazer o seu capacete, certo?<\/p>\n<figure id=\"attachment_1024\" class=\"thumbnail wp-caption aligncenter\" style=\"width: 510px\"><a href=\"https:\/\/akaikki.com.br\/wp-content\/uploads\/2009\/09\/gpx_0487.jpg\"><img loading=\"lazy\" decoding=\"async\" class=\"size-full wp-image-1024 \" title=\"Pergunta canalha: como cabe o nariz dele dentro do capacete?\" src=\"https:\/\/akaikki.com.br\/wp-content\/uploads\/2009\/09\/gpx_0487.jpg\" alt=\"Pergunta canalha: como cabe o nariz dele dentro do capacete?\" width=\"500\" height=\"375\" srcset=\"https:\/\/akaikki.com.br\/wp-content\/uploads\/2009\/09\/gpx_0487.jpg 1024w, https:\/\/akaikki.com.br\/wp-content\/uploads\/2009\/09\/gpx_0487-300x225.jpg 300w\" sizes=\"auto, (max-width: 500px) 100vw, 500px\" \/><\/a><figcaption class=\"caption wp-caption-text\">Pergunta canalha: como cabe o nariz dele dentro do capacete?<\/figcaption><\/figure>\n<p style=\"text-align: justify;\">Pois voc\u00ea errou por seis dias e meio&#8230; Terminei essa baga\u00e7a <strong>hoje de madruga<\/strong>&#8230;<\/p>\n<p style=\"text-align: justify;\">Quem t\u00e1 boiando, eu explico: Vin\u00edcius me pediu pra refazer o capacete dele no GP3&#8230; Mais precisamente pra colocar igual ao do <strong>Sebastian Vettel<\/strong>&#8230; O problema \u00e9 que esse lazarento (o Vettel) muda de capacete toda hora&#8230; A\u00ed fica dif\u00edcil pra pegar um modelo que possa me servir&#8230; Acabei usando esse, que apareceu esse ano&#8230; (e j\u00e1 deve ter sa\u00eddo de circula\u00e7\u00e3o, pelo visto&#8230;)<\/p>\n<blockquote>\n<div id=\"HOTWordsTxt\" style=\"text-align: justify;\">Qual o coment\u00e1rio absurdo que postaram no site?<br \/>\nEspero que n\u00e3o seja o meu nas edi\u00e7\u00f5es passadas.<br \/>\nN\u00e3o fui racista, nazistas, fascita e nada ista.<br \/>\nE n\u00e3o falei mal de ningu\u00e9m tamb\u00e9m.<br \/>\nS\u00f3 quero saber aonde se encontra a minha deusa Lori.<br \/>\nBeijos e sucesso total.<br \/>\nAwey!<\/div>\n<h3 style=\"text-align: justify;\">Alexandre Rodrigues<\/h3>\n<\/blockquote>\n<p style=\"text-align: justify;\">N\u00e3o, caro amigo&#8230; N\u00e3o tem nada a ver com voc\u00ea&#8230; At\u00e9 o momento, voc\u00ea n\u00e3o foi nenhum dos &#8220;istas&#8221; que voc\u00ea mencionou&#8230; S\u00f3 um pouco <strong>onanista<\/strong>, o que \u00e9 normal em se tratando de um f\u00e3 da Lori&#8230;<\/p>\n<p style=\"text-align: justify;\"><img decoding=\"async\" style=\"margin: 0px 4px; border: 0px;\" src=\"https:\/\/akaikki.com.br\/layout\/icon07.png\" alt=\"\" align=\"absMiddle\" \/>&#8211; O que \u00e9 onanista?<br \/>\n<img decoding=\"async\" style=\"margin: 0px 4px; border: 0px;\" src=\"https:\/\/akaikki.com.br\/layout\/icon01.png\" alt=\"\" align=\"absMiddle\" \/>&#8211; Posso dizer que quase todos os seus f\u00e3s s\u00e3o onanistas&#8230;<\/p>\n<p style=\"text-align: justify;\">S\u00e9rio agora&#8230; N\u00e3o estou sabendo de outro Orkut que a Lori tenha feito&#8230; MSN \u00e9 raro de achar, ela n\u00e3o tem mais parado em casa&#8230; S\u00f3 estuda e trabalha&#8230; Nem parece aquela pirralha peitudinha de 15 anos que tirava 20 fotos do decote por dia&#8230; Loriane \u00e9 uma menina respons\u00e1vel agora&#8230; (ao contr\u00e1rio da Lori, que v\u00ea <a href=\"https:\/\/akaikki.com.br\/wp-content\/uploads\/2009\/08\/elefante_final.png\" target=\"_blank\">elefantes mar\u00edtrimos subterr\u00e2neos voadores com bolinhas cor de rosa<\/a>&#8230;)<\/p>\n<p style=\"text-align: justify;\">Falando nela&#8230;<\/p>\n<blockquote>\n<div>Ele fala Bulbassauro, pq ele \u00e9 um dinossauro planta, ele que falo pra mim\u2026<\/div>\n<div>Empreitada tem alguma coisa a ver com constru\u00e7\u00e3o? N\u00e3o?<\/div>\n<div>Fala s\u00e9rio eu nem sou t\u00e3o burra assim n\u00e9 que \u00e9?<\/div>\n<p style=\"text-align: justify;\"><img loading=\"lazy\" decoding=\"async\" src=\"https:\/\/akaikki.com.br\/layout\/assinaturas\/sig07c.png\" alt=\"\" width=\"400\" height=\"43\" \/><\/p>\n<\/blockquote>\n<p style=\"text-align: justify;\">Ent\u00e3o voc\u00ea conversou com um Bulbassauro&#8230; OK, depois voc\u00ea me conta que graminha \u00e9 essa que voc\u00ea anda fumando&#8230;<\/p>\n<p style=\"text-align: justify;\">Empreitada tem, de certa forma,\u00a0a ver com constru\u00e7\u00e3o, embora eu acredite que voc\u00ea tenha pensado em <strong>empreiteira<\/strong>&#8230; Enfim, o que o Aur\u00e9lio nos diz sobre isso?<\/p>\n<ol>\n<li>\n<div style=\"text-align: justify;\"><strong>Obra por conta de outrem, com pagamento previamente ajustado.<\/strong><\/div>\n<\/li>\n<li>\n<div style=\"text-align: justify;\"><span style=\"color: #c00000;\">Fig. <strong>Tarefa dif\u00edcil ou desagrad\u00e1vel.<\/strong><\/span><\/div>\n<\/li>\n<\/ol>\n<p style=\"text-align: justify;\">Enfim&#8230; \u00c9 isso&#8230; Terminei&#8230; Por ora&#8230; Tanta coisa e n\u00e3o tem uma cita\u00e7\u00e3o pra fechar o post&#8230; Que merda&#8230;!!<\/p>\n<p style=\"text-align: justify;\"><img loading=\"lazy\" decoding=\"async\" title=\"Erick Von Draxeler passou quase a manh\u00e3 toda criando esta edi\u00e7\u00e3o...\" src=\"https:\/\/akaikki.com.br\/layout\/assinaturas\/sig01.png\" alt=\"\" width=\"500\" height=\"43\" \/><\/p>\n<div align=\"center\"><!-- An\u00fancio Din\u00e2mico LOMADEE - IN\u00cdCIO --><\/div>\n<div style=\"overflow: hidden; width: 468px; height: 60px;\">\n<div style=\"overflow:hidden;\"><script src=\"http:\/\/ivitrine.buscape.com\/bpadsvar.js\"><\/script><script type=\"text\/javascript\">\/\/ <![CDATA[\n                                                                                          buscapeads_afiliado = \"44492630\"; buscapeads_tipo_cliente = \"2\"; buscapeads_vitrine_local = \"BR\"; buscapeads_site_origem = \"9534525\"; buscapeads_vitrine_vers = \"1.23\"; buscapeads_formato = \"468x60\"; buscapeads_id_keyword = \"200668\"; buscapeads_txt_keyword = \"\"; buscapeads_tipo_canal = \"22\"; buscapeads_categorias = \"116,1,179,6420,249,9595\"; buscapeads_excluir = \"0\"; buscapeads_idioma = \"pt\"; buscapeads_pais = \"BR\"; buscapeads_area = \"\"; buscapeads_estado = \"\"; buscapeads_cidade = \"\"; buscapeads_cep = \"\";\n\/\/ ]]><\/script><br \/>\n<script src=\"http:\/\/ivitrine.buscape.com\/bpads.js\"><\/script><\/div>\n<p><a href=\"http:\/\/www.lomadee.com\/\"><span style=\"font-size: xx-small;\"><br \/>\n<\/span><\/a><\/p>\n<div><a href=\"http:\/\/www.lomadee.com\/\"><span style=\"font-size: xx-small;\">Lomadee, uma nova esp\u00e9cie na web. A maior plataforma de afiliados da Am\u00e9rica Latina<\/span><\/a><\/div>\n<p><a href=\"http:\/\/www.lomadee.com\/\"><\/a><br \/>\n<!-- An\u00fancio Din\u00e2mico LOMADEE - FIM --><\/div>\n","protected":false},"excerpt":{"rendered":"<p>ostaria de comunicar a voc\u00eas que o a.k.a.\u4e00\u8f1d!! atingiu nessa manh\u00e3 a marca de 200 mil visitas, quase dez meses depois de termos batido a marca das 100 mil visitas&#8230; A todos que tornaram isso poss\u00edvel, meus agradecimentos&#8230; &#8230;porque se eu n\u00e3o tivesse ficado quatro meses parado, essa merda tinha batido 200 mil visitas bem<\/p>\n","protected":false},"author":2,"featured_media":0,"comment_status":"open","ping_status":"open","sticky":false,"template":"","format":"standard","meta":{"footnotes":""},"categories":[5,1,8,10],"tags":[],"class_list":["post-1021","post","type-post","status-publish","format-standard","hentry","category-anuncios","category-besteirol","category-tribunal-de-inuteis-causas","category-voce-e-o-logo-do-akaikki"],"_links":{"self":[{"href":"https:\/\/akaikki.com.br\/index.php?rest_route=\/wp\/v2\/posts\/1021","targetHints":{"allow":["GET"]}}],"collection":[{"href":"https:\/\/akaikki.com.br\/index.php?rest_route=\/wp\/v2\/posts"}],"about":[{"href":"https:\/\/akaikki.com.br\/index.php?rest_route=\/wp\/v2\/types\/post"}],"author":[{"embeddable":true,"href":"https:\/\/akaikki.com.br\/index.php?rest_route=\/wp\/v2\/users\/2"}],"replies":[{"embeddable":true,"href":"https:\/\/akaikki.com.br\/index.php?rest_route=%2Fwp%2Fv2%2Fcomments&post=1021"}],"version-history":[{"count":10,"href":"https:\/\/akaikki.com.br\/index.php?rest_route=\/wp\/v2\/posts\/1021\/revisions"}],"predecessor-version":[{"id":1195,"href":"https:\/\/akaikki.com.br\/index.php?rest_route=\/wp\/v2\/posts\/1021\/revisions\/1195"}],"wp:attachment":[{"href":"https:\/\/akaikki.com.br\/index.php?rest_route=%2Fwp%2Fv2%2Fmedia&parent=1021"}],"wp:term":[{"taxonomy":"category","embeddable":true,"href":"https:\/\/akaikki.com.br\/index.php?rest_route=%2Fwp%2Fv2%2Fcategories&post=1021"},{"taxonomy":"post_tag","embeddable":true,"href":"https:\/\/akaikki.com.br\/index.php?rest_route=%2Fwp%2Fv2%2Ftags&post=1021"}],"curies":[{"name":"wp","href":"https:\/\/api.w.org\/{rel}","templated":true}]}}