{"id":10191,"date":"2011-06-13T23:11:31","date_gmt":"2011-06-14T02:11:31","guid":{"rendered":"http:\/\/akaikki.com.br\/?p=10191"},"modified":"2012-02-14T02:15:58","modified_gmt":"2012-02-14T04:15:58","slug":"edicao-1839-carta-aberta-dos-bombeiros","status":"publish","type":"post","link":"https:\/\/akaikki.com.br\/?p=10191","title":{"rendered":"Edi\u00e7\u00e3o 1839 &#8211; Carta aberta dos Bombeiros&#8230;"},"content":{"rendered":"<p style=\"text-align: justify;\"><img loading=\"lazy\" decoding=\"async\" class=\"alignleft\" style=\"margin: 0px 4px;\" src=\"https:\/\/akaikki.com.br\/wp-content\/themes\/akaikki2011\/2011\/caps\/p.png\" alt=\"\" width=\"54\" height=\"54\" \/>ipocou no e-mail de Sua Santidade Jan\u00e1i Himura esta carta que segue&#8230; Ela foi escrita originalmente pelo Coronel do Corpo de Bombeiros <strong>Robson Simas<\/strong>&#8230; Esta carta foi seguindo de e-mail em e-mail at\u00e9 cair na sagrada caixa de entrada Himuriana&#8230; Sigo a carta adiante&#8230;<\/p>\n<blockquote>\n<p style=\"text-align: justify;\"><strong>IPC<\/strong>: O header atual \u00e9 um apoio do <span style=\"color: #c00000;\">a.k.a.\u4e00\u8f1d!!<\/span> aos Bombeiros&#8230; Ali\u00e1s, a Jan\u00e1i real tamb\u00e9m apoia os Bombeiros&#8230;<\/p>\n<\/blockquote>\n<p><!--more--><\/p>\n<blockquote>\n<p style=\"text-align: justify;\"><strong>Povo Fluminense,<\/strong><\/p>\n<p style=\"text-align: justify;\"><strong>Os Bombeiros do Rio de Janeiro<\/strong>, profissionais trabalhadores, ordeiros e competentes<strong>, em respeito \u00e0 popula\u00e7\u00e3o que sempre defenderam<\/strong>, por vezes <strong>com o sacrif\u00edcio da pr\u00f3pria vida<\/strong>, vem a p\u00fablico esclarecer o que tem ocorrido na Corpora\u00e7\u00e3o e no Governo do Estado e o que levou companheiros e seus familiares a <strong>desafiarem os desmandos<\/strong> do <strong>Comandante Geral Cel Pedro Marco<\/strong> e do <strong>Governador S\u00e9rgio Cabral.<\/strong><\/p>\n<p style=\"text-align: justify;\">Como sabemos, o Corpo de Bombeiros Militar do Estado do Rio de Janeiro \u00e9 uma <strong>corpora\u00e7\u00e3o voltada para a preserva\u00e7\u00e3o de vidas e prote\u00e7\u00e3o de Bens<\/strong> da popula\u00e7\u00e3o do Estado do Rio de Janeiro.<\/p>\n<p style=\"text-align: justify;\"><strong>Ao longo da sua exist\u00eancia<\/strong>, o <strong>CBMERJ<\/strong> sempre se pautou pela hierarquia e disciplina e tamb\u00e9m pela <strong>credibilidade de seus servi\u00e7os<\/strong>, estando <strong>ao lado da popula\u00e7\u00e3o Fluminense<\/strong><strong>em todas as suas afli\u00e7\u00f5es<\/strong> e enfrentando com bravura as calamidades naturais que atingem o Estado. <strong>S\u00e3o in\u00fameras as vidas salvas e os bens preservados pelos profissionais do Corpo de Bombeiros, que a popula\u00e7\u00e3o chama carinhosamente de Her\u00f3is<\/strong>. Ao nos formarmos, <strong>juramos defender a popula\u00e7\u00e3o com o Sacrif\u00edcio da nossa pr\u00f3pria vida<\/strong> e <strong>assim temos feito ao longo desses 155 anos de exist\u00eancia.<\/strong><\/p>\n<p style=\"text-align: justify;\">A Corpora\u00e7\u00e3o <strong>recolhe cad\u00e1veres<\/strong>, <strong>combate os mosquitos da dengue<\/strong>, <strong>atua nas UPAS<\/strong>, guarnece o <strong>samb\u00f3dromo no carnaval<\/strong> e atua no <strong>Rock in Rio<\/strong> (<strong>sem remunera\u00e7\u00e3o extra, embora o evento seja cobrado ao p\u00fablico<\/strong>), al\u00e9m de exercer as suas fun\u00e7\u00f5es de salvamentos e combate \u00e0 inc\u00eandio, recebendo um dos <strong>PIORES SAL\u00c1RIOS pagos pela categoria no Brasil<\/strong> (tabela ao Final).<\/p>\n<p style=\"text-align: justify;\"><strong>O reequipamento da Corpora\u00e7\u00e3o<\/strong><strong>n\u00e3o \u00e9 m\u00e9rito do Governador<\/strong>, mas sim <strong>da popula\u00e7\u00e3o do Estado do Rio de Janeiro que paga a taxa de inc\u00eandio<\/strong> e que, ainda assim, n\u00e3o sabe que os recursos <strong>n\u00e3o s\u00e3o totalmente destinados \u00e0 Corpora\u00e7\u00e3o.<\/strong><\/p>\n<p style=\"text-align: justify;\"><strong>A Ira do Sr. S\u00e9rgio Cabral<\/strong>, com os Bombeiros, <strong>vem de 2009<\/strong>, quando foi <strong>vaiado pela Corpora\u00e7\u00e3o durante o lan\u00e7amento da Campanha \u201cCultura Antidengue\u201d no gin\u00e1sio do Maracan\u00e3zinho e desde ent\u00e3o tem discriminado os Bombeiros militares, sejam nas gratifica\u00e7\u00f5es (usando seu poder de discricionariedade) seja nas condi\u00e7\u00f5es de trabalho (voc\u00eas viram alguma homenagem aos her\u00f3is que morreram na calamidade da Regi\u00e3o Serrana?)<\/strong><\/p>\n<p style=\"text-align: justify;\">Agora, a <strong>popula\u00e7\u00e3o do Estado do Rio de Janeiro<\/strong>, assiste a sua <strong>Corpora\u00e7\u00e3o de her\u00f3is<\/strong> ser <strong>aviltada e achincalhada<\/strong> pelas <strong>atitudes ditatoriais do Governador S\u00e9rgio Cabral<\/strong> que <strong>culminou<\/strong> com os manifestantes <strong>adentrando o Quartel Central da Corpora\u00e7\u00e3o, no ultimo dia 03, para serem ouvidos pelo seu Comandante Geral,<\/strong> que <strong>omisso<\/strong>, serviu de <strong>\u201cpau mandado\u201d<\/strong> do governador S\u00e9rgio Cabral e <strong>ignorou os clamores de sua Tropa, nem comparecendo ao local.<\/strong><\/p>\n<p style=\"text-align: justify;\">O Governador <strong>S\u00e9rgio Cabral<\/strong>, <strong>adotando os melhores recursos da DITADURA,<\/strong> mandou o<strong> BOPE<\/strong><strong>invadir com tiros e bombas o Quartel Central do Corpo de Bombeiros, ferindo militares honestos, mulheres e crian\u00e7as indefesas. Atitude inadmiss\u00edvel em um Estado democr\u00e1tico de Direito!<\/strong><\/p>\n<p style=\"text-align: justify;\">Porque o <strong>Comandante Geral do CBMERJ, Cel Pedro Marco<\/strong>, n\u00e3o tomou as <strong>medidas necess\u00e1rias<\/strong> para a <strong>retirada de <span style=\"text-decoration: underline;\">seus militares<\/span> do p\u00e1tio do Quartel Central?<\/strong> Estavam <strong><span style=\"text-decoration: underline;\">todos desarmados e com seus familiares<\/span><\/strong>. <strong><span style=\"text-decoration: underline;\">N\u00e3o era necess\u00e1rio o uso da for\u00e7a e sim do di\u00e1logo<\/span><\/strong>. <strong><span style=\"text-decoration: underline;\">Os Bombeiros s\u00e3o pac\u00edficos por natureza. <\/span><\/strong><\/p>\n<p style=\"text-align: justify;\"><strong>O Governador<\/strong> nunca gostou da Corpora\u00e7\u00e3o. Nomeou para Secret\u00e1rio o <strong>Ex m\u00e9dico do CBMERJ <span style=\"text-decoration: underline;\">S\u00e9rgio C\u00f4rtes<\/span><\/strong>, um homem que <strong><span style=\"text-decoration: underline;\">deixou a Corpora\u00e7\u00e3o por n\u00e3o concordar com os baixos sal\u00e1rios e a carga de trabalho excessiva<\/span><\/strong> e agora nada faz para ajudar a Corpora\u00e7\u00e3o, apenas integra os <strong>desmandos administrativos e superfaturados do Governo do Estado na \u00e1rea da sa\u00fade.<\/strong><\/p>\n<p style=\"text-align: justify;\"><strong>Assistimos perplexos<\/strong> ao Comandante Geral da PMERJ <strong>usurpar o Comando do CBMERJ<\/strong> e se dirigir, dentro do quartel dos Bombeiros, \u00e0 tropa de profissionais honestos <strong>como se bandidos fossem.<\/strong><\/p>\n<p style=\"text-align: justify;\"><strong>Nossos militares foram presos e conduzidos aos quart\u00e9is da PMERJ como criminosos apenas por reivindicar dignidade profissional!<\/strong><\/p>\n<p style=\"text-align: justify;\"><strong>Se nossos companheiros erraram<\/strong> ao <strong>ADENTRAR a SUA SEGUNDA MORADA,<\/strong> o Governador foi <strong>CRIMINOSO e DITATORIAL<\/strong> ao ordenar a <strong>invas\u00e3o do Quartel Central dos Bombeiros pelo BOPE<\/strong> com uso de <strong>FOR\u00c7A, TIROS E BOMBAS<\/strong>, <strong>como se ali fosse uma antro de criminosos<\/strong> e n\u00e3o de <strong>profissionais que arriscam a sua vida pela popula\u00e7\u00e3o, CAUSANDO FERIMENTO EM MULHERES E CRIAN\u00c7AS e obrigando a nossos companheiros ao confronto.<\/strong><\/p>\n<p style=\"text-align: center;\"><strong>AJUDEM AQUELES QUE SEMPRE O SOCORRERAM!!!<\/strong><\/p>\n<p style=\"text-align: center;\"><strong>NUNCA DEIXAMOS DE ATENDER E SOCORRER A POPULA\u00c7\u00c3O!<\/strong><\/p>\n<p style=\"text-align: center;\"><strong>MOSTRE A SUA INDIGNA\u00c7\u00c3O POR ESSE ATO VIOLENTO E DITATORIAL DO GOVERNADOR SERGIO CABRAL!!!<\/strong><\/p>\n<p style=\"text-align: center;\"><strong>MOSTRE O SEU APOIO AOS BOMBEIROS!<\/strong><\/p>\n<p style=\"text-align: center;\"><strong>ENVIEM\u00a0 ESSA\u00a0 CARTA\u00a0 PARA TODOS OS SEUS AMIGOS.<\/strong><\/p>\n<p style=\"text-align: center;\"><strong>ACOMPANHEM E APOIEM O NOSSO MOVIMENTO PELO SITE <\/strong><a href=\"http:\/\/www.sosguardavidas.com\/\" target=\"_blank\"><strong>http:\/\/www.sosguardavidas.com<\/strong><\/a><strong> <\/strong><\/p>\n<p style=\"text-align: justify;\"><strong>SAL\u00c1RIOS BRUTOS NO BRASIL:<\/strong><\/p>\n<p><strong> <\/strong><strong>01\u00ba &#8211; Bras\u00edlia &#8211; R$ 4.129.73<\/strong><strong><br \/>\n02\u00ba &#8211; Sergipe \u2013 R$ 3.012.00<\/strong><strong><br \/>\n03\u00ba &#8211; Goi\u00e1s \u2013 R$ 2.722.00<\/strong><strong><br \/>\n04\u00ba &#8211; Mato Grosso do Sul \u2013 R$ 2.176.00<\/strong><strong><br \/>\n05\u00ba \u2013 S\u00e3o Paulo \u2013 R$ 2.170.00<\/strong><strong><br \/>\n06\u00ba \u2013 Paran\u00e1 \u2013 R$ 2.128,00<\/strong><strong><br \/>\n07\u00ba &#8211; Amap\u00e1 \u2013 R$ 2.070.00<\/strong><strong><br \/>\n08\u00ba \u2013 Minas Gerais &#8211; R$ 2.041.00<\/strong><strong><br \/>\n09\u00ba &#8211; Maranh\u00e3o\u2013 R$ 2.037.39<\/strong><strong><br \/>\n10\u00ba \u2013 Bahia \u2013 inicial &#8211; R$ 1.927.00<\/strong><strong><br \/>\n11\u00ba &#8211; Alagoas &#8211; R$ 1.818.56<\/strong><strong><br \/>\n12\u00ba &#8211; Rio Grande do Norte \u2013 R$ 1.815.00<\/strong><strong><br \/>\n13\u00ba &#8211; Esp\u00edrito Santo \u2013 R$ 1.801.14<\/strong><strong><br \/>\n14\u00ba &#8211; Mato Grosso \u2013 R$ 1.779.00<\/strong><strong><br \/>\n15\u00ba &#8211; Santa Catarina \u2013 R$ 1.600.00<\/strong><strong><br \/>\n16\u00ba &#8211; Tocantins \u2013 R$ 1.572.00<\/strong><strong><br \/>\n17\u00ba &#8211; Amazonas \u2013 R$ 1.546.00<\/strong><strong><br \/>\n18\u00ba &#8211; Cear\u00e1 \u2013 R$ 1.529,00<\/strong><strong><br \/>\n19\u00ba &#8211; Roraima \u2013 R$ 1.526.91<\/strong><strong><br \/>\n20\u00ba &#8211; Piau\u00ed \u2013 R$ 1.372.00<\/strong><strong><br \/>\n21\u00ba &#8211; Pernambuco \u2013 R$ 1.331.00<\/strong><strong><br \/>\n22\u00ba &#8211; Acre \u2013 R$ 1.299.81<\/strong><strong><br \/>\n23\u00ba &#8211; Para\u00edba \u2013 R$ 1.297.88<\/strong><strong><br \/>\n24\u00ba &#8211; Rond\u00f4nia \u2013 R$ 1.251.00<\/strong><strong><br \/>\n25\u00ba &#8211; Par\u00e1 \u2013 R$ 1.215,00<\/strong><strong><br \/>\n26\u00ba &#8211; Rio Grande do Sul \u2013 R$ 1.172.00<\/strong><strong><br \/>\n27\u00ba &#8211; <span style=\"text-decoration: underline;\">Rio de Janeiro <\/span>&#8211; R$ 1.031,38 (SEM VALE TRANSPORTE)<\/strong><\/p>\n<p style=\"text-align: justify;\"><strong> <\/strong><strong><span style=\"text-decoration: underline;\">O RIO DE JANEIRO \u00e9 o Estado que mais recebe investimentos no Brasil, \u00e9 o 2\u00ba que mais arrecada impostos.<\/span><\/strong><\/p>\n<p style=\"text-align: justify;\"><strong>Pretende Sediar o Rock in Rio, as Olimp\u00edadas militares, a Copa do Mundo em 2014 e as Olimp\u00edadas em 2016. <\/strong><\/p>\n<p style=\"text-align: justify;\"><strong>H\u00e1 algo de errado e podre no governo do Exmo. Sr. Governador S\u00e9rgio Cabral Filho!!<\/strong><\/p>\n<\/blockquote>\n<p style=\"text-align: justify;\">De boa, ainda que JH discorde dessa parte, se os Bombeiros est\u00e3o nessa merda toda, a culpa \u00e9 SUA, eleitor imbecil, que votou no S\u00e9rgio Cabral!! E logo os Bombeiros, que por mais corrupt\u00edveis que sejam como seus colegas PMs, ainda possuem algum car\u00e1ter, sobretudo ao renunciarem \u00e0s suas vidas para salvarem outras, como aqueles que pereceram nas enchentes da Regi\u00e3o Serrana&#8230;<\/p>\n<p style=\"text-align: justify;\">E tudo isso, segundo o Bombeiro que escreve esta carta, por pura rixa pessoal do S\u00e9rgio Cabral&#8230; Ou seja: eu corro o risco de ter este antro virtual desligado direto da tomada t\u00e3o somente por causa desta e de tantas outras edi\u00e7\u00f5es em que eu e o Vin\u00edcius o criticamos&#8230;<\/p>\n<p style=\"text-align: justify;\">Eu falo que a culpa de tudo isso \u00e9 de quem vota nessa gente e reafirmo!! Ainda mais quando votam <strong>DE NOVO!!<\/strong> J\u00e1 dizia o ditado: errar \u00e9 humano; <strong>insistir no erro \u00e9 burrice&#8230;<\/strong> Mas n\u00e3o se preocupem, eleitores imbecis&#8230; Se um dia as suas ocas pegarem fogo, os Bombeiros ir\u00e3o pra salvar suas vidas, mesmo sendo mal pagos pra isso por causa de birrinha do S\u00e9rgio Cabral&#8230;<\/p>\n<p style=\"text-align: justify;\">E voc\u00ea, amiguinho que colocou uma fitinha vermelha no seu carro pra apoiar os Bombeiros, mas votou no S\u00e9rgio Cabral no ano passado, permita-me dizer que voc\u00ea \u00e9 um <strong>HIP\u00d3CRITA!! <\/strong>E tamb\u00e9m \u00e9 um <strong>BABACA!!<\/strong><\/p>\n<p style=\"text-align: justify;\">Da pr\u00f3xima vez, larga o Campeonato Brasileiro, o BBB e a novela de m\u00e3o um pouquinho e vai ver o que o seu candidato tem algo mais pra oferecer al\u00e9m de um jingle bacaninha&#8230;<\/p>\n","protected":false},"excerpt":{"rendered":"<p>ipocou no e-mail de Sua Santidade Jan\u00e1i Himura esta carta que segue&#8230; Ela foi escrita originalmente pelo Coronel do Corpo de Bombeiros Robson Simas&#8230; Esta carta foi seguindo de e-mail em e-mail at\u00e9 cair na sagrada caixa de entrada Himuriana&#8230; Sigo a carta adiante&#8230; IPC: O header atual \u00e9 um apoio do a.k.a.\u4e00\u8f1d!! aos Bombeiros&#8230;<\/p>\n","protected":false},"author":2,"featured_media":0,"comment_status":"open","ping_status":"open","sticky":false,"template":"","format":"standard","meta":{"footnotes":""},"categories":[60],"tags":[],"class_list":["post-10191","post","type-post","status-publish","format-standard","hentry","category-pequenos-autores-grandes-texticulos"],"_links":{"self":[{"href":"https:\/\/akaikki.com.br\/index.php?rest_route=\/wp\/v2\/posts\/10191","targetHints":{"allow":["GET"]}}],"collection":[{"href":"https:\/\/akaikki.com.br\/index.php?rest_route=\/wp\/v2\/posts"}],"about":[{"href":"https:\/\/akaikki.com.br\/index.php?rest_route=\/wp\/v2\/types\/post"}],"author":[{"embeddable":true,"href":"https:\/\/akaikki.com.br\/index.php?rest_route=\/wp\/v2\/users\/2"}],"replies":[{"embeddable":true,"href":"https:\/\/akaikki.com.br\/index.php?rest_route=%2Fwp%2Fv2%2Fcomments&post=10191"}],"version-history":[{"count":22,"href":"https:\/\/akaikki.com.br\/index.php?rest_route=\/wp\/v2\/posts\/10191\/revisions"}],"predecessor-version":[{"id":11974,"href":"https:\/\/akaikki.com.br\/index.php?rest_route=\/wp\/v2\/posts\/10191\/revisions\/11974"}],"wp:attachment":[{"href":"https:\/\/akaikki.com.br\/index.php?rest_route=%2Fwp%2Fv2%2Fmedia&parent=10191"}],"wp:term":[{"taxonomy":"category","embeddable":true,"href":"https:\/\/akaikki.com.br\/index.php?rest_route=%2Fwp%2Fv2%2Fcategories&post=10191"},{"taxonomy":"post_tag","embeddable":true,"href":"https:\/\/akaikki.com.br\/index.php?rest_route=%2Fwp%2Fv2%2Ftags&post=10191"}],"curies":[{"name":"wp","href":"https:\/\/api.w.org\/{rel}","templated":true}]}}